{"id":2594,"date":"2018-10-15T15:21:46","date_gmt":"2018-10-15T15:21:46","guid":{"rendered":"https:\/\/grotta.is\/?p=2594"},"modified":"2020-04-23T15:24:09","modified_gmt":"2020-04-23T15:24:09","slug":"thrir-grottu-menn-i-u21-ars-landslidinu","status":"publish","type":"post","link":"https:\/\/grotta.is\/en\/handknattleiksdeild\/thrir-grottu-menn-i-u21-ars-landslidinu\/","title":{"rendered":"\u00der\u00edr Gr\u00f3ttu-menn \u00ed U21 \u00e1rs landsli\u00f0inu"},"content":{"rendered":"<p>\u00c1 d\u00f6gunum valdi Einar Andri Einarsson n\u00fdr\u00e1\u00f0inn \u00fej\u00e1lfari U21 \u00e1rs landsli\u00f0s karla \u00ed handbolta 20 manna h\u00f3p fyrir 2 \u00e6fingarleiki vi\u00f0 Frakkland \u00ed lok okt\u00f3ber. Leikirnir fara fram f\u00f6studaginn 26.okt\u00f3ber kl 20:00 og laugardaginn 27.okt\u00f3ber kl 16:00. B\u00e1\u00f0ir leikirnir fara fram \u00ed Schenker-h\u00f6llinni \u00ed Hafnarfir\u00f0i.<\/p><p>\u00der\u00edr leikmenn Gr\u00f3ttu voru valdir \u00ed h\u00f3pinn en \u00fea\u00f0 eru vinstri hornama\u00f0urinn Alexander J\u00f3n M\u00e1sson og l\u00ednutr\u00f6llin Hannes Grimm og Sveinn Jos\u00e9 Riviera.<\/p><p>Vi\u00f0 \u00f3skum \u00feeim til hamingju me\u00f0 vali\u00f0 og g\u00f3\u00f0s gengis \u00ed leikjunum tveimur.<\/p>","protected":false},"excerpt":{"rendered":"<p>\u00c1 d\u00f6gunum valdi Einar Andri Einarsson n\u00fdr\u00e1\u00f0inn \u00fej\u00e1lfari U21 \u00e1rs landsli\u00f0s karla \u00ed handbolta 20 manna h\u00f3p fyrir 2 \u00e6fingarleiki vi\u00f0 Frakkland \u00ed lok okt\u00f3ber. Leikirnir fara fram f\u00f6studaginn 26.okt\u00f3ber [&hellip;]<\/p>","protected":false},"author":2,"featured_media":2561,"comment_status":"closed","ping_status":"closed","sticky":false,"template":"","format":"standard","meta":{"footnotes":""},"categories":[12],"tags":[13,22,17],"class_list":["post-2594","post","type-post","status-publish","format-standard","has-post-thumbnail","hentry","category-handknattleiksdeild","tag-handbolti","tag-landslid","tag-leikmenn"],"yoast_head":"<!-- This site is optimized with the Yoast SEO plugin v24.3 - https:\/\/yoast.com\/wordpress\/plugins\/seo\/ -->\n<title>\u00der\u00edr Gr\u00f3ttu-menn \u00ed U21 \u00e1rs landsli\u00f0inu - \u00cd\u00fer\u00f3ttaf\u00e9lagi\u00f0 Gr\u00f3tta<\/title>\n<meta name=\"robots\" content=\"index, follow, max-snippet:-1, max-image-preview:large, max-video-preview:-1\" \/>\n<link rel=\"canonical\" href=\"https:\/\/grotta.is\/en\/handknattleiksdeild\/thrir-grottu-menn-i-u21-ars-landslidinu\/\" \/>\n<meta property=\"og:locale\" content=\"en_US\" \/>\n<meta property=\"og:type\" content=\"article\" \/>\n<meta property=\"og:title\" content=\"\u00der\u00edr Gr\u00f3ttu-menn \u00ed U21 \u00e1rs landsli\u00f0inu - \u00cd\u00fer\u00f3ttaf\u00e9lagi\u00f0 Gr\u00f3tta\" \/>\n<meta property=\"og:description\" content=\"\u00c1 d\u00f6gunum valdi Einar Andri Einarsson n\u00fdr\u00e1\u00f0inn \u00fej\u00e1lfari U21 \u00e1rs landsli\u00f0s karla \u00ed handbolta 20 manna h\u00f3p fyrir 2 \u00e6fingarleiki vi\u00f0 Frakkland \u00ed lok okt\u00f3ber. Leikirnir fara fram f\u00f6studaginn 26.okt\u00f3ber [&hellip;]\" \/>\n<meta property=\"og:url\" content=\"https:\/\/grotta.is\/en\/handknattleiksdeild\/thrir-grottu-menn-i-u21-ars-landslidinu\/\" \/>\n<meta property=\"og:site_name\" content=\"\u00cd\u00fer\u00f3ttaf\u00e9lagi\u00f0 Gr\u00f3tta\" \/>\n<meta property=\"article:publisher\" content=\"https:\/\/www.facebook.com\/grottasport\" \/>\n<meta property=\"article:published_time\" content=\"2018-10-15T15:21:46+00:00\" \/>\n<meta property=\"article:modified_time\" content=\"2020-04-23T15:24:09+00:00\" \/>\n<meta property=\"og:image\" content=\"https:\/\/grotta.is\/wp-content\/uploads\/2018\/10\/Grotta_Hanbolti_mflkk_2018-1.jpg\" \/>\n\t<meta property=\"og:image:width\" content=\"1318\" \/>\n\t<meta property=\"og:image:height\" content=\"879\" \/>\n\t<meta property=\"og:image:type\" content=\"image\/jpeg\" \/>\n<meta name=\"author\" content=\"Grotta\" \/>\n<meta name=\"twitter:card\" content=\"summary_large_image\" \/>\n<meta name=\"twitter:label1\" content=\"Written by\" \/>\n\t<meta name=\"twitter:data1\" content=\"Grotta\" \/>\n<script type=\"application\/ld+json\" class=\"yoast-schema-graph\">{\"@context\":\"https:\/\/schema.org\",\"@graph\":[{\"@type\":\"Article\",\"@id\":\"https:\/\/grotta.is\/handknattleiksdeild\/thrir-grottu-menn-i-u21-ars-landslidinu\/#article\",\"isPartOf\":{\"@id\":\"https:\/\/grotta.is\/handknattleiksdeild\/thrir-grottu-menn-i-u21-ars-landslidinu\/\"},\"author\":{\"name\":\"Grotta\",\"@id\":\"https:\/\/grotta.is\/#\/schema\/person\/08ec57bf09ee925f1b6a01540c14a5ce\"},\"headline\":\"\u00der\u00edr Gr\u00f3ttu-menn \u00ed U21 \u00e1rs landsli\u00f0inu\",\"datePublished\":\"2018-10-15T15:21:46+00:00\",\"dateModified\":\"2020-04-23T15:24:09+00:00\",\"mainEntityOfPage\":{\"@id\":\"https:\/\/grotta.is\/handknattleiksdeild\/thrir-grottu-menn-i-u21-ars-landslidinu\/\"},\"wordCount\":100,\"publisher\":{\"@id\":\"https:\/\/grotta.is\/#organization\"},\"image\":{\"@id\":\"https:\/\/grotta.is\/handknattleiksdeild\/thrir-grottu-menn-i-u21-ars-landslidinu\/#primaryimage\"},\"thumbnailUrl\":\"https:\/\/grotta.is\/wp-content\/uploads\/2018\/10\/Grotta_Hanbolti_mflkk_2018-1.jpg\",\"keywords\":[\"Handbolti\",\"Landsli\u00f0\",\"Leikmenn\"],\"articleSection\":[\"Handknattleiksdeild\"],\"inLanguage\":\"en-US\"},{\"@type\":\"WebPage\",\"@id\":\"https:\/\/grotta.is\/handknattleiksdeild\/thrir-grottu-menn-i-u21-ars-landslidinu\/\",\"url\":\"https:\/\/grotta.is\/handknattleiksdeild\/thrir-grottu-menn-i-u21-ars-landslidinu\/\",\"name\":\"\u00der\u00edr Gr\u00f3ttu-menn \u00ed U21 \u00e1rs landsli\u00f0inu - \u00cd\u00fer\u00f3ttaf\u00e9lagi\u00f0 Gr\u00f3tta\",\"isPartOf\":{\"@id\":\"https:\/\/grotta.is\/#website\"},\"primaryImageOfPage\":{\"@id\":\"https:\/\/grotta.is\/handknattleiksdeild\/thrir-grottu-menn-i-u21-ars-landslidinu\/#primaryimage\"},\"image\":{\"@id\":\"https:\/\/grotta.is\/handknattleiksdeild\/thrir-grottu-menn-i-u21-ars-landslidinu\/#primaryimage\"},\"thumbnailUrl\":\"https:\/\/grotta.is\/wp-content\/uploads\/2018\/10\/Grotta_Hanbolti_mflkk_2018-1.jpg\",\"datePublished\":\"2018-10-15T15:21:46+00:00\",\"dateModified\":\"2020-04-23T15:24:09+00:00\",\"breadcrumb\":{\"@id\":\"https:\/\/grotta.is\/handknattleiksdeild\/thrir-grottu-menn-i-u21-ars-landslidinu\/#breadcrumb\"},\"inLanguage\":\"en-US\",\"potentialAction\":[{\"@type\":\"ReadAction\",\"target\":[\"https:\/\/grotta.is\/handknattleiksdeild\/thrir-grottu-menn-i-u21-ars-landslidinu\/\"]}]},{\"@type\":\"ImageObject\",\"inLanguage\":\"en-US\",\"@id\":\"https:\/\/grotta.is\/handknattleiksdeild\/thrir-grottu-menn-i-u21-ars-landslidinu\/#primaryimage\",\"url\":\"https:\/\/grotta.is\/wp-content\/uploads\/2018\/10\/Grotta_Hanbolti_mflkk_2018-1.jpg\",\"contentUrl\":\"https:\/\/grotta.is\/wp-content\/uploads\/2018\/10\/Grotta_Hanbolti_mflkk_2018-1.jpg\",\"width\":1318,\"height\":879},{\"@type\":\"BreadcrumbList\",\"@id\":\"https:\/\/grotta.is\/handknattleiksdeild\/thrir-grottu-menn-i-u21-ars-landslidinu\/#breadcrumb\",\"itemListElement\":[{\"@type\":\"ListItem\",\"position\":1,\"name\":\"Home\",\"item\":\"https:\/\/grotta.is\/\"},{\"@type\":\"ListItem\",\"position\":2,\"name\":\"\u00der\u00edr Gr\u00f3ttu-menn \u00ed U21 \u00e1rs landsli\u00f0inu\"}]},{\"@type\":\"WebSite\",\"@id\":\"https:\/\/grotta.is\/#website\",\"url\":\"https:\/\/grotta.is\/\",\"name\":\"\u00cd\u00fer\u00f3ttaf\u00e9lagi\u00f0 Gr\u00f3tta\",\"description\":\"\u00e1 Seltjarnarnesi\",\"publisher\":{\"@id\":\"https:\/\/grotta.is\/#organization\"},\"potentialAction\":[{\"@type\":\"SearchAction\",\"target\":{\"@type\":\"EntryPoint\",\"urlTemplate\":\"https:\/\/grotta.is\/?s={search_term_string}\"},\"query-input\":{\"@type\":\"PropertyValueSpecification\",\"valueRequired\":true,\"valueName\":\"search_term_string\"}}],\"inLanguage\":\"en-US\"},{\"@type\":\"Organization\",\"@id\":\"https:\/\/grotta.is\/#organization\",\"name\":\"\u00cd\u00fer\u00f3ttaf\u00e9lagi\u00f0 Gr\u00f3tta\",\"url\":\"https:\/\/grotta.is\/\",\"logo\":{\"@type\":\"ImageObject\",\"inLanguage\":\"en-US\",\"@id\":\"https:\/\/grotta.is\/#\/schema\/logo\/image\/\",\"url\":\"https:\/\/grotta.is\/wp-content\/uploads\/2020\/02\/ithrottafelagidgrotta_logo_512x512_transparent.png\",\"contentUrl\":\"https:\/\/grotta.is\/wp-content\/uploads\/2020\/02\/ithrottafelagidgrotta_logo_512x512_transparent.png\",\"width\":512,\"height\":512,\"caption\":\"\u00cd\u00fer\u00f3ttaf\u00e9lagi\u00f0 Gr\u00f3tta\"},\"image\":{\"@id\":\"https:\/\/grotta.is\/#\/schema\/logo\/image\/\"},\"sameAs\":[\"https:\/\/www.facebook.com\/grottasport\"]},{\"@type\":\"Person\",\"@id\":\"https:\/\/grotta.is\/#\/schema\/person\/08ec57bf09ee925f1b6a01540c14a5ce\",\"name\":\"Grotta\",\"url\":\"https:\/\/grotta.is\/en\/author\/inga\/\"}]}<\/script>\n<!-- \/ Yoast SEO plugin. -->","yoast_head_json":{"title":"\u00der\u00edr Gr\u00f3ttu-menn \u00ed U21 \u00e1rs landsli\u00f0inu - \u00cd\u00fer\u00f3ttaf\u00e9lagi\u00f0 Gr\u00f3tta","robots":{"index":"index","follow":"follow","max-snippet":"max-snippet:-1","max-image-preview":"max-image-preview:large","max-video-preview":"max-video-preview:-1"},"canonical":"https:\/\/grotta.is\/en\/handknattleiksdeild\/thrir-grottu-menn-i-u21-ars-landslidinu\/","og_locale":"en_US","og_type":"article","og_title":"\u00der\u00edr Gr\u00f3ttu-menn \u00ed U21 \u00e1rs landsli\u00f0inu - \u00cd\u00fer\u00f3ttaf\u00e9lagi\u00f0 Gr\u00f3tta","og_description":"\u00c1 d\u00f6gunum valdi Einar Andri Einarsson n\u00fdr\u00e1\u00f0inn \u00fej\u00e1lfari U21 \u00e1rs landsli\u00f0s karla \u00ed handbolta 20 manna h\u00f3p fyrir 2 \u00e6fingarleiki vi\u00f0 Frakkland \u00ed lok okt\u00f3ber. Leikirnir fara fram f\u00f6studaginn 26.okt\u00f3ber [&hellip;]","og_url":"https:\/\/grotta.is\/en\/handknattleiksdeild\/thrir-grottu-menn-i-u21-ars-landslidinu\/","og_site_name":"\u00cd\u00fer\u00f3ttaf\u00e9lagi\u00f0 Gr\u00f3tta","article_publisher":"https:\/\/www.facebook.com\/grottasport","article_published_time":"2018-10-15T15:21:46+00:00","article_modified_time":"2020-04-23T15:24:09+00:00","og_image":[{"width":1318,"height":879,"url":"https:\/\/grotta.is\/wp-content\/uploads\/2018\/10\/Grotta_Hanbolti_mflkk_2018-1.jpg","type":"image\/jpeg"}],"author":"Grotta","twitter_card":"summary_large_image","twitter_misc":{"Written by":"Grotta"},"schema":{"@context":"https:\/\/schema.org","@graph":[{"@type":"Article","@id":"https:\/\/grotta.is\/handknattleiksdeild\/thrir-grottu-menn-i-u21-ars-landslidinu\/#article","isPartOf":{"@id":"https:\/\/grotta.is\/handknattleiksdeild\/thrir-grottu-menn-i-u21-ars-landslidinu\/"},"author":{"name":"Grotta","@id":"https:\/\/grotta.is\/#\/schema\/person\/08ec57bf09ee925f1b6a01540c14a5ce"},"headline":"\u00der\u00edr Gr\u00f3ttu-menn \u00ed U21 \u00e1rs landsli\u00f0inu","datePublished":"2018-10-15T15:21:46+00:00","dateModified":"2020-04-23T15:24:09+00:00","mainEntityOfPage":{"@id":"https:\/\/grotta.is\/handknattleiksdeild\/thrir-grottu-menn-i-u21-ars-landslidinu\/"},"wordCount":100,"publisher":{"@id":"https:\/\/grotta.is\/#organization"},"image":{"@id":"https:\/\/grotta.is\/handknattleiksdeild\/thrir-grottu-menn-i-u21-ars-landslidinu\/#primaryimage"},"thumbnailUrl":"https:\/\/grotta.is\/wp-content\/uploads\/2018\/10\/Grotta_Hanbolti_mflkk_2018-1.jpg","keywords":["Handbolti","Landsli\u00f0","Leikmenn"],"articleSection":["Handknattleiksdeild"],"inLanguage":"en-US"},{"@type":"WebPage","@id":"https:\/\/grotta.is\/handknattleiksdeild\/thrir-grottu-menn-i-u21-ars-landslidinu\/","url":"https:\/\/grotta.is\/handknattleiksdeild\/thrir-grottu-menn-i-u21-ars-landslidinu\/","name":"\u00der\u00edr Gr\u00f3ttu-menn \u00ed U21 \u00e1rs landsli\u00f0inu - \u00cd\u00fer\u00f3ttaf\u00e9lagi\u00f0 Gr\u00f3tta","isPartOf":{"@id":"https:\/\/grotta.is\/#website"},"primaryImageOfPage":{"@id":"https:\/\/grotta.is\/handknattleiksdeild\/thrir-grottu-menn-i-u21-ars-landslidinu\/#primaryimage"},"image":{"@id":"https:\/\/grotta.is\/handknattleiksdeild\/thrir-grottu-menn-i-u21-ars-landslidinu\/#primaryimage"},"thumbnailUrl":"https:\/\/grotta.is\/wp-content\/uploads\/2018\/10\/Grotta_Hanbolti_mflkk_2018-1.jpg","datePublished":"2018-10-15T15:21:46+00:00","dateModified":"2020-04-23T15:24:09+00:00","breadcrumb":{"@id":"https:\/\/grotta.is\/handknattleiksdeild\/thrir-grottu-menn-i-u21-ars-landslidinu\/#breadcrumb"},"inLanguage":"en-US","potentialAction":[{"@type":"ReadAction","target":["https:\/\/grotta.is\/handknattleiksdeild\/thrir-grottu-menn-i-u21-ars-landslidinu\/"]}]},{"@type":"ImageObject","inLanguage":"en-US","@id":"https:\/\/grotta.is\/handknattleiksdeild\/thrir-grottu-menn-i-u21-ars-landslidinu\/#primaryimage","url":"https:\/\/grotta.is\/wp-content\/uploads\/2018\/10\/Grotta_Hanbolti_mflkk_2018-1.jpg","contentUrl":"https:\/\/grotta.is\/wp-content\/uploads\/2018\/10\/Grotta_Hanbolti_mflkk_2018-1.jpg","width":1318,"height":879},{"@type":"BreadcrumbList","@id":"https:\/\/grotta.is\/handknattleiksdeild\/thrir-grottu-menn-i-u21-ars-landslidinu\/#breadcrumb","itemListElement":[{"@type":"ListItem","position":1,"name":"Home","item":"https:\/\/grotta.is\/"},{"@type":"ListItem","position":2,"name":"\u00der\u00edr Gr\u00f3ttu-menn \u00ed U21 \u00e1rs landsli\u00f0inu"}]},{"@type":"WebSite","@id":"https:\/\/grotta.is\/#website","url":"https:\/\/grotta.is\/","name":"\u00cd\u00fer\u00f3ttaf\u00e9lagi\u00f0 Gr\u00f3tta","description":"\u00e1 Seltjarnarnesi","publisher":{"@id":"https:\/\/grotta.is\/#organization"},"potentialAction":[{"@type":"SearchAction","target":{"@type":"EntryPoint","urlTemplate":"https:\/\/grotta.is\/?s={search_term_string}"},"query-input":{"@type":"PropertyValueSpecification","valueRequired":true,"valueName":"search_term_string"}}],"inLanguage":"en-US"},{"@type":"Organization","@id":"https:\/\/grotta.is\/#organization","name":"\u00cd\u00fer\u00f3ttaf\u00e9lagi\u00f0 Gr\u00f3tta","url":"https:\/\/grotta.is\/","logo":{"@type":"ImageObject","inLanguage":"en-US","@id":"https:\/\/grotta.is\/#\/schema\/logo\/image\/","url":"https:\/\/grotta.is\/wp-content\/uploads\/2020\/02\/ithrottafelagidgrotta_logo_512x512_transparent.png","contentUrl":"https:\/\/grotta.is\/wp-content\/uploads\/2020\/02\/ithrottafelagidgrotta_logo_512x512_transparent.png","width":512,"height":512,"caption":"\u00cd\u00fer\u00f3ttaf\u00e9lagi\u00f0 Gr\u00f3tta"},"image":{"@id":"https:\/\/grotta.is\/#\/schema\/logo\/image\/"},"sameAs":["https:\/\/www.facebook.com\/grottasport"]},{"@type":"Person","@id":"https:\/\/grotta.is\/#\/schema\/person\/08ec57bf09ee925f1b6a01540c14a5ce","name":"Grotta","url":"https:\/\/grotta.is\/en\/author\/inga\/"}]}},"_links":{"self":[{"href":"https:\/\/grotta.is\/en\/wp-json\/wp\/v2\/posts\/2594","targetHints":{"allow":["GET"]}}],"collection":[{"href":"https:\/\/grotta.is\/en\/wp-json\/wp\/v2\/posts"}],"about":[{"href":"https:\/\/grotta.is\/en\/wp-json\/wp\/v2\/types\/post"}],"author":[{"embeddable":true,"href":"https:\/\/grotta.is\/en\/wp-json\/wp\/v2\/users\/2"}],"replies":[{"embeddable":true,"href":"https:\/\/grotta.is\/en\/wp-json\/wp\/v2\/comments?post=2594"}],"version-history":[{"count":1,"href":"https:\/\/grotta.is\/en\/wp-json\/wp\/v2\/posts\/2594\/revisions"}],"predecessor-version":[{"id":2595,"href":"https:\/\/grotta.is\/en\/wp-json\/wp\/v2\/posts\/2594\/revisions\/2595"}],"wp:featuredmedia":[{"embeddable":true,"href":"https:\/\/grotta.is\/en\/wp-json\/wp\/v2\/media\/2561"}],"wp:attachment":[{"href":"https:\/\/grotta.is\/en\/wp-json\/wp\/v2\/media?parent=2594"}],"wp:term":[{"taxonomy":"category","embeddable":true,"href":"https:\/\/grotta.is\/en\/wp-json\/wp\/v2\/categories?post=2594"},{"taxonomy":"post_tag","embeddable":true,"href":"https:\/\/grotta.is\/en\/wp-json\/wp\/v2\/tags?post=2594"}],"curies":[{"name":"wp","href":"https:\/\/api.w.org\/{rel}","templated":true}]}}