{"id":258609,"date":"2021-01-12T12:03:34","date_gmt":"2021-01-12T12:03:34","guid":{"rendered":"https:\/\/grotta.is\/?p=258609"},"modified":"2021-01-12T12:07:52","modified_gmt":"2021-01-12T12:07:52","slug":"tinna-bra-i-fylki","status":"publish","type":"post","link":"https:\/\/grotta.is\/en\/knattspyrnudeild\/tinna-bra-i-fylki\/","title":{"rendered":"Tinna Br\u00e1 \u00ed Fylki"},"content":{"rendered":"<p>Gr\u00f3tta og Fylkir hafa komist a\u00f0 samkomulagi um f\u00e9lagaskipti markvar\u00f0arins efnilega Tinnu Br\u00e1r Magn\u00fasd\u00f3ttur. Tinna gerir 3 \u00e1ra samning vi\u00f0 \u00c1rb\u00e6inga sem endu\u00f0u \u00ed 3. s\u00e6ti \u00ed Pepsi Max deild kvenna s\u00ed\u00f0asta sumar. <\/p><p>Tinna Br\u00e1 er uppalin Gr\u00f3ttukona og st\u00f3\u00f0 milli stanganna s\u00ed\u00f0asta sumar \u00ed frumraun Gr\u00f3ttu \u00ed Lengjudeildinni. Frammista\u00f0a hennar vakti ver\u00f0skulda\u00f0a athygli, ekki s\u00edst \u00ed lj\u00f3si \u00feess a\u00f0 Tinna er a\u00f0eins 16 \u00e1ra g\u00f6mul. Tinna hefur leiki\u00f0 24 leiki fyrir meistaraflokk Gr\u00f3ttu og fj\u00f3ra leiki fyrir yngri landsli\u00f0 \u00cdslands. <\/p><p>Magn\u00fas \u00d6rn Helgason, annar \u00fej\u00e1lfara meistaraflokks, sag\u00f0i \u00feetta um m\u00e1li\u00f0: \u201e\u00dea\u00f0 er alltaf erfitt a\u00f0 missa g\u00f3\u00f0a leikmenn og \u00fea\u00f0 er lj\u00f3st a\u00f0 n\u00fa erum vi\u00f0 komin \u00ed markmannsleit. Fyrst og fremst erum vi\u00f0 \u00fe\u00f3 stolt af Tinnu Br\u00e1. H\u00fan hefur b\u00e6tt sig miki\u00f0 s\u00ed\u00f0ustu misseri og hefur fram\u00farskarandi hugarfar. Vi\u00f0 \u00ed Gr\u00f3ttu hl\u00f6kkum til a\u00f0 fylgjast me\u00f0 henni \u00ed Pepsi Max deildinni og \u00f3skum henni alls hins besta.&#8220;<\/p><figure class=\"wp-block-image size-large\"><img fetchpriority=\"high\" decoding=\"async\" width=\"682\" height=\"1024\" src=\"https:\/\/grotta.is\/wp-content\/uploads\/2021\/01\/5D3_4129-682x1024.jpg\" alt=\"\" class=\"wp-image-258610\" srcset=\"https:\/\/grotta.is\/wp-content\/uploads\/2021\/01\/5D3_4129-682x1024.jpg 682w, https:\/\/grotta.is\/wp-content\/uploads\/2021\/01\/5D3_4129-200x300.jpg 200w, https:\/\/grotta.is\/wp-content\/uploads\/2021\/01\/5D3_4129-768x1153.jpg 768w, https:\/\/grotta.is\/wp-content\/uploads\/2021\/01\/5D3_4129-8x12.jpg 8w, https:\/\/grotta.is\/wp-content\/uploads\/2021\/01\/5D3_4129-600x901.jpg 600w, https:\/\/grotta.is\/wp-content\/uploads\/2021\/01\/5D3_4129.jpg 827w\" sizes=\"(max-width: 682px) 100vw, 682px\" \/><\/figure>","protected":false},"excerpt":{"rendered":"<p>Gr\u00f3tta og Fylkir hafa komist a\u00f0 samkomulagi um f\u00e9lagaskipti markvar\u00f0arins efnilega Tinnu Br\u00e1r Magn\u00fasd\u00f3ttur. Tinna gerir 3 \u00e1ra samning vi\u00f0 \u00c1rb\u00e6inga sem endu\u00f0u \u00ed 3. s\u00e6ti \u00ed Pepsi Max deild [&hellip;]<\/p>","protected":false},"author":4,"featured_media":258612,"comment_status":"closed","ping_status":"closed","sticky":false,"template":"","format":"standard","meta":{"footnotes":""},"categories":[7],"tags":[],"class_list":["post-258609","post","type-post","status-publish","format-standard","has-post-thumbnail","hentry","category-knattspyrnudeild"],"yoast_head":"<!-- This site is optimized with the Yoast SEO plugin v24.3 - https:\/\/yoast.com\/wordpress\/plugins\/seo\/ -->\n<title>Tinna Br\u00e1 \u00ed Fylki - \u00cd\u00fer\u00f3ttaf\u00e9lagi\u00f0 Gr\u00f3tta<\/title>\n<meta name=\"robots\" content=\"index, follow, max-snippet:-1, max-image-preview:large, max-video-preview:-1\" \/>\n<link rel=\"canonical\" href=\"https:\/\/grotta.is\/en\/knattspyrnudeild\/tinna-bra-i-fylki\/\" \/>\n<meta property=\"og:locale\" content=\"en_US\" \/>\n<meta property=\"og:type\" content=\"article\" \/>\n<meta property=\"og:title\" content=\"Tinna Br\u00e1 \u00ed Fylki - \u00cd\u00fer\u00f3ttaf\u00e9lagi\u00f0 Gr\u00f3tta\" \/>\n<meta property=\"og:description\" content=\"Gr\u00f3tta og Fylkir hafa komist a\u00f0 samkomulagi um f\u00e9lagaskipti markvar\u00f0arins efnilega Tinnu Br\u00e1r Magn\u00fasd\u00f3ttur. Tinna gerir 3 \u00e1ra samning vi\u00f0 \u00c1rb\u00e6inga sem endu\u00f0u \u00ed 3. s\u00e6ti \u00ed Pepsi Max deild [&hellip;]\" \/>\n<meta property=\"og:url\" content=\"https:\/\/grotta.is\/en\/knattspyrnudeild\/tinna-bra-i-fylki\/\" \/>\n<meta property=\"og:site_name\" content=\"\u00cd\u00fer\u00f3ttaf\u00e9lagi\u00f0 Gr\u00f3tta\" \/>\n<meta property=\"article:publisher\" content=\"https:\/\/www.facebook.com\/grottasport\" \/>\n<meta property=\"article:published_time\" content=\"2021-01-12T12:03:34+00:00\" \/>\n<meta property=\"article:modified_time\" content=\"2021-01-12T12:07:52+00:00\" \/>\n<meta property=\"og:image\" content=\"https:\/\/grotta.is\/wp-content\/uploads\/2021\/01\/5D4_7949.jpg\" \/>\n\t<meta property=\"og:image:width\" content=\"1281\" \/>\n\t<meta property=\"og:image:height\" content=\"1356\" \/>\n\t<meta property=\"og:image:type\" content=\"image\/jpeg\" \/>\n<meta name=\"author\" content=\"J\u00f3runn M. \u00deorsteinsd\u00f3ttir\" \/>\n<meta name=\"twitter:card\" content=\"summary_large_image\" \/>\n<meta name=\"twitter:label1\" content=\"Written by\" \/>\n\t<meta name=\"twitter:data1\" content=\"J\u00f3runn M. \u00deorsteinsd\u00f3ttir\" \/>\n\t<meta name=\"twitter:label2\" content=\"Est. reading time\" \/>\n\t<meta name=\"twitter:data2\" content=\"1 minute\" \/>\n<script type=\"application\/ld+json\" class=\"yoast-schema-graph\">{\"@context\":\"https:\/\/schema.org\",\"@graph\":[{\"@type\":\"Article\",\"@id\":\"https:\/\/grotta.is\/knattspyrnudeild\/tinna-bra-i-fylki\/#article\",\"isPartOf\":{\"@id\":\"https:\/\/grotta.is\/knattspyrnudeild\/tinna-bra-i-fylki\/\"},\"author\":{\"name\":\"J\u00f3runn M. \u00deorsteinsd\u00f3ttir\",\"@id\":\"https:\/\/grotta.is\/#\/schema\/person\/f1fea6a85a554e8069771c3486efbd84\"},\"headline\":\"Tinna Br\u00e1 \u00ed Fylki\",\"datePublished\":\"2021-01-12T12:03:34+00:00\",\"dateModified\":\"2021-01-12T12:07:52+00:00\",\"mainEntityOfPage\":{\"@id\":\"https:\/\/grotta.is\/knattspyrnudeild\/tinna-bra-i-fylki\/\"},\"wordCount\":174,\"publisher\":{\"@id\":\"https:\/\/grotta.is\/#organization\"},\"image\":{\"@id\":\"https:\/\/grotta.is\/knattspyrnudeild\/tinna-bra-i-fylki\/#primaryimage\"},\"thumbnailUrl\":\"https:\/\/grotta.is\/wp-content\/uploads\/2021\/01\/5D4_7949.jpg\",\"articleSection\":[\"Knattspyrnudeild\"],\"inLanguage\":\"en-US\"},{\"@type\":\"WebPage\",\"@id\":\"https:\/\/grotta.is\/knattspyrnudeild\/tinna-bra-i-fylki\/\",\"url\":\"https:\/\/grotta.is\/knattspyrnudeild\/tinna-bra-i-fylki\/\",\"name\":\"Tinna Br\u00e1 \u00ed Fylki - \u00cd\u00fer\u00f3ttaf\u00e9lagi\u00f0 Gr\u00f3tta\",\"isPartOf\":{\"@id\":\"https:\/\/grotta.is\/#website\"},\"primaryImageOfPage\":{\"@id\":\"https:\/\/grotta.is\/knattspyrnudeild\/tinna-bra-i-fylki\/#primaryimage\"},\"image\":{\"@id\":\"https:\/\/grotta.is\/knattspyrnudeild\/tinna-bra-i-fylki\/#primaryimage\"},\"thumbnailUrl\":\"https:\/\/grotta.is\/wp-content\/uploads\/2021\/01\/5D4_7949.jpg\",\"datePublished\":\"2021-01-12T12:03:34+00:00\",\"dateModified\":\"2021-01-12T12:07:52+00:00\",\"breadcrumb\":{\"@id\":\"https:\/\/grotta.is\/knattspyrnudeild\/tinna-bra-i-fylki\/#breadcrumb\"},\"inLanguage\":\"en-US\",\"potentialAction\":[{\"@type\":\"ReadAction\",\"target\":[\"https:\/\/grotta.is\/knattspyrnudeild\/tinna-bra-i-fylki\/\"]}]},{\"@type\":\"ImageObject\",\"inLanguage\":\"en-US\",\"@id\":\"https:\/\/grotta.is\/knattspyrnudeild\/tinna-bra-i-fylki\/#primaryimage\",\"url\":\"https:\/\/grotta.is\/wp-content\/uploads\/2021\/01\/5D4_7949.jpg\",\"contentUrl\":\"https:\/\/grotta.is\/wp-content\/uploads\/2021\/01\/5D4_7949.jpg\",\"width\":1281,\"height\":1356},{\"@type\":\"BreadcrumbList\",\"@id\":\"https:\/\/grotta.is\/knattspyrnudeild\/tinna-bra-i-fylki\/#breadcrumb\",\"itemListElement\":[{\"@type\":\"ListItem\",\"position\":1,\"name\":\"Home\",\"item\":\"https:\/\/grotta.is\/\"},{\"@type\":\"ListItem\",\"position\":2,\"name\":\"Tinna Br\u00e1 \u00ed Fylki\"}]},{\"@type\":\"WebSite\",\"@id\":\"https:\/\/grotta.is\/#website\",\"url\":\"https:\/\/grotta.is\/\",\"name\":\"\u00cd\u00fer\u00f3ttaf\u00e9lagi\u00f0 Gr\u00f3tta\",\"description\":\"\u00e1 Seltjarnarnesi\",\"publisher\":{\"@id\":\"https:\/\/grotta.is\/#organization\"},\"potentialAction\":[{\"@type\":\"SearchAction\",\"target\":{\"@type\":\"EntryPoint\",\"urlTemplate\":\"https:\/\/grotta.is\/?s={search_term_string}\"},\"query-input\":{\"@type\":\"PropertyValueSpecification\",\"valueRequired\":true,\"valueName\":\"search_term_string\"}}],\"inLanguage\":\"en-US\"},{\"@type\":\"Organization\",\"@id\":\"https:\/\/grotta.is\/#organization\",\"name\":\"\u00cd\u00fer\u00f3ttaf\u00e9lagi\u00f0 Gr\u00f3tta\",\"url\":\"https:\/\/grotta.is\/\",\"logo\":{\"@type\":\"ImageObject\",\"inLanguage\":\"en-US\",\"@id\":\"https:\/\/grotta.is\/#\/schema\/logo\/image\/\",\"url\":\"https:\/\/grotta.is\/wp-content\/uploads\/2020\/02\/ithrottafelagidgrotta_logo_512x512_transparent.png\",\"contentUrl\":\"https:\/\/grotta.is\/wp-content\/uploads\/2020\/02\/ithrottafelagidgrotta_logo_512x512_transparent.png\",\"width\":512,\"height\":512,\"caption\":\"\u00cd\u00fer\u00f3ttaf\u00e9lagi\u00f0 Gr\u00f3tta\"},\"image\":{\"@id\":\"https:\/\/grotta.is\/#\/schema\/logo\/image\/\"},\"sameAs\":[\"https:\/\/www.facebook.com\/grottasport\"]},{\"@type\":\"Person\",\"@id\":\"https:\/\/grotta.is\/#\/schema\/person\/f1fea6a85a554e8069771c3486efbd84\",\"name\":\"J\u00f3runn M. \u00deorsteinsd\u00f3ttir\",\"url\":\"https:\/\/grotta.is\/en\/author\/jorunn\/\"}]}<\/script>\n<!-- \/ Yoast SEO plugin. -->","yoast_head_json":{"title":"Tinna Br\u00e1 \u00ed Fylki - \u00cd\u00fer\u00f3ttaf\u00e9lagi\u00f0 Gr\u00f3tta","robots":{"index":"index","follow":"follow","max-snippet":"max-snippet:-1","max-image-preview":"max-image-preview:large","max-video-preview":"max-video-preview:-1"},"canonical":"https:\/\/grotta.is\/en\/knattspyrnudeild\/tinna-bra-i-fylki\/","og_locale":"en_US","og_type":"article","og_title":"Tinna Br\u00e1 \u00ed Fylki - \u00cd\u00fer\u00f3ttaf\u00e9lagi\u00f0 Gr\u00f3tta","og_description":"Gr\u00f3tta og Fylkir hafa komist a\u00f0 samkomulagi um f\u00e9lagaskipti markvar\u00f0arins efnilega Tinnu Br\u00e1r Magn\u00fasd\u00f3ttur. Tinna gerir 3 \u00e1ra samning vi\u00f0 \u00c1rb\u00e6inga sem endu\u00f0u \u00ed 3. s\u00e6ti \u00ed Pepsi Max deild [&hellip;]","og_url":"https:\/\/grotta.is\/en\/knattspyrnudeild\/tinna-bra-i-fylki\/","og_site_name":"\u00cd\u00fer\u00f3ttaf\u00e9lagi\u00f0 Gr\u00f3tta","article_publisher":"https:\/\/www.facebook.com\/grottasport","article_published_time":"2021-01-12T12:03:34+00:00","article_modified_time":"2021-01-12T12:07:52+00:00","og_image":[{"width":1281,"height":1356,"url":"https:\/\/grotta.is\/wp-content\/uploads\/2021\/01\/5D4_7949.jpg","type":"image\/jpeg"}],"author":"J\u00f3runn M. \u00deorsteinsd\u00f3ttir","twitter_card":"summary_large_image","twitter_misc":{"Written by":"J\u00f3runn M. \u00deorsteinsd\u00f3ttir","Est. reading time":"1 minute"},"schema":{"@context":"https:\/\/schema.org","@graph":[{"@type":"Article","@id":"https:\/\/grotta.is\/knattspyrnudeild\/tinna-bra-i-fylki\/#article","isPartOf":{"@id":"https:\/\/grotta.is\/knattspyrnudeild\/tinna-bra-i-fylki\/"},"author":{"name":"J\u00f3runn M. \u00deorsteinsd\u00f3ttir","@id":"https:\/\/grotta.is\/#\/schema\/person\/f1fea6a85a554e8069771c3486efbd84"},"headline":"Tinna Br\u00e1 \u00ed Fylki","datePublished":"2021-01-12T12:03:34+00:00","dateModified":"2021-01-12T12:07:52+00:00","mainEntityOfPage":{"@id":"https:\/\/grotta.is\/knattspyrnudeild\/tinna-bra-i-fylki\/"},"wordCount":174,"publisher":{"@id":"https:\/\/grotta.is\/#organization"},"image":{"@id":"https:\/\/grotta.is\/knattspyrnudeild\/tinna-bra-i-fylki\/#primaryimage"},"thumbnailUrl":"https:\/\/grotta.is\/wp-content\/uploads\/2021\/01\/5D4_7949.jpg","articleSection":["Knattspyrnudeild"],"inLanguage":"en-US"},{"@type":"WebPage","@id":"https:\/\/grotta.is\/knattspyrnudeild\/tinna-bra-i-fylki\/","url":"https:\/\/grotta.is\/knattspyrnudeild\/tinna-bra-i-fylki\/","name":"Tinna Br\u00e1 \u00ed Fylki - \u00cd\u00fer\u00f3ttaf\u00e9lagi\u00f0 Gr\u00f3tta","isPartOf":{"@id":"https:\/\/grotta.is\/#website"},"primaryImageOfPage":{"@id":"https:\/\/grotta.is\/knattspyrnudeild\/tinna-bra-i-fylki\/#primaryimage"},"image":{"@id":"https:\/\/grotta.is\/knattspyrnudeild\/tinna-bra-i-fylki\/#primaryimage"},"thumbnailUrl":"https:\/\/grotta.is\/wp-content\/uploads\/2021\/01\/5D4_7949.jpg","datePublished":"2021-01-12T12:03:34+00:00","dateModified":"2021-01-12T12:07:52+00:00","breadcrumb":{"@id":"https:\/\/grotta.is\/knattspyrnudeild\/tinna-bra-i-fylki\/#breadcrumb"},"inLanguage":"en-US","potentialAction":[{"@type":"ReadAction","target":["https:\/\/grotta.is\/knattspyrnudeild\/tinna-bra-i-fylki\/"]}]},{"@type":"ImageObject","inLanguage":"en-US","@id":"https:\/\/grotta.is\/knattspyrnudeild\/tinna-bra-i-fylki\/#primaryimage","url":"https:\/\/grotta.is\/wp-content\/uploads\/2021\/01\/5D4_7949.jpg","contentUrl":"https:\/\/grotta.is\/wp-content\/uploads\/2021\/01\/5D4_7949.jpg","width":1281,"height":1356},{"@type":"BreadcrumbList","@id":"https:\/\/grotta.is\/knattspyrnudeild\/tinna-bra-i-fylki\/#breadcrumb","itemListElement":[{"@type":"ListItem","position":1,"name":"Home","item":"https:\/\/grotta.is\/"},{"@type":"ListItem","position":2,"name":"Tinna Br\u00e1 \u00ed Fylki"}]},{"@type":"WebSite","@id":"https:\/\/grotta.is\/#website","url":"https:\/\/grotta.is\/","name":"\u00cd\u00fer\u00f3ttaf\u00e9lagi\u00f0 Gr\u00f3tta","description":"\u00e1 Seltjarnarnesi","publisher":{"@id":"https:\/\/grotta.is\/#organization"},"potentialAction":[{"@type":"SearchAction","target":{"@type":"EntryPoint","urlTemplate":"https:\/\/grotta.is\/?s={search_term_string}"},"query-input":{"@type":"PropertyValueSpecification","valueRequired":true,"valueName":"search_term_string"}}],"inLanguage":"en-US"},{"@type":"Organization","@id":"https:\/\/grotta.is\/#organization","name":"\u00cd\u00fer\u00f3ttaf\u00e9lagi\u00f0 Gr\u00f3tta","url":"https:\/\/grotta.is\/","logo":{"@type":"ImageObject","inLanguage":"en-US","@id":"https:\/\/grotta.is\/#\/schema\/logo\/image\/","url":"https:\/\/grotta.is\/wp-content\/uploads\/2020\/02\/ithrottafelagidgrotta_logo_512x512_transparent.png","contentUrl":"https:\/\/grotta.is\/wp-content\/uploads\/2020\/02\/ithrottafelagidgrotta_logo_512x512_transparent.png","width":512,"height":512,"caption":"\u00cd\u00fer\u00f3ttaf\u00e9lagi\u00f0 Gr\u00f3tta"},"image":{"@id":"https:\/\/grotta.is\/#\/schema\/logo\/image\/"},"sameAs":["https:\/\/www.facebook.com\/grottasport"]},{"@type":"Person","@id":"https:\/\/grotta.is\/#\/schema\/person\/f1fea6a85a554e8069771c3486efbd84","name":"J\u00f3runn M. \u00deorsteinsd\u00f3ttir","url":"https:\/\/grotta.is\/en\/author\/jorunn\/"}]}},"_links":{"self":[{"href":"https:\/\/grotta.is\/en\/wp-json\/wp\/v2\/posts\/258609","targetHints":{"allow":["GET"]}}],"collection":[{"href":"https:\/\/grotta.is\/en\/wp-json\/wp\/v2\/posts"}],"about":[{"href":"https:\/\/grotta.is\/en\/wp-json\/wp\/v2\/types\/post"}],"author":[{"embeddable":true,"href":"https:\/\/grotta.is\/en\/wp-json\/wp\/v2\/users\/4"}],"replies":[{"embeddable":true,"href":"https:\/\/grotta.is\/en\/wp-json\/wp\/v2\/comments?post=258609"}],"version-history":[{"count":2,"href":"https:\/\/grotta.is\/en\/wp-json\/wp\/v2\/posts\/258609\/revisions"}],"predecessor-version":[{"id":258675,"href":"https:\/\/grotta.is\/en\/wp-json\/wp\/v2\/posts\/258609\/revisions\/258675"}],"wp:featuredmedia":[{"embeddable":true,"href":"https:\/\/grotta.is\/en\/wp-json\/wp\/v2\/media\/258612"}],"wp:attachment":[{"href":"https:\/\/grotta.is\/en\/wp-json\/wp\/v2\/media?parent=258609"}],"wp:term":[{"taxonomy":"category","embeddable":true,"href":"https:\/\/grotta.is\/en\/wp-json\/wp\/v2\/categories?post=258609"},{"taxonomy":"post_tag","embeddable":true,"href":"https:\/\/grotta.is\/en\/wp-json\/wp\/v2\/tags?post=258609"}],"curies":[{"name":"wp","href":"https:\/\/api.w.org\/{rel}","templated":true}]}}