{"id":2541,"date":"2018-10-22T13:36:15","date_gmt":"2018-10-22T13:36:15","guid":{"rendered":"https:\/\/grotta.is\/?p=2541"},"modified":"2020-04-23T13:57:35","modified_gmt":"2020-04-23T13:57:35","slug":"frabaer-sigur-gegn-fram","status":"publish","type":"post","link":"https:\/\/grotta.is\/en\/handknattleiksdeild\/frabaer-sigur-gegn-fram\/","title":{"rendered":"Fr\u00e1b\u00e6r sigur gegn Fram"},"content":{"rendered":"<p>Meistaraflokkur karla h\u00e9lt \u00ed Safam\u00fdrina \u00ed g\u00e6rkv\u00f6ldi og m\u00e6ttu \u00fear heimam\u00f6nnum \u00ed Fram \u00ed 6.umfer\u00f0 Ol\u00edsdeildar-karla.<\/p><p>Hannes f\u00e9kk rautt gegn Fram \u2013 ekki hans fyrsta.<\/p><p>Leikurinn gr\u00ed\u00f0arlega mikilv\u00e6gur og \u00fe\u00e1 s\u00e9rstaklega \u00ed lj\u00f3si \u00feess a\u00f0 li\u00f0in \u00ed ne\u00f0ri hluta deildarinnar voru b\u00fain a\u00f0 n\u00e6la s\u00e9r \u00ed stig fyrr um daginn og \u00fev\u00ed mikilv\u00e6gt a\u00f0 Gr\u00f3ttu-str\u00e1kar myndu m\u00e6ta af krafti \u00ed leikinn og stela stigi ef ekki tveimur \u00ed Safam\u00fdrinni til a\u00f0 missa ekki af lestinni.<\/p><p>Gr\u00f3tta endurheimti Sigf\u00fas P\u00e1l og Leonhar\u00f0 \u00deorgeir \u00far mei\u00f0slum og var \u00fea\u00f0 k\u00e6rkomi\u00f0 fyrir li\u00f0i\u00f0 a\u00f0 f\u00e1 a\u00f0eins meiri breidd \u00ed h\u00f3pinn.<\/p><p>Leikurinn byrja\u00f0i af krafti varnarlega hj\u00e1 b\u00e1\u00f0um li\u00f0um en anna\u00f0 m\u00e1 segja um s\u00f3knarleik beggja li\u00f0a sem fer sennilega ekki \u00ed s\u00f6gub\u00e6kurnar fyrir gott skemmtanagildi en eftir 5 m\u00edn\u00fatna leik var sta\u00f0an enn\u00fe\u00e1 0-0, \u00f3tr\u00falegar t\u00f6lur \u00ed raun. Eftir \u00fea\u00f0 skiptust li\u00f0in \u00e1 a\u00f0 skora og var leikurinn jafn og spennandi. \u00c1 18.m\u00edn\u00fatu \u00ed st\u00f6\u00f0unni 5-6 fyrir Gr\u00f3ttu t\u00f3k l\u00ednutr\u00f6lli\u00f0 Hannes Grimm sig til og l\u00f6\u00f0runga\u00f0i Svavar K\u00e1ra leikmann fram \u00ed andliti\u00f0 og uppskar \u00ed kj\u00f6lfari\u00f0 beint rautt spjald. Eftir \u00feetta atvik frosnu\u00f0u leikmenn Gr\u00f3ttu algj\u00f6rlega og Fram-li\u00f0i\u00f0 gekk \u00e1 lagi\u00f0 og breytti st\u00f6\u00f0unni \u00ed 10-7 fyrir lok fyrri h\u00e1lfleiks. L\u00e9legur fyrri h\u00e1lfleikur a\u00f0 baki hj\u00e1 okkar str\u00e1kum og stu\u00f0ningsmenn voru ekkert alltof bjarts\u00fdnir fyrir \u00feann s\u00ed\u00f0ari.<\/p><p>Leonhar\u00f0 var fr\u00e1b\u00e6r \u00ed seinni h\u00e1lfleik.<\/p><p>Eitthva\u00f0 virtist Einar J\u00f3nsson \u00fej\u00e1lfari Gr\u00f3ttu hafa sagt \u00ed h\u00e1lfleik \u00fear sem Gr\u00f3ttu-li\u00f0i\u00f0 kom gr\u00ed\u00f0arlega einbeitt til leiks \u00ed \u00feeim s\u00ed\u00f0ari og voru b\u00fanir a\u00f0 jafna leikinn 10-10 eftir 3ja m\u00edn\u00fatna leik og komust \u00ed kj\u00f6lfari\u00f0 \u00ed 11-14, st\u00f3rkostleg 1-7 byrjun \u00e1 h\u00e1lfleiknum og Fram-li\u00f0i\u00f0 virtist slegi\u00f0 \u00fat af laginu. Eftir \u00feessa byrjun r\u00e9tt glefsu\u00f0u Framarar fr\u00e1 s\u00e9r og minnku\u00f0u muninn \u00ed 15-17 en \u00fe\u00e1 g\u00e1fu Gr\u00f3ttu-str\u00e1kar \u00ed \u00e1 n\u00fd og juku forskoti\u00f0 \u00ed 6 m\u00f6rk, 15-21 \u00feegar 6 m\u00edn\u00fatur lif\u00f0u leiks. \u00dea\u00f0 bil reyndist of miki\u00f0 fyrir Framara og sigldu Gr\u00f3ttu-str\u00e1kar fr\u00e1b\u00e6rum sigri \u00ed h\u00fas \u00e1 \u00fativelli 20-24.<\/p><p>Eins og lokat\u00f6lur gefa til kynna a\u00f0 \u00fe\u00e1 var varnarleikur Gr\u00f3ttu-li\u00f0sins fr\u00e1b\u00e6r allan leikinn og eru li\u00f0inu allir vegir f\u00e6rir me\u00f0 sl\u00edkum varnarleik. S\u00f3knarleikurinn var \u00fe\u00f3 oft stir\u00f0ur \u00ed fyrri h\u00e1lfleik en getum vi\u00f0 \u00feakka\u00f0 Sigf\u00fasi P\u00e1li fyrir a\u00f0 bera hann uppi \u00ed fyrri h\u00e1lfleik. Allt annar s\u00f3knarleikur var uppi \u00e1 teningunum \u00ed \u00feeim s\u00ed\u00f0ari \u00fear sem okkar str\u00e1kar skoru\u00f0u 17 m\u00f6rk og voru \u00fear J\u00f3hann Reynir og Leonhar\u00f0 \u00deorgeir fremstir me\u00f0al jafningja.<\/p><p>N\u00fa tekur vi\u00f0 2ja vikna landsli\u00f0sp\u00e1sa sem li\u00f0i\u00f0 um eflaust n\u00fdta vel til \u00e6finga og er n\u00e6sti leikur li\u00f0sins heimaleikur gegn Akureyri sunnudaginn 4.n\u00f3vember. N\u00e1nar s\u00ed\u00f0ar.<\/p><p><strong>Markah\u00e6stir \u00ed Gr\u00f3ttu-li\u00f0inu<\/strong><\/p><ul class=\"wp-block-list\"><li>J\u00f3hann Reynir \u2013 6 m\u00f6rk<\/li><li>Leonhar\u00f0 \u00deorgeir \u2013 5 m\u00f6rk<\/li><li>Alexander J\u00f3n \u2013 4 m\u00f6rk<\/li><li>Magn\u00fas \u00d6der \u2013 3 m\u00f6rk<\/li><li>Sigf\u00fas P\u00e1ll \u2013 2 m\u00f6rk<\/li><li>Sveinn Jos\u00e9 \u2013 2 m\u00f6rk<\/li><li>A\u00f0rir minna<\/li><\/ul><p>Hrei\u00f0ar Lev\u00fd var\u00f0i 10 skot \u00ed markinu e\u00f0a 33% skota sem hann f\u00e9kk \u00e1 sig og var fr\u00e1b\u00e6r \u00e1 lokakafla leiksins.<\/p>","protected":false},"excerpt":{"rendered":"<p>Meistaraflokkur karla h\u00e9lt \u00ed Safam\u00fdrina \u00ed g\u00e6rkv\u00f6ldi og m\u00e6ttu \u00fear heimam\u00f6nnum \u00ed Fram \u00ed 6.umfer\u00f0 Ol\u00edsdeildar-karla.<\/p>","protected":false},"author":2,"featured_media":2573,"comment_status":"closed","ping_status":"closed","sticky":false,"template":"","format":"standard","meta":{"footnotes":""},"categories":[12],"tags":[13,20],"class_list":["post-2541","post","type-post","status-publish","format-standard","has-post-thumbnail","hentry","category-handknattleiksdeild","tag-handbolti","tag-mfl-kk"],"yoast_head":"<!-- This site is optimized with the Yoast SEO plugin v24.3 - https:\/\/yoast.com\/wordpress\/plugins\/seo\/ -->\n<title>Fr\u00e1b\u00e6r sigur gegn Fram - \u00cd\u00fer\u00f3ttaf\u00e9lagi\u00f0 Gr\u00f3tta<\/title>\n<meta name=\"robots\" content=\"index, follow, max-snippet:-1, max-image-preview:large, max-video-preview:-1\" \/>\n<link rel=\"canonical\" href=\"https:\/\/grotta.is\/en\/handknattleiksdeild\/frabaer-sigur-gegn-fram\/\" \/>\n<meta property=\"og:locale\" content=\"en_US\" \/>\n<meta property=\"og:type\" content=\"article\" \/>\n<meta property=\"og:title\" content=\"Fr\u00e1b\u00e6r sigur gegn Fram - \u00cd\u00fer\u00f3ttaf\u00e9lagi\u00f0 Gr\u00f3tta\" \/>\n<meta property=\"og:description\" content=\"Meistaraflokkur karla h\u00e9lt \u00ed Safam\u00fdrina \u00ed g\u00e6rkv\u00f6ldi og m\u00e6ttu \u00fear heimam\u00f6nnum \u00ed Fram \u00ed 6.umfer\u00f0 Ol\u00edsdeildar-karla.\" \/>\n<meta property=\"og:url\" content=\"https:\/\/grotta.is\/en\/handknattleiksdeild\/frabaer-sigur-gegn-fram\/\" \/>\n<meta property=\"og:site_name\" content=\"\u00cd\u00fer\u00f3ttaf\u00e9lagi\u00f0 Gr\u00f3tta\" \/>\n<meta property=\"article:publisher\" content=\"https:\/\/www.facebook.com\/grottasport\" \/>\n<meta property=\"article:published_time\" content=\"2018-10-22T13:36:15+00:00\" \/>\n<meta property=\"article:modified_time\" content=\"2020-04-23T13:57:35+00:00\" \/>\n<meta property=\"og:image\" content=\"https:\/\/grotta.is\/wp-content\/uploads\/2018\/10\/Grotta_Hanbolti_mflkk_2018-12-1.jpg\" \/>\n\t<meta property=\"og:image:width\" content=\"1149\" \/>\n\t<meta property=\"og:image:height\" content=\"928\" \/>\n\t<meta property=\"og:image:type\" content=\"image\/jpeg\" \/>\n<meta name=\"author\" content=\"Grotta\" \/>\n<meta name=\"twitter:card\" content=\"summary_large_image\" \/>\n<meta name=\"twitter:label1\" content=\"Written by\" \/>\n\t<meta name=\"twitter:data1\" content=\"Grotta\" \/>\n\t<meta name=\"twitter:label2\" content=\"Est. reading time\" \/>\n\t<meta name=\"twitter:data2\" content=\"3 minutes\" \/>\n<script type=\"application\/ld+json\" class=\"yoast-schema-graph\">{\"@context\":\"https:\/\/schema.org\",\"@graph\":[{\"@type\":\"Article\",\"@id\":\"https:\/\/grotta.is\/handknattleiksdeild\/frabaer-sigur-gegn-fram\/#article\",\"isPartOf\":{\"@id\":\"https:\/\/grotta.is\/handknattleiksdeild\/frabaer-sigur-gegn-fram\/\"},\"author\":{\"name\":\"Grotta\",\"@id\":\"https:\/\/grotta.is\/#\/schema\/person\/08ec57bf09ee925f1b6a01540c14a5ce\"},\"headline\":\"Fr\u00e1b\u00e6r sigur gegn Fram\",\"datePublished\":\"2018-10-22T13:36:15+00:00\",\"dateModified\":\"2020-04-23T13:57:35+00:00\",\"mainEntityOfPage\":{\"@id\":\"https:\/\/grotta.is\/handknattleiksdeild\/frabaer-sigur-gegn-fram\/\"},\"wordCount\":569,\"publisher\":{\"@id\":\"https:\/\/grotta.is\/#organization\"},\"image\":{\"@id\":\"https:\/\/grotta.is\/handknattleiksdeild\/frabaer-sigur-gegn-fram\/#primaryimage\"},\"thumbnailUrl\":\"https:\/\/grotta.is\/wp-content\/uploads\/2018\/10\/Grotta_Hanbolti_mflkk_2018-12-1.jpg\",\"keywords\":[\"Handbolti\",\"Mfl.kk\"],\"articleSection\":[\"Handknattleiksdeild\"],\"inLanguage\":\"en-US\"},{\"@type\":\"WebPage\",\"@id\":\"https:\/\/grotta.is\/handknattleiksdeild\/frabaer-sigur-gegn-fram\/\",\"url\":\"https:\/\/grotta.is\/handknattleiksdeild\/frabaer-sigur-gegn-fram\/\",\"name\":\"Fr\u00e1b\u00e6r sigur gegn Fram - \u00cd\u00fer\u00f3ttaf\u00e9lagi\u00f0 Gr\u00f3tta\",\"isPartOf\":{\"@id\":\"https:\/\/grotta.is\/#website\"},\"primaryImageOfPage\":{\"@id\":\"https:\/\/grotta.is\/handknattleiksdeild\/frabaer-sigur-gegn-fram\/#primaryimage\"},\"image\":{\"@id\":\"https:\/\/grotta.is\/handknattleiksdeild\/frabaer-sigur-gegn-fram\/#primaryimage\"},\"thumbnailUrl\":\"https:\/\/grotta.is\/wp-content\/uploads\/2018\/10\/Grotta_Hanbolti_mflkk_2018-12-1.jpg\",\"datePublished\":\"2018-10-22T13:36:15+00:00\",\"dateModified\":\"2020-04-23T13:57:35+00:00\",\"breadcrumb\":{\"@id\":\"https:\/\/grotta.is\/handknattleiksdeild\/frabaer-sigur-gegn-fram\/#breadcrumb\"},\"inLanguage\":\"en-US\",\"potentialAction\":[{\"@type\":\"ReadAction\",\"target\":[\"https:\/\/grotta.is\/handknattleiksdeild\/frabaer-sigur-gegn-fram\/\"]}]},{\"@type\":\"ImageObject\",\"inLanguage\":\"en-US\",\"@id\":\"https:\/\/grotta.is\/handknattleiksdeild\/frabaer-sigur-gegn-fram\/#primaryimage\",\"url\":\"https:\/\/grotta.is\/wp-content\/uploads\/2018\/10\/Grotta_Hanbolti_mflkk_2018-12-1.jpg\",\"contentUrl\":\"https:\/\/grotta.is\/wp-content\/uploads\/2018\/10\/Grotta_Hanbolti_mflkk_2018-12-1.jpg\",\"width\":1149,\"height\":928},{\"@type\":\"BreadcrumbList\",\"@id\":\"https:\/\/grotta.is\/handknattleiksdeild\/frabaer-sigur-gegn-fram\/#breadcrumb\",\"itemListElement\":[{\"@type\":\"ListItem\",\"position\":1,\"name\":\"Home\",\"item\":\"https:\/\/grotta.is\/\"},{\"@type\":\"ListItem\",\"position\":2,\"name\":\"Fr\u00e1b\u00e6r sigur gegn Fram\"}]},{\"@type\":\"WebSite\",\"@id\":\"https:\/\/grotta.is\/#website\",\"url\":\"https:\/\/grotta.is\/\",\"name\":\"\u00cd\u00fer\u00f3ttaf\u00e9lagi\u00f0 Gr\u00f3tta\",\"description\":\"\u00e1 Seltjarnarnesi\",\"publisher\":{\"@id\":\"https:\/\/grotta.is\/#organization\"},\"potentialAction\":[{\"@type\":\"SearchAction\",\"target\":{\"@type\":\"EntryPoint\",\"urlTemplate\":\"https:\/\/grotta.is\/?s={search_term_string}\"},\"query-input\":{\"@type\":\"PropertyValueSpecification\",\"valueRequired\":true,\"valueName\":\"search_term_string\"}}],\"inLanguage\":\"en-US\"},{\"@type\":\"Organization\",\"@id\":\"https:\/\/grotta.is\/#organization\",\"name\":\"\u00cd\u00fer\u00f3ttaf\u00e9lagi\u00f0 Gr\u00f3tta\",\"url\":\"https:\/\/grotta.is\/\",\"logo\":{\"@type\":\"ImageObject\",\"inLanguage\":\"en-US\",\"@id\":\"https:\/\/grotta.is\/#\/schema\/logo\/image\/\",\"url\":\"https:\/\/grotta.is\/wp-content\/uploads\/2020\/02\/ithrottafelagidgrotta_logo_512x512_transparent.png\",\"contentUrl\":\"https:\/\/grotta.is\/wp-content\/uploads\/2020\/02\/ithrottafelagidgrotta_logo_512x512_transparent.png\",\"width\":512,\"height\":512,\"caption\":\"\u00cd\u00fer\u00f3ttaf\u00e9lagi\u00f0 Gr\u00f3tta\"},\"image\":{\"@id\":\"https:\/\/grotta.is\/#\/schema\/logo\/image\/\"},\"sameAs\":[\"https:\/\/www.facebook.com\/grottasport\"]},{\"@type\":\"Person\",\"@id\":\"https:\/\/grotta.is\/#\/schema\/person\/08ec57bf09ee925f1b6a01540c14a5ce\",\"name\":\"Grotta\",\"url\":\"https:\/\/grotta.is\/en\/author\/inga\/\"}]}<\/script>\n<!-- \/ Yoast SEO plugin. -->","yoast_head_json":{"title":"Fr\u00e1b\u00e6r sigur gegn Fram - \u00cd\u00fer\u00f3ttaf\u00e9lagi\u00f0 Gr\u00f3tta","robots":{"index":"index","follow":"follow","max-snippet":"max-snippet:-1","max-image-preview":"max-image-preview:large","max-video-preview":"max-video-preview:-1"},"canonical":"https:\/\/grotta.is\/en\/handknattleiksdeild\/frabaer-sigur-gegn-fram\/","og_locale":"en_US","og_type":"article","og_title":"Fr\u00e1b\u00e6r sigur gegn Fram - \u00cd\u00fer\u00f3ttaf\u00e9lagi\u00f0 Gr\u00f3tta","og_description":"Meistaraflokkur karla h\u00e9lt \u00ed Safam\u00fdrina \u00ed g\u00e6rkv\u00f6ldi og m\u00e6ttu \u00fear heimam\u00f6nnum \u00ed Fram \u00ed 6.umfer\u00f0 Ol\u00edsdeildar-karla.","og_url":"https:\/\/grotta.is\/en\/handknattleiksdeild\/frabaer-sigur-gegn-fram\/","og_site_name":"\u00cd\u00fer\u00f3ttaf\u00e9lagi\u00f0 Gr\u00f3tta","article_publisher":"https:\/\/www.facebook.com\/grottasport","article_published_time":"2018-10-22T13:36:15+00:00","article_modified_time":"2020-04-23T13:57:35+00:00","og_image":[{"width":1149,"height":928,"url":"https:\/\/grotta.is\/wp-content\/uploads\/2018\/10\/Grotta_Hanbolti_mflkk_2018-12-1.jpg","type":"image\/jpeg"}],"author":"Grotta","twitter_card":"summary_large_image","twitter_misc":{"Written by":"Grotta","Est. reading time":"3 minutes"},"schema":{"@context":"https:\/\/schema.org","@graph":[{"@type":"Article","@id":"https:\/\/grotta.is\/handknattleiksdeild\/frabaer-sigur-gegn-fram\/#article","isPartOf":{"@id":"https:\/\/grotta.is\/handknattleiksdeild\/frabaer-sigur-gegn-fram\/"},"author":{"name":"Grotta","@id":"https:\/\/grotta.is\/#\/schema\/person\/08ec57bf09ee925f1b6a01540c14a5ce"},"headline":"Fr\u00e1b\u00e6r sigur gegn Fram","datePublished":"2018-10-22T13:36:15+00:00","dateModified":"2020-04-23T13:57:35+00:00","mainEntityOfPage":{"@id":"https:\/\/grotta.is\/handknattleiksdeild\/frabaer-sigur-gegn-fram\/"},"wordCount":569,"publisher":{"@id":"https:\/\/grotta.is\/#organization"},"image":{"@id":"https:\/\/grotta.is\/handknattleiksdeild\/frabaer-sigur-gegn-fram\/#primaryimage"},"thumbnailUrl":"https:\/\/grotta.is\/wp-content\/uploads\/2018\/10\/Grotta_Hanbolti_mflkk_2018-12-1.jpg","keywords":["Handbolti","Mfl.kk"],"articleSection":["Handknattleiksdeild"],"inLanguage":"en-US"},{"@type":"WebPage","@id":"https:\/\/grotta.is\/handknattleiksdeild\/frabaer-sigur-gegn-fram\/","url":"https:\/\/grotta.is\/handknattleiksdeild\/frabaer-sigur-gegn-fram\/","name":"Fr\u00e1b\u00e6r sigur gegn Fram - \u00cd\u00fer\u00f3ttaf\u00e9lagi\u00f0 Gr\u00f3tta","isPartOf":{"@id":"https:\/\/grotta.is\/#website"},"primaryImageOfPage":{"@id":"https:\/\/grotta.is\/handknattleiksdeild\/frabaer-sigur-gegn-fram\/#primaryimage"},"image":{"@id":"https:\/\/grotta.is\/handknattleiksdeild\/frabaer-sigur-gegn-fram\/#primaryimage"},"thumbnailUrl":"https:\/\/grotta.is\/wp-content\/uploads\/2018\/10\/Grotta_Hanbolti_mflkk_2018-12-1.jpg","datePublished":"2018-10-22T13:36:15+00:00","dateModified":"2020-04-23T13:57:35+00:00","breadcrumb":{"@id":"https:\/\/grotta.is\/handknattleiksdeild\/frabaer-sigur-gegn-fram\/#breadcrumb"},"inLanguage":"en-US","potentialAction":[{"@type":"ReadAction","target":["https:\/\/grotta.is\/handknattleiksdeild\/frabaer-sigur-gegn-fram\/"]}]},{"@type":"ImageObject","inLanguage":"en-US","@id":"https:\/\/grotta.is\/handknattleiksdeild\/frabaer-sigur-gegn-fram\/#primaryimage","url":"https:\/\/grotta.is\/wp-content\/uploads\/2018\/10\/Grotta_Hanbolti_mflkk_2018-12-1.jpg","contentUrl":"https:\/\/grotta.is\/wp-content\/uploads\/2018\/10\/Grotta_Hanbolti_mflkk_2018-12-1.jpg","width":1149,"height":928},{"@type":"BreadcrumbList","@id":"https:\/\/grotta.is\/handknattleiksdeild\/frabaer-sigur-gegn-fram\/#breadcrumb","itemListElement":[{"@type":"ListItem","position":1,"name":"Home","item":"https:\/\/grotta.is\/"},{"@type":"ListItem","position":2,"name":"Fr\u00e1b\u00e6r sigur gegn Fram"}]},{"@type":"WebSite","@id":"https:\/\/grotta.is\/#website","url":"https:\/\/grotta.is\/","name":"\u00cd\u00fer\u00f3ttaf\u00e9lagi\u00f0 Gr\u00f3tta","description":"\u00e1 Seltjarnarnesi","publisher":{"@id":"https:\/\/grotta.is\/#organization"},"potentialAction":[{"@type":"SearchAction","target":{"@type":"EntryPoint","urlTemplate":"https:\/\/grotta.is\/?s={search_term_string}"},"query-input":{"@type":"PropertyValueSpecification","valueRequired":true,"valueName":"search_term_string"}}],"inLanguage":"en-US"},{"@type":"Organization","@id":"https:\/\/grotta.is\/#organization","name":"\u00cd\u00fer\u00f3ttaf\u00e9lagi\u00f0 Gr\u00f3tta","url":"https:\/\/grotta.is\/","logo":{"@type":"ImageObject","inLanguage":"en-US","@id":"https:\/\/grotta.is\/#\/schema\/logo\/image\/","url":"https:\/\/grotta.is\/wp-content\/uploads\/2020\/02\/ithrottafelagidgrotta_logo_512x512_transparent.png","contentUrl":"https:\/\/grotta.is\/wp-content\/uploads\/2020\/02\/ithrottafelagidgrotta_logo_512x512_transparent.png","width":512,"height":512,"caption":"\u00cd\u00fer\u00f3ttaf\u00e9lagi\u00f0 Gr\u00f3tta"},"image":{"@id":"https:\/\/grotta.is\/#\/schema\/logo\/image\/"},"sameAs":["https:\/\/www.facebook.com\/grottasport"]},{"@type":"Person","@id":"https:\/\/grotta.is\/#\/schema\/person\/08ec57bf09ee925f1b6a01540c14a5ce","name":"Grotta","url":"https:\/\/grotta.is\/en\/author\/inga\/"}]}},"_links":{"self":[{"href":"https:\/\/grotta.is\/en\/wp-json\/wp\/v2\/posts\/2541","targetHints":{"allow":["GET"]}}],"collection":[{"href":"https:\/\/grotta.is\/en\/wp-json\/wp\/v2\/posts"}],"about":[{"href":"https:\/\/grotta.is\/en\/wp-json\/wp\/v2\/types\/post"}],"author":[{"embeddable":true,"href":"https:\/\/grotta.is\/en\/wp-json\/wp\/v2\/users\/2"}],"replies":[{"embeddable":true,"href":"https:\/\/grotta.is\/en\/wp-json\/wp\/v2\/comments?post=2541"}],"version-history":[{"count":3,"href":"https:\/\/grotta.is\/en\/wp-json\/wp\/v2\/posts\/2541\/revisions"}],"predecessor-version":[{"id":2576,"href":"https:\/\/grotta.is\/en\/wp-json\/wp\/v2\/posts\/2541\/revisions\/2576"}],"wp:featuredmedia":[{"embeddable":true,"href":"https:\/\/grotta.is\/en\/wp-json\/wp\/v2\/media\/2573"}],"wp:attachment":[{"href":"https:\/\/grotta.is\/en\/wp-json\/wp\/v2\/media?parent=2541"}],"wp:term":[{"taxonomy":"category","embeddable":true,"href":"https:\/\/grotta.is\/en\/wp-json\/wp\/v2\/categories?post=2541"},{"taxonomy":"post_tag","embeddable":true,"href":"https:\/\/grotta.is\/en\/wp-json\/wp\/v2\/tags?post=2541"}],"curies":[{"name":"wp","href":"https:\/\/api.w.org\/{rel}","templated":true}]}}