{"id":244822,"date":"2020-12-31T13:10:11","date_gmt":"2020-12-31T13:10:11","guid":{"rendered":"https:\/\/grotta.is\/?p=244822"},"modified":"2021-01-04T17:52:24","modified_gmt":"2021-01-04T17:52:24","slug":"sigurvin-framlengir-vid-grottu","status":"publish","type":"post","link":"https:\/\/grotta.is\/en\/knattspyrnudeild\/sigurvin-framlengir-vid-grottu\/","title":{"rendered":"Sigurvin framlengir vi\u00f0 Gr\u00f3ttu"},"content":{"rendered":"<p>Sigurvin Reynisson hefur framlengt samning sinn vi\u00f0 knattspyrnudeild Gr\u00f3ttu til loka keppnist\u00edmabilsins 2022. Sigurvin kom til Gr\u00f3ttu \u00e1 \u00e1rinu 2015 og hefur veri\u00f0 \u00ed lykilhlutverki \u00ed uppgangi li\u00f0sins s\u00ed\u00f0ustu \u00e1r. Hann hefur leiki\u00f0 yfir 100 leiki fyrir meistaraflokk f\u00e9lagsins og veri\u00f0 fyrirli\u00f0i li\u00f0sins s\u00ed\u00f0astli\u00f0in \u00ferj\u00fa \u00e1r.<\/p><p>\u201eVi\u00f0 erum afar \u00e1n\u00e6g\u00f0 me\u00f0 a\u00f0 hafa sami\u00f0 vi\u00f0 Sigurvin um a\u00f0 halda \u00e1fram \u00ed verkefninu hj\u00e1 Gr\u00f3ttu. Hann hefur veri\u00f0 lykilma\u00f0ur hj\u00e1 okkur og \u00fea\u00f0 skiptir miklu m\u00e1li a\u00f0 hafa leikmann me\u00f0 sl\u00edka reynslu \u00ed okkar forystusveit, \u00fe\u00f3tt hann s\u00e9 reyndar ekki nema 25 \u00e1ra gamall,\u201c sag\u00f0i Birgir Tj\u00f6rvi P\u00e9tursson forma\u00f0ur knattspyrnudeildar Gr\u00f3ttu vi\u00f0 undirritun samningsins.<\/p><p>\u201e\u00deetta er b\u00fai\u00f0 a\u00f0 vera miki\u00f0 \u00e6vint\u00fdri hj\u00e1 Gr\u00f3ttu undanfarin \u00e1r, en m\u00e9r finnst verkefninu ekki vera loki\u00f0. H\u00f3purinn er enn ungur, margir a\u00f0 b\u00e6ta sig og \u00e9g vil leggja mitt af m\u00f6rkum \u00e1fram. \u00c9g er spenntur fyrir komandi t\u00edmabili, s\u00ed\u00f0asta \u00e1r var mj\u00f6g s\u00e9rstakt, en vi\u00f0 horfum fram \u00e1 veginn og \u00e6tlum okkur st\u00f3ra hluti n\u00e6sta sumar,\u201c sag\u00f0i Sigurvin.<\/p><figure class=\"wp-block-image size-large\"><img decoding=\"async\" data-src=\"https:\/\/grotta.is\/wp-content\/uploads\/2020\/12\/unnamed-1-498x1024.jpg\" alt=\"\" class=\"wp-image-244823 lazyload\" src=\"data:image\/gif;base64,R0lGODlhAQABAAAAACH5BAEKAAEALAAAAAABAAEAAAICTAEAOw==\" style=\"--smush-placeholder-width: 498px; --smush-placeholder-aspect-ratio: 498\/1024;\" \/><\/figure>","protected":false},"excerpt":{"rendered":"<p>Sigurvin Reynisson hefur framlengt samning sinn vi\u00f0 knattspyrnudeild Gr\u00f3ttu til loka keppnist\u00edmabilsins 2022. Sigurvin kom til Gr\u00f3ttu \u00e1 \u00e1rinu 2015 og hefur veri\u00f0 \u00ed lykilhlutverki \u00ed uppgangi li\u00f0sins s\u00ed\u00f0ustu \u00e1r. [&hellip;]<\/p>","protected":false},"author":4,"featured_media":244823,"comment_status":"closed","ping_status":"closed","sticky":false,"template":"","format":"standard","meta":{"footnotes":""},"categories":[7],"tags":[],"class_list":["post-244822","post","type-post","status-publish","format-standard","has-post-thumbnail","hentry","category-knattspyrnudeild"],"yoast_head":"<!-- This site is optimized with the Yoast SEO plugin v24.3 - https:\/\/yoast.com\/wordpress\/plugins\/seo\/ -->\n<title>Sigurvin framlengir vi\u00f0 Gr\u00f3ttu - \u00cd\u00fer\u00f3ttaf\u00e9lagi\u00f0 Gr\u00f3tta<\/title>\n<meta name=\"robots\" content=\"index, follow, max-snippet:-1, max-image-preview:large, max-video-preview:-1\" \/>\n<link rel=\"canonical\" href=\"https:\/\/grotta.is\/en\/knattspyrnudeild\/sigurvin-framlengir-vid-grottu\/\" \/>\n<meta property=\"og:locale\" content=\"en_US\" \/>\n<meta property=\"og:type\" content=\"article\" \/>\n<meta property=\"og:title\" content=\"Sigurvin framlengir vi\u00f0 Gr\u00f3ttu - \u00cd\u00fer\u00f3ttaf\u00e9lagi\u00f0 Gr\u00f3tta\" \/>\n<meta property=\"og:description\" content=\"Sigurvin Reynisson hefur framlengt samning sinn vi\u00f0 knattspyrnudeild Gr\u00f3ttu til loka keppnist\u00edmabilsins 2022. Sigurvin kom til Gr\u00f3ttu \u00e1 \u00e1rinu 2015 og hefur veri\u00f0 \u00ed lykilhlutverki \u00ed uppgangi li\u00f0sins s\u00ed\u00f0ustu \u00e1r. [&hellip;]\" \/>\n<meta property=\"og:url\" content=\"https:\/\/grotta.is\/en\/knattspyrnudeild\/sigurvin-framlengir-vid-grottu\/\" \/>\n<meta property=\"og:site_name\" content=\"\u00cd\u00fer\u00f3ttaf\u00e9lagi\u00f0 Gr\u00f3tta\" \/>\n<meta property=\"article:publisher\" content=\"https:\/\/www.facebook.com\/grottasport\" \/>\n<meta property=\"article:published_time\" content=\"2020-12-31T13:10:11+00:00\" \/>\n<meta property=\"article:modified_time\" content=\"2021-01-04T17:52:24+00:00\" \/>\n<meta property=\"og:image\" content=\"https:\/\/grotta.is\/wp-content\/uploads\/2020\/12\/unnamed-1-scaled-e1609782726839.jpg\" \/>\n\t<meta property=\"og:image:width\" content=\"1241\" \/>\n\t<meta property=\"og:image:height\" content=\"947\" \/>\n\t<meta property=\"og:image:type\" content=\"image\/jpeg\" \/>\n<meta name=\"author\" content=\"J\u00f3runn M. \u00deorsteinsd\u00f3ttir\" \/>\n<meta name=\"twitter:card\" content=\"summary_large_image\" \/>\n<meta name=\"twitter:label1\" content=\"Written by\" \/>\n\t<meta name=\"twitter:data1\" content=\"J\u00f3runn M. \u00deorsteinsd\u00f3ttir\" \/>\n\t<meta name=\"twitter:label2\" content=\"Est. reading time\" \/>\n\t<meta name=\"twitter:data2\" content=\"1 minute\" \/>\n<script type=\"application\/ld+json\" class=\"yoast-schema-graph\">{\"@context\":\"https:\/\/schema.org\",\"@graph\":[{\"@type\":\"Article\",\"@id\":\"https:\/\/grotta.is\/knattspyrnudeild\/sigurvin-framlengir-vid-grottu\/#article\",\"isPartOf\":{\"@id\":\"https:\/\/grotta.is\/knattspyrnudeild\/sigurvin-framlengir-vid-grottu\/\"},\"author\":{\"name\":\"J\u00f3runn M. \u00deorsteinsd\u00f3ttir\",\"@id\":\"https:\/\/grotta.is\/#\/schema\/person\/f1fea6a85a554e8069771c3486efbd84\"},\"headline\":\"Sigurvin framlengir vi\u00f0 Gr\u00f3ttu\",\"datePublished\":\"2020-12-31T13:10:11+00:00\",\"dateModified\":\"2021-01-04T17:52:24+00:00\",\"mainEntityOfPage\":{\"@id\":\"https:\/\/grotta.is\/knattspyrnudeild\/sigurvin-framlengir-vid-grottu\/\"},\"wordCount\":192,\"publisher\":{\"@id\":\"https:\/\/grotta.is\/#organization\"},\"image\":{\"@id\":\"https:\/\/grotta.is\/knattspyrnudeild\/sigurvin-framlengir-vid-grottu\/#primaryimage\"},\"thumbnailUrl\":\"https:\/\/grotta.is\/wp-content\/uploads\/2020\/12\/unnamed-1-scaled-e1609782726839.jpg\",\"articleSection\":[\"Knattspyrnudeild\"],\"inLanguage\":\"en-US\"},{\"@type\":\"WebPage\",\"@id\":\"https:\/\/grotta.is\/knattspyrnudeild\/sigurvin-framlengir-vid-grottu\/\",\"url\":\"https:\/\/grotta.is\/knattspyrnudeild\/sigurvin-framlengir-vid-grottu\/\",\"name\":\"Sigurvin framlengir vi\u00f0 Gr\u00f3ttu - \u00cd\u00fer\u00f3ttaf\u00e9lagi\u00f0 Gr\u00f3tta\",\"isPartOf\":{\"@id\":\"https:\/\/grotta.is\/#website\"},\"primaryImageOfPage\":{\"@id\":\"https:\/\/grotta.is\/knattspyrnudeild\/sigurvin-framlengir-vid-grottu\/#primaryimage\"},\"image\":{\"@id\":\"https:\/\/grotta.is\/knattspyrnudeild\/sigurvin-framlengir-vid-grottu\/#primaryimage\"},\"thumbnailUrl\":\"https:\/\/grotta.is\/wp-content\/uploads\/2020\/12\/unnamed-1-scaled-e1609782726839.jpg\",\"datePublished\":\"2020-12-31T13:10:11+00:00\",\"dateModified\":\"2021-01-04T17:52:24+00:00\",\"breadcrumb\":{\"@id\":\"https:\/\/grotta.is\/knattspyrnudeild\/sigurvin-framlengir-vid-grottu\/#breadcrumb\"},\"inLanguage\":\"en-US\",\"potentialAction\":[{\"@type\":\"ReadAction\",\"target\":[\"https:\/\/grotta.is\/knattspyrnudeild\/sigurvin-framlengir-vid-grottu\/\"]}]},{\"@type\":\"ImageObject\",\"inLanguage\":\"en-US\",\"@id\":\"https:\/\/grotta.is\/knattspyrnudeild\/sigurvin-framlengir-vid-grottu\/#primaryimage\",\"url\":\"https:\/\/grotta.is\/wp-content\/uploads\/2020\/12\/unnamed-1-scaled-e1609782726839.jpg\",\"contentUrl\":\"https:\/\/grotta.is\/wp-content\/uploads\/2020\/12\/unnamed-1-scaled-e1609782726839.jpg\",\"width\":1241,\"height\":947},{\"@type\":\"BreadcrumbList\",\"@id\":\"https:\/\/grotta.is\/knattspyrnudeild\/sigurvin-framlengir-vid-grottu\/#breadcrumb\",\"itemListElement\":[{\"@type\":\"ListItem\",\"position\":1,\"name\":\"Home\",\"item\":\"https:\/\/grotta.is\/\"},{\"@type\":\"ListItem\",\"position\":2,\"name\":\"Sigurvin framlengir vi\u00f0 Gr\u00f3ttu\"}]},{\"@type\":\"WebSite\",\"@id\":\"https:\/\/grotta.is\/#website\",\"url\":\"https:\/\/grotta.is\/\",\"name\":\"\u00cd\u00fer\u00f3ttaf\u00e9lagi\u00f0 Gr\u00f3tta\",\"description\":\"\u00e1 Seltjarnarnesi\",\"publisher\":{\"@id\":\"https:\/\/grotta.is\/#organization\"},\"potentialAction\":[{\"@type\":\"SearchAction\",\"target\":{\"@type\":\"EntryPoint\",\"urlTemplate\":\"https:\/\/grotta.is\/?s={search_term_string}\"},\"query-input\":{\"@type\":\"PropertyValueSpecification\",\"valueRequired\":true,\"valueName\":\"search_term_string\"}}],\"inLanguage\":\"en-US\"},{\"@type\":\"Organization\",\"@id\":\"https:\/\/grotta.is\/#organization\",\"name\":\"\u00cd\u00fer\u00f3ttaf\u00e9lagi\u00f0 Gr\u00f3tta\",\"url\":\"https:\/\/grotta.is\/\",\"logo\":{\"@type\":\"ImageObject\",\"inLanguage\":\"en-US\",\"@id\":\"https:\/\/grotta.is\/#\/schema\/logo\/image\/\",\"url\":\"https:\/\/grotta.is\/wp-content\/uploads\/2020\/02\/ithrottafelagidgrotta_logo_512x512_transparent.png\",\"contentUrl\":\"https:\/\/grotta.is\/wp-content\/uploads\/2020\/02\/ithrottafelagidgrotta_logo_512x512_transparent.png\",\"width\":512,\"height\":512,\"caption\":\"\u00cd\u00fer\u00f3ttaf\u00e9lagi\u00f0 Gr\u00f3tta\"},\"image\":{\"@id\":\"https:\/\/grotta.is\/#\/schema\/logo\/image\/\"},\"sameAs\":[\"https:\/\/www.facebook.com\/grottasport\"]},{\"@type\":\"Person\",\"@id\":\"https:\/\/grotta.is\/#\/schema\/person\/f1fea6a85a554e8069771c3486efbd84\",\"name\":\"J\u00f3runn M. \u00deorsteinsd\u00f3ttir\",\"url\":\"https:\/\/grotta.is\/en\/author\/jorunn\/\"}]}<\/script>\n<!-- \/ Yoast SEO plugin. -->","yoast_head_json":{"title":"Sigurvin framlengir vi\u00f0 Gr\u00f3ttu - \u00cd\u00fer\u00f3ttaf\u00e9lagi\u00f0 Gr\u00f3tta","robots":{"index":"index","follow":"follow","max-snippet":"max-snippet:-1","max-image-preview":"max-image-preview:large","max-video-preview":"max-video-preview:-1"},"canonical":"https:\/\/grotta.is\/en\/knattspyrnudeild\/sigurvin-framlengir-vid-grottu\/","og_locale":"en_US","og_type":"article","og_title":"Sigurvin framlengir vi\u00f0 Gr\u00f3ttu - \u00cd\u00fer\u00f3ttaf\u00e9lagi\u00f0 Gr\u00f3tta","og_description":"Sigurvin Reynisson hefur framlengt samning sinn vi\u00f0 knattspyrnudeild Gr\u00f3ttu til loka keppnist\u00edmabilsins 2022. Sigurvin kom til Gr\u00f3ttu \u00e1 \u00e1rinu 2015 og hefur veri\u00f0 \u00ed lykilhlutverki \u00ed uppgangi li\u00f0sins s\u00ed\u00f0ustu \u00e1r. [&hellip;]","og_url":"https:\/\/grotta.is\/en\/knattspyrnudeild\/sigurvin-framlengir-vid-grottu\/","og_site_name":"\u00cd\u00fer\u00f3ttaf\u00e9lagi\u00f0 Gr\u00f3tta","article_publisher":"https:\/\/www.facebook.com\/grottasport","article_published_time":"2020-12-31T13:10:11+00:00","article_modified_time":"2021-01-04T17:52:24+00:00","og_image":[{"width":1241,"height":947,"url":"https:\/\/grotta.is\/wp-content\/uploads\/2020\/12\/unnamed-1-scaled-e1609782726839.jpg","type":"image\/jpeg"}],"author":"J\u00f3runn M. \u00deorsteinsd\u00f3ttir","twitter_card":"summary_large_image","twitter_misc":{"Written by":"J\u00f3runn M. \u00deorsteinsd\u00f3ttir","Est. reading time":"1 minute"},"schema":{"@context":"https:\/\/schema.org","@graph":[{"@type":"Article","@id":"https:\/\/grotta.is\/knattspyrnudeild\/sigurvin-framlengir-vid-grottu\/#article","isPartOf":{"@id":"https:\/\/grotta.is\/knattspyrnudeild\/sigurvin-framlengir-vid-grottu\/"},"author":{"name":"J\u00f3runn M. \u00deorsteinsd\u00f3ttir","@id":"https:\/\/grotta.is\/#\/schema\/person\/f1fea6a85a554e8069771c3486efbd84"},"headline":"Sigurvin framlengir vi\u00f0 Gr\u00f3ttu","datePublished":"2020-12-31T13:10:11+00:00","dateModified":"2021-01-04T17:52:24+00:00","mainEntityOfPage":{"@id":"https:\/\/grotta.is\/knattspyrnudeild\/sigurvin-framlengir-vid-grottu\/"},"wordCount":192,"publisher":{"@id":"https:\/\/grotta.is\/#organization"},"image":{"@id":"https:\/\/grotta.is\/knattspyrnudeild\/sigurvin-framlengir-vid-grottu\/#primaryimage"},"thumbnailUrl":"https:\/\/grotta.is\/wp-content\/uploads\/2020\/12\/unnamed-1-scaled-e1609782726839.jpg","articleSection":["Knattspyrnudeild"],"inLanguage":"en-US"},{"@type":"WebPage","@id":"https:\/\/grotta.is\/knattspyrnudeild\/sigurvin-framlengir-vid-grottu\/","url":"https:\/\/grotta.is\/knattspyrnudeild\/sigurvin-framlengir-vid-grottu\/","name":"Sigurvin framlengir vi\u00f0 Gr\u00f3ttu - \u00cd\u00fer\u00f3ttaf\u00e9lagi\u00f0 Gr\u00f3tta","isPartOf":{"@id":"https:\/\/grotta.is\/#website"},"primaryImageOfPage":{"@id":"https:\/\/grotta.is\/knattspyrnudeild\/sigurvin-framlengir-vid-grottu\/#primaryimage"},"image":{"@id":"https:\/\/grotta.is\/knattspyrnudeild\/sigurvin-framlengir-vid-grottu\/#primaryimage"},"thumbnailUrl":"https:\/\/grotta.is\/wp-content\/uploads\/2020\/12\/unnamed-1-scaled-e1609782726839.jpg","datePublished":"2020-12-31T13:10:11+00:00","dateModified":"2021-01-04T17:52:24+00:00","breadcrumb":{"@id":"https:\/\/grotta.is\/knattspyrnudeild\/sigurvin-framlengir-vid-grottu\/#breadcrumb"},"inLanguage":"en-US","potentialAction":[{"@type":"ReadAction","target":["https:\/\/grotta.is\/knattspyrnudeild\/sigurvin-framlengir-vid-grottu\/"]}]},{"@type":"ImageObject","inLanguage":"en-US","@id":"https:\/\/grotta.is\/knattspyrnudeild\/sigurvin-framlengir-vid-grottu\/#primaryimage","url":"https:\/\/grotta.is\/wp-content\/uploads\/2020\/12\/unnamed-1-scaled-e1609782726839.jpg","contentUrl":"https:\/\/grotta.is\/wp-content\/uploads\/2020\/12\/unnamed-1-scaled-e1609782726839.jpg","width":1241,"height":947},{"@type":"BreadcrumbList","@id":"https:\/\/grotta.is\/knattspyrnudeild\/sigurvin-framlengir-vid-grottu\/#breadcrumb","itemListElement":[{"@type":"ListItem","position":1,"name":"Home","item":"https:\/\/grotta.is\/"},{"@type":"ListItem","position":2,"name":"Sigurvin framlengir vi\u00f0 Gr\u00f3ttu"}]},{"@type":"WebSite","@id":"https:\/\/grotta.is\/#website","url":"https:\/\/grotta.is\/","name":"\u00cd\u00fer\u00f3ttaf\u00e9lagi\u00f0 Gr\u00f3tta","description":"\u00e1 Seltjarnarnesi","publisher":{"@id":"https:\/\/grotta.is\/#organization"},"potentialAction":[{"@type":"SearchAction","target":{"@type":"EntryPoint","urlTemplate":"https:\/\/grotta.is\/?s={search_term_string}"},"query-input":{"@type":"PropertyValueSpecification","valueRequired":true,"valueName":"search_term_string"}}],"inLanguage":"en-US"},{"@type":"Organization","@id":"https:\/\/grotta.is\/#organization","name":"\u00cd\u00fer\u00f3ttaf\u00e9lagi\u00f0 Gr\u00f3tta","url":"https:\/\/grotta.is\/","logo":{"@type":"ImageObject","inLanguage":"en-US","@id":"https:\/\/grotta.is\/#\/schema\/logo\/image\/","url":"https:\/\/grotta.is\/wp-content\/uploads\/2020\/02\/ithrottafelagidgrotta_logo_512x512_transparent.png","contentUrl":"https:\/\/grotta.is\/wp-content\/uploads\/2020\/02\/ithrottafelagidgrotta_logo_512x512_transparent.png","width":512,"height":512,"caption":"\u00cd\u00fer\u00f3ttaf\u00e9lagi\u00f0 Gr\u00f3tta"},"image":{"@id":"https:\/\/grotta.is\/#\/schema\/logo\/image\/"},"sameAs":["https:\/\/www.facebook.com\/grottasport"]},{"@type":"Person","@id":"https:\/\/grotta.is\/#\/schema\/person\/f1fea6a85a554e8069771c3486efbd84","name":"J\u00f3runn M. \u00deorsteinsd\u00f3ttir","url":"https:\/\/grotta.is\/en\/author\/jorunn\/"}]}},"_links":{"self":[{"href":"https:\/\/grotta.is\/en\/wp-json\/wp\/v2\/posts\/244822","targetHints":{"allow":["GET"]}}],"collection":[{"href":"https:\/\/grotta.is\/en\/wp-json\/wp\/v2\/posts"}],"about":[{"href":"https:\/\/grotta.is\/en\/wp-json\/wp\/v2\/types\/post"}],"author":[{"embeddable":true,"href":"https:\/\/grotta.is\/en\/wp-json\/wp\/v2\/users\/4"}],"replies":[{"embeddable":true,"href":"https:\/\/grotta.is\/en\/wp-json\/wp\/v2\/comments?post=244822"}],"version-history":[{"count":1,"href":"https:\/\/grotta.is\/en\/wp-json\/wp\/v2\/posts\/244822\/revisions"}],"predecessor-version":[{"id":244826,"href":"https:\/\/grotta.is\/en\/wp-json\/wp\/v2\/posts\/244822\/revisions\/244826"}],"wp:featuredmedia":[{"embeddable":true,"href":"https:\/\/grotta.is\/en\/wp-json\/wp\/v2\/media\/244823"}],"wp:attachment":[{"href":"https:\/\/grotta.is\/en\/wp-json\/wp\/v2\/media?parent=244822"}],"wp:term":[{"taxonomy":"category","embeddable":true,"href":"https:\/\/grotta.is\/en\/wp-json\/wp\/v2\/categories?post=244822"},{"taxonomy":"post_tag","embeddable":true,"href":"https:\/\/grotta.is\/en\/wp-json\/wp\/v2\/tags?post=244822"}],"curies":[{"name":"wp","href":"https:\/\/api.w.org\/{rel}","templated":true}]}}