{"id":2448,"date":"2018-10-30T21:34:00","date_gmt":"2018-10-30T21:34:00","guid":{"rendered":"https:\/\/grotta.is\/?p=2448"},"modified":"2020-04-22T21:37:08","modified_gmt":"2020-04-22T21:37:08","slug":"landslidsmenn-grottu-a-ferdinni-um-helgina","status":"publish","type":"post","link":"https:\/\/grotta.is\/en\/handknattleiksdeild\/landslidsmenn-grottu-a-ferdinni-um-helgina\/","title":{"rendered":"Landsli\u00f0smenn Gr\u00f3ttu \u00e1 fer\u00f0inni um helgina"},"content":{"rendered":"<p>Um helgina voru yngri landsli\u00f0 \u00cdslands \u00ed handbolta \u00e1 fer\u00f0inni og \u00e1tti Gr\u00f3tta s\u00edna fulltr\u00faa \u00ed U-17, U-19 og U-21 \u00e1rs landsli\u00f0inu.<\/p><p>U-17 \u00e1ra landsli\u00f0 karla h\u00e9lt til Frakklands og l\u00e9k \u00fear \u00e1 sterku 4 landa \u00e6fingarm\u00f3ti en fulltr\u00faar Gr\u00f3ttu \u00ed fer\u00f0inni voru \u00feeir Ari P\u00e9tur Eir\u00edksson og Gunnar Hrafn P\u00e1lsson.<\/p><p>Str\u00e1karnir l\u00e9ku gegn heimam\u00f6nnum \u00ed Frakklandi, Sviss og Kr\u00f3at\u00edu og upplif\u00f0u \u00fear jafntefli, sigur og tap gegn \u00feessum sterku \u00fej\u00f3\u00f0um. Okkar str\u00e1kar st\u00f3\u00f0u sig me\u00f0 mikilli pr\u00fd\u00f0i en Gunnar Hrafn skora\u00f0i 5 m\u00f6rk \u00ed leikjunum \u00feremur og Ari P\u00e9tur 2 m\u00f6rk.<\/p><p>U-19 \u00e1ra landsli\u00f0 karla \u00e6f\u00f0i h\u00e9r heima \u00e1 \u00cdslandi yfir helgina og \u00e1ttum vi\u00f0 einn fulltr\u00faa \u00fear \u00ed K\u00e1ra R\u00f6gnvaldssyni.<\/p><p>U-21 \u00e1rs landsli\u00f0i\u00f0 spila\u00f0i svo h\u00e9r heima tvo \u00e6fingarleiki vi\u00f0 sterkt li\u00f0 Frakka og \u00e1tti Gr\u00f3tta 3 fulltr\u00faa \u00ed h\u00f3pnum, \u00fe\u00e1 Hannes Grimm, Alexander J\u00f3n og Svein Jose Riviera. Fyrri leikurinn f\u00f3r fram \u00e1 f\u00f6studaginn og vannst \u00fear fr\u00e1b\u00e6r sigur 28-24 og skoru\u00f0u \u00feeir Sveinn og Alexander sitthvort marki\u00f0 \u00ed \u00feeim leik. S\u00ed\u00f0ari leikurinn f\u00f3r fram daginn eftir og tapa\u00f0ist hann 21-26 og skora\u00f0i Hannes Grimm 1 mark \u00ed \u00feeim leik.<\/p><p>Drengirnir voru flottir fulltr\u00faar f\u00e9lagsins um helgina og vonumst vi\u00f0 til a\u00f0 sj\u00e1 \u00fe\u00e1 leika enn fleiri landsleiki \u00ed framt\u00ed\u00f0inni.<\/p>","protected":false},"excerpt":{"rendered":"<p>Um helgina voru yngri landsli\u00f0 \u00cdslands \u00ed handbolta \u00e1 fer\u00f0inni og \u00e1tti Gr\u00f3tta s\u00edna fulltr\u00faa \u00ed U-17, U-19 og U-21 \u00e1rs landsli\u00f0inu. U-17 \u00e1ra landsli\u00f0 karla h\u00e9lt til Frakklands og [&hellip;]<\/p>","protected":false},"author":2,"featured_media":2408,"comment_status":"closed","ping_status":"closed","sticky":false,"template":"","format":"standard","meta":{"footnotes":""},"categories":[12],"tags":[13,22,15],"class_list":["post-2448","post","type-post","status-publish","format-standard","has-post-thumbnail","hentry","category-handknattleiksdeild","tag-handbolti","tag-landslid","tag-yngri-flokkar"],"yoast_head":"<!-- This site is optimized with the Yoast SEO plugin v24.3 - https:\/\/yoast.com\/wordpress\/plugins\/seo\/ -->\n<title>Landsli\u00f0smenn Gr\u00f3ttu \u00e1 fer\u00f0inni um helgina - \u00cd\u00fer\u00f3ttaf\u00e9lagi\u00f0 Gr\u00f3tta<\/title>\n<meta name=\"robots\" content=\"index, follow, max-snippet:-1, max-image-preview:large, max-video-preview:-1\" \/>\n<link rel=\"canonical\" href=\"https:\/\/grotta.is\/en\/handknattleiksdeild\/landslidsmenn-grottu-a-ferdinni-um-helgina\/\" \/>\n<meta property=\"og:locale\" content=\"en_US\" \/>\n<meta property=\"og:type\" content=\"article\" \/>\n<meta property=\"og:title\" content=\"Landsli\u00f0smenn Gr\u00f3ttu \u00e1 fer\u00f0inni um helgina - \u00cd\u00fer\u00f3ttaf\u00e9lagi\u00f0 Gr\u00f3tta\" \/>\n<meta property=\"og:description\" content=\"Um helgina voru yngri landsli\u00f0 \u00cdslands \u00ed handbolta \u00e1 fer\u00f0inni og \u00e1tti Gr\u00f3tta s\u00edna fulltr\u00faa \u00ed U-17, U-19 og U-21 \u00e1rs landsli\u00f0inu. U-17 \u00e1ra landsli\u00f0 karla h\u00e9lt til Frakklands og [&hellip;]\" \/>\n<meta property=\"og:url\" content=\"https:\/\/grotta.is\/en\/handknattleiksdeild\/landslidsmenn-grottu-a-ferdinni-um-helgina\/\" \/>\n<meta property=\"og:site_name\" content=\"\u00cd\u00fer\u00f3ttaf\u00e9lagi\u00f0 Gr\u00f3tta\" \/>\n<meta property=\"article:publisher\" content=\"https:\/\/www.facebook.com\/grottasport\" \/>\n<meta property=\"article:published_time\" content=\"2018-10-30T21:34:00+00:00\" \/>\n<meta property=\"article:modified_time\" content=\"2020-04-22T21:37:08+00:00\" \/>\n<meta property=\"og:image\" content=\"https:\/\/grotta.is\/wp-content\/uploads\/2020\/04\/Grotta_handbolti_1.jpg\" \/>\n\t<meta property=\"og:image:width\" content=\"1460\" \/>\n\t<meta property=\"og:image:height\" content=\"888\" \/>\n\t<meta property=\"og:image:type\" content=\"image\/jpeg\" \/>\n<meta name=\"author\" content=\"Grotta\" \/>\n<meta name=\"twitter:card\" content=\"summary_large_image\" \/>\n<meta name=\"twitter:label1\" content=\"Written by\" \/>\n\t<meta name=\"twitter:data1\" content=\"Grotta\" \/>\n\t<meta name=\"twitter:label2\" content=\"Est. reading time\" \/>\n\t<meta name=\"twitter:data2\" content=\"1 minute\" \/>\n<script type=\"application\/ld+json\" class=\"yoast-schema-graph\">{\"@context\":\"https:\/\/schema.org\",\"@graph\":[{\"@type\":\"Article\",\"@id\":\"https:\/\/grotta.is\/handknattleiksdeild\/landslidsmenn-grottu-a-ferdinni-um-helgina\/#article\",\"isPartOf\":{\"@id\":\"https:\/\/grotta.is\/handknattleiksdeild\/landslidsmenn-grottu-a-ferdinni-um-helgina\/\"},\"author\":{\"name\":\"Grotta\",\"@id\":\"https:\/\/grotta.is\/#\/schema\/person\/08ec57bf09ee925f1b6a01540c14a5ce\"},\"headline\":\"Landsli\u00f0smenn Gr\u00f3ttu \u00e1 fer\u00f0inni um helgina\",\"datePublished\":\"2018-10-30T21:34:00+00:00\",\"dateModified\":\"2020-04-22T21:37:08+00:00\",\"mainEntityOfPage\":{\"@id\":\"https:\/\/grotta.is\/handknattleiksdeild\/landslidsmenn-grottu-a-ferdinni-um-helgina\/\"},\"wordCount\":242,\"publisher\":{\"@id\":\"https:\/\/grotta.is\/#organization\"},\"image\":{\"@id\":\"https:\/\/grotta.is\/handknattleiksdeild\/landslidsmenn-grottu-a-ferdinni-um-helgina\/#primaryimage\"},\"thumbnailUrl\":\"https:\/\/grotta.is\/wp-content\/uploads\/2020\/04\/Grotta_handbolti_1.jpg\",\"keywords\":[\"Handbolti\",\"Landsli\u00f0\",\"Yngri flokkar\"],\"articleSection\":[\"Handknattleiksdeild\"],\"inLanguage\":\"en-US\"},{\"@type\":\"WebPage\",\"@id\":\"https:\/\/grotta.is\/handknattleiksdeild\/landslidsmenn-grottu-a-ferdinni-um-helgina\/\",\"url\":\"https:\/\/grotta.is\/handknattleiksdeild\/landslidsmenn-grottu-a-ferdinni-um-helgina\/\",\"name\":\"Landsli\u00f0smenn Gr\u00f3ttu \u00e1 fer\u00f0inni um helgina - \u00cd\u00fer\u00f3ttaf\u00e9lagi\u00f0 Gr\u00f3tta\",\"isPartOf\":{\"@id\":\"https:\/\/grotta.is\/#website\"},\"primaryImageOfPage\":{\"@id\":\"https:\/\/grotta.is\/handknattleiksdeild\/landslidsmenn-grottu-a-ferdinni-um-helgina\/#primaryimage\"},\"image\":{\"@id\":\"https:\/\/grotta.is\/handknattleiksdeild\/landslidsmenn-grottu-a-ferdinni-um-helgina\/#primaryimage\"},\"thumbnailUrl\":\"https:\/\/grotta.is\/wp-content\/uploads\/2020\/04\/Grotta_handbolti_1.jpg\",\"datePublished\":\"2018-10-30T21:34:00+00:00\",\"dateModified\":\"2020-04-22T21:37:08+00:00\",\"breadcrumb\":{\"@id\":\"https:\/\/grotta.is\/handknattleiksdeild\/landslidsmenn-grottu-a-ferdinni-um-helgina\/#breadcrumb\"},\"inLanguage\":\"en-US\",\"potentialAction\":[{\"@type\":\"ReadAction\",\"target\":[\"https:\/\/grotta.is\/handknattleiksdeild\/landslidsmenn-grottu-a-ferdinni-um-helgina\/\"]}]},{\"@type\":\"ImageObject\",\"inLanguage\":\"en-US\",\"@id\":\"https:\/\/grotta.is\/handknattleiksdeild\/landslidsmenn-grottu-a-ferdinni-um-helgina\/#primaryimage\",\"url\":\"https:\/\/grotta.is\/wp-content\/uploads\/2020\/04\/Grotta_handbolti_1.jpg\",\"contentUrl\":\"https:\/\/grotta.is\/wp-content\/uploads\/2020\/04\/Grotta_handbolti_1.jpg\",\"width\":1460,\"height\":888},{\"@type\":\"BreadcrumbList\",\"@id\":\"https:\/\/grotta.is\/handknattleiksdeild\/landslidsmenn-grottu-a-ferdinni-um-helgina\/#breadcrumb\",\"itemListElement\":[{\"@type\":\"ListItem\",\"position\":1,\"name\":\"Home\",\"item\":\"https:\/\/grotta.is\/\"},{\"@type\":\"ListItem\",\"position\":2,\"name\":\"Landsli\u00f0smenn Gr\u00f3ttu \u00e1 fer\u00f0inni um helgina\"}]},{\"@type\":\"WebSite\",\"@id\":\"https:\/\/grotta.is\/#website\",\"url\":\"https:\/\/grotta.is\/\",\"name\":\"\u00cd\u00fer\u00f3ttaf\u00e9lagi\u00f0 Gr\u00f3tta\",\"description\":\"\u00e1 Seltjarnarnesi\",\"publisher\":{\"@id\":\"https:\/\/grotta.is\/#organization\"},\"potentialAction\":[{\"@type\":\"SearchAction\",\"target\":{\"@type\":\"EntryPoint\",\"urlTemplate\":\"https:\/\/grotta.is\/?s={search_term_string}\"},\"query-input\":{\"@type\":\"PropertyValueSpecification\",\"valueRequired\":true,\"valueName\":\"search_term_string\"}}],\"inLanguage\":\"en-US\"},{\"@type\":\"Organization\",\"@id\":\"https:\/\/grotta.is\/#organization\",\"name\":\"\u00cd\u00fer\u00f3ttaf\u00e9lagi\u00f0 Gr\u00f3tta\",\"url\":\"https:\/\/grotta.is\/\",\"logo\":{\"@type\":\"ImageObject\",\"inLanguage\":\"en-US\",\"@id\":\"https:\/\/grotta.is\/#\/schema\/logo\/image\/\",\"url\":\"https:\/\/grotta.is\/wp-content\/uploads\/2020\/02\/ithrottafelagidgrotta_logo_512x512_transparent.png\",\"contentUrl\":\"https:\/\/grotta.is\/wp-content\/uploads\/2020\/02\/ithrottafelagidgrotta_logo_512x512_transparent.png\",\"width\":512,\"height\":512,\"caption\":\"\u00cd\u00fer\u00f3ttaf\u00e9lagi\u00f0 Gr\u00f3tta\"},\"image\":{\"@id\":\"https:\/\/grotta.is\/#\/schema\/logo\/image\/\"},\"sameAs\":[\"https:\/\/www.facebook.com\/grottasport\"]},{\"@type\":\"Person\",\"@id\":\"https:\/\/grotta.is\/#\/schema\/person\/08ec57bf09ee925f1b6a01540c14a5ce\",\"name\":\"Grotta\",\"url\":\"https:\/\/grotta.is\/en\/author\/inga\/\"}]}<\/script>\n<!-- \/ Yoast SEO plugin. -->","yoast_head_json":{"title":"Landsli\u00f0smenn Gr\u00f3ttu \u00e1 fer\u00f0inni um helgina - \u00cd\u00fer\u00f3ttaf\u00e9lagi\u00f0 Gr\u00f3tta","robots":{"index":"index","follow":"follow","max-snippet":"max-snippet:-1","max-image-preview":"max-image-preview:large","max-video-preview":"max-video-preview:-1"},"canonical":"https:\/\/grotta.is\/en\/handknattleiksdeild\/landslidsmenn-grottu-a-ferdinni-um-helgina\/","og_locale":"en_US","og_type":"article","og_title":"Landsli\u00f0smenn Gr\u00f3ttu \u00e1 fer\u00f0inni um helgina - \u00cd\u00fer\u00f3ttaf\u00e9lagi\u00f0 Gr\u00f3tta","og_description":"Um helgina voru yngri landsli\u00f0 \u00cdslands \u00ed handbolta \u00e1 fer\u00f0inni og \u00e1tti Gr\u00f3tta s\u00edna fulltr\u00faa \u00ed U-17, U-19 og U-21 \u00e1rs landsli\u00f0inu. U-17 \u00e1ra landsli\u00f0 karla h\u00e9lt til Frakklands og [&hellip;]","og_url":"https:\/\/grotta.is\/en\/handknattleiksdeild\/landslidsmenn-grottu-a-ferdinni-um-helgina\/","og_site_name":"\u00cd\u00fer\u00f3ttaf\u00e9lagi\u00f0 Gr\u00f3tta","article_publisher":"https:\/\/www.facebook.com\/grottasport","article_published_time":"2018-10-30T21:34:00+00:00","article_modified_time":"2020-04-22T21:37:08+00:00","og_image":[{"width":1460,"height":888,"url":"https:\/\/grotta.is\/wp-content\/uploads\/2020\/04\/Grotta_handbolti_1.jpg","type":"image\/jpeg"}],"author":"Grotta","twitter_card":"summary_large_image","twitter_misc":{"Written by":"Grotta","Est. reading time":"1 minute"},"schema":{"@context":"https:\/\/schema.org","@graph":[{"@type":"Article","@id":"https:\/\/grotta.is\/handknattleiksdeild\/landslidsmenn-grottu-a-ferdinni-um-helgina\/#article","isPartOf":{"@id":"https:\/\/grotta.is\/handknattleiksdeild\/landslidsmenn-grottu-a-ferdinni-um-helgina\/"},"author":{"name":"Grotta","@id":"https:\/\/grotta.is\/#\/schema\/person\/08ec57bf09ee925f1b6a01540c14a5ce"},"headline":"Landsli\u00f0smenn Gr\u00f3ttu \u00e1 fer\u00f0inni um helgina","datePublished":"2018-10-30T21:34:00+00:00","dateModified":"2020-04-22T21:37:08+00:00","mainEntityOfPage":{"@id":"https:\/\/grotta.is\/handknattleiksdeild\/landslidsmenn-grottu-a-ferdinni-um-helgina\/"},"wordCount":242,"publisher":{"@id":"https:\/\/grotta.is\/#organization"},"image":{"@id":"https:\/\/grotta.is\/handknattleiksdeild\/landslidsmenn-grottu-a-ferdinni-um-helgina\/#primaryimage"},"thumbnailUrl":"https:\/\/grotta.is\/wp-content\/uploads\/2020\/04\/Grotta_handbolti_1.jpg","keywords":["Handbolti","Landsli\u00f0","Yngri flokkar"],"articleSection":["Handknattleiksdeild"],"inLanguage":"en-US"},{"@type":"WebPage","@id":"https:\/\/grotta.is\/handknattleiksdeild\/landslidsmenn-grottu-a-ferdinni-um-helgina\/","url":"https:\/\/grotta.is\/handknattleiksdeild\/landslidsmenn-grottu-a-ferdinni-um-helgina\/","name":"Landsli\u00f0smenn Gr\u00f3ttu \u00e1 fer\u00f0inni um helgina - \u00cd\u00fer\u00f3ttaf\u00e9lagi\u00f0 Gr\u00f3tta","isPartOf":{"@id":"https:\/\/grotta.is\/#website"},"primaryImageOfPage":{"@id":"https:\/\/grotta.is\/handknattleiksdeild\/landslidsmenn-grottu-a-ferdinni-um-helgina\/#primaryimage"},"image":{"@id":"https:\/\/grotta.is\/handknattleiksdeild\/landslidsmenn-grottu-a-ferdinni-um-helgina\/#primaryimage"},"thumbnailUrl":"https:\/\/grotta.is\/wp-content\/uploads\/2020\/04\/Grotta_handbolti_1.jpg","datePublished":"2018-10-30T21:34:00+00:00","dateModified":"2020-04-22T21:37:08+00:00","breadcrumb":{"@id":"https:\/\/grotta.is\/handknattleiksdeild\/landslidsmenn-grottu-a-ferdinni-um-helgina\/#breadcrumb"},"inLanguage":"en-US","potentialAction":[{"@type":"ReadAction","target":["https:\/\/grotta.is\/handknattleiksdeild\/landslidsmenn-grottu-a-ferdinni-um-helgina\/"]}]},{"@type":"ImageObject","inLanguage":"en-US","@id":"https:\/\/grotta.is\/handknattleiksdeild\/landslidsmenn-grottu-a-ferdinni-um-helgina\/#primaryimage","url":"https:\/\/grotta.is\/wp-content\/uploads\/2020\/04\/Grotta_handbolti_1.jpg","contentUrl":"https:\/\/grotta.is\/wp-content\/uploads\/2020\/04\/Grotta_handbolti_1.jpg","width":1460,"height":888},{"@type":"BreadcrumbList","@id":"https:\/\/grotta.is\/handknattleiksdeild\/landslidsmenn-grottu-a-ferdinni-um-helgina\/#breadcrumb","itemListElement":[{"@type":"ListItem","position":1,"name":"Home","item":"https:\/\/grotta.is\/"},{"@type":"ListItem","position":2,"name":"Landsli\u00f0smenn Gr\u00f3ttu \u00e1 fer\u00f0inni um helgina"}]},{"@type":"WebSite","@id":"https:\/\/grotta.is\/#website","url":"https:\/\/grotta.is\/","name":"\u00cd\u00fer\u00f3ttaf\u00e9lagi\u00f0 Gr\u00f3tta","description":"\u00e1 Seltjarnarnesi","publisher":{"@id":"https:\/\/grotta.is\/#organization"},"potentialAction":[{"@type":"SearchAction","target":{"@type":"EntryPoint","urlTemplate":"https:\/\/grotta.is\/?s={search_term_string}"},"query-input":{"@type":"PropertyValueSpecification","valueRequired":true,"valueName":"search_term_string"}}],"inLanguage":"en-US"},{"@type":"Organization","@id":"https:\/\/grotta.is\/#organization","name":"\u00cd\u00fer\u00f3ttaf\u00e9lagi\u00f0 Gr\u00f3tta","url":"https:\/\/grotta.is\/","logo":{"@type":"ImageObject","inLanguage":"en-US","@id":"https:\/\/grotta.is\/#\/schema\/logo\/image\/","url":"https:\/\/grotta.is\/wp-content\/uploads\/2020\/02\/ithrottafelagidgrotta_logo_512x512_transparent.png","contentUrl":"https:\/\/grotta.is\/wp-content\/uploads\/2020\/02\/ithrottafelagidgrotta_logo_512x512_transparent.png","width":512,"height":512,"caption":"\u00cd\u00fer\u00f3ttaf\u00e9lagi\u00f0 Gr\u00f3tta"},"image":{"@id":"https:\/\/grotta.is\/#\/schema\/logo\/image\/"},"sameAs":["https:\/\/www.facebook.com\/grottasport"]},{"@type":"Person","@id":"https:\/\/grotta.is\/#\/schema\/person\/08ec57bf09ee925f1b6a01540c14a5ce","name":"Grotta","url":"https:\/\/grotta.is\/en\/author\/inga\/"}]}},"_links":{"self":[{"href":"https:\/\/grotta.is\/en\/wp-json\/wp\/v2\/posts\/2448","targetHints":{"allow":["GET"]}}],"collection":[{"href":"https:\/\/grotta.is\/en\/wp-json\/wp\/v2\/posts"}],"about":[{"href":"https:\/\/grotta.is\/en\/wp-json\/wp\/v2\/types\/post"}],"author":[{"embeddable":true,"href":"https:\/\/grotta.is\/en\/wp-json\/wp\/v2\/users\/2"}],"replies":[{"embeddable":true,"href":"https:\/\/grotta.is\/en\/wp-json\/wp\/v2\/comments?post=2448"}],"version-history":[{"count":1,"href":"https:\/\/grotta.is\/en\/wp-json\/wp\/v2\/posts\/2448\/revisions"}],"predecessor-version":[{"id":2449,"href":"https:\/\/grotta.is\/en\/wp-json\/wp\/v2\/posts\/2448\/revisions\/2449"}],"wp:featuredmedia":[{"embeddable":true,"href":"https:\/\/grotta.is\/en\/wp-json\/wp\/v2\/media\/2408"}],"wp:attachment":[{"href":"https:\/\/grotta.is\/en\/wp-json\/wp\/v2\/media?parent=2448"}],"wp:term":[{"taxonomy":"category","embeddable":true,"href":"https:\/\/grotta.is\/en\/wp-json\/wp\/v2\/categories?post=2448"},{"taxonomy":"post_tag","embeddable":true,"href":"https:\/\/grotta.is\/en\/wp-json\/wp\/v2\/tags?post=2448"}],"curies":[{"name":"wp","href":"https:\/\/api.w.org\/{rel}","templated":true}]}}