{"id":244121,"date":"2020-12-30T11:50:20","date_gmt":"2020-12-30T11:50:20","guid":{"rendered":"https:\/\/grotta.is\/?p=244121"},"modified":"2020-12-30T13:57:39","modified_gmt":"2020-12-30T13:57:39","slug":"vivaldi-styrkir-knattspyrnudeild-grottu-afram","status":"publish","type":"post","link":"https:\/\/grotta.is\/en\/knattspyrnudeild\/vivaldi-styrkir-knattspyrnudeild-grottu-afram\/","title":{"rendered":"Vivaldi styrkir knattspyrnudeild Gr\u00f3ttu \u00e1fram"},"content":{"rendered":"<p>Vivaldi \u00e1 \u00cdslandi hefur gert n\u00fdjan \u00feriggja \u00e1ra styrktarsamning vi\u00f0 knattspyrnudeild Gr\u00f3ttu.<br>Samkv\u00e6mt samningnum mun v\u00f6rumerki\u00f0 Vivaldi pr\u00fd\u00f0a keppnisb\u00faninga meistaraflokka knattspyrnudeildar Gr\u00f3ttu n\u00e6stu \u00ferj\u00fa \u00e1rin og v\u00f6llurinn mun \u00e1fram bera nafni\u00f0 Vivaldiv\u00f6llurinn. A\u00f0 auki pr\u00fd\u00f0ir v\u00f6rumerki\u00f0 keppnisb\u00faninga yngri flokka f\u00e9lagsins.<br><br>Samningurinn er lyftist\u00f6ng fyrir starfi\u00f0 \u00ed f\u00e9laginu og me\u00f0 honum hefur J\u00f3n von Tetzchner forsvarsma\u00f0ur fyrirt\u00e6kisins enn og aftur s\u00fdnt \u00ed verki mikilv\u00e6gan stu\u00f0ning vi\u00f0 uppeldisf\u00e9lagi\u00f0 sitt.<\/p><figure class=\"wp-block-image size-large\"><img fetchpriority=\"high\" decoding=\"async\" width=\"1024\" height=\"768\" src=\"https:\/\/grotta.is\/wp-content\/uploads\/2020\/12\/20200213_174813-1024x768.jpg\" alt=\"\" class=\"wp-image-244122\" srcset=\"https:\/\/grotta.is\/wp-content\/uploads\/2020\/12\/20200213_174813-1024x768.jpg 1024w, https:\/\/grotta.is\/wp-content\/uploads\/2020\/12\/20200213_174813-300x225.jpg 300w, https:\/\/grotta.is\/wp-content\/uploads\/2020\/12\/20200213_174813-768x576.jpg 768w, https:\/\/grotta.is\/wp-content\/uploads\/2020\/12\/20200213_174813-1536x1152.jpg 1536w, https:\/\/grotta.is\/wp-content\/uploads\/2020\/12\/20200213_174813-2048x1536.jpg 2048w, https:\/\/grotta.is\/wp-content\/uploads\/2020\/12\/20200213_174813-16x12.jpg 16w, https:\/\/grotta.is\/wp-content\/uploads\/2020\/12\/20200213_174813-600x450.jpg 600w\" sizes=\"(max-width: 1024px) 100vw, 1024px\" \/><\/figure><figure class=\"wp-block-image size-large\"><img decoding=\"async\" width=\"731\" height=\"1024\" data-src=\"https:\/\/grotta.is\/wp-content\/uploads\/2020\/12\/ZPcg2-9A-731x1024.jpeg\" alt=\"\" class=\"wp-image-244123 lazyload\" data-srcset=\"https:\/\/grotta.is\/wp-content\/uploads\/2020\/12\/ZPcg2-9A-731x1024.jpeg 731w, https:\/\/grotta.is\/wp-content\/uploads\/2020\/12\/ZPcg2-9A-214x300.jpeg 214w, https:\/\/grotta.is\/wp-content\/uploads\/2020\/12\/ZPcg2-9A-768x1075.jpeg 768w, https:\/\/grotta.is\/wp-content\/uploads\/2020\/12\/ZPcg2-9A-9x12.jpeg 9w, https:\/\/grotta.is\/wp-content\/uploads\/2020\/12\/ZPcg2-9A-600x840.jpeg 600w, https:\/\/grotta.is\/wp-content\/uploads\/2020\/12\/ZPcg2-9A.jpeg 857w\" data-sizes=\"(max-width: 731px) 100vw, 731px\" src=\"data:image\/gif;base64,R0lGODlhAQABAAAAACH5BAEKAAEALAAAAAABAAEAAAICTAEAOw==\" style=\"--smush-placeholder-width: 731px; --smush-placeholder-aspect-ratio: 731\/1024;\" \/><\/figure><figure class=\"wp-block-image size-large\"><img decoding=\"async\" width=\"1024\" height=\"683\" data-src=\"https:\/\/grotta.is\/wp-content\/uploads\/2020\/12\/tUAZ1wRg-1024x683.jpeg\" alt=\"\" class=\"wp-image-244124 lazyload\" data-srcset=\"https:\/\/grotta.is\/wp-content\/uploads\/2020\/12\/tUAZ1wRg-1024x683.jpeg 1024w, https:\/\/grotta.is\/wp-content\/uploads\/2020\/12\/tUAZ1wRg-300x200.jpeg 300w, https:\/\/grotta.is\/wp-content\/uploads\/2020\/12\/tUAZ1wRg-768x512.jpeg 768w, https:\/\/grotta.is\/wp-content\/uploads\/2020\/12\/tUAZ1wRg-1536x1024.jpeg 1536w, https:\/\/grotta.is\/wp-content\/uploads\/2020\/12\/tUAZ1wRg-2048x1365.jpeg 2048w, https:\/\/grotta.is\/wp-content\/uploads\/2020\/12\/tUAZ1wRg-16x12.jpeg 16w, https:\/\/grotta.is\/wp-content\/uploads\/2020\/12\/tUAZ1wRg-600x400.jpeg 600w\" data-sizes=\"(max-width: 1024px) 100vw, 1024px\" src=\"data:image\/gif;base64,R0lGODlhAQABAAAAACH5BAEKAAEALAAAAAABAAEAAAICTAEAOw==\" style=\"--smush-placeholder-width: 1024px; --smush-placeholder-aspect-ratio: 1024\/683;\" \/><\/figure>","protected":false},"excerpt":{"rendered":"<p>Vivaldi \u00e1 \u00cdslandi hefur gert n\u00fdjan \u00feriggja \u00e1ra styrktarsamning vi\u00f0 knattspyrnudeild Gr\u00f3ttu.Samkv\u00e6mt samningnum mun v\u00f6rumerki\u00f0 Vivaldi pr\u00fd\u00f0a keppnisb\u00faninga meistaraflokka knattspyrnudeildar Gr\u00f3ttu n\u00e6stu \u00ferj\u00fa \u00e1rin og v\u00f6llurinn mun \u00e1fram bera nafni\u00f0 [&hellip;]<\/p>","protected":false},"author":4,"featured_media":244122,"comment_status":"closed","ping_status":"closed","sticky":false,"template":"","format":"standard","meta":{"footnotes":""},"categories":[7],"tags":[],"class_list":["post-244121","post","type-post","status-publish","format-standard","has-post-thumbnail","hentry","category-knattspyrnudeild"],"yoast_head":"<!-- This site is optimized with the Yoast SEO plugin v24.3 - https:\/\/yoast.com\/wordpress\/plugins\/seo\/ -->\n<title>Vivaldi styrkir knattspyrnudeild Gr\u00f3ttu \u00e1fram - \u00cd\u00fer\u00f3ttaf\u00e9lagi\u00f0 Gr\u00f3tta<\/title>\n<meta name=\"robots\" content=\"index, follow, max-snippet:-1, max-image-preview:large, max-video-preview:-1\" \/>\n<link rel=\"canonical\" href=\"https:\/\/grotta.is\/en\/knattspyrnudeild\/vivaldi-styrkir-knattspyrnudeild-grottu-afram\/\" \/>\n<meta property=\"og:locale\" content=\"en_US\" \/>\n<meta property=\"og:type\" content=\"article\" \/>\n<meta property=\"og:title\" content=\"Vivaldi styrkir knattspyrnudeild Gr\u00f3ttu \u00e1fram - \u00cd\u00fer\u00f3ttaf\u00e9lagi\u00f0 Gr\u00f3tta\" \/>\n<meta property=\"og:description\" content=\"Vivaldi \u00e1 \u00cdslandi hefur gert n\u00fdjan \u00feriggja \u00e1ra styrktarsamning vi\u00f0 knattspyrnudeild Gr\u00f3ttu.Samkv\u00e6mt samningnum mun v\u00f6rumerki\u00f0 Vivaldi pr\u00fd\u00f0a keppnisb\u00faninga meistaraflokka knattspyrnudeildar Gr\u00f3ttu n\u00e6stu \u00ferj\u00fa \u00e1rin og v\u00f6llurinn mun \u00e1fram bera nafni\u00f0 [&hellip;]\" \/>\n<meta property=\"og:url\" content=\"https:\/\/grotta.is\/en\/knattspyrnudeild\/vivaldi-styrkir-knattspyrnudeild-grottu-afram\/\" \/>\n<meta property=\"og:site_name\" content=\"\u00cd\u00fer\u00f3ttaf\u00e9lagi\u00f0 Gr\u00f3tta\" \/>\n<meta property=\"article:publisher\" content=\"https:\/\/www.facebook.com\/grottasport\" \/>\n<meta property=\"article:published_time\" content=\"2020-12-30T11:50:20+00:00\" \/>\n<meta property=\"article:modified_time\" content=\"2020-12-30T13:57:39+00:00\" \/>\n<meta property=\"og:image\" content=\"https:\/\/grotta.is\/wp-content\/uploads\/2020\/12\/20200213_174813-scaled.jpg\" \/>\n\t<meta property=\"og:image:width\" content=\"2560\" \/>\n\t<meta property=\"og:image:height\" content=\"1920\" \/>\n\t<meta property=\"og:image:type\" content=\"image\/jpeg\" \/>\n<meta name=\"author\" content=\"J\u00f3runn M. \u00deorsteinsd\u00f3ttir\" \/>\n<meta name=\"twitter:card\" content=\"summary_large_image\" \/>\n<meta name=\"twitter:label1\" content=\"Written by\" \/>\n\t<meta name=\"twitter:data1\" content=\"J\u00f3runn M. \u00deorsteinsd\u00f3ttir\" \/>\n<script type=\"application\/ld+json\" class=\"yoast-schema-graph\">{\"@context\":\"https:\/\/schema.org\",\"@graph\":[{\"@type\":\"Article\",\"@id\":\"https:\/\/grotta.is\/knattspyrnudeild\/vivaldi-styrkir-knattspyrnudeild-grottu-afram\/#article\",\"isPartOf\":{\"@id\":\"https:\/\/grotta.is\/knattspyrnudeild\/vivaldi-styrkir-knattspyrnudeild-grottu-afram\/\"},\"author\":{\"name\":\"J\u00f3runn M. \u00deorsteinsd\u00f3ttir\",\"@id\":\"https:\/\/grotta.is\/#\/schema\/person\/f1fea6a85a554e8069771c3486efbd84\"},\"headline\":\"Vivaldi styrkir knattspyrnudeild Gr\u00f3ttu \u00e1fram\",\"datePublished\":\"2020-12-30T11:50:20+00:00\",\"dateModified\":\"2020-12-30T13:57:39+00:00\",\"mainEntityOfPage\":{\"@id\":\"https:\/\/grotta.is\/knattspyrnudeild\/vivaldi-styrkir-knattspyrnudeild-grottu-afram\/\"},\"wordCount\":93,\"publisher\":{\"@id\":\"https:\/\/grotta.is\/#organization\"},\"image\":{\"@id\":\"https:\/\/grotta.is\/knattspyrnudeild\/vivaldi-styrkir-knattspyrnudeild-grottu-afram\/#primaryimage\"},\"thumbnailUrl\":\"https:\/\/grotta.is\/wp-content\/uploads\/2020\/12\/20200213_174813-scaled.jpg\",\"articleSection\":[\"Knattspyrnudeild\"],\"inLanguage\":\"en-US\"},{\"@type\":\"WebPage\",\"@id\":\"https:\/\/grotta.is\/knattspyrnudeild\/vivaldi-styrkir-knattspyrnudeild-grottu-afram\/\",\"url\":\"https:\/\/grotta.is\/knattspyrnudeild\/vivaldi-styrkir-knattspyrnudeild-grottu-afram\/\",\"name\":\"Vivaldi styrkir knattspyrnudeild Gr\u00f3ttu \u00e1fram - \u00cd\u00fer\u00f3ttaf\u00e9lagi\u00f0 Gr\u00f3tta\",\"isPartOf\":{\"@id\":\"https:\/\/grotta.is\/#website\"},\"primaryImageOfPage\":{\"@id\":\"https:\/\/grotta.is\/knattspyrnudeild\/vivaldi-styrkir-knattspyrnudeild-grottu-afram\/#primaryimage\"},\"image\":{\"@id\":\"https:\/\/grotta.is\/knattspyrnudeild\/vivaldi-styrkir-knattspyrnudeild-grottu-afram\/#primaryimage\"},\"thumbnailUrl\":\"https:\/\/grotta.is\/wp-content\/uploads\/2020\/12\/20200213_174813-scaled.jpg\",\"datePublished\":\"2020-12-30T11:50:20+00:00\",\"dateModified\":\"2020-12-30T13:57:39+00:00\",\"breadcrumb\":{\"@id\":\"https:\/\/grotta.is\/knattspyrnudeild\/vivaldi-styrkir-knattspyrnudeild-grottu-afram\/#breadcrumb\"},\"inLanguage\":\"en-US\",\"potentialAction\":[{\"@type\":\"ReadAction\",\"target\":[\"https:\/\/grotta.is\/knattspyrnudeild\/vivaldi-styrkir-knattspyrnudeild-grottu-afram\/\"]}]},{\"@type\":\"ImageObject\",\"inLanguage\":\"en-US\",\"@id\":\"https:\/\/grotta.is\/knattspyrnudeild\/vivaldi-styrkir-knattspyrnudeild-grottu-afram\/#primaryimage\",\"url\":\"https:\/\/grotta.is\/wp-content\/uploads\/2020\/12\/20200213_174813-scaled.jpg\",\"contentUrl\":\"https:\/\/grotta.is\/wp-content\/uploads\/2020\/12\/20200213_174813-scaled.jpg\",\"width\":2560,\"height\":1920},{\"@type\":\"BreadcrumbList\",\"@id\":\"https:\/\/grotta.is\/knattspyrnudeild\/vivaldi-styrkir-knattspyrnudeild-grottu-afram\/#breadcrumb\",\"itemListElement\":[{\"@type\":\"ListItem\",\"position\":1,\"name\":\"Home\",\"item\":\"https:\/\/grotta.is\/\"},{\"@type\":\"ListItem\",\"position\":2,\"name\":\"Vivaldi styrkir knattspyrnudeild Gr\u00f3ttu \u00e1fram\"}]},{\"@type\":\"WebSite\",\"@id\":\"https:\/\/grotta.is\/#website\",\"url\":\"https:\/\/grotta.is\/\",\"name\":\"\u00cd\u00fer\u00f3ttaf\u00e9lagi\u00f0 Gr\u00f3tta\",\"description\":\"\u00e1 Seltjarnarnesi\",\"publisher\":{\"@id\":\"https:\/\/grotta.is\/#organization\"},\"potentialAction\":[{\"@type\":\"SearchAction\",\"target\":{\"@type\":\"EntryPoint\",\"urlTemplate\":\"https:\/\/grotta.is\/?s={search_term_string}\"},\"query-input\":{\"@type\":\"PropertyValueSpecification\",\"valueRequired\":true,\"valueName\":\"search_term_string\"}}],\"inLanguage\":\"en-US\"},{\"@type\":\"Organization\",\"@id\":\"https:\/\/grotta.is\/#organization\",\"name\":\"\u00cd\u00fer\u00f3ttaf\u00e9lagi\u00f0 Gr\u00f3tta\",\"url\":\"https:\/\/grotta.is\/\",\"logo\":{\"@type\":\"ImageObject\",\"inLanguage\":\"en-US\",\"@id\":\"https:\/\/grotta.is\/#\/schema\/logo\/image\/\",\"url\":\"https:\/\/grotta.is\/wp-content\/uploads\/2020\/02\/ithrottafelagidgrotta_logo_512x512_transparent.png\",\"contentUrl\":\"https:\/\/grotta.is\/wp-content\/uploads\/2020\/02\/ithrottafelagidgrotta_logo_512x512_transparent.png\",\"width\":512,\"height\":512,\"caption\":\"\u00cd\u00fer\u00f3ttaf\u00e9lagi\u00f0 Gr\u00f3tta\"},\"image\":{\"@id\":\"https:\/\/grotta.is\/#\/schema\/logo\/image\/\"},\"sameAs\":[\"https:\/\/www.facebook.com\/grottasport\"]},{\"@type\":\"Person\",\"@id\":\"https:\/\/grotta.is\/#\/schema\/person\/f1fea6a85a554e8069771c3486efbd84\",\"name\":\"J\u00f3runn M. \u00deorsteinsd\u00f3ttir\",\"url\":\"https:\/\/grotta.is\/en\/author\/jorunn\/\"}]}<\/script>\n<!-- \/ Yoast SEO plugin. -->","yoast_head_json":{"title":"Vivaldi styrkir knattspyrnudeild Gr\u00f3ttu \u00e1fram - \u00cd\u00fer\u00f3ttaf\u00e9lagi\u00f0 Gr\u00f3tta","robots":{"index":"index","follow":"follow","max-snippet":"max-snippet:-1","max-image-preview":"max-image-preview:large","max-video-preview":"max-video-preview:-1"},"canonical":"https:\/\/grotta.is\/en\/knattspyrnudeild\/vivaldi-styrkir-knattspyrnudeild-grottu-afram\/","og_locale":"en_US","og_type":"article","og_title":"Vivaldi styrkir knattspyrnudeild Gr\u00f3ttu \u00e1fram - \u00cd\u00fer\u00f3ttaf\u00e9lagi\u00f0 Gr\u00f3tta","og_description":"Vivaldi \u00e1 \u00cdslandi hefur gert n\u00fdjan \u00feriggja \u00e1ra styrktarsamning vi\u00f0 knattspyrnudeild Gr\u00f3ttu.Samkv\u00e6mt samningnum mun v\u00f6rumerki\u00f0 Vivaldi pr\u00fd\u00f0a keppnisb\u00faninga meistaraflokka knattspyrnudeildar Gr\u00f3ttu n\u00e6stu \u00ferj\u00fa \u00e1rin og v\u00f6llurinn mun \u00e1fram bera nafni\u00f0 [&hellip;]","og_url":"https:\/\/grotta.is\/en\/knattspyrnudeild\/vivaldi-styrkir-knattspyrnudeild-grottu-afram\/","og_site_name":"\u00cd\u00fer\u00f3ttaf\u00e9lagi\u00f0 Gr\u00f3tta","article_publisher":"https:\/\/www.facebook.com\/grottasport","article_published_time":"2020-12-30T11:50:20+00:00","article_modified_time":"2020-12-30T13:57:39+00:00","og_image":[{"width":2560,"height":1920,"url":"https:\/\/grotta.is\/wp-content\/uploads\/2020\/12\/20200213_174813-scaled.jpg","type":"image\/jpeg"}],"author":"J\u00f3runn M. \u00deorsteinsd\u00f3ttir","twitter_card":"summary_large_image","twitter_misc":{"Written by":"J\u00f3runn M. \u00deorsteinsd\u00f3ttir"},"schema":{"@context":"https:\/\/schema.org","@graph":[{"@type":"Article","@id":"https:\/\/grotta.is\/knattspyrnudeild\/vivaldi-styrkir-knattspyrnudeild-grottu-afram\/#article","isPartOf":{"@id":"https:\/\/grotta.is\/knattspyrnudeild\/vivaldi-styrkir-knattspyrnudeild-grottu-afram\/"},"author":{"name":"J\u00f3runn M. \u00deorsteinsd\u00f3ttir","@id":"https:\/\/grotta.is\/#\/schema\/person\/f1fea6a85a554e8069771c3486efbd84"},"headline":"Vivaldi styrkir knattspyrnudeild Gr\u00f3ttu \u00e1fram","datePublished":"2020-12-30T11:50:20+00:00","dateModified":"2020-12-30T13:57:39+00:00","mainEntityOfPage":{"@id":"https:\/\/grotta.is\/knattspyrnudeild\/vivaldi-styrkir-knattspyrnudeild-grottu-afram\/"},"wordCount":93,"publisher":{"@id":"https:\/\/grotta.is\/#organization"},"image":{"@id":"https:\/\/grotta.is\/knattspyrnudeild\/vivaldi-styrkir-knattspyrnudeild-grottu-afram\/#primaryimage"},"thumbnailUrl":"https:\/\/grotta.is\/wp-content\/uploads\/2020\/12\/20200213_174813-scaled.jpg","articleSection":["Knattspyrnudeild"],"inLanguage":"en-US"},{"@type":"WebPage","@id":"https:\/\/grotta.is\/knattspyrnudeild\/vivaldi-styrkir-knattspyrnudeild-grottu-afram\/","url":"https:\/\/grotta.is\/knattspyrnudeild\/vivaldi-styrkir-knattspyrnudeild-grottu-afram\/","name":"Vivaldi styrkir knattspyrnudeild Gr\u00f3ttu \u00e1fram - \u00cd\u00fer\u00f3ttaf\u00e9lagi\u00f0 Gr\u00f3tta","isPartOf":{"@id":"https:\/\/grotta.is\/#website"},"primaryImageOfPage":{"@id":"https:\/\/grotta.is\/knattspyrnudeild\/vivaldi-styrkir-knattspyrnudeild-grottu-afram\/#primaryimage"},"image":{"@id":"https:\/\/grotta.is\/knattspyrnudeild\/vivaldi-styrkir-knattspyrnudeild-grottu-afram\/#primaryimage"},"thumbnailUrl":"https:\/\/grotta.is\/wp-content\/uploads\/2020\/12\/20200213_174813-scaled.jpg","datePublished":"2020-12-30T11:50:20+00:00","dateModified":"2020-12-30T13:57:39+00:00","breadcrumb":{"@id":"https:\/\/grotta.is\/knattspyrnudeild\/vivaldi-styrkir-knattspyrnudeild-grottu-afram\/#breadcrumb"},"inLanguage":"en-US","potentialAction":[{"@type":"ReadAction","target":["https:\/\/grotta.is\/knattspyrnudeild\/vivaldi-styrkir-knattspyrnudeild-grottu-afram\/"]}]},{"@type":"ImageObject","inLanguage":"en-US","@id":"https:\/\/grotta.is\/knattspyrnudeild\/vivaldi-styrkir-knattspyrnudeild-grottu-afram\/#primaryimage","url":"https:\/\/grotta.is\/wp-content\/uploads\/2020\/12\/20200213_174813-scaled.jpg","contentUrl":"https:\/\/grotta.is\/wp-content\/uploads\/2020\/12\/20200213_174813-scaled.jpg","width":2560,"height":1920},{"@type":"BreadcrumbList","@id":"https:\/\/grotta.is\/knattspyrnudeild\/vivaldi-styrkir-knattspyrnudeild-grottu-afram\/#breadcrumb","itemListElement":[{"@type":"ListItem","position":1,"name":"Home","item":"https:\/\/grotta.is\/"},{"@type":"ListItem","position":2,"name":"Vivaldi styrkir knattspyrnudeild Gr\u00f3ttu \u00e1fram"}]},{"@type":"WebSite","@id":"https:\/\/grotta.is\/#website","url":"https:\/\/grotta.is\/","name":"\u00cd\u00fer\u00f3ttaf\u00e9lagi\u00f0 Gr\u00f3tta","description":"\u00e1 Seltjarnarnesi","publisher":{"@id":"https:\/\/grotta.is\/#organization"},"potentialAction":[{"@type":"SearchAction","target":{"@type":"EntryPoint","urlTemplate":"https:\/\/grotta.is\/?s={search_term_string}"},"query-input":{"@type":"PropertyValueSpecification","valueRequired":true,"valueName":"search_term_string"}}],"inLanguage":"en-US"},{"@type":"Organization","@id":"https:\/\/grotta.is\/#organization","name":"\u00cd\u00fer\u00f3ttaf\u00e9lagi\u00f0 Gr\u00f3tta","url":"https:\/\/grotta.is\/","logo":{"@type":"ImageObject","inLanguage":"en-US","@id":"https:\/\/grotta.is\/#\/schema\/logo\/image\/","url":"https:\/\/grotta.is\/wp-content\/uploads\/2020\/02\/ithrottafelagidgrotta_logo_512x512_transparent.png","contentUrl":"https:\/\/grotta.is\/wp-content\/uploads\/2020\/02\/ithrottafelagidgrotta_logo_512x512_transparent.png","width":512,"height":512,"caption":"\u00cd\u00fer\u00f3ttaf\u00e9lagi\u00f0 Gr\u00f3tta"},"image":{"@id":"https:\/\/grotta.is\/#\/schema\/logo\/image\/"},"sameAs":["https:\/\/www.facebook.com\/grottasport"]},{"@type":"Person","@id":"https:\/\/grotta.is\/#\/schema\/person\/f1fea6a85a554e8069771c3486efbd84","name":"J\u00f3runn M. \u00deorsteinsd\u00f3ttir","url":"https:\/\/grotta.is\/en\/author\/jorunn\/"}]}},"_links":{"self":[{"href":"https:\/\/grotta.is\/en\/wp-json\/wp\/v2\/posts\/244121","targetHints":{"allow":["GET"]}}],"collection":[{"href":"https:\/\/grotta.is\/en\/wp-json\/wp\/v2\/posts"}],"about":[{"href":"https:\/\/grotta.is\/en\/wp-json\/wp\/v2\/types\/post"}],"author":[{"embeddable":true,"href":"https:\/\/grotta.is\/en\/wp-json\/wp\/v2\/users\/4"}],"replies":[{"embeddable":true,"href":"https:\/\/grotta.is\/en\/wp-json\/wp\/v2\/comments?post=244121"}],"version-history":[{"count":3,"href":"https:\/\/grotta.is\/en\/wp-json\/wp\/v2\/posts\/244121\/revisions"}],"predecessor-version":[{"id":244224,"href":"https:\/\/grotta.is\/en\/wp-json\/wp\/v2\/posts\/244121\/revisions\/244224"}],"wp:featuredmedia":[{"embeddable":true,"href":"https:\/\/grotta.is\/en\/wp-json\/wp\/v2\/media\/244122"}],"wp:attachment":[{"href":"https:\/\/grotta.is\/en\/wp-json\/wp\/v2\/media?parent=244121"}],"wp:term":[{"taxonomy":"category","embeddable":true,"href":"https:\/\/grotta.is\/en\/wp-json\/wp\/v2\/categories?post=244121"},{"taxonomy":"post_tag","embeddable":true,"href":"https:\/\/grotta.is\/en\/wp-json\/wp\/v2\/tags?post=244121"}],"curies":[{"name":"wp","href":"https:\/\/api.w.org\/{rel}","templated":true}]}}