{"id":2438,"date":"2018-11-06T21:10:36","date_gmt":"2018-11-06T21:10:36","guid":{"rendered":"https:\/\/grotta.is\/?p=2438"},"modified":"2020-05-12T11:36:11","modified_gmt":"2020-05-12T11:36:11","slug":"jafntefli-gegn-akureyri-og-bikarkeppnin-hefst-i-vikunni","status":"publish","type":"post","link":"https:\/\/grotta.is\/en\/handknattleiksdeild\/jafntefli-gegn-akureyri-og-bikarkeppnin-hefst-i-vikunni\/","title":{"rendered":"Jafntefli gegn Akureyri og bikarkeppnin hefst \u00ed vikunni"},"content":{"rendered":"<p>Meistaraflokkur karla t\u00f3k \u00e1 sunnudag \u00e1 m\u00f3ti Akureyri \u00ed sannk\u00f6llu\u00f0um 4ra stiga leik \u00ed Ol\u00eds-deildinni. B\u00e6\u00f0i li\u00f0 a\u00f0 berjast \u00ed ne\u00f0ri hluta deildarinnar en Gr\u00f3ttu-li\u00f0i\u00f0 \u00ed dau\u00f0af\u00e6ri \u00ed \u00feessum leik a\u00f0 sl\u00edta sig fr\u00e1 Akureyri sem s\u00e1tu fyrir leikinn \u00ed botns\u00e6tinu.<\/p><p>Leikurinn byrja\u00f0i af mikilli h\u00f6rku og var jafnr\u00e6\u00f0i me\u00f0 li\u00f0unum \u00e1 fyrstu m\u00edn\u00fatum leiksins, sterkur varnarleikur og h\u00f6rku markv\u00f6rslur einkenndu \u00feessar fyrstu m\u00edn\u00fatur. \u00c1 17.m\u00edn\u00fatu \u00fdttu gestirnir fr\u00e1 Akureyri \u00e1 bens\u00edngj\u00f6fina og n\u00e1\u00f0u 3ja marka forskoti, 4-7. \u00de\u00e1 var Einar J\u00f3nssyni \u00fej\u00e1lfara Gr\u00f3ttu n\u00f3g bo\u00f0i\u00f0 og t\u00f3k leikhl\u00e9 og vakti s\u00edna menn, stuttu seinna h\u00f6f\u00f0u Gr\u00f3ttu-str\u00e1kar jafna\u00f0 7-7 og voru yfir \u00ed h\u00e1lfleik 9-8.<\/p><p>S\u00ed\u00f0ari h\u00e1lfleikur var gj\u00f6r\u00f3l\u00edkur \u00feeim fyrri, mikill hra\u00f0i f\u00e6r\u00f0ist \u00ed leikinn og minna var um varnarleik og markv\u00f6rslu. Gr\u00f3tta h\u00e9lt s\u00ednu forskoti lengst um af \u00ed s\u00ed\u00f0ari h\u00e1lfleik og n\u00e1\u00f0u m.a 3ja marka forskoti \u00feegar um 3 m\u00edn\u00fatur lif\u00f0u leiks og leit \u00fat fyrir sterkan heimasigur Gr\u00f3ttu-manna. Allt kom hinsvegar fyrir ekki, Akureyringar settu \u00ed flugg\u00edrinn og eftir v\u00e6gast sagt vandr\u00e6\u00f0alega lokas\u00f3kn Gr\u00f3ttu-li\u00f0sins n\u00e1\u00f0i Akureyri boltanum \u00feegar 6 sek\u00fandur voru eftir, Sverre \u00fej\u00e1lfari nor\u00f0anmanna t\u00f3k \u00fe\u00e1 leikhl\u00e9 og stillti upp \u00ed seinustu s\u00f3knina. \u00dea\u00f0 m\u00e1 segja a\u00f0 fl\u00e9tta Sverre hafi heppnast fullkomlega \u00fev\u00ed Akureyringar n\u00e1\u00f0u skoti \u00e1 marki\u00f0 sem lak \u00ed neti\u00f0 og j\u00f6fnu\u00f0u leikinn um leik og lokaflauti\u00f0 gall.<\/p><p>Gr\u00ed\u00f0arlega svekkjandi tapa\u00f0 stig fyrir okkar menn \u00ed leik sem okkar menn hef\u00f0u \u00e1tt a\u00f0 kl\u00e1ra. Str\u00e1karnir f\u00e1 \u00fe\u00f3 ekki langan t\u00edma til a\u00f0 jafna sig \u00fear sem \u00feeir f\u00e1 Stj\u00f6rnuna \u00ed heims\u00f3kn \u00ed Hertz-h\u00f6llina anna\u00f0 kv\u00f6ld (mi\u00f0vikudag) kl 19:30 \u00ed Coca-Cola bikarkeppninni og geta \u00fear b\u00e6tt upp fyrir \u00feetta tapa\u00f0a stig \u00e1 heimavelli.<\/p><p>Sveinn Jos\u00e9 Riviera \u00e1tti sk\u00ednandi leik fyrir Gr\u00f3ttu-li\u00f0i\u00f0 \u00ed \u00feessum leik og skora\u00f0i 7 m\u00f6rk og Hrei\u00f0ar Lev\u00fd var svo hrikalega flottur \u00ed rammanum me\u00f0 11 skot varin e\u00f0a 31% markv\u00f6rslu.<\/p><p><strong>Markaskor dreif\u00f0ist n\u00e1nar svona<\/strong><\/p><ul class=\"wp-block-list\"><li>Sveinn Jos\u00e9 \u2013 7 m\u00f6rk<\/li><li>J\u00f3hann Reynir \u2013 5 m\u00f6rk<\/li><li>Alexander J\u00f3n \u2013 3 m\u00f6rk<\/li><li>Leonhar\u00f0 \u2013 3 m\u00f6rk<\/li><li>Magn\u00fas \u00d6der \u2013 3 m\u00f6rk<\/li><li>Hannes Grimm \u2013 2 m\u00f6rk<\/li><li>Sigf\u00fas P\u00e1ll \u2013 2 m\u00f6rk<\/li><\/ul><p><strong><a href=\"https:\/\/www.visir.is\/g\/2018181109727\/umfjollun-og-vidtol-grotta-akureyri-25-25-akureyri-nadi-i-stig\">H\u00c9R<\/a><\/strong> \u2013 m\u00e1 sj\u00e1 umfj\u00f6llun af V\u00edsi.is og vi\u00f0t\u00f6l \u00far leiknum<\/p>","protected":false},"excerpt":{"rendered":"<p>Meistaraflokkur karla t\u00f3k \u00e1 sunnudag \u00e1 m\u00f3ti Akureyri \u00ed sannk\u00f6llu\u00f0um 4ra stiga leik \u00ed Ol\u00eds-deildinni. B\u00e6\u00f0i li\u00f0 a\u00f0 berjast \u00ed ne\u00f0ri hluta deildarinnar en Gr\u00f3ttu-li\u00f0i\u00f0 \u00ed dau\u00f0af\u00e6ri \u00ed \u00feessum leik a\u00f0 sl\u00edta sig fr\u00e1 Akureyri sem s\u00e1tu fyrir leikinn \u00ed botns\u00e6tinu.<\/p>","protected":false},"author":2,"featured_media":2441,"comment_status":"closed","ping_status":"closed","sticky":false,"template":"","format":"standard","meta":{"footnotes":""},"categories":[12],"tags":[13,20],"class_list":["post-2438","post","type-post","status-publish","format-standard","has-post-thumbnail","hentry","category-handknattleiksdeild","tag-handbolti","tag-mfl-kk"],"yoast_head":"<!-- This site is optimized with the Yoast SEO plugin v24.3 - https:\/\/yoast.com\/wordpress\/plugins\/seo\/ -->\n<title>Jafntefli gegn Akureyri og bikarkeppnin hefst \u00ed vikunni - \u00cd\u00fer\u00f3ttaf\u00e9lagi\u00f0 Gr\u00f3tta<\/title>\n<meta name=\"robots\" content=\"index, follow, max-snippet:-1, max-image-preview:large, max-video-preview:-1\" \/>\n<link rel=\"canonical\" href=\"https:\/\/grotta.is\/en\/handknattleiksdeild\/jafntefli-gegn-akureyri-og-bikarkeppnin-hefst-i-vikunni\/\" \/>\n<meta property=\"og:locale\" content=\"en_US\" \/>\n<meta property=\"og:type\" content=\"article\" \/>\n<meta property=\"og:title\" content=\"Jafntefli gegn Akureyri og bikarkeppnin hefst \u00ed vikunni - \u00cd\u00fer\u00f3ttaf\u00e9lagi\u00f0 Gr\u00f3tta\" \/>\n<meta property=\"og:description\" content=\"Meistaraflokkur karla t\u00f3k \u00e1 sunnudag \u00e1 m\u00f3ti Akureyri \u00ed sannk\u00f6llu\u00f0um 4ra stiga leik \u00ed Ol\u00eds-deildinni. B\u00e6\u00f0i li\u00f0 a\u00f0 berjast \u00ed ne\u00f0ri hluta deildarinnar en Gr\u00f3ttu-li\u00f0i\u00f0 \u00ed dau\u00f0af\u00e6ri \u00ed \u00feessum leik a\u00f0 sl\u00edta sig fr\u00e1 Akureyri sem s\u00e1tu fyrir leikinn \u00ed botns\u00e6tinu.\" \/>\n<meta property=\"og:url\" content=\"https:\/\/grotta.is\/en\/handknattleiksdeild\/jafntefli-gegn-akureyri-og-bikarkeppnin-hefst-i-vikunni\/\" \/>\n<meta property=\"og:site_name\" content=\"\u00cd\u00fer\u00f3ttaf\u00e9lagi\u00f0 Gr\u00f3tta\" \/>\n<meta property=\"article:publisher\" content=\"https:\/\/www.facebook.com\/grottasport\" \/>\n<meta property=\"article:published_time\" content=\"2018-11-06T21:10:36+00:00\" \/>\n<meta property=\"article:modified_time\" content=\"2020-05-12T11:36:11+00:00\" \/>\n<meta property=\"og:image\" content=\"https:\/\/grotta.is\/wp-content\/uploads\/2018\/11\/Grotta_Handbolti_mfl_kk_10.jpg\" \/>\n\t<meta property=\"og:image:width\" content=\"2400\" \/>\n\t<meta property=\"og:image:height\" content=\"1714\" \/>\n\t<meta property=\"og:image:type\" content=\"image\/jpeg\" \/>\n<meta name=\"author\" content=\"Grotta\" \/>\n<meta name=\"twitter:card\" content=\"summary_large_image\" \/>\n<meta name=\"twitter:label1\" content=\"Written by\" \/>\n\t<meta name=\"twitter:data1\" content=\"Grotta\" \/>\n\t<meta name=\"twitter:label2\" content=\"Est. reading time\" \/>\n\t<meta name=\"twitter:data2\" content=\"2 minutes\" \/>\n<script type=\"application\/ld+json\" class=\"yoast-schema-graph\">{\"@context\":\"https:\/\/schema.org\",\"@graph\":[{\"@type\":\"Article\",\"@id\":\"https:\/\/grotta.is\/handknattleiksdeild\/jafntefli-gegn-akureyri-og-bikarkeppnin-hefst-i-vikunni\/#article\",\"isPartOf\":{\"@id\":\"https:\/\/grotta.is\/handknattleiksdeild\/jafntefli-gegn-akureyri-og-bikarkeppnin-hefst-i-vikunni\/\"},\"author\":{\"name\":\"Grotta\",\"@id\":\"https:\/\/grotta.is\/#\/schema\/person\/08ec57bf09ee925f1b6a01540c14a5ce\"},\"headline\":\"Jafntefli gegn Akureyri og bikarkeppnin hefst \u00ed vikunni\",\"datePublished\":\"2018-11-06T21:10:36+00:00\",\"dateModified\":\"2020-05-12T11:36:11+00:00\",\"mainEntityOfPage\":{\"@id\":\"https:\/\/grotta.is\/handknattleiksdeild\/jafntefli-gegn-akureyri-og-bikarkeppnin-hefst-i-vikunni\/\"},\"wordCount\":424,\"publisher\":{\"@id\":\"https:\/\/grotta.is\/#organization\"},\"image\":{\"@id\":\"https:\/\/grotta.is\/handknattleiksdeild\/jafntefli-gegn-akureyri-og-bikarkeppnin-hefst-i-vikunni\/#primaryimage\"},\"thumbnailUrl\":\"https:\/\/grotta.is\/wp-content\/uploads\/2018\/11\/Grotta_Handbolti_mfl_kk_10.jpg\",\"keywords\":[\"Handbolti\",\"Mfl.kk\"],\"articleSection\":[\"Handknattleiksdeild\"],\"inLanguage\":\"en-US\"},{\"@type\":\"WebPage\",\"@id\":\"https:\/\/grotta.is\/handknattleiksdeild\/jafntefli-gegn-akureyri-og-bikarkeppnin-hefst-i-vikunni\/\",\"url\":\"https:\/\/grotta.is\/handknattleiksdeild\/jafntefli-gegn-akureyri-og-bikarkeppnin-hefst-i-vikunni\/\",\"name\":\"Jafntefli gegn Akureyri og bikarkeppnin hefst \u00ed vikunni - \u00cd\u00fer\u00f3ttaf\u00e9lagi\u00f0 Gr\u00f3tta\",\"isPartOf\":{\"@id\":\"https:\/\/grotta.is\/#website\"},\"primaryImageOfPage\":{\"@id\":\"https:\/\/grotta.is\/handknattleiksdeild\/jafntefli-gegn-akureyri-og-bikarkeppnin-hefst-i-vikunni\/#primaryimage\"},\"image\":{\"@id\":\"https:\/\/grotta.is\/handknattleiksdeild\/jafntefli-gegn-akureyri-og-bikarkeppnin-hefst-i-vikunni\/#primaryimage\"},\"thumbnailUrl\":\"https:\/\/grotta.is\/wp-content\/uploads\/2018\/11\/Grotta_Handbolti_mfl_kk_10.jpg\",\"datePublished\":\"2018-11-06T21:10:36+00:00\",\"dateModified\":\"2020-05-12T11:36:11+00:00\",\"breadcrumb\":{\"@id\":\"https:\/\/grotta.is\/handknattleiksdeild\/jafntefli-gegn-akureyri-og-bikarkeppnin-hefst-i-vikunni\/#breadcrumb\"},\"inLanguage\":\"en-US\",\"potentialAction\":[{\"@type\":\"ReadAction\",\"target\":[\"https:\/\/grotta.is\/handknattleiksdeild\/jafntefli-gegn-akureyri-og-bikarkeppnin-hefst-i-vikunni\/\"]}]},{\"@type\":\"ImageObject\",\"inLanguage\":\"en-US\",\"@id\":\"https:\/\/grotta.is\/handknattleiksdeild\/jafntefli-gegn-akureyri-og-bikarkeppnin-hefst-i-vikunni\/#primaryimage\",\"url\":\"https:\/\/grotta.is\/wp-content\/uploads\/2018\/11\/Grotta_Handbolti_mfl_kk_10.jpg\",\"contentUrl\":\"https:\/\/grotta.is\/wp-content\/uploads\/2018\/11\/Grotta_Handbolti_mfl_kk_10.jpg\",\"width\":2400,\"height\":1714},{\"@type\":\"BreadcrumbList\",\"@id\":\"https:\/\/grotta.is\/handknattleiksdeild\/jafntefli-gegn-akureyri-og-bikarkeppnin-hefst-i-vikunni\/#breadcrumb\",\"itemListElement\":[{\"@type\":\"ListItem\",\"position\":1,\"name\":\"Home\",\"item\":\"https:\/\/grotta.is\/\"},{\"@type\":\"ListItem\",\"position\":2,\"name\":\"Jafntefli gegn Akureyri og bikarkeppnin hefst \u00ed vikunni\"}]},{\"@type\":\"WebSite\",\"@id\":\"https:\/\/grotta.is\/#website\",\"url\":\"https:\/\/grotta.is\/\",\"name\":\"\u00cd\u00fer\u00f3ttaf\u00e9lagi\u00f0 Gr\u00f3tta\",\"description\":\"\u00e1 Seltjarnarnesi\",\"publisher\":{\"@id\":\"https:\/\/grotta.is\/#organization\"},\"potentialAction\":[{\"@type\":\"SearchAction\",\"target\":{\"@type\":\"EntryPoint\",\"urlTemplate\":\"https:\/\/grotta.is\/?s={search_term_string}\"},\"query-input\":{\"@type\":\"PropertyValueSpecification\",\"valueRequired\":true,\"valueName\":\"search_term_string\"}}],\"inLanguage\":\"en-US\"},{\"@type\":\"Organization\",\"@id\":\"https:\/\/grotta.is\/#organization\",\"name\":\"\u00cd\u00fer\u00f3ttaf\u00e9lagi\u00f0 Gr\u00f3tta\",\"url\":\"https:\/\/grotta.is\/\",\"logo\":{\"@type\":\"ImageObject\",\"inLanguage\":\"en-US\",\"@id\":\"https:\/\/grotta.is\/#\/schema\/logo\/image\/\",\"url\":\"https:\/\/grotta.is\/wp-content\/uploads\/2020\/02\/ithrottafelagidgrotta_logo_512x512_transparent.png\",\"contentUrl\":\"https:\/\/grotta.is\/wp-content\/uploads\/2020\/02\/ithrottafelagidgrotta_logo_512x512_transparent.png\",\"width\":512,\"height\":512,\"caption\":\"\u00cd\u00fer\u00f3ttaf\u00e9lagi\u00f0 Gr\u00f3tta\"},\"image\":{\"@id\":\"https:\/\/grotta.is\/#\/schema\/logo\/image\/\"},\"sameAs\":[\"https:\/\/www.facebook.com\/grottasport\"]},{\"@type\":\"Person\",\"@id\":\"https:\/\/grotta.is\/#\/schema\/person\/08ec57bf09ee925f1b6a01540c14a5ce\",\"name\":\"Grotta\",\"url\":\"https:\/\/grotta.is\/en\/author\/inga\/\"}]}<\/script>\n<!-- \/ Yoast SEO plugin. -->","yoast_head_json":{"title":"Jafntefli gegn Akureyri og bikarkeppnin hefst \u00ed vikunni - \u00cd\u00fer\u00f3ttaf\u00e9lagi\u00f0 Gr\u00f3tta","robots":{"index":"index","follow":"follow","max-snippet":"max-snippet:-1","max-image-preview":"max-image-preview:large","max-video-preview":"max-video-preview:-1"},"canonical":"https:\/\/grotta.is\/en\/handknattleiksdeild\/jafntefli-gegn-akureyri-og-bikarkeppnin-hefst-i-vikunni\/","og_locale":"en_US","og_type":"article","og_title":"Jafntefli gegn Akureyri og bikarkeppnin hefst \u00ed vikunni - \u00cd\u00fer\u00f3ttaf\u00e9lagi\u00f0 Gr\u00f3tta","og_description":"Meistaraflokkur karla t\u00f3k \u00e1 sunnudag \u00e1 m\u00f3ti Akureyri \u00ed sannk\u00f6llu\u00f0um 4ra stiga leik \u00ed Ol\u00eds-deildinni. B\u00e6\u00f0i li\u00f0 a\u00f0 berjast \u00ed ne\u00f0ri hluta deildarinnar en Gr\u00f3ttu-li\u00f0i\u00f0 \u00ed dau\u00f0af\u00e6ri \u00ed \u00feessum leik a\u00f0 sl\u00edta sig fr\u00e1 Akureyri sem s\u00e1tu fyrir leikinn \u00ed botns\u00e6tinu.","og_url":"https:\/\/grotta.is\/en\/handknattleiksdeild\/jafntefli-gegn-akureyri-og-bikarkeppnin-hefst-i-vikunni\/","og_site_name":"\u00cd\u00fer\u00f3ttaf\u00e9lagi\u00f0 Gr\u00f3tta","article_publisher":"https:\/\/www.facebook.com\/grottasport","article_published_time":"2018-11-06T21:10:36+00:00","article_modified_time":"2020-05-12T11:36:11+00:00","og_image":[{"width":2400,"height":1714,"url":"https:\/\/grotta.is\/wp-content\/uploads\/2018\/11\/Grotta_Handbolti_mfl_kk_10.jpg","type":"image\/jpeg"}],"author":"Grotta","twitter_card":"summary_large_image","twitter_misc":{"Written by":"Grotta","Est. reading time":"2 minutes"},"schema":{"@context":"https:\/\/schema.org","@graph":[{"@type":"Article","@id":"https:\/\/grotta.is\/handknattleiksdeild\/jafntefli-gegn-akureyri-og-bikarkeppnin-hefst-i-vikunni\/#article","isPartOf":{"@id":"https:\/\/grotta.is\/handknattleiksdeild\/jafntefli-gegn-akureyri-og-bikarkeppnin-hefst-i-vikunni\/"},"author":{"name":"Grotta","@id":"https:\/\/grotta.is\/#\/schema\/person\/08ec57bf09ee925f1b6a01540c14a5ce"},"headline":"Jafntefli gegn Akureyri og bikarkeppnin hefst \u00ed vikunni","datePublished":"2018-11-06T21:10:36+00:00","dateModified":"2020-05-12T11:36:11+00:00","mainEntityOfPage":{"@id":"https:\/\/grotta.is\/handknattleiksdeild\/jafntefli-gegn-akureyri-og-bikarkeppnin-hefst-i-vikunni\/"},"wordCount":424,"publisher":{"@id":"https:\/\/grotta.is\/#organization"},"image":{"@id":"https:\/\/grotta.is\/handknattleiksdeild\/jafntefli-gegn-akureyri-og-bikarkeppnin-hefst-i-vikunni\/#primaryimage"},"thumbnailUrl":"https:\/\/grotta.is\/wp-content\/uploads\/2018\/11\/Grotta_Handbolti_mfl_kk_10.jpg","keywords":["Handbolti","Mfl.kk"],"articleSection":["Handknattleiksdeild"],"inLanguage":"en-US"},{"@type":"WebPage","@id":"https:\/\/grotta.is\/handknattleiksdeild\/jafntefli-gegn-akureyri-og-bikarkeppnin-hefst-i-vikunni\/","url":"https:\/\/grotta.is\/handknattleiksdeild\/jafntefli-gegn-akureyri-og-bikarkeppnin-hefst-i-vikunni\/","name":"Jafntefli gegn Akureyri og bikarkeppnin hefst \u00ed vikunni - \u00cd\u00fer\u00f3ttaf\u00e9lagi\u00f0 Gr\u00f3tta","isPartOf":{"@id":"https:\/\/grotta.is\/#website"},"primaryImageOfPage":{"@id":"https:\/\/grotta.is\/handknattleiksdeild\/jafntefli-gegn-akureyri-og-bikarkeppnin-hefst-i-vikunni\/#primaryimage"},"image":{"@id":"https:\/\/grotta.is\/handknattleiksdeild\/jafntefli-gegn-akureyri-og-bikarkeppnin-hefst-i-vikunni\/#primaryimage"},"thumbnailUrl":"https:\/\/grotta.is\/wp-content\/uploads\/2018\/11\/Grotta_Handbolti_mfl_kk_10.jpg","datePublished":"2018-11-06T21:10:36+00:00","dateModified":"2020-05-12T11:36:11+00:00","breadcrumb":{"@id":"https:\/\/grotta.is\/handknattleiksdeild\/jafntefli-gegn-akureyri-og-bikarkeppnin-hefst-i-vikunni\/#breadcrumb"},"inLanguage":"en-US","potentialAction":[{"@type":"ReadAction","target":["https:\/\/grotta.is\/handknattleiksdeild\/jafntefli-gegn-akureyri-og-bikarkeppnin-hefst-i-vikunni\/"]}]},{"@type":"ImageObject","inLanguage":"en-US","@id":"https:\/\/grotta.is\/handknattleiksdeild\/jafntefli-gegn-akureyri-og-bikarkeppnin-hefst-i-vikunni\/#primaryimage","url":"https:\/\/grotta.is\/wp-content\/uploads\/2018\/11\/Grotta_Handbolti_mfl_kk_10.jpg","contentUrl":"https:\/\/grotta.is\/wp-content\/uploads\/2018\/11\/Grotta_Handbolti_mfl_kk_10.jpg","width":2400,"height":1714},{"@type":"BreadcrumbList","@id":"https:\/\/grotta.is\/handknattleiksdeild\/jafntefli-gegn-akureyri-og-bikarkeppnin-hefst-i-vikunni\/#breadcrumb","itemListElement":[{"@type":"ListItem","position":1,"name":"Home","item":"https:\/\/grotta.is\/"},{"@type":"ListItem","position":2,"name":"Jafntefli gegn Akureyri og bikarkeppnin hefst \u00ed vikunni"}]},{"@type":"WebSite","@id":"https:\/\/grotta.is\/#website","url":"https:\/\/grotta.is\/","name":"\u00cd\u00fer\u00f3ttaf\u00e9lagi\u00f0 Gr\u00f3tta","description":"\u00e1 Seltjarnarnesi","publisher":{"@id":"https:\/\/grotta.is\/#organization"},"potentialAction":[{"@type":"SearchAction","target":{"@type":"EntryPoint","urlTemplate":"https:\/\/grotta.is\/?s={search_term_string}"},"query-input":{"@type":"PropertyValueSpecification","valueRequired":true,"valueName":"search_term_string"}}],"inLanguage":"en-US"},{"@type":"Organization","@id":"https:\/\/grotta.is\/#organization","name":"\u00cd\u00fer\u00f3ttaf\u00e9lagi\u00f0 Gr\u00f3tta","url":"https:\/\/grotta.is\/","logo":{"@type":"ImageObject","inLanguage":"en-US","@id":"https:\/\/grotta.is\/#\/schema\/logo\/image\/","url":"https:\/\/grotta.is\/wp-content\/uploads\/2020\/02\/ithrottafelagidgrotta_logo_512x512_transparent.png","contentUrl":"https:\/\/grotta.is\/wp-content\/uploads\/2020\/02\/ithrottafelagidgrotta_logo_512x512_transparent.png","width":512,"height":512,"caption":"\u00cd\u00fer\u00f3ttaf\u00e9lagi\u00f0 Gr\u00f3tta"},"image":{"@id":"https:\/\/grotta.is\/#\/schema\/logo\/image\/"},"sameAs":["https:\/\/www.facebook.com\/grottasport"]},{"@type":"Person","@id":"https:\/\/grotta.is\/#\/schema\/person\/08ec57bf09ee925f1b6a01540c14a5ce","name":"Grotta","url":"https:\/\/grotta.is\/en\/author\/inga\/"}]}},"_links":{"self":[{"href":"https:\/\/grotta.is\/en\/wp-json\/wp\/v2\/posts\/2438","targetHints":{"allow":["GET"]}}],"collection":[{"href":"https:\/\/grotta.is\/en\/wp-json\/wp\/v2\/posts"}],"about":[{"href":"https:\/\/grotta.is\/en\/wp-json\/wp\/v2\/types\/post"}],"author":[{"embeddable":true,"href":"https:\/\/grotta.is\/en\/wp-json\/wp\/v2\/users\/2"}],"replies":[{"embeddable":true,"href":"https:\/\/grotta.is\/en\/wp-json\/wp\/v2\/comments?post=2438"}],"version-history":[{"count":3,"href":"https:\/\/grotta.is\/en\/wp-json\/wp\/v2\/posts\/2438\/revisions"}],"predecessor-version":[{"id":2442,"href":"https:\/\/grotta.is\/en\/wp-json\/wp\/v2\/posts\/2438\/revisions\/2442"}],"wp:featuredmedia":[{"embeddable":true,"href":"https:\/\/grotta.is\/en\/wp-json\/wp\/v2\/media\/2441"}],"wp:attachment":[{"href":"https:\/\/grotta.is\/en\/wp-json\/wp\/v2\/media?parent=2438"}],"wp:term":[{"taxonomy":"category","embeddable":true,"href":"https:\/\/grotta.is\/en\/wp-json\/wp\/v2\/categories?post=2438"},{"taxonomy":"post_tag","embeddable":true,"href":"https:\/\/grotta.is\/en\/wp-json\/wp\/v2\/tags?post=2438"}],"curies":[{"name":"wp","href":"https:\/\/api.w.org\/{rel}","templated":true}]}}