{"id":237620,"date":"2020-12-23T22:38:28","date_gmt":"2020-12-23T22:38:28","guid":{"rendered":"https:\/\/grotta.is\/?p=237620"},"modified":"2020-12-23T22:50:54","modified_gmt":"2020-12-23T22:50:54","slug":"styrktu-grottu-og-graena-skata-med-dosum-og-floskum","status":"publish","type":"post","link":"https:\/\/grotta.is\/en\/almennt\/styrktu-grottu-og-graena-skata-med-dosum-og-floskum\/","title":{"rendered":"Styrktu Gr\u00f3ttu og Gr\u00e6na sk\u00e1ta me\u00f0 d\u00f3sum og fl\u00f6skum"},"content":{"rendered":"<p>\u00cd\u00fer\u00f3ttaf\u00e9lagi\u00f0 Gr\u00f3tta \u00ed samstarfi vi\u00f0 Gr\u00e6na sk\u00e1ta eru me\u00f0 tvo d\u00f3sag\u00e1ma vi\u00f0 inngang \u00ed\u00fer\u00f3ttami\u00f0st\u00f6\u00f0var Gr\u00f3ttu. Gr\u00f3ttuf\u00f3lk er hvatt til a\u00f0 koma skilagjaldsskyldum d\u00f3sum og fl\u00f6skum \u00ed \u00feessa g\u00e1ma og styrkja Gr\u00f3ttu og sk\u00e1tastarfi\u00f0 \u00ed landinu. <\/p><figure class=\"wp-block-image size-large\"><img fetchpriority=\"high\" decoding=\"async\" width=\"1009\" height=\"1024\" src=\"https:\/\/grotta.is\/wp-content\/uploads\/2020\/12\/dosagamur_grotta_2020-1009x1024.jpg\" alt=\"\" class=\"wp-image-237679\" srcset=\"https:\/\/grotta.is\/wp-content\/uploads\/2020\/12\/dosagamur_grotta_2020-1009x1024.jpg 1009w, https:\/\/grotta.is\/wp-content\/uploads\/2020\/12\/dosagamur_grotta_2020-295x300.jpg 295w, https:\/\/grotta.is\/wp-content\/uploads\/2020\/12\/dosagamur_grotta_2020-768x780.jpg 768w, https:\/\/grotta.is\/wp-content\/uploads\/2020\/12\/dosagamur_grotta_2020-12x12.jpg 12w, https:\/\/grotta.is\/wp-content\/uploads\/2020\/12\/dosagamur_grotta_2020-600x609.jpg 600w, https:\/\/grotta.is\/wp-content\/uploads\/2020\/12\/dosagamur_grotta_2020-100x100.jpg 100w, https:\/\/grotta.is\/wp-content\/uploads\/2020\/12\/dosagamur_grotta_2020.jpg 1438w\" sizes=\"(max-width: 1009px) 100vw, 1009px\" \/><\/figure><p><strong>\u00c1fram Gr\u00f3tta!<\/strong><\/p>","protected":false},"excerpt":{"rendered":"<p>\u00cd\u00fer\u00f3ttaf\u00e9lagi\u00f0 Gr\u00f3tta \u00ed samstarfi vi\u00f0 Gr\u00e6na sk\u00e1ta eru me\u00f0 tvo d\u00f3sag\u00e1ma vi\u00f0 inngang \u00ed\u00fer\u00f3ttami\u00f0st\u00f6\u00f0var Gr\u00f3ttu. Gr\u00f3ttuf\u00f3lk er hvatt til a\u00f0 koma skilagjaldsskyldum d\u00f3sum og fl\u00f6skum \u00ed \u00feessa g\u00e1ma og styrkja [&hellip;]<\/p>","protected":false},"author":2,"featured_media":237642,"comment_status":"closed","ping_status":"closed","sticky":false,"template":"","format":"standard","meta":{"footnotes":""},"categories":[4],"tags":[],"class_list":["post-237620","post","type-post","status-publish","format-standard","has-post-thumbnail","hentry","category-almennt"],"yoast_head":"<!-- This site is optimized with the Yoast SEO plugin v24.3 - https:\/\/yoast.com\/wordpress\/plugins\/seo\/ -->\n<title>Styrktu Gr\u00f3ttu og Gr\u00e6na sk\u00e1ta me\u00f0 d\u00f3sum og fl\u00f6skum - \u00cd\u00fer\u00f3ttaf\u00e9lagi\u00f0 Gr\u00f3tta<\/title>\n<meta name=\"robots\" content=\"index, follow, max-snippet:-1, max-image-preview:large, max-video-preview:-1\" \/>\n<link rel=\"canonical\" href=\"https:\/\/grotta.is\/en\/almennt\/styrktu-grottu-og-graena-skata-med-dosum-og-floskum\/\" \/>\n<meta property=\"og:locale\" content=\"en_US\" \/>\n<meta property=\"og:type\" content=\"article\" \/>\n<meta property=\"og:title\" content=\"Styrktu Gr\u00f3ttu og Gr\u00e6na sk\u00e1ta me\u00f0 d\u00f3sum og fl\u00f6skum - \u00cd\u00fer\u00f3ttaf\u00e9lagi\u00f0 Gr\u00f3tta\" \/>\n<meta property=\"og:description\" content=\"\u00cd\u00fer\u00f3ttaf\u00e9lagi\u00f0 Gr\u00f3tta \u00ed samstarfi vi\u00f0 Gr\u00e6na sk\u00e1ta eru me\u00f0 tvo d\u00f3sag\u00e1ma vi\u00f0 inngang \u00ed\u00fer\u00f3ttami\u00f0st\u00f6\u00f0var Gr\u00f3ttu. Gr\u00f3ttuf\u00f3lk er hvatt til a\u00f0 koma skilagjaldsskyldum d\u00f3sum og fl\u00f6skum \u00ed \u00feessa g\u00e1ma og styrkja [&hellip;]\" \/>\n<meta property=\"og:url\" content=\"https:\/\/grotta.is\/en\/almennt\/styrktu-grottu-og-graena-skata-med-dosum-og-floskum\/\" \/>\n<meta property=\"og:site_name\" content=\"\u00cd\u00fer\u00f3ttaf\u00e9lagi\u00f0 Gr\u00f3tta\" \/>\n<meta property=\"article:publisher\" content=\"https:\/\/www.facebook.com\/grottasport\" \/>\n<meta property=\"article:published_time\" content=\"2020-12-23T22:38:28+00:00\" \/>\n<meta property=\"article:modified_time\" content=\"2020-12-23T22:50:54+00:00\" \/>\n<meta property=\"og:image\" content=\"https:\/\/grotta.is\/wp-content\/uploads\/2020\/12\/Grotta_logo_graenirskatar_logo.png\" \/>\n\t<meta property=\"og:image:width\" content=\"1920\" \/>\n\t<meta property=\"og:image:height\" content=\"1080\" \/>\n\t<meta property=\"og:image:type\" content=\"image\/png\" \/>\n<meta name=\"author\" content=\"Grotta\" \/>\n<meta name=\"twitter:card\" content=\"summary_large_image\" \/>\n<meta name=\"twitter:label1\" content=\"Written by\" \/>\n\t<meta name=\"twitter:data1\" content=\"Grotta\" \/>\n<script type=\"application\/ld+json\" class=\"yoast-schema-graph\">{\"@context\":\"https:\/\/schema.org\",\"@graph\":[{\"@type\":\"Article\",\"@id\":\"https:\/\/grotta.is\/almennt\/styrktu-grottu-og-graena-skata-med-dosum-og-floskum\/#article\",\"isPartOf\":{\"@id\":\"https:\/\/grotta.is\/almennt\/styrktu-grottu-og-graena-skata-med-dosum-og-floskum\/\"},\"author\":{\"name\":\"Grotta\",\"@id\":\"https:\/\/grotta.is\/#\/schema\/person\/08ec57bf09ee925f1b6a01540c14a5ce\"},\"headline\":\"Styrktu Gr\u00f3ttu og Gr\u00e6na sk\u00e1ta me\u00f0 d\u00f3sum og fl\u00f6skum\",\"datePublished\":\"2020-12-23T22:38:28+00:00\",\"dateModified\":\"2020-12-23T22:50:54+00:00\",\"mainEntityOfPage\":{\"@id\":\"https:\/\/grotta.is\/almennt\/styrktu-grottu-og-graena-skata-med-dosum-og-floskum\/\"},\"wordCount\":67,\"publisher\":{\"@id\":\"https:\/\/grotta.is\/#organization\"},\"image\":{\"@id\":\"https:\/\/grotta.is\/almennt\/styrktu-grottu-og-graena-skata-med-dosum-og-floskum\/#primaryimage\"},\"thumbnailUrl\":\"https:\/\/grotta.is\/wp-content\/uploads\/2020\/12\/Grotta_logo_graenirskatar_logo.png\",\"articleSection\":[\"Almennt\"],\"inLanguage\":\"en-US\"},{\"@type\":\"WebPage\",\"@id\":\"https:\/\/grotta.is\/almennt\/styrktu-grottu-og-graena-skata-med-dosum-og-floskum\/\",\"url\":\"https:\/\/grotta.is\/almennt\/styrktu-grottu-og-graena-skata-med-dosum-og-floskum\/\",\"name\":\"Styrktu Gr\u00f3ttu og Gr\u00e6na sk\u00e1ta me\u00f0 d\u00f3sum og fl\u00f6skum - \u00cd\u00fer\u00f3ttaf\u00e9lagi\u00f0 Gr\u00f3tta\",\"isPartOf\":{\"@id\":\"https:\/\/grotta.is\/#website\"},\"primaryImageOfPage\":{\"@id\":\"https:\/\/grotta.is\/almennt\/styrktu-grottu-og-graena-skata-med-dosum-og-floskum\/#primaryimage\"},\"image\":{\"@id\":\"https:\/\/grotta.is\/almennt\/styrktu-grottu-og-graena-skata-med-dosum-og-floskum\/#primaryimage\"},\"thumbnailUrl\":\"https:\/\/grotta.is\/wp-content\/uploads\/2020\/12\/Grotta_logo_graenirskatar_logo.png\",\"datePublished\":\"2020-12-23T22:38:28+00:00\",\"dateModified\":\"2020-12-23T22:50:54+00:00\",\"breadcrumb\":{\"@id\":\"https:\/\/grotta.is\/almennt\/styrktu-grottu-og-graena-skata-med-dosum-og-floskum\/#breadcrumb\"},\"inLanguage\":\"en-US\",\"potentialAction\":[{\"@type\":\"ReadAction\",\"target\":[\"https:\/\/grotta.is\/almennt\/styrktu-grottu-og-graena-skata-med-dosum-og-floskum\/\"]}]},{\"@type\":\"ImageObject\",\"inLanguage\":\"en-US\",\"@id\":\"https:\/\/grotta.is\/almennt\/styrktu-grottu-og-graena-skata-med-dosum-og-floskum\/#primaryimage\",\"url\":\"https:\/\/grotta.is\/wp-content\/uploads\/2020\/12\/Grotta_logo_graenirskatar_logo.png\",\"contentUrl\":\"https:\/\/grotta.is\/wp-content\/uploads\/2020\/12\/Grotta_logo_graenirskatar_logo.png\",\"width\":1920,\"height\":1080},{\"@type\":\"BreadcrumbList\",\"@id\":\"https:\/\/grotta.is\/almennt\/styrktu-grottu-og-graena-skata-med-dosum-og-floskum\/#breadcrumb\",\"itemListElement\":[{\"@type\":\"ListItem\",\"position\":1,\"name\":\"Home\",\"item\":\"https:\/\/grotta.is\/\"},{\"@type\":\"ListItem\",\"position\":2,\"name\":\"Styrktu Gr\u00f3ttu og Gr\u00e6na sk\u00e1ta me\u00f0 d\u00f3sum og fl\u00f6skum\"}]},{\"@type\":\"WebSite\",\"@id\":\"https:\/\/grotta.is\/#website\",\"url\":\"https:\/\/grotta.is\/\",\"name\":\"\u00cd\u00fer\u00f3ttaf\u00e9lagi\u00f0 Gr\u00f3tta\",\"description\":\"\u00e1 Seltjarnarnesi\",\"publisher\":{\"@id\":\"https:\/\/grotta.is\/#organization\"},\"potentialAction\":[{\"@type\":\"SearchAction\",\"target\":{\"@type\":\"EntryPoint\",\"urlTemplate\":\"https:\/\/grotta.is\/?s={search_term_string}\"},\"query-input\":{\"@type\":\"PropertyValueSpecification\",\"valueRequired\":true,\"valueName\":\"search_term_string\"}}],\"inLanguage\":\"en-US\"},{\"@type\":\"Organization\",\"@id\":\"https:\/\/grotta.is\/#organization\",\"name\":\"\u00cd\u00fer\u00f3ttaf\u00e9lagi\u00f0 Gr\u00f3tta\",\"url\":\"https:\/\/grotta.is\/\",\"logo\":{\"@type\":\"ImageObject\",\"inLanguage\":\"en-US\",\"@id\":\"https:\/\/grotta.is\/#\/schema\/logo\/image\/\",\"url\":\"https:\/\/grotta.is\/wp-content\/uploads\/2020\/02\/ithrottafelagidgrotta_logo_512x512_transparent.png\",\"contentUrl\":\"https:\/\/grotta.is\/wp-content\/uploads\/2020\/02\/ithrottafelagidgrotta_logo_512x512_transparent.png\",\"width\":512,\"height\":512,\"caption\":\"\u00cd\u00fer\u00f3ttaf\u00e9lagi\u00f0 Gr\u00f3tta\"},\"image\":{\"@id\":\"https:\/\/grotta.is\/#\/schema\/logo\/image\/\"},\"sameAs\":[\"https:\/\/www.facebook.com\/grottasport\"]},{\"@type\":\"Person\",\"@id\":\"https:\/\/grotta.is\/#\/schema\/person\/08ec57bf09ee925f1b6a01540c14a5ce\",\"name\":\"Grotta\",\"url\":\"https:\/\/grotta.is\/en\/author\/inga\/\"}]}<\/script>\n<!-- \/ Yoast SEO plugin. -->","yoast_head_json":{"title":"Styrktu Gr\u00f3ttu og Gr\u00e6na sk\u00e1ta me\u00f0 d\u00f3sum og fl\u00f6skum - \u00cd\u00fer\u00f3ttaf\u00e9lagi\u00f0 Gr\u00f3tta","robots":{"index":"index","follow":"follow","max-snippet":"max-snippet:-1","max-image-preview":"max-image-preview:large","max-video-preview":"max-video-preview:-1"},"canonical":"https:\/\/grotta.is\/en\/almennt\/styrktu-grottu-og-graena-skata-med-dosum-og-floskum\/","og_locale":"en_US","og_type":"article","og_title":"Styrktu Gr\u00f3ttu og Gr\u00e6na sk\u00e1ta me\u00f0 d\u00f3sum og fl\u00f6skum - \u00cd\u00fer\u00f3ttaf\u00e9lagi\u00f0 Gr\u00f3tta","og_description":"\u00cd\u00fer\u00f3ttaf\u00e9lagi\u00f0 Gr\u00f3tta \u00ed samstarfi vi\u00f0 Gr\u00e6na sk\u00e1ta eru me\u00f0 tvo d\u00f3sag\u00e1ma vi\u00f0 inngang \u00ed\u00fer\u00f3ttami\u00f0st\u00f6\u00f0var Gr\u00f3ttu. Gr\u00f3ttuf\u00f3lk er hvatt til a\u00f0 koma skilagjaldsskyldum d\u00f3sum og fl\u00f6skum \u00ed \u00feessa g\u00e1ma og styrkja [&hellip;]","og_url":"https:\/\/grotta.is\/en\/almennt\/styrktu-grottu-og-graena-skata-med-dosum-og-floskum\/","og_site_name":"\u00cd\u00fer\u00f3ttaf\u00e9lagi\u00f0 Gr\u00f3tta","article_publisher":"https:\/\/www.facebook.com\/grottasport","article_published_time":"2020-12-23T22:38:28+00:00","article_modified_time":"2020-12-23T22:50:54+00:00","og_image":[{"width":1920,"height":1080,"url":"https:\/\/grotta.is\/wp-content\/uploads\/2020\/12\/Grotta_logo_graenirskatar_logo.png","type":"image\/png"}],"author":"Grotta","twitter_card":"summary_large_image","twitter_misc":{"Written by":"Grotta"},"schema":{"@context":"https:\/\/schema.org","@graph":[{"@type":"Article","@id":"https:\/\/grotta.is\/almennt\/styrktu-grottu-og-graena-skata-med-dosum-og-floskum\/#article","isPartOf":{"@id":"https:\/\/grotta.is\/almennt\/styrktu-grottu-og-graena-skata-med-dosum-og-floskum\/"},"author":{"name":"Grotta","@id":"https:\/\/grotta.is\/#\/schema\/person\/08ec57bf09ee925f1b6a01540c14a5ce"},"headline":"Styrktu Gr\u00f3ttu og Gr\u00e6na sk\u00e1ta me\u00f0 d\u00f3sum og fl\u00f6skum","datePublished":"2020-12-23T22:38:28+00:00","dateModified":"2020-12-23T22:50:54+00:00","mainEntityOfPage":{"@id":"https:\/\/grotta.is\/almennt\/styrktu-grottu-og-graena-skata-med-dosum-og-floskum\/"},"wordCount":67,"publisher":{"@id":"https:\/\/grotta.is\/#organization"},"image":{"@id":"https:\/\/grotta.is\/almennt\/styrktu-grottu-og-graena-skata-med-dosum-og-floskum\/#primaryimage"},"thumbnailUrl":"https:\/\/grotta.is\/wp-content\/uploads\/2020\/12\/Grotta_logo_graenirskatar_logo.png","articleSection":["Almennt"],"inLanguage":"en-US"},{"@type":"WebPage","@id":"https:\/\/grotta.is\/almennt\/styrktu-grottu-og-graena-skata-med-dosum-og-floskum\/","url":"https:\/\/grotta.is\/almennt\/styrktu-grottu-og-graena-skata-med-dosum-og-floskum\/","name":"Styrktu Gr\u00f3ttu og Gr\u00e6na sk\u00e1ta me\u00f0 d\u00f3sum og fl\u00f6skum - \u00cd\u00fer\u00f3ttaf\u00e9lagi\u00f0 Gr\u00f3tta","isPartOf":{"@id":"https:\/\/grotta.is\/#website"},"primaryImageOfPage":{"@id":"https:\/\/grotta.is\/almennt\/styrktu-grottu-og-graena-skata-med-dosum-og-floskum\/#primaryimage"},"image":{"@id":"https:\/\/grotta.is\/almennt\/styrktu-grottu-og-graena-skata-med-dosum-og-floskum\/#primaryimage"},"thumbnailUrl":"https:\/\/grotta.is\/wp-content\/uploads\/2020\/12\/Grotta_logo_graenirskatar_logo.png","datePublished":"2020-12-23T22:38:28+00:00","dateModified":"2020-12-23T22:50:54+00:00","breadcrumb":{"@id":"https:\/\/grotta.is\/almennt\/styrktu-grottu-og-graena-skata-med-dosum-og-floskum\/#breadcrumb"},"inLanguage":"en-US","potentialAction":[{"@type":"ReadAction","target":["https:\/\/grotta.is\/almennt\/styrktu-grottu-og-graena-skata-med-dosum-og-floskum\/"]}]},{"@type":"ImageObject","inLanguage":"en-US","@id":"https:\/\/grotta.is\/almennt\/styrktu-grottu-og-graena-skata-med-dosum-og-floskum\/#primaryimage","url":"https:\/\/grotta.is\/wp-content\/uploads\/2020\/12\/Grotta_logo_graenirskatar_logo.png","contentUrl":"https:\/\/grotta.is\/wp-content\/uploads\/2020\/12\/Grotta_logo_graenirskatar_logo.png","width":1920,"height":1080},{"@type":"BreadcrumbList","@id":"https:\/\/grotta.is\/almennt\/styrktu-grottu-og-graena-skata-med-dosum-og-floskum\/#breadcrumb","itemListElement":[{"@type":"ListItem","position":1,"name":"Home","item":"https:\/\/grotta.is\/"},{"@type":"ListItem","position":2,"name":"Styrktu Gr\u00f3ttu og Gr\u00e6na sk\u00e1ta me\u00f0 d\u00f3sum og fl\u00f6skum"}]},{"@type":"WebSite","@id":"https:\/\/grotta.is\/#website","url":"https:\/\/grotta.is\/","name":"\u00cd\u00fer\u00f3ttaf\u00e9lagi\u00f0 Gr\u00f3tta","description":"\u00e1 Seltjarnarnesi","publisher":{"@id":"https:\/\/grotta.is\/#organization"},"potentialAction":[{"@type":"SearchAction","target":{"@type":"EntryPoint","urlTemplate":"https:\/\/grotta.is\/?s={search_term_string}"},"query-input":{"@type":"PropertyValueSpecification","valueRequired":true,"valueName":"search_term_string"}}],"inLanguage":"en-US"},{"@type":"Organization","@id":"https:\/\/grotta.is\/#organization","name":"\u00cd\u00fer\u00f3ttaf\u00e9lagi\u00f0 Gr\u00f3tta","url":"https:\/\/grotta.is\/","logo":{"@type":"ImageObject","inLanguage":"en-US","@id":"https:\/\/grotta.is\/#\/schema\/logo\/image\/","url":"https:\/\/grotta.is\/wp-content\/uploads\/2020\/02\/ithrottafelagidgrotta_logo_512x512_transparent.png","contentUrl":"https:\/\/grotta.is\/wp-content\/uploads\/2020\/02\/ithrottafelagidgrotta_logo_512x512_transparent.png","width":512,"height":512,"caption":"\u00cd\u00fer\u00f3ttaf\u00e9lagi\u00f0 Gr\u00f3tta"},"image":{"@id":"https:\/\/grotta.is\/#\/schema\/logo\/image\/"},"sameAs":["https:\/\/www.facebook.com\/grottasport"]},{"@type":"Person","@id":"https:\/\/grotta.is\/#\/schema\/person\/08ec57bf09ee925f1b6a01540c14a5ce","name":"Grotta","url":"https:\/\/grotta.is\/en\/author\/inga\/"}]}},"_links":{"self":[{"href":"https:\/\/grotta.is\/en\/wp-json\/wp\/v2\/posts\/237620","targetHints":{"allow":["GET"]}}],"collection":[{"href":"https:\/\/grotta.is\/en\/wp-json\/wp\/v2\/posts"}],"about":[{"href":"https:\/\/grotta.is\/en\/wp-json\/wp\/v2\/types\/post"}],"author":[{"embeddable":true,"href":"https:\/\/grotta.is\/en\/wp-json\/wp\/v2\/users\/2"}],"replies":[{"embeddable":true,"href":"https:\/\/grotta.is\/en\/wp-json\/wp\/v2\/comments?post=237620"}],"version-history":[{"count":5,"href":"https:\/\/grotta.is\/en\/wp-json\/wp\/v2\/posts\/237620\/revisions"}],"predecessor-version":[{"id":237680,"href":"https:\/\/grotta.is\/en\/wp-json\/wp\/v2\/posts\/237620\/revisions\/237680"}],"wp:featuredmedia":[{"embeddable":true,"href":"https:\/\/grotta.is\/en\/wp-json\/wp\/v2\/media\/237642"}],"wp:attachment":[{"href":"https:\/\/grotta.is\/en\/wp-json\/wp\/v2\/media?parent=237620"}],"wp:term":[{"taxonomy":"category","embeddable":true,"href":"https:\/\/grotta.is\/en\/wp-json\/wp\/v2\/categories?post=237620"},{"taxonomy":"post_tag","embeddable":true,"href":"https:\/\/grotta.is\/en\/wp-json\/wp\/v2\/tags?post=237620"}],"curies":[{"name":"wp","href":"https:\/\/api.w.org\/{rel}","templated":true}]}}