{"id":2101,"date":"2020-04-16T16:08:08","date_gmt":"2020-04-16T16:08:08","guid":{"rendered":"https:\/\/grotta.is\/?p=2101"},"modified":"2020-04-18T22:29:53","modified_gmt":"2020-04-18T22:29:53","slug":"maksim-radinn-til-grottu","status":"publish","type":"post","link":"https:\/\/grotta.is\/en\/handknattleiksdeild\/maksim-radinn-til-grottu\/","title":{"rendered":"Maksim r\u00e1\u00f0inn til Gr\u00f3ttu"},"content":{"rendered":"<p>Maksim Akbachev hefur veri\u00f0 r\u00e1\u00f0inn \u00fej\u00e1lfari 4.flokk karla og kvenna hj\u00e1 Gr\u00f3ttu en auk \u00feeirra starfa mun Maksim ver\u00f0a a\u00f0sto\u00f0ar\u00fej\u00e1lfari meistaraflokks karla og sinna afreks\u00e6fingum hj\u00e1 f\u00e9laginu.<\/p><p>Maksim h\u00f3f \u00fej\u00e1lfaraferil sinn hj\u00e1 Val en hefur s\u00ed\u00f0astli\u00f0in 3 keppnist\u00edmabil \u00fej\u00e1lfa\u00f0 hj\u00e1 Haukum \u00fear sem hann hefur veri\u00f0 a\u00f0sto\u00f0ar\u00fej\u00e1lfari meistaraflokks karla en einnig st\u00fdr\u00f0i hann ungmennali\u00f0i f\u00e9lagsins \u00ed Grill-66 deildinni. Maksim hefur einnig komi\u00f0 a\u00f0 \u00fej\u00e1lfun yngri landsli\u00f0a \u00cdslands og st\u00fdr\u00f0i m.a U-17 \u00e1ra landsli\u00f0inu \u00ed 2 \u00e1r.<\/p><p>Me\u00f0 komu Maksim styrkist enn frekar \u00fej\u00e1lfarateymi deildarinnar og l\u00fdsir handknattleiksdeildin yfir mikilli \u00e1n\u00e6gju me\u00f0 a\u00f0 hafa n\u00e1\u00f0 a\u00f0 kl\u00f3festa jafn reynslumikinn og f\u00e6ran \u00fej\u00e1lfara.<\/p><p>Vi\u00f0 bj\u00f3\u00f0um Maksim hjartanlega velkominn \u00ed Gr\u00f3ttu og hl\u00f6kkum miki\u00f0 til a\u00f0 fylgjast me\u00f0 hans st\u00f6rfum \u00e1 komandi keppnist\u00edmabili!<\/p>","protected":false},"excerpt":{"rendered":"<p>Maksim Akbachev hefur veri\u00f0 r\u00e1\u00f0inn \u00fej\u00e1lfari 4.flokk karla og kvenna hj\u00e1 Gr\u00f3ttu en auk \u00feeirra starfa mun Maksim ver\u00f0a a\u00f0sto\u00f0ar\u00fej\u00e1lfari meistaraflokks karla og sinna afreks\u00e6fingum hj\u00e1 f\u00e9laginu.<\/p>","protected":false},"author":2,"featured_media":2102,"comment_status":"closed","ping_status":"closed","sticky":false,"template":"","format":"standard","meta":{"footnotes":""},"categories":[12],"tags":[13,20,15,33],"class_list":["post-2101","post","type-post","status-publish","format-standard","has-post-thumbnail","hentry","category-handknattleiksdeild","tag-handbolti","tag-mfl-kk","tag-yngri-flokkar","tag-thjalfarar"],"yoast_head":"<!-- This site is optimized with the Yoast SEO plugin v24.3 - https:\/\/yoast.com\/wordpress\/plugins\/seo\/ -->\n<title>Maksim r\u00e1\u00f0inn til Gr\u00f3ttu - \u00cd\u00fer\u00f3ttaf\u00e9lagi\u00f0 Gr\u00f3tta<\/title>\n<meta name=\"robots\" content=\"index, follow, max-snippet:-1, max-image-preview:large, max-video-preview:-1\" \/>\n<link rel=\"canonical\" href=\"https:\/\/grotta.is\/en\/handknattleiksdeild\/maksim-radinn-til-grottu\/\" \/>\n<meta property=\"og:locale\" content=\"en_US\" \/>\n<meta property=\"og:type\" content=\"article\" \/>\n<meta property=\"og:title\" content=\"Maksim r\u00e1\u00f0inn til Gr\u00f3ttu - \u00cd\u00fer\u00f3ttaf\u00e9lagi\u00f0 Gr\u00f3tta\" \/>\n<meta property=\"og:description\" content=\"Maksim Akbachev hefur veri\u00f0 r\u00e1\u00f0inn \u00fej\u00e1lfari 4.flokk karla og kvenna hj\u00e1 Gr\u00f3ttu en auk \u00feeirra starfa mun Maksim ver\u00f0a a\u00f0sto\u00f0ar\u00fej\u00e1lfari meistaraflokks karla og sinna afreks\u00e6fingum hj\u00e1 f\u00e9laginu.\" \/>\n<meta property=\"og:url\" content=\"https:\/\/grotta.is\/en\/handknattleiksdeild\/maksim-radinn-til-grottu\/\" \/>\n<meta property=\"og:site_name\" content=\"\u00cd\u00fer\u00f3ttaf\u00e9lagi\u00f0 Gr\u00f3tta\" \/>\n<meta property=\"article:publisher\" content=\"https:\/\/www.facebook.com\/grottasport\" \/>\n<meta property=\"article:published_time\" content=\"2020-04-16T16:08:08+00:00\" \/>\n<meta property=\"article:modified_time\" content=\"2020-04-18T22:29:53+00:00\" \/>\n<meta property=\"og:image\" content=\"https:\/\/grotta.is\/wp-content\/uploads\/2020\/04\/Grotta_Handbolti_mfl_kk_9.jpg\" \/>\n\t<meta property=\"og:image:width\" content=\"400\" \/>\n\t<meta property=\"og:image:height\" content=\"600\" \/>\n\t<meta property=\"og:image:type\" content=\"image\/jpeg\" \/>\n<meta name=\"author\" content=\"Grotta\" \/>\n<meta name=\"twitter:card\" content=\"summary_large_image\" \/>\n<meta name=\"twitter:label1\" content=\"Written by\" \/>\n\t<meta name=\"twitter:data1\" content=\"Grotta\" \/>\n\t<meta name=\"twitter:label2\" content=\"Est. reading time\" \/>\n\t<meta name=\"twitter:data2\" content=\"1 minute\" \/>\n<script type=\"application\/ld+json\" class=\"yoast-schema-graph\">{\"@context\":\"https:\/\/schema.org\",\"@graph\":[{\"@type\":\"Article\",\"@id\":\"https:\/\/grotta.is\/handknattleiksdeild\/maksim-radinn-til-grottu\/#article\",\"isPartOf\":{\"@id\":\"https:\/\/grotta.is\/handknattleiksdeild\/maksim-radinn-til-grottu\/\"},\"author\":{\"name\":\"Grotta\",\"@id\":\"https:\/\/grotta.is\/#\/schema\/person\/08ec57bf09ee925f1b6a01540c14a5ce\"},\"headline\":\"Maksim r\u00e1\u00f0inn til Gr\u00f3ttu\",\"datePublished\":\"2020-04-16T16:08:08+00:00\",\"dateModified\":\"2020-04-18T22:29:53+00:00\",\"mainEntityOfPage\":{\"@id\":\"https:\/\/grotta.is\/handknattleiksdeild\/maksim-radinn-til-grottu\/\"},\"wordCount\":161,\"publisher\":{\"@id\":\"https:\/\/grotta.is\/#organization\"},\"image\":{\"@id\":\"https:\/\/grotta.is\/handknattleiksdeild\/maksim-radinn-til-grottu\/#primaryimage\"},\"thumbnailUrl\":\"https:\/\/grotta.is\/wp-content\/uploads\/2020\/04\/Grotta_Handbolti_mfl_kk_9.jpg\",\"keywords\":[\"Handbolti\",\"Mfl.kk\",\"Yngri flokkar\",\"\u00dej\u00e1lfarar\"],\"articleSection\":[\"Handknattleiksdeild\"],\"inLanguage\":\"en-US\"},{\"@type\":\"WebPage\",\"@id\":\"https:\/\/grotta.is\/handknattleiksdeild\/maksim-radinn-til-grottu\/\",\"url\":\"https:\/\/grotta.is\/handknattleiksdeild\/maksim-radinn-til-grottu\/\",\"name\":\"Maksim r\u00e1\u00f0inn til Gr\u00f3ttu - \u00cd\u00fer\u00f3ttaf\u00e9lagi\u00f0 Gr\u00f3tta\",\"isPartOf\":{\"@id\":\"https:\/\/grotta.is\/#website\"},\"primaryImageOfPage\":{\"@id\":\"https:\/\/grotta.is\/handknattleiksdeild\/maksim-radinn-til-grottu\/#primaryimage\"},\"image\":{\"@id\":\"https:\/\/grotta.is\/handknattleiksdeild\/maksim-radinn-til-grottu\/#primaryimage\"},\"thumbnailUrl\":\"https:\/\/grotta.is\/wp-content\/uploads\/2020\/04\/Grotta_Handbolti_mfl_kk_9.jpg\",\"datePublished\":\"2020-04-16T16:08:08+00:00\",\"dateModified\":\"2020-04-18T22:29:53+00:00\",\"breadcrumb\":{\"@id\":\"https:\/\/grotta.is\/handknattleiksdeild\/maksim-radinn-til-grottu\/#breadcrumb\"},\"inLanguage\":\"en-US\",\"potentialAction\":[{\"@type\":\"ReadAction\",\"target\":[\"https:\/\/grotta.is\/handknattleiksdeild\/maksim-radinn-til-grottu\/\"]}]},{\"@type\":\"ImageObject\",\"inLanguage\":\"en-US\",\"@id\":\"https:\/\/grotta.is\/handknattleiksdeild\/maksim-radinn-til-grottu\/#primaryimage\",\"url\":\"https:\/\/grotta.is\/wp-content\/uploads\/2020\/04\/Grotta_Handbolti_mfl_kk_9.jpg\",\"contentUrl\":\"https:\/\/grotta.is\/wp-content\/uploads\/2020\/04\/Grotta_Handbolti_mfl_kk_9.jpg\",\"width\":400,\"height\":600},{\"@type\":\"BreadcrumbList\",\"@id\":\"https:\/\/grotta.is\/handknattleiksdeild\/maksim-radinn-til-grottu\/#breadcrumb\",\"itemListElement\":[{\"@type\":\"ListItem\",\"position\":1,\"name\":\"Home\",\"item\":\"https:\/\/grotta.is\/\"},{\"@type\":\"ListItem\",\"position\":2,\"name\":\"Maksim r\u00e1\u00f0inn til Gr\u00f3ttu\"}]},{\"@type\":\"WebSite\",\"@id\":\"https:\/\/grotta.is\/#website\",\"url\":\"https:\/\/grotta.is\/\",\"name\":\"\u00cd\u00fer\u00f3ttaf\u00e9lagi\u00f0 Gr\u00f3tta\",\"description\":\"\u00e1 Seltjarnarnesi\",\"publisher\":{\"@id\":\"https:\/\/grotta.is\/#organization\"},\"potentialAction\":[{\"@type\":\"SearchAction\",\"target\":{\"@type\":\"EntryPoint\",\"urlTemplate\":\"https:\/\/grotta.is\/?s={search_term_string}\"},\"query-input\":{\"@type\":\"PropertyValueSpecification\",\"valueRequired\":true,\"valueName\":\"search_term_string\"}}],\"inLanguage\":\"en-US\"},{\"@type\":\"Organization\",\"@id\":\"https:\/\/grotta.is\/#organization\",\"name\":\"\u00cd\u00fer\u00f3ttaf\u00e9lagi\u00f0 Gr\u00f3tta\",\"url\":\"https:\/\/grotta.is\/\",\"logo\":{\"@type\":\"ImageObject\",\"inLanguage\":\"en-US\",\"@id\":\"https:\/\/grotta.is\/#\/schema\/logo\/image\/\",\"url\":\"https:\/\/grotta.is\/wp-content\/uploads\/2020\/02\/ithrottafelagidgrotta_logo_512x512_transparent.png\",\"contentUrl\":\"https:\/\/grotta.is\/wp-content\/uploads\/2020\/02\/ithrottafelagidgrotta_logo_512x512_transparent.png\",\"width\":512,\"height\":512,\"caption\":\"\u00cd\u00fer\u00f3ttaf\u00e9lagi\u00f0 Gr\u00f3tta\"},\"image\":{\"@id\":\"https:\/\/grotta.is\/#\/schema\/logo\/image\/\"},\"sameAs\":[\"https:\/\/www.facebook.com\/grottasport\"]},{\"@type\":\"Person\",\"@id\":\"https:\/\/grotta.is\/#\/schema\/person\/08ec57bf09ee925f1b6a01540c14a5ce\",\"name\":\"Grotta\",\"url\":\"https:\/\/grotta.is\/en\/author\/inga\/\"}]}<\/script>\n<!-- \/ Yoast SEO plugin. -->","yoast_head_json":{"title":"Maksim r\u00e1\u00f0inn til Gr\u00f3ttu - \u00cd\u00fer\u00f3ttaf\u00e9lagi\u00f0 Gr\u00f3tta","robots":{"index":"index","follow":"follow","max-snippet":"max-snippet:-1","max-image-preview":"max-image-preview:large","max-video-preview":"max-video-preview:-1"},"canonical":"https:\/\/grotta.is\/en\/handknattleiksdeild\/maksim-radinn-til-grottu\/","og_locale":"en_US","og_type":"article","og_title":"Maksim r\u00e1\u00f0inn til Gr\u00f3ttu - \u00cd\u00fer\u00f3ttaf\u00e9lagi\u00f0 Gr\u00f3tta","og_description":"Maksim Akbachev hefur veri\u00f0 r\u00e1\u00f0inn \u00fej\u00e1lfari 4.flokk karla og kvenna hj\u00e1 Gr\u00f3ttu en auk \u00feeirra starfa mun Maksim ver\u00f0a a\u00f0sto\u00f0ar\u00fej\u00e1lfari meistaraflokks karla og sinna afreks\u00e6fingum hj\u00e1 f\u00e9laginu.","og_url":"https:\/\/grotta.is\/en\/handknattleiksdeild\/maksim-radinn-til-grottu\/","og_site_name":"\u00cd\u00fer\u00f3ttaf\u00e9lagi\u00f0 Gr\u00f3tta","article_publisher":"https:\/\/www.facebook.com\/grottasport","article_published_time":"2020-04-16T16:08:08+00:00","article_modified_time":"2020-04-18T22:29:53+00:00","og_image":[{"width":400,"height":600,"url":"https:\/\/grotta.is\/wp-content\/uploads\/2020\/04\/Grotta_Handbolti_mfl_kk_9.jpg","type":"image\/jpeg"}],"author":"Grotta","twitter_card":"summary_large_image","twitter_misc":{"Written by":"Grotta","Est. reading time":"1 minute"},"schema":{"@context":"https:\/\/schema.org","@graph":[{"@type":"Article","@id":"https:\/\/grotta.is\/handknattleiksdeild\/maksim-radinn-til-grottu\/#article","isPartOf":{"@id":"https:\/\/grotta.is\/handknattleiksdeild\/maksim-radinn-til-grottu\/"},"author":{"name":"Grotta","@id":"https:\/\/grotta.is\/#\/schema\/person\/08ec57bf09ee925f1b6a01540c14a5ce"},"headline":"Maksim r\u00e1\u00f0inn til Gr\u00f3ttu","datePublished":"2020-04-16T16:08:08+00:00","dateModified":"2020-04-18T22:29:53+00:00","mainEntityOfPage":{"@id":"https:\/\/grotta.is\/handknattleiksdeild\/maksim-radinn-til-grottu\/"},"wordCount":161,"publisher":{"@id":"https:\/\/grotta.is\/#organization"},"image":{"@id":"https:\/\/grotta.is\/handknattleiksdeild\/maksim-radinn-til-grottu\/#primaryimage"},"thumbnailUrl":"https:\/\/grotta.is\/wp-content\/uploads\/2020\/04\/Grotta_Handbolti_mfl_kk_9.jpg","keywords":["Handbolti","Mfl.kk","Yngri flokkar","\u00dej\u00e1lfarar"],"articleSection":["Handknattleiksdeild"],"inLanguage":"en-US"},{"@type":"WebPage","@id":"https:\/\/grotta.is\/handknattleiksdeild\/maksim-radinn-til-grottu\/","url":"https:\/\/grotta.is\/handknattleiksdeild\/maksim-radinn-til-grottu\/","name":"Maksim r\u00e1\u00f0inn til Gr\u00f3ttu - \u00cd\u00fer\u00f3ttaf\u00e9lagi\u00f0 Gr\u00f3tta","isPartOf":{"@id":"https:\/\/grotta.is\/#website"},"primaryImageOfPage":{"@id":"https:\/\/grotta.is\/handknattleiksdeild\/maksim-radinn-til-grottu\/#primaryimage"},"image":{"@id":"https:\/\/grotta.is\/handknattleiksdeild\/maksim-radinn-til-grottu\/#primaryimage"},"thumbnailUrl":"https:\/\/grotta.is\/wp-content\/uploads\/2020\/04\/Grotta_Handbolti_mfl_kk_9.jpg","datePublished":"2020-04-16T16:08:08+00:00","dateModified":"2020-04-18T22:29:53+00:00","breadcrumb":{"@id":"https:\/\/grotta.is\/handknattleiksdeild\/maksim-radinn-til-grottu\/#breadcrumb"},"inLanguage":"en-US","potentialAction":[{"@type":"ReadAction","target":["https:\/\/grotta.is\/handknattleiksdeild\/maksim-radinn-til-grottu\/"]}]},{"@type":"ImageObject","inLanguage":"en-US","@id":"https:\/\/grotta.is\/handknattleiksdeild\/maksim-radinn-til-grottu\/#primaryimage","url":"https:\/\/grotta.is\/wp-content\/uploads\/2020\/04\/Grotta_Handbolti_mfl_kk_9.jpg","contentUrl":"https:\/\/grotta.is\/wp-content\/uploads\/2020\/04\/Grotta_Handbolti_mfl_kk_9.jpg","width":400,"height":600},{"@type":"BreadcrumbList","@id":"https:\/\/grotta.is\/handknattleiksdeild\/maksim-radinn-til-grottu\/#breadcrumb","itemListElement":[{"@type":"ListItem","position":1,"name":"Home","item":"https:\/\/grotta.is\/"},{"@type":"ListItem","position":2,"name":"Maksim r\u00e1\u00f0inn til Gr\u00f3ttu"}]},{"@type":"WebSite","@id":"https:\/\/grotta.is\/#website","url":"https:\/\/grotta.is\/","name":"\u00cd\u00fer\u00f3ttaf\u00e9lagi\u00f0 Gr\u00f3tta","description":"\u00e1 Seltjarnarnesi","publisher":{"@id":"https:\/\/grotta.is\/#organization"},"potentialAction":[{"@type":"SearchAction","target":{"@type":"EntryPoint","urlTemplate":"https:\/\/grotta.is\/?s={search_term_string}"},"query-input":{"@type":"PropertyValueSpecification","valueRequired":true,"valueName":"search_term_string"}}],"inLanguage":"en-US"},{"@type":"Organization","@id":"https:\/\/grotta.is\/#organization","name":"\u00cd\u00fer\u00f3ttaf\u00e9lagi\u00f0 Gr\u00f3tta","url":"https:\/\/grotta.is\/","logo":{"@type":"ImageObject","inLanguage":"en-US","@id":"https:\/\/grotta.is\/#\/schema\/logo\/image\/","url":"https:\/\/grotta.is\/wp-content\/uploads\/2020\/02\/ithrottafelagidgrotta_logo_512x512_transparent.png","contentUrl":"https:\/\/grotta.is\/wp-content\/uploads\/2020\/02\/ithrottafelagidgrotta_logo_512x512_transparent.png","width":512,"height":512,"caption":"\u00cd\u00fer\u00f3ttaf\u00e9lagi\u00f0 Gr\u00f3tta"},"image":{"@id":"https:\/\/grotta.is\/#\/schema\/logo\/image\/"},"sameAs":["https:\/\/www.facebook.com\/grottasport"]},{"@type":"Person","@id":"https:\/\/grotta.is\/#\/schema\/person\/08ec57bf09ee925f1b6a01540c14a5ce","name":"Grotta","url":"https:\/\/grotta.is\/en\/author\/inga\/"}]}},"_links":{"self":[{"href":"https:\/\/grotta.is\/en\/wp-json\/wp\/v2\/posts\/2101","targetHints":{"allow":["GET"]}}],"collection":[{"href":"https:\/\/grotta.is\/en\/wp-json\/wp\/v2\/posts"}],"about":[{"href":"https:\/\/grotta.is\/en\/wp-json\/wp\/v2\/types\/post"}],"author":[{"embeddable":true,"href":"https:\/\/grotta.is\/en\/wp-json\/wp\/v2\/users\/2"}],"replies":[{"embeddable":true,"href":"https:\/\/grotta.is\/en\/wp-json\/wp\/v2\/comments?post=2101"}],"version-history":[{"count":0,"href":"https:\/\/grotta.is\/en\/wp-json\/wp\/v2\/posts\/2101\/revisions"}],"wp:featuredmedia":[{"embeddable":true,"href":"https:\/\/grotta.is\/en\/wp-json\/wp\/v2\/media\/2102"}],"wp:attachment":[{"href":"https:\/\/grotta.is\/en\/wp-json\/wp\/v2\/media?parent=2101"}],"wp:term":[{"taxonomy":"category","embeddable":true,"href":"https:\/\/grotta.is\/en\/wp-json\/wp\/v2\/categories?post=2101"},{"taxonomy":"post_tag","embeddable":true,"href":"https:\/\/grotta.is\/en\/wp-json\/wp\/v2\/tags?post=2101"}],"curies":[{"name":"wp","href":"https:\/\/api.w.org\/{rel}","templated":true}]}}