{"id":2098,"date":"2020-04-16T15:51:17","date_gmt":"2020-04-16T15:51:17","guid":{"rendered":"https:\/\/grotta.is\/?p=2098"},"modified":"2020-04-16T15:51:17","modified_gmt":"2020-04-16T15:51:17","slug":"hannes-grimm-snyr-aftur","status":"publish","type":"post","link":"https:\/\/grotta.is\/en\/handknattleiksdeild\/hannes-grimm-snyr-aftur\/","title":{"rendered":"Hannes Grimm sn\u00fdr aftur!"},"content":{"rendered":"<p>L\u00ednuma\u00f0urinn og varnarjaxlinn Hannes Grimm mun sn\u00faa aftur til Gr\u00f3ttu fyrir komandi keppnist\u00edmabil en Hannes hefur \u00e1 n\u00faverandi keppnist\u00edmabili leiki\u00f0 \u00e1 l\u00e1ni me\u00f0 Stj\u00f6rnunni.<\/p><p>Hannes \u00fearft vart a\u00f0 kynna fyrir Gr\u00f3ttu f\u00f3lki en hann er uppalinn hj\u00e1 f\u00e9laginu og hefur \u00fer\u00e1tt fyrir ungan aldur leiki\u00f0 yfir 50 leiki \u00ed Ol\u00eds-deildinni. Auk \u00feess hefur Hannes \u00fej\u00e1lfa\u00f0 hj\u00e1 f\u00e9laginu s\u00ed\u00f0astli\u00f0in \u00e1r og \u00fev\u00ed \u00f6llum hn\u00fatum kunnugur.<\/p><p>Handknattleiksdeildin er gr\u00ed\u00f0arlega \u00e1n\u00e6g\u00f0 me\u00f0 a\u00f0 f\u00e1 Hannes aftur enda mun hann styrkja Gr\u00f3ttu-li\u00f0i\u00f0 umtalsvert fyrir \u00e1t\u00f6kin \u00ed vetur.<\/p><p>Vi\u00f0 bj\u00f3\u00f0um Hannes velkominn tilbaka!<\/p>","protected":false},"excerpt":{"rendered":"<p>L\u00ednuma\u00f0urinn og varnarjaxlinn Hannes Grimm mun sn\u00faa aftur til Gr\u00f3ttu fyrir komandi keppnist\u00edmabil en Hannes hefur \u00e1 n\u00faverandi keppnist\u00edmabili leiki\u00f0 \u00e1 l\u00e1ni me\u00f0 Stj\u00f6rnunni.<\/p>","protected":false},"author":2,"featured_media":2099,"comment_status":"closed","ping_status":"closed","sticky":false,"template":"","format":"standard","meta":{"footnotes":""},"categories":[12],"tags":[13,17,20],"class_list":["post-2098","post","type-post","status-publish","format-standard","has-post-thumbnail","hentry","category-handknattleiksdeild","tag-handbolti","tag-leikmenn","tag-mfl-kk"],"yoast_head":"<!-- This site is optimized with the Yoast SEO plugin v24.3 - https:\/\/yoast.com\/wordpress\/plugins\/seo\/ -->\n<title>Hannes Grimm sn\u00fdr aftur! - \u00cd\u00fer\u00f3ttaf\u00e9lagi\u00f0 Gr\u00f3tta<\/title>\n<meta name=\"robots\" content=\"index, follow, max-snippet:-1, max-image-preview:large, max-video-preview:-1\" \/>\n<link rel=\"canonical\" href=\"https:\/\/grotta.is\/en\/handknattleiksdeild\/hannes-grimm-snyr-aftur\/\" \/>\n<meta property=\"og:locale\" content=\"en_US\" \/>\n<meta property=\"og:type\" content=\"article\" \/>\n<meta property=\"og:title\" content=\"Hannes Grimm sn\u00fdr aftur! - \u00cd\u00fer\u00f3ttaf\u00e9lagi\u00f0 Gr\u00f3tta\" \/>\n<meta property=\"og:description\" content=\"L\u00ednuma\u00f0urinn og varnarjaxlinn Hannes Grimm mun sn\u00faa aftur til Gr\u00f3ttu fyrir komandi keppnist\u00edmabil en Hannes hefur \u00e1 n\u00faverandi keppnist\u00edmabili leiki\u00f0 \u00e1 l\u00e1ni me\u00f0 Stj\u00f6rnunni.\" \/>\n<meta property=\"og:url\" content=\"https:\/\/grotta.is\/en\/handknattleiksdeild\/hannes-grimm-snyr-aftur\/\" \/>\n<meta property=\"og:site_name\" content=\"\u00cd\u00fer\u00f3ttaf\u00e9lagi\u00f0 Gr\u00f3tta\" \/>\n<meta property=\"article:publisher\" content=\"https:\/\/www.facebook.com\/grottasport\" \/>\n<meta property=\"article:published_time\" content=\"2020-04-16T15:51:17+00:00\" \/>\n<meta property=\"og:image\" content=\"https:\/\/grotta.is\/wp-content\/uploads\/2020\/04\/Grotta_Handbolti_mfl_kk_8.jpg\" \/>\n\t<meta property=\"og:image:width\" content=\"1640\" \/>\n\t<meta property=\"og:image:height\" content=\"1093\" \/>\n\t<meta property=\"og:image:type\" content=\"image\/jpeg\" \/>\n<meta name=\"author\" content=\"Grotta\" \/>\n<meta name=\"twitter:card\" content=\"summary_large_image\" \/>\n<meta name=\"twitter:label1\" content=\"Written by\" \/>\n\t<meta name=\"twitter:data1\" content=\"Grotta\" \/>\n\t<meta name=\"twitter:label2\" content=\"Est. reading time\" \/>\n\t<meta name=\"twitter:data2\" content=\"1 minute\" \/>\n<script type=\"application\/ld+json\" class=\"yoast-schema-graph\">{\"@context\":\"https:\/\/schema.org\",\"@graph\":[{\"@type\":\"Article\",\"@id\":\"https:\/\/grotta.is\/handknattleiksdeild\/hannes-grimm-snyr-aftur\/#article\",\"isPartOf\":{\"@id\":\"https:\/\/grotta.is\/handknattleiksdeild\/hannes-grimm-snyr-aftur\/\"},\"author\":{\"name\":\"Grotta\",\"@id\":\"https:\/\/grotta.is\/#\/schema\/person\/08ec57bf09ee925f1b6a01540c14a5ce\"},\"headline\":\"Hannes Grimm sn\u00fdr aftur!\",\"datePublished\":\"2020-04-16T15:51:17+00:00\",\"dateModified\":\"2020-04-16T15:51:17+00:00\",\"mainEntityOfPage\":{\"@id\":\"https:\/\/grotta.is\/handknattleiksdeild\/hannes-grimm-snyr-aftur\/\"},\"wordCount\":113,\"publisher\":{\"@id\":\"https:\/\/grotta.is\/#organization\"},\"image\":{\"@id\":\"https:\/\/grotta.is\/handknattleiksdeild\/hannes-grimm-snyr-aftur\/#primaryimage\"},\"thumbnailUrl\":\"https:\/\/grotta.is\/wp-content\/uploads\/2020\/04\/Grotta_Handbolti_mfl_kk_8.jpg\",\"keywords\":[\"Handbolti\",\"Leikmenn\",\"Mfl.kk\"],\"articleSection\":[\"Handknattleiksdeild\"],\"inLanguage\":\"en-US\"},{\"@type\":\"WebPage\",\"@id\":\"https:\/\/grotta.is\/handknattleiksdeild\/hannes-grimm-snyr-aftur\/\",\"url\":\"https:\/\/grotta.is\/handknattleiksdeild\/hannes-grimm-snyr-aftur\/\",\"name\":\"Hannes Grimm sn\u00fdr aftur! - \u00cd\u00fer\u00f3ttaf\u00e9lagi\u00f0 Gr\u00f3tta\",\"isPartOf\":{\"@id\":\"https:\/\/grotta.is\/#website\"},\"primaryImageOfPage\":{\"@id\":\"https:\/\/grotta.is\/handknattleiksdeild\/hannes-grimm-snyr-aftur\/#primaryimage\"},\"image\":{\"@id\":\"https:\/\/grotta.is\/handknattleiksdeild\/hannes-grimm-snyr-aftur\/#primaryimage\"},\"thumbnailUrl\":\"https:\/\/grotta.is\/wp-content\/uploads\/2020\/04\/Grotta_Handbolti_mfl_kk_8.jpg\",\"datePublished\":\"2020-04-16T15:51:17+00:00\",\"dateModified\":\"2020-04-16T15:51:17+00:00\",\"breadcrumb\":{\"@id\":\"https:\/\/grotta.is\/handknattleiksdeild\/hannes-grimm-snyr-aftur\/#breadcrumb\"},\"inLanguage\":\"en-US\",\"potentialAction\":[{\"@type\":\"ReadAction\",\"target\":[\"https:\/\/grotta.is\/handknattleiksdeild\/hannes-grimm-snyr-aftur\/\"]}]},{\"@type\":\"ImageObject\",\"inLanguage\":\"en-US\",\"@id\":\"https:\/\/grotta.is\/handknattleiksdeild\/hannes-grimm-snyr-aftur\/#primaryimage\",\"url\":\"https:\/\/grotta.is\/wp-content\/uploads\/2020\/04\/Grotta_Handbolti_mfl_kk_8.jpg\",\"contentUrl\":\"https:\/\/grotta.is\/wp-content\/uploads\/2020\/04\/Grotta_Handbolti_mfl_kk_8.jpg\",\"width\":1640,\"height\":1093},{\"@type\":\"BreadcrumbList\",\"@id\":\"https:\/\/grotta.is\/handknattleiksdeild\/hannes-grimm-snyr-aftur\/#breadcrumb\",\"itemListElement\":[{\"@type\":\"ListItem\",\"position\":1,\"name\":\"Home\",\"item\":\"https:\/\/grotta.is\/\"},{\"@type\":\"ListItem\",\"position\":2,\"name\":\"Hannes Grimm sn\u00fdr aftur!\"}]},{\"@type\":\"WebSite\",\"@id\":\"https:\/\/grotta.is\/#website\",\"url\":\"https:\/\/grotta.is\/\",\"name\":\"\u00cd\u00fer\u00f3ttaf\u00e9lagi\u00f0 Gr\u00f3tta\",\"description\":\"\u00e1 Seltjarnarnesi\",\"publisher\":{\"@id\":\"https:\/\/grotta.is\/#organization\"},\"potentialAction\":[{\"@type\":\"SearchAction\",\"target\":{\"@type\":\"EntryPoint\",\"urlTemplate\":\"https:\/\/grotta.is\/?s={search_term_string}\"},\"query-input\":{\"@type\":\"PropertyValueSpecification\",\"valueRequired\":true,\"valueName\":\"search_term_string\"}}],\"inLanguage\":\"en-US\"},{\"@type\":\"Organization\",\"@id\":\"https:\/\/grotta.is\/#organization\",\"name\":\"\u00cd\u00fer\u00f3ttaf\u00e9lagi\u00f0 Gr\u00f3tta\",\"url\":\"https:\/\/grotta.is\/\",\"logo\":{\"@type\":\"ImageObject\",\"inLanguage\":\"en-US\",\"@id\":\"https:\/\/grotta.is\/#\/schema\/logo\/image\/\",\"url\":\"https:\/\/grotta.is\/wp-content\/uploads\/2020\/02\/ithrottafelagidgrotta_logo_512x512_transparent.png\",\"contentUrl\":\"https:\/\/grotta.is\/wp-content\/uploads\/2020\/02\/ithrottafelagidgrotta_logo_512x512_transparent.png\",\"width\":512,\"height\":512,\"caption\":\"\u00cd\u00fer\u00f3ttaf\u00e9lagi\u00f0 Gr\u00f3tta\"},\"image\":{\"@id\":\"https:\/\/grotta.is\/#\/schema\/logo\/image\/\"},\"sameAs\":[\"https:\/\/www.facebook.com\/grottasport\"]},{\"@type\":\"Person\",\"@id\":\"https:\/\/grotta.is\/#\/schema\/person\/08ec57bf09ee925f1b6a01540c14a5ce\",\"name\":\"Grotta\",\"url\":\"https:\/\/grotta.is\/en\/author\/inga\/\"}]}<\/script>\n<!-- \/ Yoast SEO plugin. -->","yoast_head_json":{"title":"Hannes Grimm sn\u00fdr aftur! - \u00cd\u00fer\u00f3ttaf\u00e9lagi\u00f0 Gr\u00f3tta","robots":{"index":"index","follow":"follow","max-snippet":"max-snippet:-1","max-image-preview":"max-image-preview:large","max-video-preview":"max-video-preview:-1"},"canonical":"https:\/\/grotta.is\/en\/handknattleiksdeild\/hannes-grimm-snyr-aftur\/","og_locale":"en_US","og_type":"article","og_title":"Hannes Grimm sn\u00fdr aftur! - \u00cd\u00fer\u00f3ttaf\u00e9lagi\u00f0 Gr\u00f3tta","og_description":"L\u00ednuma\u00f0urinn og varnarjaxlinn Hannes Grimm mun sn\u00faa aftur til Gr\u00f3ttu fyrir komandi keppnist\u00edmabil en Hannes hefur \u00e1 n\u00faverandi keppnist\u00edmabili leiki\u00f0 \u00e1 l\u00e1ni me\u00f0 Stj\u00f6rnunni.","og_url":"https:\/\/grotta.is\/en\/handknattleiksdeild\/hannes-grimm-snyr-aftur\/","og_site_name":"\u00cd\u00fer\u00f3ttaf\u00e9lagi\u00f0 Gr\u00f3tta","article_publisher":"https:\/\/www.facebook.com\/grottasport","article_published_time":"2020-04-16T15:51:17+00:00","og_image":[{"width":1640,"height":1093,"url":"https:\/\/grotta.is\/wp-content\/uploads\/2020\/04\/Grotta_Handbolti_mfl_kk_8.jpg","type":"image\/jpeg"}],"author":"Grotta","twitter_card":"summary_large_image","twitter_misc":{"Written by":"Grotta","Est. reading time":"1 minute"},"schema":{"@context":"https:\/\/schema.org","@graph":[{"@type":"Article","@id":"https:\/\/grotta.is\/handknattleiksdeild\/hannes-grimm-snyr-aftur\/#article","isPartOf":{"@id":"https:\/\/grotta.is\/handknattleiksdeild\/hannes-grimm-snyr-aftur\/"},"author":{"name":"Grotta","@id":"https:\/\/grotta.is\/#\/schema\/person\/08ec57bf09ee925f1b6a01540c14a5ce"},"headline":"Hannes Grimm sn\u00fdr aftur!","datePublished":"2020-04-16T15:51:17+00:00","dateModified":"2020-04-16T15:51:17+00:00","mainEntityOfPage":{"@id":"https:\/\/grotta.is\/handknattleiksdeild\/hannes-grimm-snyr-aftur\/"},"wordCount":113,"publisher":{"@id":"https:\/\/grotta.is\/#organization"},"image":{"@id":"https:\/\/grotta.is\/handknattleiksdeild\/hannes-grimm-snyr-aftur\/#primaryimage"},"thumbnailUrl":"https:\/\/grotta.is\/wp-content\/uploads\/2020\/04\/Grotta_Handbolti_mfl_kk_8.jpg","keywords":["Handbolti","Leikmenn","Mfl.kk"],"articleSection":["Handknattleiksdeild"],"inLanguage":"en-US"},{"@type":"WebPage","@id":"https:\/\/grotta.is\/handknattleiksdeild\/hannes-grimm-snyr-aftur\/","url":"https:\/\/grotta.is\/handknattleiksdeild\/hannes-grimm-snyr-aftur\/","name":"Hannes Grimm sn\u00fdr aftur! - \u00cd\u00fer\u00f3ttaf\u00e9lagi\u00f0 Gr\u00f3tta","isPartOf":{"@id":"https:\/\/grotta.is\/#website"},"primaryImageOfPage":{"@id":"https:\/\/grotta.is\/handknattleiksdeild\/hannes-grimm-snyr-aftur\/#primaryimage"},"image":{"@id":"https:\/\/grotta.is\/handknattleiksdeild\/hannes-grimm-snyr-aftur\/#primaryimage"},"thumbnailUrl":"https:\/\/grotta.is\/wp-content\/uploads\/2020\/04\/Grotta_Handbolti_mfl_kk_8.jpg","datePublished":"2020-04-16T15:51:17+00:00","dateModified":"2020-04-16T15:51:17+00:00","breadcrumb":{"@id":"https:\/\/grotta.is\/handknattleiksdeild\/hannes-grimm-snyr-aftur\/#breadcrumb"},"inLanguage":"en-US","potentialAction":[{"@type":"ReadAction","target":["https:\/\/grotta.is\/handknattleiksdeild\/hannes-grimm-snyr-aftur\/"]}]},{"@type":"ImageObject","inLanguage":"en-US","@id":"https:\/\/grotta.is\/handknattleiksdeild\/hannes-grimm-snyr-aftur\/#primaryimage","url":"https:\/\/grotta.is\/wp-content\/uploads\/2020\/04\/Grotta_Handbolti_mfl_kk_8.jpg","contentUrl":"https:\/\/grotta.is\/wp-content\/uploads\/2020\/04\/Grotta_Handbolti_mfl_kk_8.jpg","width":1640,"height":1093},{"@type":"BreadcrumbList","@id":"https:\/\/grotta.is\/handknattleiksdeild\/hannes-grimm-snyr-aftur\/#breadcrumb","itemListElement":[{"@type":"ListItem","position":1,"name":"Home","item":"https:\/\/grotta.is\/"},{"@type":"ListItem","position":2,"name":"Hannes Grimm sn\u00fdr aftur!"}]},{"@type":"WebSite","@id":"https:\/\/grotta.is\/#website","url":"https:\/\/grotta.is\/","name":"\u00cd\u00fer\u00f3ttaf\u00e9lagi\u00f0 Gr\u00f3tta","description":"\u00e1 Seltjarnarnesi","publisher":{"@id":"https:\/\/grotta.is\/#organization"},"potentialAction":[{"@type":"SearchAction","target":{"@type":"EntryPoint","urlTemplate":"https:\/\/grotta.is\/?s={search_term_string}"},"query-input":{"@type":"PropertyValueSpecification","valueRequired":true,"valueName":"search_term_string"}}],"inLanguage":"en-US"},{"@type":"Organization","@id":"https:\/\/grotta.is\/#organization","name":"\u00cd\u00fer\u00f3ttaf\u00e9lagi\u00f0 Gr\u00f3tta","url":"https:\/\/grotta.is\/","logo":{"@type":"ImageObject","inLanguage":"en-US","@id":"https:\/\/grotta.is\/#\/schema\/logo\/image\/","url":"https:\/\/grotta.is\/wp-content\/uploads\/2020\/02\/ithrottafelagidgrotta_logo_512x512_transparent.png","contentUrl":"https:\/\/grotta.is\/wp-content\/uploads\/2020\/02\/ithrottafelagidgrotta_logo_512x512_transparent.png","width":512,"height":512,"caption":"\u00cd\u00fer\u00f3ttaf\u00e9lagi\u00f0 Gr\u00f3tta"},"image":{"@id":"https:\/\/grotta.is\/#\/schema\/logo\/image\/"},"sameAs":["https:\/\/www.facebook.com\/grottasport"]},{"@type":"Person","@id":"https:\/\/grotta.is\/#\/schema\/person\/08ec57bf09ee925f1b6a01540c14a5ce","name":"Grotta","url":"https:\/\/grotta.is\/en\/author\/inga\/"}]}},"_links":{"self":[{"href":"https:\/\/grotta.is\/en\/wp-json\/wp\/v2\/posts\/2098","targetHints":{"allow":["GET"]}}],"collection":[{"href":"https:\/\/grotta.is\/en\/wp-json\/wp\/v2\/posts"}],"about":[{"href":"https:\/\/grotta.is\/en\/wp-json\/wp\/v2\/types\/post"}],"author":[{"embeddable":true,"href":"https:\/\/grotta.is\/en\/wp-json\/wp\/v2\/users\/2"}],"replies":[{"embeddable":true,"href":"https:\/\/grotta.is\/en\/wp-json\/wp\/v2\/comments?post=2098"}],"version-history":[{"count":0,"href":"https:\/\/grotta.is\/en\/wp-json\/wp\/v2\/posts\/2098\/revisions"}],"wp:featuredmedia":[{"embeddable":true,"href":"https:\/\/grotta.is\/en\/wp-json\/wp\/v2\/media\/2099"}],"wp:attachment":[{"href":"https:\/\/grotta.is\/en\/wp-json\/wp\/v2\/media?parent=2098"}],"wp:term":[{"taxonomy":"category","embeddable":true,"href":"https:\/\/grotta.is\/en\/wp-json\/wp\/v2\/categories?post=2098"},{"taxonomy":"post_tag","embeddable":true,"href":"https:\/\/grotta.is\/en\/wp-json\/wp\/v2\/tags?post=2098"}],"curies":[{"name":"wp","href":"https:\/\/api.w.org\/{rel}","templated":true}]}}