{"id":209572,"date":"2020-12-07T11:03:53","date_gmt":"2020-12-07T11:03:53","guid":{"rendered":"https:\/\/grotta.is\/?p=209572"},"modified":"2020-12-07T11:03:59","modified_gmt":"2020-12-07T11:03:59","slug":"skraning-a-vornamskeid-i-stubbafimi","status":"publish","type":"post","link":"https:\/\/grotta.is\/en\/fimleikadeild\/skraning-a-vornamskeid-i-stubbafimi\/","title":{"rendered":"Skr\u00e1ning \u00e1 vorn\u00e1mskei\u00f0 \u00ed stubbafimi"},"content":{"rendered":"<p>Skr\u00e1ning \u00e1 vorn\u00e1mskei\u00f0 \u00ed stubbafimi fyrir i\u00f0kendur f\u00e6dda 2016 og 2017 er hafin inn \u00e1 skr\u00e1ningars\u00ed\u00f0unni <a href=\"https:\/\/grotta.felog.is\/\" target=\"_blank\" rel=\"noreferrer noopener\">grotta.felog.is<\/a>.<\/p><p>Stubbafimi er \u00e6tlu\u00f0 yngstu i\u00f0kendum fimleikadeildar Gr\u00f3ttu. \u00c1hersla er l\u00f6g\u00f0 \u00e1 grundvallarhreyfigetu og l\u00edkamsvitund me\u00f0 fj\u00f6lbreyttum \u00e6fingum. Markmi\u00f0i\u00f0 er a\u00f0 vekja \u00e1huga \u00e1 fimleikum, byggja upp g\u00f3\u00f0an grunn fyrir \u00e1framhaldandi fimleikai\u00f0kun, kenna j\u00e1kv\u00e6\u00f0an aga og reglur sem gilda \u00ed salnum.<\/p><p>Fyrsti stubbat\u00edmi vorannar ver\u00f0ur laugardaginn 9. jan\u00faar og s\u00e1 s\u00ed\u00f0asti 24. apr\u00edl (15 skipti). <br>Kennt er \u00e1 laugardagsmorgnum. \u00a0<\/p><p>Fyrirkomulagi\u00f0 er \u00e1 \u00feann h\u00e1tt a\u00f0 b\u00f6rnin \u00e6fa \u00e1n foreldra \u00ed t\u00edmunum.<\/p>","protected":false},"excerpt":{"rendered":"<p>Skr\u00e1ning \u00e1 vorn\u00e1mskei\u00f0 \u00ed stubbafimi fyrir i\u00f0kendur f\u00e6dda 2016 og 2017 er hafin inn \u00e1 skr\u00e1ningars\u00ed\u00f0unni grotta.felog.is. Stubbafimi er \u00e6tlu\u00f0 yngstu i\u00f0kendum fimleikadeildar Gr\u00f3ttu. \u00c1hersla er l\u00f6g\u00f0 \u00e1 grundvallarhreyfigetu og [&hellip;]<\/p>","protected":false},"author":2,"featured_media":209571,"comment_status":"closed","ping_status":"closed","sticky":false,"template":"","format":"standard","meta":{"footnotes":""},"categories":[9],"tags":[],"class_list":["post-209572","post","type-post","status-publish","format-standard","has-post-thumbnail","hentry","category-fimleikadeild"],"yoast_head":"<!-- This site is optimized with the Yoast SEO plugin v24.3 - https:\/\/yoast.com\/wordpress\/plugins\/seo\/ -->\n<title>Skr\u00e1ning \u00e1 vorn\u00e1mskei\u00f0 \u00ed stubbafimi - \u00cd\u00fer\u00f3ttaf\u00e9lagi\u00f0 Gr\u00f3tta<\/title>\n<meta name=\"robots\" content=\"index, follow, max-snippet:-1, max-image-preview:large, max-video-preview:-1\" \/>\n<link rel=\"canonical\" href=\"https:\/\/grotta.is\/en\/fimleikadeild\/skraning-a-vornamskeid-i-stubbafimi\/\" \/>\n<meta property=\"og:locale\" content=\"en_US\" \/>\n<meta property=\"og:type\" content=\"article\" \/>\n<meta property=\"og:title\" content=\"Skr\u00e1ning \u00e1 vorn\u00e1mskei\u00f0 \u00ed stubbafimi - \u00cd\u00fer\u00f3ttaf\u00e9lagi\u00f0 Gr\u00f3tta\" \/>\n<meta property=\"og:description\" content=\"Skr\u00e1ning \u00e1 vorn\u00e1mskei\u00f0 \u00ed stubbafimi fyrir i\u00f0kendur f\u00e6dda 2016 og 2017 er hafin inn \u00e1 skr\u00e1ningars\u00ed\u00f0unni grotta.felog.is. Stubbafimi er \u00e6tlu\u00f0 yngstu i\u00f0kendum fimleikadeildar Gr\u00f3ttu. \u00c1hersla er l\u00f6g\u00f0 \u00e1 grundvallarhreyfigetu og [&hellip;]\" \/>\n<meta property=\"og:url\" content=\"https:\/\/grotta.is\/en\/fimleikadeild\/skraning-a-vornamskeid-i-stubbafimi\/\" \/>\n<meta property=\"og:site_name\" content=\"\u00cd\u00fer\u00f3ttaf\u00e9lagi\u00f0 Gr\u00f3tta\" \/>\n<meta property=\"article:publisher\" content=\"https:\/\/www.facebook.com\/grottasport\" \/>\n<meta property=\"article:published_time\" content=\"2020-12-07T11:03:53+00:00\" \/>\n<meta property=\"article:modified_time\" content=\"2020-12-07T11:03:59+00:00\" \/>\n<meta property=\"og:image\" content=\"https:\/\/grotta.is\/wp-content\/uploads\/2020\/12\/Bogi-og-Sveifla-.jpg\" \/>\n\t<meta property=\"og:image:width\" content=\"922\" \/>\n\t<meta property=\"og:image:height\" content=\"815\" \/>\n\t<meta property=\"og:image:type\" content=\"image\/jpeg\" \/>\n<meta name=\"author\" content=\"Grotta\" \/>\n<meta name=\"twitter:card\" content=\"summary_large_image\" \/>\n<meta name=\"twitter:label1\" content=\"Written by\" \/>\n\t<meta name=\"twitter:data1\" content=\"Grotta\" \/>\n<script type=\"application\/ld+json\" class=\"yoast-schema-graph\">{\"@context\":\"https:\/\/schema.org\",\"@graph\":[{\"@type\":\"Article\",\"@id\":\"https:\/\/grotta.is\/fimleikadeild\/skraning-a-vornamskeid-i-stubbafimi\/#article\",\"isPartOf\":{\"@id\":\"https:\/\/grotta.is\/fimleikadeild\/skraning-a-vornamskeid-i-stubbafimi\/\"},\"author\":{\"name\":\"Grotta\",\"@id\":\"https:\/\/grotta.is\/#\/schema\/person\/08ec57bf09ee925f1b6a01540c14a5ce\"},\"headline\":\"Skr\u00e1ning \u00e1 vorn\u00e1mskei\u00f0 \u00ed stubbafimi\",\"datePublished\":\"2020-12-07T11:03:53+00:00\",\"dateModified\":\"2020-12-07T11:03:59+00:00\",\"mainEntityOfPage\":{\"@id\":\"https:\/\/grotta.is\/fimleikadeild\/skraning-a-vornamskeid-i-stubbafimi\/\"},\"wordCount\":104,\"publisher\":{\"@id\":\"https:\/\/grotta.is\/#organization\"},\"image\":{\"@id\":\"https:\/\/grotta.is\/fimleikadeild\/skraning-a-vornamskeid-i-stubbafimi\/#primaryimage\"},\"thumbnailUrl\":\"https:\/\/grotta.is\/wp-content\/uploads\/2020\/12\/Bogi-og-Sveifla-.jpg\",\"articleSection\":[\"Fimleikadeild\"],\"inLanguage\":\"en-US\"},{\"@type\":\"WebPage\",\"@id\":\"https:\/\/grotta.is\/fimleikadeild\/skraning-a-vornamskeid-i-stubbafimi\/\",\"url\":\"https:\/\/grotta.is\/fimleikadeild\/skraning-a-vornamskeid-i-stubbafimi\/\",\"name\":\"Skr\u00e1ning \u00e1 vorn\u00e1mskei\u00f0 \u00ed stubbafimi - \u00cd\u00fer\u00f3ttaf\u00e9lagi\u00f0 Gr\u00f3tta\",\"isPartOf\":{\"@id\":\"https:\/\/grotta.is\/#website\"},\"primaryImageOfPage\":{\"@id\":\"https:\/\/grotta.is\/fimleikadeild\/skraning-a-vornamskeid-i-stubbafimi\/#primaryimage\"},\"image\":{\"@id\":\"https:\/\/grotta.is\/fimleikadeild\/skraning-a-vornamskeid-i-stubbafimi\/#primaryimage\"},\"thumbnailUrl\":\"https:\/\/grotta.is\/wp-content\/uploads\/2020\/12\/Bogi-og-Sveifla-.jpg\",\"datePublished\":\"2020-12-07T11:03:53+00:00\",\"dateModified\":\"2020-12-07T11:03:59+00:00\",\"breadcrumb\":{\"@id\":\"https:\/\/grotta.is\/fimleikadeild\/skraning-a-vornamskeid-i-stubbafimi\/#breadcrumb\"},\"inLanguage\":\"en-US\",\"potentialAction\":[{\"@type\":\"ReadAction\",\"target\":[\"https:\/\/grotta.is\/fimleikadeild\/skraning-a-vornamskeid-i-stubbafimi\/\"]}]},{\"@type\":\"ImageObject\",\"inLanguage\":\"en-US\",\"@id\":\"https:\/\/grotta.is\/fimleikadeild\/skraning-a-vornamskeid-i-stubbafimi\/#primaryimage\",\"url\":\"https:\/\/grotta.is\/wp-content\/uploads\/2020\/12\/Bogi-og-Sveifla-.jpg\",\"contentUrl\":\"https:\/\/grotta.is\/wp-content\/uploads\/2020\/12\/Bogi-og-Sveifla-.jpg\",\"width\":922,\"height\":815},{\"@type\":\"BreadcrumbList\",\"@id\":\"https:\/\/grotta.is\/fimleikadeild\/skraning-a-vornamskeid-i-stubbafimi\/#breadcrumb\",\"itemListElement\":[{\"@type\":\"ListItem\",\"position\":1,\"name\":\"Home\",\"item\":\"https:\/\/grotta.is\/\"},{\"@type\":\"ListItem\",\"position\":2,\"name\":\"Skr\u00e1ning \u00e1 vorn\u00e1mskei\u00f0 \u00ed stubbafimi\"}]},{\"@type\":\"WebSite\",\"@id\":\"https:\/\/grotta.is\/#website\",\"url\":\"https:\/\/grotta.is\/\",\"name\":\"\u00cd\u00fer\u00f3ttaf\u00e9lagi\u00f0 Gr\u00f3tta\",\"description\":\"\u00e1 Seltjarnarnesi\",\"publisher\":{\"@id\":\"https:\/\/grotta.is\/#organization\"},\"potentialAction\":[{\"@type\":\"SearchAction\",\"target\":{\"@type\":\"EntryPoint\",\"urlTemplate\":\"https:\/\/grotta.is\/?s={search_term_string}\"},\"query-input\":{\"@type\":\"PropertyValueSpecification\",\"valueRequired\":true,\"valueName\":\"search_term_string\"}}],\"inLanguage\":\"en-US\"},{\"@type\":\"Organization\",\"@id\":\"https:\/\/grotta.is\/#organization\",\"name\":\"\u00cd\u00fer\u00f3ttaf\u00e9lagi\u00f0 Gr\u00f3tta\",\"url\":\"https:\/\/grotta.is\/\",\"logo\":{\"@type\":\"ImageObject\",\"inLanguage\":\"en-US\",\"@id\":\"https:\/\/grotta.is\/#\/schema\/logo\/image\/\",\"url\":\"https:\/\/grotta.is\/wp-content\/uploads\/2020\/02\/ithrottafelagidgrotta_logo_512x512_transparent.png\",\"contentUrl\":\"https:\/\/grotta.is\/wp-content\/uploads\/2020\/02\/ithrottafelagidgrotta_logo_512x512_transparent.png\",\"width\":512,\"height\":512,\"caption\":\"\u00cd\u00fer\u00f3ttaf\u00e9lagi\u00f0 Gr\u00f3tta\"},\"image\":{\"@id\":\"https:\/\/grotta.is\/#\/schema\/logo\/image\/\"},\"sameAs\":[\"https:\/\/www.facebook.com\/grottasport\"]},{\"@type\":\"Person\",\"@id\":\"https:\/\/grotta.is\/#\/schema\/person\/08ec57bf09ee925f1b6a01540c14a5ce\",\"name\":\"Grotta\",\"url\":\"https:\/\/grotta.is\/en\/author\/inga\/\"}]}<\/script>\n<!-- \/ Yoast SEO plugin. -->","yoast_head_json":{"title":"Skr\u00e1ning \u00e1 vorn\u00e1mskei\u00f0 \u00ed stubbafimi - \u00cd\u00fer\u00f3ttaf\u00e9lagi\u00f0 Gr\u00f3tta","robots":{"index":"index","follow":"follow","max-snippet":"max-snippet:-1","max-image-preview":"max-image-preview:large","max-video-preview":"max-video-preview:-1"},"canonical":"https:\/\/grotta.is\/en\/fimleikadeild\/skraning-a-vornamskeid-i-stubbafimi\/","og_locale":"en_US","og_type":"article","og_title":"Skr\u00e1ning \u00e1 vorn\u00e1mskei\u00f0 \u00ed stubbafimi - \u00cd\u00fer\u00f3ttaf\u00e9lagi\u00f0 Gr\u00f3tta","og_description":"Skr\u00e1ning \u00e1 vorn\u00e1mskei\u00f0 \u00ed stubbafimi fyrir i\u00f0kendur f\u00e6dda 2016 og 2017 er hafin inn \u00e1 skr\u00e1ningars\u00ed\u00f0unni grotta.felog.is. Stubbafimi er \u00e6tlu\u00f0 yngstu i\u00f0kendum fimleikadeildar Gr\u00f3ttu. \u00c1hersla er l\u00f6g\u00f0 \u00e1 grundvallarhreyfigetu og [&hellip;]","og_url":"https:\/\/grotta.is\/en\/fimleikadeild\/skraning-a-vornamskeid-i-stubbafimi\/","og_site_name":"\u00cd\u00fer\u00f3ttaf\u00e9lagi\u00f0 Gr\u00f3tta","article_publisher":"https:\/\/www.facebook.com\/grottasport","article_published_time":"2020-12-07T11:03:53+00:00","article_modified_time":"2020-12-07T11:03:59+00:00","og_image":[{"width":922,"height":815,"url":"https:\/\/grotta.is\/wp-content\/uploads\/2020\/12\/Bogi-og-Sveifla-.jpg","type":"image\/jpeg"}],"author":"Grotta","twitter_card":"summary_large_image","twitter_misc":{"Written by":"Grotta"},"schema":{"@context":"https:\/\/schema.org","@graph":[{"@type":"Article","@id":"https:\/\/grotta.is\/fimleikadeild\/skraning-a-vornamskeid-i-stubbafimi\/#article","isPartOf":{"@id":"https:\/\/grotta.is\/fimleikadeild\/skraning-a-vornamskeid-i-stubbafimi\/"},"author":{"name":"Grotta","@id":"https:\/\/grotta.is\/#\/schema\/person\/08ec57bf09ee925f1b6a01540c14a5ce"},"headline":"Skr\u00e1ning \u00e1 vorn\u00e1mskei\u00f0 \u00ed stubbafimi","datePublished":"2020-12-07T11:03:53+00:00","dateModified":"2020-12-07T11:03:59+00:00","mainEntityOfPage":{"@id":"https:\/\/grotta.is\/fimleikadeild\/skraning-a-vornamskeid-i-stubbafimi\/"},"wordCount":104,"publisher":{"@id":"https:\/\/grotta.is\/#organization"},"image":{"@id":"https:\/\/grotta.is\/fimleikadeild\/skraning-a-vornamskeid-i-stubbafimi\/#primaryimage"},"thumbnailUrl":"https:\/\/grotta.is\/wp-content\/uploads\/2020\/12\/Bogi-og-Sveifla-.jpg","articleSection":["Fimleikadeild"],"inLanguage":"en-US"},{"@type":"WebPage","@id":"https:\/\/grotta.is\/fimleikadeild\/skraning-a-vornamskeid-i-stubbafimi\/","url":"https:\/\/grotta.is\/fimleikadeild\/skraning-a-vornamskeid-i-stubbafimi\/","name":"Skr\u00e1ning \u00e1 vorn\u00e1mskei\u00f0 \u00ed stubbafimi - \u00cd\u00fer\u00f3ttaf\u00e9lagi\u00f0 Gr\u00f3tta","isPartOf":{"@id":"https:\/\/grotta.is\/#website"},"primaryImageOfPage":{"@id":"https:\/\/grotta.is\/fimleikadeild\/skraning-a-vornamskeid-i-stubbafimi\/#primaryimage"},"image":{"@id":"https:\/\/grotta.is\/fimleikadeild\/skraning-a-vornamskeid-i-stubbafimi\/#primaryimage"},"thumbnailUrl":"https:\/\/grotta.is\/wp-content\/uploads\/2020\/12\/Bogi-og-Sveifla-.jpg","datePublished":"2020-12-07T11:03:53+00:00","dateModified":"2020-12-07T11:03:59+00:00","breadcrumb":{"@id":"https:\/\/grotta.is\/fimleikadeild\/skraning-a-vornamskeid-i-stubbafimi\/#breadcrumb"},"inLanguage":"en-US","potentialAction":[{"@type":"ReadAction","target":["https:\/\/grotta.is\/fimleikadeild\/skraning-a-vornamskeid-i-stubbafimi\/"]}]},{"@type":"ImageObject","inLanguage":"en-US","@id":"https:\/\/grotta.is\/fimleikadeild\/skraning-a-vornamskeid-i-stubbafimi\/#primaryimage","url":"https:\/\/grotta.is\/wp-content\/uploads\/2020\/12\/Bogi-og-Sveifla-.jpg","contentUrl":"https:\/\/grotta.is\/wp-content\/uploads\/2020\/12\/Bogi-og-Sveifla-.jpg","width":922,"height":815},{"@type":"BreadcrumbList","@id":"https:\/\/grotta.is\/fimleikadeild\/skraning-a-vornamskeid-i-stubbafimi\/#breadcrumb","itemListElement":[{"@type":"ListItem","position":1,"name":"Home","item":"https:\/\/grotta.is\/"},{"@type":"ListItem","position":2,"name":"Skr\u00e1ning \u00e1 vorn\u00e1mskei\u00f0 \u00ed stubbafimi"}]},{"@type":"WebSite","@id":"https:\/\/grotta.is\/#website","url":"https:\/\/grotta.is\/","name":"\u00cd\u00fer\u00f3ttaf\u00e9lagi\u00f0 Gr\u00f3tta","description":"\u00e1 Seltjarnarnesi","publisher":{"@id":"https:\/\/grotta.is\/#organization"},"potentialAction":[{"@type":"SearchAction","target":{"@type":"EntryPoint","urlTemplate":"https:\/\/grotta.is\/?s={search_term_string}"},"query-input":{"@type":"PropertyValueSpecification","valueRequired":true,"valueName":"search_term_string"}}],"inLanguage":"en-US"},{"@type":"Organization","@id":"https:\/\/grotta.is\/#organization","name":"\u00cd\u00fer\u00f3ttaf\u00e9lagi\u00f0 Gr\u00f3tta","url":"https:\/\/grotta.is\/","logo":{"@type":"ImageObject","inLanguage":"en-US","@id":"https:\/\/grotta.is\/#\/schema\/logo\/image\/","url":"https:\/\/grotta.is\/wp-content\/uploads\/2020\/02\/ithrottafelagidgrotta_logo_512x512_transparent.png","contentUrl":"https:\/\/grotta.is\/wp-content\/uploads\/2020\/02\/ithrottafelagidgrotta_logo_512x512_transparent.png","width":512,"height":512,"caption":"\u00cd\u00fer\u00f3ttaf\u00e9lagi\u00f0 Gr\u00f3tta"},"image":{"@id":"https:\/\/grotta.is\/#\/schema\/logo\/image\/"},"sameAs":["https:\/\/www.facebook.com\/grottasport"]},{"@type":"Person","@id":"https:\/\/grotta.is\/#\/schema\/person\/08ec57bf09ee925f1b6a01540c14a5ce","name":"Grotta","url":"https:\/\/grotta.is\/en\/author\/inga\/"}]}},"_links":{"self":[{"href":"https:\/\/grotta.is\/en\/wp-json\/wp\/v2\/posts\/209572","targetHints":{"allow":["GET"]}}],"collection":[{"href":"https:\/\/grotta.is\/en\/wp-json\/wp\/v2\/posts"}],"about":[{"href":"https:\/\/grotta.is\/en\/wp-json\/wp\/v2\/types\/post"}],"author":[{"embeddable":true,"href":"https:\/\/grotta.is\/en\/wp-json\/wp\/v2\/users\/2"}],"replies":[{"embeddable":true,"href":"https:\/\/grotta.is\/en\/wp-json\/wp\/v2\/comments?post=209572"}],"version-history":[{"count":1,"href":"https:\/\/grotta.is\/en\/wp-json\/wp\/v2\/posts\/209572\/revisions"}],"predecessor-version":[{"id":209583,"href":"https:\/\/grotta.is\/en\/wp-json\/wp\/v2\/posts\/209572\/revisions\/209583"}],"wp:featuredmedia":[{"embeddable":true,"href":"https:\/\/grotta.is\/en\/wp-json\/wp\/v2\/media\/209571"}],"wp:attachment":[{"href":"https:\/\/grotta.is\/en\/wp-json\/wp\/v2\/media?parent=209572"}],"wp:term":[{"taxonomy":"category","embeddable":true,"href":"https:\/\/grotta.is\/en\/wp-json\/wp\/v2\/categories?post=209572"},{"taxonomy":"post_tag","embeddable":true,"href":"https:\/\/grotta.is\/en\/wp-json\/wp\/v2\/tags?post=209572"}],"curies":[{"name":"wp","href":"https:\/\/api.w.org\/{rel}","templated":true}]}}