{"id":1954,"date":"2018-12-02T18:26:54","date_gmt":"2018-12-02T18:26:54","guid":{"rendered":"https:\/\/grotta.is\/?p=1954"},"modified":"2020-04-26T12:50:57","modified_gmt":"2020-04-26T12:50:57","slug":"fjorir-drengir-ur-3-flokki-a-urtaksaefingum-u16","status":"publish","type":"post","link":"https:\/\/grotta.is\/en\/knattspyrnudeild\/fjorir-drengir-ur-3-flokki-a-urtaksaefingum-u16\/","title":{"rendered":"Fj\u00f3rir drengir \u00far 3. flokki \u00e1 \u00fartaks\u00e6fingum U16"},"content":{"rendered":"<p>Fj\u00f3rir drengir \u00far 3. flokki voru valdir til a\u00f0 taka \u00fe\u00e1tt \u00ed \u00fartaks\u00e6fingum U16 helgina 30. n\u00f3vember \u2013 2. desember. \u00dea\u00f0 voru \u00feeir Kjartan K\u00e1ri, Krummi Kaldal, Gr\u00edmur Ingi og Orri Steinn, en \u00feeir eru allir \u00e1 eldra \u00e1ri \u00ed 3. flokki. <\/p><p>Gaman er a\u00f0 segja fr\u00e1 \u00fev\u00ed a\u00f0 Gr\u00f3tta \u00e1tti flesta leikmenn \u00ed \u00fartakinu \u00e1samt Stj\u00f6rnunni. Til hamingju str\u00e1kar!<\/p>","protected":false},"excerpt":{"rendered":"<p>Fj\u00f3rir drengir \u00far 3. flokki voru valdir til a\u00f0 taka \u00fe\u00e1tt \u00ed \u00fartaks\u00e6fingum U16 helgina 30. n\u00f3vember \u2013 2. desember. <\/p>","protected":false},"author":2,"featured_media":1955,"comment_status":"closed","ping_status":"closed","sticky":false,"template":"","format":"standard","meta":{"footnotes":""},"categories":[7],"tags":[40,6,22,17,15],"class_list":["post-1954","post","type-post","status-publish","format-standard","has-post-thumbnail","hentry","category-knattspyrnudeild","tag-3-flokkur","tag-knattspyrna","tag-landslid","tag-leikmenn","tag-yngri-flokkar"],"yoast_head":"<!-- This site is optimized with the Yoast SEO plugin v24.3 - https:\/\/yoast.com\/wordpress\/plugins\/seo\/ -->\n<title>Fj\u00f3rir drengir \u00far 3. flokki \u00e1 \u00fartaks\u00e6fingum U16 - \u00cd\u00fer\u00f3ttaf\u00e9lagi\u00f0 Gr\u00f3tta<\/title>\n<meta name=\"robots\" content=\"index, follow, max-snippet:-1, max-image-preview:large, max-video-preview:-1\" \/>\n<link rel=\"canonical\" href=\"https:\/\/grotta.is\/en\/knattspyrnudeild\/fjorir-drengir-ur-3-flokki-a-urtaksaefingum-u16\/\" \/>\n<meta property=\"og:locale\" content=\"en_US\" \/>\n<meta property=\"og:type\" content=\"article\" \/>\n<meta property=\"og:title\" content=\"Fj\u00f3rir drengir \u00far 3. flokki \u00e1 \u00fartaks\u00e6fingum U16 - \u00cd\u00fer\u00f3ttaf\u00e9lagi\u00f0 Gr\u00f3tta\" \/>\n<meta property=\"og:description\" content=\"Fj\u00f3rir drengir \u00far 3. flokki voru valdir til a\u00f0 taka \u00fe\u00e1tt \u00ed \u00fartaks\u00e6fingum U16 helgina 30. n\u00f3vember \u2013 2. desember.\" \/>\n<meta property=\"og:url\" content=\"https:\/\/grotta.is\/en\/knattspyrnudeild\/fjorir-drengir-ur-3-flokki-a-urtaksaefingum-u16\/\" \/>\n<meta property=\"og:site_name\" content=\"\u00cd\u00fer\u00f3ttaf\u00e9lagi\u00f0 Gr\u00f3tta\" \/>\n<meta property=\"article:publisher\" content=\"https:\/\/www.facebook.com\/grottasport\" \/>\n<meta property=\"article:published_time\" content=\"2018-12-02T18:26:54+00:00\" \/>\n<meta property=\"article:modified_time\" content=\"2020-04-26T12:50:57+00:00\" \/>\n<meta property=\"og:image\" content=\"https:\/\/grotta.is\/wp-content\/uploads\/2020\/04\/Knattspyrnudeild_grotta_Frettir_yngriflokkar_126.jpg\" \/>\n\t<meta property=\"og:image:width\" content=\"1920\" \/>\n\t<meta property=\"og:image:height\" content=\"1280\" \/>\n\t<meta property=\"og:image:type\" content=\"image\/jpeg\" \/>\n<meta name=\"author\" content=\"Grotta\" \/>\n<meta name=\"twitter:card\" content=\"summary_large_image\" \/>\n<meta name=\"twitter:label1\" content=\"Written by\" \/>\n\t<meta name=\"twitter:data1\" content=\"Grotta\" \/>\n<script type=\"application\/ld+json\" class=\"yoast-schema-graph\">{\"@context\":\"https:\/\/schema.org\",\"@graph\":[{\"@type\":\"Article\",\"@id\":\"https:\/\/grotta.is\/knattspyrnudeild\/fjorir-drengir-ur-3-flokki-a-urtaksaefingum-u16\/#article\",\"isPartOf\":{\"@id\":\"https:\/\/grotta.is\/knattspyrnudeild\/fjorir-drengir-ur-3-flokki-a-urtaksaefingum-u16\/\"},\"author\":{\"name\":\"Grotta\",\"@id\":\"https:\/\/grotta.is\/#\/schema\/person\/08ec57bf09ee925f1b6a01540c14a5ce\"},\"headline\":\"Fj\u00f3rir drengir \u00far 3. flokki \u00e1 \u00fartaks\u00e6fingum U16\",\"datePublished\":\"2018-12-02T18:26:54+00:00\",\"dateModified\":\"2020-04-26T12:50:57+00:00\",\"mainEntityOfPage\":{\"@id\":\"https:\/\/grotta.is\/knattspyrnudeild\/fjorir-drengir-ur-3-flokki-a-urtaksaefingum-u16\/\"},\"wordCount\":67,\"publisher\":{\"@id\":\"https:\/\/grotta.is\/#organization\"},\"image\":{\"@id\":\"https:\/\/grotta.is\/knattspyrnudeild\/fjorir-drengir-ur-3-flokki-a-urtaksaefingum-u16\/#primaryimage\"},\"thumbnailUrl\":\"https:\/\/grotta.is\/wp-content\/uploads\/2020\/04\/Knattspyrnudeild_grotta_Frettir_yngriflokkar_126.jpg\",\"keywords\":[\"3. flokkur\",\"Knattspyrna\",\"Landsli\u00f0\",\"Leikmenn\",\"Yngri flokkar\"],\"articleSection\":[\"Knattspyrnudeild\"],\"inLanguage\":\"en-US\"},{\"@type\":\"WebPage\",\"@id\":\"https:\/\/grotta.is\/knattspyrnudeild\/fjorir-drengir-ur-3-flokki-a-urtaksaefingum-u16\/\",\"url\":\"https:\/\/grotta.is\/knattspyrnudeild\/fjorir-drengir-ur-3-flokki-a-urtaksaefingum-u16\/\",\"name\":\"Fj\u00f3rir drengir \u00far 3. flokki \u00e1 \u00fartaks\u00e6fingum U16 - \u00cd\u00fer\u00f3ttaf\u00e9lagi\u00f0 Gr\u00f3tta\",\"isPartOf\":{\"@id\":\"https:\/\/grotta.is\/#website\"},\"primaryImageOfPage\":{\"@id\":\"https:\/\/grotta.is\/knattspyrnudeild\/fjorir-drengir-ur-3-flokki-a-urtaksaefingum-u16\/#primaryimage\"},\"image\":{\"@id\":\"https:\/\/grotta.is\/knattspyrnudeild\/fjorir-drengir-ur-3-flokki-a-urtaksaefingum-u16\/#primaryimage\"},\"thumbnailUrl\":\"https:\/\/grotta.is\/wp-content\/uploads\/2020\/04\/Knattspyrnudeild_grotta_Frettir_yngriflokkar_126.jpg\",\"datePublished\":\"2018-12-02T18:26:54+00:00\",\"dateModified\":\"2020-04-26T12:50:57+00:00\",\"breadcrumb\":{\"@id\":\"https:\/\/grotta.is\/knattspyrnudeild\/fjorir-drengir-ur-3-flokki-a-urtaksaefingum-u16\/#breadcrumb\"},\"inLanguage\":\"en-US\",\"potentialAction\":[{\"@type\":\"ReadAction\",\"target\":[\"https:\/\/grotta.is\/knattspyrnudeild\/fjorir-drengir-ur-3-flokki-a-urtaksaefingum-u16\/\"]}]},{\"@type\":\"ImageObject\",\"inLanguage\":\"en-US\",\"@id\":\"https:\/\/grotta.is\/knattspyrnudeild\/fjorir-drengir-ur-3-flokki-a-urtaksaefingum-u16\/#primaryimage\",\"url\":\"https:\/\/grotta.is\/wp-content\/uploads\/2020\/04\/Knattspyrnudeild_grotta_Frettir_yngriflokkar_126.jpg\",\"contentUrl\":\"https:\/\/grotta.is\/wp-content\/uploads\/2020\/04\/Knattspyrnudeild_grotta_Frettir_yngriflokkar_126.jpg\",\"width\":1920,\"height\":1280},{\"@type\":\"BreadcrumbList\",\"@id\":\"https:\/\/grotta.is\/knattspyrnudeild\/fjorir-drengir-ur-3-flokki-a-urtaksaefingum-u16\/#breadcrumb\",\"itemListElement\":[{\"@type\":\"ListItem\",\"position\":1,\"name\":\"Home\",\"item\":\"https:\/\/grotta.is\/\"},{\"@type\":\"ListItem\",\"position\":2,\"name\":\"Fj\u00f3rir drengir \u00far 3. flokki \u00e1 \u00fartaks\u00e6fingum U16\"}]},{\"@type\":\"WebSite\",\"@id\":\"https:\/\/grotta.is\/#website\",\"url\":\"https:\/\/grotta.is\/\",\"name\":\"\u00cd\u00fer\u00f3ttaf\u00e9lagi\u00f0 Gr\u00f3tta\",\"description\":\"\u00e1 Seltjarnarnesi\",\"publisher\":{\"@id\":\"https:\/\/grotta.is\/#organization\"},\"potentialAction\":[{\"@type\":\"SearchAction\",\"target\":{\"@type\":\"EntryPoint\",\"urlTemplate\":\"https:\/\/grotta.is\/?s={search_term_string}\"},\"query-input\":{\"@type\":\"PropertyValueSpecification\",\"valueRequired\":true,\"valueName\":\"search_term_string\"}}],\"inLanguage\":\"en-US\"},{\"@type\":\"Organization\",\"@id\":\"https:\/\/grotta.is\/#organization\",\"name\":\"\u00cd\u00fer\u00f3ttaf\u00e9lagi\u00f0 Gr\u00f3tta\",\"url\":\"https:\/\/grotta.is\/\",\"logo\":{\"@type\":\"ImageObject\",\"inLanguage\":\"en-US\",\"@id\":\"https:\/\/grotta.is\/#\/schema\/logo\/image\/\",\"url\":\"https:\/\/grotta.is\/wp-content\/uploads\/2020\/02\/ithrottafelagidgrotta_logo_512x512_transparent.png\",\"contentUrl\":\"https:\/\/grotta.is\/wp-content\/uploads\/2020\/02\/ithrottafelagidgrotta_logo_512x512_transparent.png\",\"width\":512,\"height\":512,\"caption\":\"\u00cd\u00fer\u00f3ttaf\u00e9lagi\u00f0 Gr\u00f3tta\"},\"image\":{\"@id\":\"https:\/\/grotta.is\/#\/schema\/logo\/image\/\"},\"sameAs\":[\"https:\/\/www.facebook.com\/grottasport\"]},{\"@type\":\"Person\",\"@id\":\"https:\/\/grotta.is\/#\/schema\/person\/08ec57bf09ee925f1b6a01540c14a5ce\",\"name\":\"Grotta\",\"url\":\"https:\/\/grotta.is\/en\/author\/inga\/\"}]}<\/script>\n<!-- \/ Yoast SEO plugin. -->","yoast_head_json":{"title":"Fj\u00f3rir drengir \u00far 3. flokki \u00e1 \u00fartaks\u00e6fingum U16 - \u00cd\u00fer\u00f3ttaf\u00e9lagi\u00f0 Gr\u00f3tta","robots":{"index":"index","follow":"follow","max-snippet":"max-snippet:-1","max-image-preview":"max-image-preview:large","max-video-preview":"max-video-preview:-1"},"canonical":"https:\/\/grotta.is\/en\/knattspyrnudeild\/fjorir-drengir-ur-3-flokki-a-urtaksaefingum-u16\/","og_locale":"en_US","og_type":"article","og_title":"Fj\u00f3rir drengir \u00far 3. flokki \u00e1 \u00fartaks\u00e6fingum U16 - \u00cd\u00fer\u00f3ttaf\u00e9lagi\u00f0 Gr\u00f3tta","og_description":"Fj\u00f3rir drengir \u00far 3. flokki voru valdir til a\u00f0 taka \u00fe\u00e1tt \u00ed \u00fartaks\u00e6fingum U16 helgina 30. n\u00f3vember \u2013 2. desember.","og_url":"https:\/\/grotta.is\/en\/knattspyrnudeild\/fjorir-drengir-ur-3-flokki-a-urtaksaefingum-u16\/","og_site_name":"\u00cd\u00fer\u00f3ttaf\u00e9lagi\u00f0 Gr\u00f3tta","article_publisher":"https:\/\/www.facebook.com\/grottasport","article_published_time":"2018-12-02T18:26:54+00:00","article_modified_time":"2020-04-26T12:50:57+00:00","og_image":[{"width":1920,"height":1280,"url":"https:\/\/grotta.is\/wp-content\/uploads\/2020\/04\/Knattspyrnudeild_grotta_Frettir_yngriflokkar_126.jpg","type":"image\/jpeg"}],"author":"Grotta","twitter_card":"summary_large_image","twitter_misc":{"Written by":"Grotta"},"schema":{"@context":"https:\/\/schema.org","@graph":[{"@type":"Article","@id":"https:\/\/grotta.is\/knattspyrnudeild\/fjorir-drengir-ur-3-flokki-a-urtaksaefingum-u16\/#article","isPartOf":{"@id":"https:\/\/grotta.is\/knattspyrnudeild\/fjorir-drengir-ur-3-flokki-a-urtaksaefingum-u16\/"},"author":{"name":"Grotta","@id":"https:\/\/grotta.is\/#\/schema\/person\/08ec57bf09ee925f1b6a01540c14a5ce"},"headline":"Fj\u00f3rir drengir \u00far 3. flokki \u00e1 \u00fartaks\u00e6fingum U16","datePublished":"2018-12-02T18:26:54+00:00","dateModified":"2020-04-26T12:50:57+00:00","mainEntityOfPage":{"@id":"https:\/\/grotta.is\/knattspyrnudeild\/fjorir-drengir-ur-3-flokki-a-urtaksaefingum-u16\/"},"wordCount":67,"publisher":{"@id":"https:\/\/grotta.is\/#organization"},"image":{"@id":"https:\/\/grotta.is\/knattspyrnudeild\/fjorir-drengir-ur-3-flokki-a-urtaksaefingum-u16\/#primaryimage"},"thumbnailUrl":"https:\/\/grotta.is\/wp-content\/uploads\/2020\/04\/Knattspyrnudeild_grotta_Frettir_yngriflokkar_126.jpg","keywords":["3. flokkur","Knattspyrna","Landsli\u00f0","Leikmenn","Yngri flokkar"],"articleSection":["Knattspyrnudeild"],"inLanguage":"en-US"},{"@type":"WebPage","@id":"https:\/\/grotta.is\/knattspyrnudeild\/fjorir-drengir-ur-3-flokki-a-urtaksaefingum-u16\/","url":"https:\/\/grotta.is\/knattspyrnudeild\/fjorir-drengir-ur-3-flokki-a-urtaksaefingum-u16\/","name":"Fj\u00f3rir drengir \u00far 3. flokki \u00e1 \u00fartaks\u00e6fingum U16 - \u00cd\u00fer\u00f3ttaf\u00e9lagi\u00f0 Gr\u00f3tta","isPartOf":{"@id":"https:\/\/grotta.is\/#website"},"primaryImageOfPage":{"@id":"https:\/\/grotta.is\/knattspyrnudeild\/fjorir-drengir-ur-3-flokki-a-urtaksaefingum-u16\/#primaryimage"},"image":{"@id":"https:\/\/grotta.is\/knattspyrnudeild\/fjorir-drengir-ur-3-flokki-a-urtaksaefingum-u16\/#primaryimage"},"thumbnailUrl":"https:\/\/grotta.is\/wp-content\/uploads\/2020\/04\/Knattspyrnudeild_grotta_Frettir_yngriflokkar_126.jpg","datePublished":"2018-12-02T18:26:54+00:00","dateModified":"2020-04-26T12:50:57+00:00","breadcrumb":{"@id":"https:\/\/grotta.is\/knattspyrnudeild\/fjorir-drengir-ur-3-flokki-a-urtaksaefingum-u16\/#breadcrumb"},"inLanguage":"en-US","potentialAction":[{"@type":"ReadAction","target":["https:\/\/grotta.is\/knattspyrnudeild\/fjorir-drengir-ur-3-flokki-a-urtaksaefingum-u16\/"]}]},{"@type":"ImageObject","inLanguage":"en-US","@id":"https:\/\/grotta.is\/knattspyrnudeild\/fjorir-drengir-ur-3-flokki-a-urtaksaefingum-u16\/#primaryimage","url":"https:\/\/grotta.is\/wp-content\/uploads\/2020\/04\/Knattspyrnudeild_grotta_Frettir_yngriflokkar_126.jpg","contentUrl":"https:\/\/grotta.is\/wp-content\/uploads\/2020\/04\/Knattspyrnudeild_grotta_Frettir_yngriflokkar_126.jpg","width":1920,"height":1280},{"@type":"BreadcrumbList","@id":"https:\/\/grotta.is\/knattspyrnudeild\/fjorir-drengir-ur-3-flokki-a-urtaksaefingum-u16\/#breadcrumb","itemListElement":[{"@type":"ListItem","position":1,"name":"Home","item":"https:\/\/grotta.is\/"},{"@type":"ListItem","position":2,"name":"Fj\u00f3rir drengir \u00far 3. flokki \u00e1 \u00fartaks\u00e6fingum U16"}]},{"@type":"WebSite","@id":"https:\/\/grotta.is\/#website","url":"https:\/\/grotta.is\/","name":"\u00cd\u00fer\u00f3ttaf\u00e9lagi\u00f0 Gr\u00f3tta","description":"\u00e1 Seltjarnarnesi","publisher":{"@id":"https:\/\/grotta.is\/#organization"},"potentialAction":[{"@type":"SearchAction","target":{"@type":"EntryPoint","urlTemplate":"https:\/\/grotta.is\/?s={search_term_string}"},"query-input":{"@type":"PropertyValueSpecification","valueRequired":true,"valueName":"search_term_string"}}],"inLanguage":"en-US"},{"@type":"Organization","@id":"https:\/\/grotta.is\/#organization","name":"\u00cd\u00fer\u00f3ttaf\u00e9lagi\u00f0 Gr\u00f3tta","url":"https:\/\/grotta.is\/","logo":{"@type":"ImageObject","inLanguage":"en-US","@id":"https:\/\/grotta.is\/#\/schema\/logo\/image\/","url":"https:\/\/grotta.is\/wp-content\/uploads\/2020\/02\/ithrottafelagidgrotta_logo_512x512_transparent.png","contentUrl":"https:\/\/grotta.is\/wp-content\/uploads\/2020\/02\/ithrottafelagidgrotta_logo_512x512_transparent.png","width":512,"height":512,"caption":"\u00cd\u00fer\u00f3ttaf\u00e9lagi\u00f0 Gr\u00f3tta"},"image":{"@id":"https:\/\/grotta.is\/#\/schema\/logo\/image\/"},"sameAs":["https:\/\/www.facebook.com\/grottasport"]},{"@type":"Person","@id":"https:\/\/grotta.is\/#\/schema\/person\/08ec57bf09ee925f1b6a01540c14a5ce","name":"Grotta","url":"https:\/\/grotta.is\/en\/author\/inga\/"}]}},"_links":{"self":[{"href":"https:\/\/grotta.is\/en\/wp-json\/wp\/v2\/posts\/1954","targetHints":{"allow":["GET"]}}],"collection":[{"href":"https:\/\/grotta.is\/en\/wp-json\/wp\/v2\/posts"}],"about":[{"href":"https:\/\/grotta.is\/en\/wp-json\/wp\/v2\/types\/post"}],"author":[{"embeddable":true,"href":"https:\/\/grotta.is\/en\/wp-json\/wp\/v2\/users\/2"}],"replies":[{"embeddable":true,"href":"https:\/\/grotta.is\/en\/wp-json\/wp\/v2\/comments?post=1954"}],"version-history":[{"count":0,"href":"https:\/\/grotta.is\/en\/wp-json\/wp\/v2\/posts\/1954\/revisions"}],"wp:featuredmedia":[{"embeddable":true,"href":"https:\/\/grotta.is\/en\/wp-json\/wp\/v2\/media\/1955"}],"wp:attachment":[{"href":"https:\/\/grotta.is\/en\/wp-json\/wp\/v2\/media?parent=1954"}],"wp:term":[{"taxonomy":"category","embeddable":true,"href":"https:\/\/grotta.is\/en\/wp-json\/wp\/v2\/categories?post=1954"},{"taxonomy":"post_tag","embeddable":true,"href":"https:\/\/grotta.is\/en\/wp-json\/wp\/v2\/tags?post=1954"}],"curies":[{"name":"wp","href":"https:\/\/api.w.org\/{rel}","templated":true}]}}