{"id":1927,"date":"2019-01-13T17:49:27","date_gmt":"2019-01-13T17:49:27","guid":{"rendered":"https:\/\/grotta.is\/?p=1927"},"modified":"2020-04-14T17:52:25","modified_gmt":"2020-04-14T17:52:25","slug":"petur-radinn-adstodarthjalfari-mfl-kvk","status":"publish","type":"post","link":"https:\/\/grotta.is\/en\/knattspyrnudeild\/petur-radinn-adstodarthjalfari-mfl-kvk\/","title":{"rendered":"P\u00e9tur r\u00e1\u00f0inn a\u00f0sto\u00f0ar\u00fej\u00e1lfari mfl. kvk"},"content":{"rendered":"<p>P\u00e9tur R\u00f6gnvaldsson hefur veri\u00f0 r\u00e1\u00f0inn sem a\u00f0sto\u00f0ar\u00fej\u00e1lfari meistaraflokks kvenna hj\u00e1 Gr\u00f3ttu og kemur \u00fev\u00ed inn \u00ed \u00fej\u00e1lfarateymi\u00f0 me\u00f0 Magn\u00fasi Erni Helgasyni og \u00de\u00f3r Sigur\u00f0ssyni styrktar\u00fej\u00e1lfara.<\/p><p>P\u00e9tur hefur \u00fej\u00e1lfa\u00f0 hj\u00e1 knattspyrnudeildinni fr\u00e1 \u00e1rinu 2015 og er n\u00fa \u00fej\u00e1lfari 3. flokks kvenna hj\u00e1 Gr\u00f3ttu\/KR. Hann mun sinna \u00fev\u00ed starfi \u00e1fram me\u00f0fram meistaraflokks\u00fej\u00e1lfuninni. P\u00e9tur er a\u00f0 kl\u00e1ra UEFA-B \u00fej\u00e1lfaragr\u00e1\u00f0u og mun \u00ed febr\u00faar \u00fatskrifast me\u00f0 gr\u00e1\u00f0u \u00ed rekstrarverkfr\u00e6\u00f0i fr\u00e1 H\u00e1sk\u00f3lanum \u00ed Reykjav\u00edk.<\/p><p>Magn\u00fas \u00d6rn \u00fej\u00e1lfari haf\u00f0i \u00feetta um m\u00e1li\u00f0 a\u00f0 segja:<\/p><blockquote class=\"wp-block-quote is-layout-flow wp-block-quote-is-layout-flow\"><p>\u201e\u00dea\u00f0 er mj\u00f6g \u00e1n\u00e6gjulegt a\u00f0 f\u00e1 P\u00e9tur inn \u00ed \u00fej\u00e1lfarateymi\u00f0. Hann er a\u00f0 m\u00ednu \u00e1liti mj\u00f6g framb\u00e6rilegur \u00fej\u00e1lfari og tel \u00e9g a\u00f0 vi\u00f0 munum b\u00e6ta hvorn annan upp \u00ed starfinu. P\u00e9tur er mikill Gr\u00f3ttuma\u00f0ur og hefur \u00e1str\u00ed\u00f0u fyrir verkefninu.\u201c<\/p><\/blockquote><figure class=\"wp-block-image size-large\"><img fetchpriority=\"high\" decoding=\"async\" width=\"562\" height=\"750\" src=\"https:\/\/grotta.is\/wp-content\/uploads\/2019\/01\/Knattspyrnudeild_grotta_Frettir_mflkvk-7.jpg\" alt=\"\" class=\"wp-image-1929\" srcset=\"https:\/\/grotta.is\/wp-content\/uploads\/2019\/01\/Knattspyrnudeild_grotta_Frettir_mflkvk-7.jpg 562w, https:\/\/grotta.is\/wp-content\/uploads\/2019\/01\/Knattspyrnudeild_grotta_Frettir_mflkvk-7-225x300.jpg 225w\" sizes=\"(max-width: 562px) 100vw, 562px\" \/><\/figure>","protected":false},"excerpt":{"rendered":"<p>P\u00e9tur R\u00f6gnvaldsson hefur veri\u00f0 r\u00e1\u00f0inn sem a\u00f0sto\u00f0ar\u00fej\u00e1lfari meistaraflokks kvenna hj\u00e1 Gr\u00f3ttu og kemur \u00fev\u00ed inn \u00ed \u00fej\u00e1lfarateymi\u00f0 me\u00f0 Magn\u00fasi Erni Helgasyni og \u00de\u00f3r Sigur\u00f0ssyni styrktar\u00fej\u00e1lfara.<\/p>","protected":false},"author":2,"featured_media":1930,"comment_status":"closed","ping_status":"closed","sticky":false,"template":"","format":"standard","meta":{"footnotes":""},"categories":[7],"tags":[6,18,33],"class_list":["post-1927","post","type-post","status-publish","format-standard","has-post-thumbnail","hentry","category-knattspyrnudeild","tag-knattspyrna","tag-mfl-kvk","tag-thjalfarar"],"yoast_head":"<!-- This site is optimized with the Yoast SEO plugin v24.3 - https:\/\/yoast.com\/wordpress\/plugins\/seo\/ -->\n<title>P\u00e9tur r\u00e1\u00f0inn a\u00f0sto\u00f0ar\u00fej\u00e1lfari mfl. kvk - \u00cd\u00fer\u00f3ttaf\u00e9lagi\u00f0 Gr\u00f3tta<\/title>\n<meta name=\"robots\" content=\"index, follow, max-snippet:-1, max-image-preview:large, max-video-preview:-1\" \/>\n<link rel=\"canonical\" href=\"https:\/\/grotta.is\/en\/knattspyrnudeild\/petur-radinn-adstodarthjalfari-mfl-kvk\/\" \/>\n<meta property=\"og:locale\" content=\"en_US\" \/>\n<meta property=\"og:type\" content=\"article\" \/>\n<meta property=\"og:title\" content=\"P\u00e9tur r\u00e1\u00f0inn a\u00f0sto\u00f0ar\u00fej\u00e1lfari mfl. kvk - \u00cd\u00fer\u00f3ttaf\u00e9lagi\u00f0 Gr\u00f3tta\" \/>\n<meta property=\"og:description\" content=\"P\u00e9tur R\u00f6gnvaldsson hefur veri\u00f0 r\u00e1\u00f0inn sem a\u00f0sto\u00f0ar\u00fej\u00e1lfari meistaraflokks kvenna hj\u00e1 Gr\u00f3ttu og kemur \u00fev\u00ed inn \u00ed \u00fej\u00e1lfarateymi\u00f0 me\u00f0 Magn\u00fasi Erni Helgasyni og \u00de\u00f3r Sigur\u00f0ssyni styrktar\u00fej\u00e1lfara.\" \/>\n<meta property=\"og:url\" content=\"https:\/\/grotta.is\/en\/knattspyrnudeild\/petur-radinn-adstodarthjalfari-mfl-kvk\/\" \/>\n<meta property=\"og:site_name\" content=\"\u00cd\u00fer\u00f3ttaf\u00e9lagi\u00f0 Gr\u00f3tta\" \/>\n<meta property=\"article:publisher\" content=\"https:\/\/www.facebook.com\/grottasport\" \/>\n<meta property=\"article:published_time\" content=\"2019-01-13T17:49:27+00:00\" \/>\n<meta property=\"article:modified_time\" content=\"2020-04-14T17:52:25+00:00\" \/>\n<meta property=\"og:image\" content=\"https:\/\/grotta.is\/wp-content\/uploads\/2019\/01\/Knattspyrnudeild_grotta_Frettir_mflkvk-8.jpg\" \/>\n\t<meta property=\"og:image:width\" content=\"960\" \/>\n\t<meta property=\"og:image:height\" content=\"640\" \/>\n\t<meta property=\"og:image:type\" content=\"image\/jpeg\" \/>\n<meta name=\"author\" content=\"Grotta\" \/>\n<meta name=\"twitter:card\" content=\"summary_large_image\" \/>\n<meta name=\"twitter:label1\" content=\"Written by\" \/>\n\t<meta name=\"twitter:data1\" content=\"Grotta\" \/>\n\t<meta name=\"twitter:label2\" content=\"Est. reading time\" \/>\n\t<meta name=\"twitter:data2\" content=\"1 minute\" \/>\n<script type=\"application\/ld+json\" class=\"yoast-schema-graph\">{\"@context\":\"https:\/\/schema.org\",\"@graph\":[{\"@type\":\"Article\",\"@id\":\"https:\/\/grotta.is\/knattspyrnudeild\/petur-radinn-adstodarthjalfari-mfl-kvk\/#article\",\"isPartOf\":{\"@id\":\"https:\/\/grotta.is\/knattspyrnudeild\/petur-radinn-adstodarthjalfari-mfl-kvk\/\"},\"author\":{\"name\":\"Grotta\",\"@id\":\"https:\/\/grotta.is\/#\/schema\/person\/08ec57bf09ee925f1b6a01540c14a5ce\"},\"headline\":\"P\u00e9tur r\u00e1\u00f0inn a\u00f0sto\u00f0ar\u00fej\u00e1lfari mfl. kvk\",\"datePublished\":\"2019-01-13T17:49:27+00:00\",\"dateModified\":\"2020-04-14T17:52:25+00:00\",\"mainEntityOfPage\":{\"@id\":\"https:\/\/grotta.is\/knattspyrnudeild\/petur-radinn-adstodarthjalfari-mfl-kvk\/\"},\"wordCount\":168,\"publisher\":{\"@id\":\"https:\/\/grotta.is\/#organization\"},\"image\":{\"@id\":\"https:\/\/grotta.is\/knattspyrnudeild\/petur-radinn-adstodarthjalfari-mfl-kvk\/#primaryimage\"},\"thumbnailUrl\":\"https:\/\/grotta.is\/wp-content\/uploads\/2019\/01\/Knattspyrnudeild_grotta_Frettir_mflkvk-8.jpg\",\"keywords\":[\"Knattspyrna\",\"Mfl.kvk\",\"\u00dej\u00e1lfarar\"],\"articleSection\":[\"Knattspyrnudeild\"],\"inLanguage\":\"en-US\"},{\"@type\":\"WebPage\",\"@id\":\"https:\/\/grotta.is\/knattspyrnudeild\/petur-radinn-adstodarthjalfari-mfl-kvk\/\",\"url\":\"https:\/\/grotta.is\/knattspyrnudeild\/petur-radinn-adstodarthjalfari-mfl-kvk\/\",\"name\":\"P\u00e9tur r\u00e1\u00f0inn a\u00f0sto\u00f0ar\u00fej\u00e1lfari mfl. kvk - \u00cd\u00fer\u00f3ttaf\u00e9lagi\u00f0 Gr\u00f3tta\",\"isPartOf\":{\"@id\":\"https:\/\/grotta.is\/#website\"},\"primaryImageOfPage\":{\"@id\":\"https:\/\/grotta.is\/knattspyrnudeild\/petur-radinn-adstodarthjalfari-mfl-kvk\/#primaryimage\"},\"image\":{\"@id\":\"https:\/\/grotta.is\/knattspyrnudeild\/petur-radinn-adstodarthjalfari-mfl-kvk\/#primaryimage\"},\"thumbnailUrl\":\"https:\/\/grotta.is\/wp-content\/uploads\/2019\/01\/Knattspyrnudeild_grotta_Frettir_mflkvk-8.jpg\",\"datePublished\":\"2019-01-13T17:49:27+00:00\",\"dateModified\":\"2020-04-14T17:52:25+00:00\",\"breadcrumb\":{\"@id\":\"https:\/\/grotta.is\/knattspyrnudeild\/petur-radinn-adstodarthjalfari-mfl-kvk\/#breadcrumb\"},\"inLanguage\":\"en-US\",\"potentialAction\":[{\"@type\":\"ReadAction\",\"target\":[\"https:\/\/grotta.is\/knattspyrnudeild\/petur-radinn-adstodarthjalfari-mfl-kvk\/\"]}]},{\"@type\":\"ImageObject\",\"inLanguage\":\"en-US\",\"@id\":\"https:\/\/grotta.is\/knattspyrnudeild\/petur-radinn-adstodarthjalfari-mfl-kvk\/#primaryimage\",\"url\":\"https:\/\/grotta.is\/wp-content\/uploads\/2019\/01\/Knattspyrnudeild_grotta_Frettir_mflkvk-8.jpg\",\"contentUrl\":\"https:\/\/grotta.is\/wp-content\/uploads\/2019\/01\/Knattspyrnudeild_grotta_Frettir_mflkvk-8.jpg\",\"width\":960,\"height\":640},{\"@type\":\"BreadcrumbList\",\"@id\":\"https:\/\/grotta.is\/knattspyrnudeild\/petur-radinn-adstodarthjalfari-mfl-kvk\/#breadcrumb\",\"itemListElement\":[{\"@type\":\"ListItem\",\"position\":1,\"name\":\"Home\",\"item\":\"https:\/\/grotta.is\/\"},{\"@type\":\"ListItem\",\"position\":2,\"name\":\"P\u00e9tur r\u00e1\u00f0inn a\u00f0sto\u00f0ar\u00fej\u00e1lfari mfl. kvk\"}]},{\"@type\":\"WebSite\",\"@id\":\"https:\/\/grotta.is\/#website\",\"url\":\"https:\/\/grotta.is\/\",\"name\":\"\u00cd\u00fer\u00f3ttaf\u00e9lagi\u00f0 Gr\u00f3tta\",\"description\":\"\u00e1 Seltjarnarnesi\",\"publisher\":{\"@id\":\"https:\/\/grotta.is\/#organization\"},\"potentialAction\":[{\"@type\":\"SearchAction\",\"target\":{\"@type\":\"EntryPoint\",\"urlTemplate\":\"https:\/\/grotta.is\/?s={search_term_string}\"},\"query-input\":{\"@type\":\"PropertyValueSpecification\",\"valueRequired\":true,\"valueName\":\"search_term_string\"}}],\"inLanguage\":\"en-US\"},{\"@type\":\"Organization\",\"@id\":\"https:\/\/grotta.is\/#organization\",\"name\":\"\u00cd\u00fer\u00f3ttaf\u00e9lagi\u00f0 Gr\u00f3tta\",\"url\":\"https:\/\/grotta.is\/\",\"logo\":{\"@type\":\"ImageObject\",\"inLanguage\":\"en-US\",\"@id\":\"https:\/\/grotta.is\/#\/schema\/logo\/image\/\",\"url\":\"https:\/\/grotta.is\/wp-content\/uploads\/2020\/02\/ithrottafelagidgrotta_logo_512x512_transparent.png\",\"contentUrl\":\"https:\/\/grotta.is\/wp-content\/uploads\/2020\/02\/ithrottafelagidgrotta_logo_512x512_transparent.png\",\"width\":512,\"height\":512,\"caption\":\"\u00cd\u00fer\u00f3ttaf\u00e9lagi\u00f0 Gr\u00f3tta\"},\"image\":{\"@id\":\"https:\/\/grotta.is\/#\/schema\/logo\/image\/\"},\"sameAs\":[\"https:\/\/www.facebook.com\/grottasport\"]},{\"@type\":\"Person\",\"@id\":\"https:\/\/grotta.is\/#\/schema\/person\/08ec57bf09ee925f1b6a01540c14a5ce\",\"name\":\"Grotta\",\"url\":\"https:\/\/grotta.is\/en\/author\/inga\/\"}]}<\/script>\n<!-- \/ Yoast SEO plugin. -->","yoast_head_json":{"title":"P\u00e9tur r\u00e1\u00f0inn a\u00f0sto\u00f0ar\u00fej\u00e1lfari mfl. kvk - \u00cd\u00fer\u00f3ttaf\u00e9lagi\u00f0 Gr\u00f3tta","robots":{"index":"index","follow":"follow","max-snippet":"max-snippet:-1","max-image-preview":"max-image-preview:large","max-video-preview":"max-video-preview:-1"},"canonical":"https:\/\/grotta.is\/en\/knattspyrnudeild\/petur-radinn-adstodarthjalfari-mfl-kvk\/","og_locale":"en_US","og_type":"article","og_title":"P\u00e9tur r\u00e1\u00f0inn a\u00f0sto\u00f0ar\u00fej\u00e1lfari mfl. kvk - \u00cd\u00fer\u00f3ttaf\u00e9lagi\u00f0 Gr\u00f3tta","og_description":"P\u00e9tur R\u00f6gnvaldsson hefur veri\u00f0 r\u00e1\u00f0inn sem a\u00f0sto\u00f0ar\u00fej\u00e1lfari meistaraflokks kvenna hj\u00e1 Gr\u00f3ttu og kemur \u00fev\u00ed inn \u00ed \u00fej\u00e1lfarateymi\u00f0 me\u00f0 Magn\u00fasi Erni Helgasyni og \u00de\u00f3r Sigur\u00f0ssyni styrktar\u00fej\u00e1lfara.","og_url":"https:\/\/grotta.is\/en\/knattspyrnudeild\/petur-radinn-adstodarthjalfari-mfl-kvk\/","og_site_name":"\u00cd\u00fer\u00f3ttaf\u00e9lagi\u00f0 Gr\u00f3tta","article_publisher":"https:\/\/www.facebook.com\/grottasport","article_published_time":"2019-01-13T17:49:27+00:00","article_modified_time":"2020-04-14T17:52:25+00:00","og_image":[{"width":960,"height":640,"url":"https:\/\/grotta.is\/wp-content\/uploads\/2019\/01\/Knattspyrnudeild_grotta_Frettir_mflkvk-8.jpg","type":"image\/jpeg"}],"author":"Grotta","twitter_card":"summary_large_image","twitter_misc":{"Written by":"Grotta","Est. reading time":"1 minute"},"schema":{"@context":"https:\/\/schema.org","@graph":[{"@type":"Article","@id":"https:\/\/grotta.is\/knattspyrnudeild\/petur-radinn-adstodarthjalfari-mfl-kvk\/#article","isPartOf":{"@id":"https:\/\/grotta.is\/knattspyrnudeild\/petur-radinn-adstodarthjalfari-mfl-kvk\/"},"author":{"name":"Grotta","@id":"https:\/\/grotta.is\/#\/schema\/person\/08ec57bf09ee925f1b6a01540c14a5ce"},"headline":"P\u00e9tur r\u00e1\u00f0inn a\u00f0sto\u00f0ar\u00fej\u00e1lfari mfl. kvk","datePublished":"2019-01-13T17:49:27+00:00","dateModified":"2020-04-14T17:52:25+00:00","mainEntityOfPage":{"@id":"https:\/\/grotta.is\/knattspyrnudeild\/petur-radinn-adstodarthjalfari-mfl-kvk\/"},"wordCount":168,"publisher":{"@id":"https:\/\/grotta.is\/#organization"},"image":{"@id":"https:\/\/grotta.is\/knattspyrnudeild\/petur-radinn-adstodarthjalfari-mfl-kvk\/#primaryimage"},"thumbnailUrl":"https:\/\/grotta.is\/wp-content\/uploads\/2019\/01\/Knattspyrnudeild_grotta_Frettir_mflkvk-8.jpg","keywords":["Knattspyrna","Mfl.kvk","\u00dej\u00e1lfarar"],"articleSection":["Knattspyrnudeild"],"inLanguage":"en-US"},{"@type":"WebPage","@id":"https:\/\/grotta.is\/knattspyrnudeild\/petur-radinn-adstodarthjalfari-mfl-kvk\/","url":"https:\/\/grotta.is\/knattspyrnudeild\/petur-radinn-adstodarthjalfari-mfl-kvk\/","name":"P\u00e9tur r\u00e1\u00f0inn a\u00f0sto\u00f0ar\u00fej\u00e1lfari mfl. kvk - \u00cd\u00fer\u00f3ttaf\u00e9lagi\u00f0 Gr\u00f3tta","isPartOf":{"@id":"https:\/\/grotta.is\/#website"},"primaryImageOfPage":{"@id":"https:\/\/grotta.is\/knattspyrnudeild\/petur-radinn-adstodarthjalfari-mfl-kvk\/#primaryimage"},"image":{"@id":"https:\/\/grotta.is\/knattspyrnudeild\/petur-radinn-adstodarthjalfari-mfl-kvk\/#primaryimage"},"thumbnailUrl":"https:\/\/grotta.is\/wp-content\/uploads\/2019\/01\/Knattspyrnudeild_grotta_Frettir_mflkvk-8.jpg","datePublished":"2019-01-13T17:49:27+00:00","dateModified":"2020-04-14T17:52:25+00:00","breadcrumb":{"@id":"https:\/\/grotta.is\/knattspyrnudeild\/petur-radinn-adstodarthjalfari-mfl-kvk\/#breadcrumb"},"inLanguage":"en-US","potentialAction":[{"@type":"ReadAction","target":["https:\/\/grotta.is\/knattspyrnudeild\/petur-radinn-adstodarthjalfari-mfl-kvk\/"]}]},{"@type":"ImageObject","inLanguage":"en-US","@id":"https:\/\/grotta.is\/knattspyrnudeild\/petur-radinn-adstodarthjalfari-mfl-kvk\/#primaryimage","url":"https:\/\/grotta.is\/wp-content\/uploads\/2019\/01\/Knattspyrnudeild_grotta_Frettir_mflkvk-8.jpg","contentUrl":"https:\/\/grotta.is\/wp-content\/uploads\/2019\/01\/Knattspyrnudeild_grotta_Frettir_mflkvk-8.jpg","width":960,"height":640},{"@type":"BreadcrumbList","@id":"https:\/\/grotta.is\/knattspyrnudeild\/petur-radinn-adstodarthjalfari-mfl-kvk\/#breadcrumb","itemListElement":[{"@type":"ListItem","position":1,"name":"Home","item":"https:\/\/grotta.is\/"},{"@type":"ListItem","position":2,"name":"P\u00e9tur r\u00e1\u00f0inn a\u00f0sto\u00f0ar\u00fej\u00e1lfari mfl. kvk"}]},{"@type":"WebSite","@id":"https:\/\/grotta.is\/#website","url":"https:\/\/grotta.is\/","name":"\u00cd\u00fer\u00f3ttaf\u00e9lagi\u00f0 Gr\u00f3tta","description":"\u00e1 Seltjarnarnesi","publisher":{"@id":"https:\/\/grotta.is\/#organization"},"potentialAction":[{"@type":"SearchAction","target":{"@type":"EntryPoint","urlTemplate":"https:\/\/grotta.is\/?s={search_term_string}"},"query-input":{"@type":"PropertyValueSpecification","valueRequired":true,"valueName":"search_term_string"}}],"inLanguage":"en-US"},{"@type":"Organization","@id":"https:\/\/grotta.is\/#organization","name":"\u00cd\u00fer\u00f3ttaf\u00e9lagi\u00f0 Gr\u00f3tta","url":"https:\/\/grotta.is\/","logo":{"@type":"ImageObject","inLanguage":"en-US","@id":"https:\/\/grotta.is\/#\/schema\/logo\/image\/","url":"https:\/\/grotta.is\/wp-content\/uploads\/2020\/02\/ithrottafelagidgrotta_logo_512x512_transparent.png","contentUrl":"https:\/\/grotta.is\/wp-content\/uploads\/2020\/02\/ithrottafelagidgrotta_logo_512x512_transparent.png","width":512,"height":512,"caption":"\u00cd\u00fer\u00f3ttaf\u00e9lagi\u00f0 Gr\u00f3tta"},"image":{"@id":"https:\/\/grotta.is\/#\/schema\/logo\/image\/"},"sameAs":["https:\/\/www.facebook.com\/grottasport"]},{"@type":"Person","@id":"https:\/\/grotta.is\/#\/schema\/person\/08ec57bf09ee925f1b6a01540c14a5ce","name":"Grotta","url":"https:\/\/grotta.is\/en\/author\/inga\/"}]}},"_links":{"self":[{"href":"https:\/\/grotta.is\/en\/wp-json\/wp\/v2\/posts\/1927","targetHints":{"allow":["GET"]}}],"collection":[{"href":"https:\/\/grotta.is\/en\/wp-json\/wp\/v2\/posts"}],"about":[{"href":"https:\/\/grotta.is\/en\/wp-json\/wp\/v2\/types\/post"}],"author":[{"embeddable":true,"href":"https:\/\/grotta.is\/en\/wp-json\/wp\/v2\/users\/2"}],"replies":[{"embeddable":true,"href":"https:\/\/grotta.is\/en\/wp-json\/wp\/v2\/comments?post=1927"}],"version-history":[{"count":0,"href":"https:\/\/grotta.is\/en\/wp-json\/wp\/v2\/posts\/1927\/revisions"}],"wp:featuredmedia":[{"embeddable":true,"href":"https:\/\/grotta.is\/en\/wp-json\/wp\/v2\/media\/1930"}],"wp:attachment":[{"href":"https:\/\/grotta.is\/en\/wp-json\/wp\/v2\/media?parent=1927"}],"wp:term":[{"taxonomy":"category","embeddable":true,"href":"https:\/\/grotta.is\/en\/wp-json\/wp\/v2\/categories?post=1927"},{"taxonomy":"post_tag","embeddable":true,"href":"https:\/\/grotta.is\/en\/wp-json\/wp\/v2\/tags?post=1927"}],"curies":[{"name":"wp","href":"https:\/\/api.w.org\/{rel}","templated":true}]}}