{"id":1923,"date":"2019-01-14T17:47:00","date_gmt":"2019-01-14T17:47:00","guid":{"rendered":"https:\/\/grotta.is\/?p=1923"},"modified":"2020-04-14T17:49:11","modified_gmt":"2020-04-14T17:49:11","slug":"margret-ran-og-tinna-bra-i-urtakshopi-u16","status":"publish","type":"post","link":"https:\/\/grotta.is\/en\/knattspyrnudeild\/margret-ran-og-tinna-bra-i-urtakshopi-u16\/","title":{"rendered":"Margr\u00e9t R\u00e1n og Tinna Br\u00e1 \u00ed \u00fartaksh\u00f3pi U16"},"content":{"rendered":"<p>J\u00f6rundur \u00c1ki Sveinsson, landsli\u00f0s\u00fej\u00e1lfari U16 kvenna, hefur vali\u00f0 h\u00f3p fyrir \u00fartaks\u00e6fingar 25.-27. jan\u00faar. \u00cd h\u00f3pnum eru Gr\u00f3ttustelpurnar Margr\u00e9t R\u00e1n og Tinna Br\u00e1, leikmenn 3. flokks. Knattspyrnudeild Gr\u00f3ttu \u00f3skar stelpunum innilega til hamingju me\u00f0 vali\u00f0 og \u00f3skar \u00feeim g\u00f3\u00f0s gengis \u00e1 \u00e6fingunum!<\/p><figure class=\"wp-block-gallery columns-2 is-cropped wp-block-gallery-1 is-layout-flex wp-block-gallery-is-layout-flex\"><ul class=\"blocks-gallery-grid\"><li class=\"blocks-gallery-item\"><figure><img fetchpriority=\"high\" decoding=\"async\" width=\"1024\" height=\"683\" src=\"https:\/\/grotta.is\/wp-content\/uploads\/2020\/04\/Knattspyrnudeild_grotta_Frettir_leikmenn_61-1024x683.jpg\" alt=\"\" data-id=\"1925\" data-full-url=\"https:\/\/grotta.is\/wp-content\/uploads\/2020\/04\/Knattspyrnudeild_grotta_Frettir_leikmenn_61.jpg\" data-link=\"https:\/\/grotta.is\/?attachment_id=1925\" class=\"wp-image-1925\" srcset=\"https:\/\/grotta.is\/wp-content\/uploads\/2020\/04\/Knattspyrnudeild_grotta_Frettir_leikmenn_61-1024x683.jpg 1024w, https:\/\/grotta.is\/wp-content\/uploads\/2020\/04\/Knattspyrnudeild_grotta_Frettir_leikmenn_61-600x400.jpg 600w, https:\/\/grotta.is\/wp-content\/uploads\/2020\/04\/Knattspyrnudeild_grotta_Frettir_leikmenn_61-300x200.jpg 300w, https:\/\/grotta.is\/wp-content\/uploads\/2020\/04\/Knattspyrnudeild_grotta_Frettir_leikmenn_61-768x512.jpg 768w, https:\/\/grotta.is\/wp-content\/uploads\/2020\/04\/Knattspyrnudeild_grotta_Frettir_leikmenn_61-1536x1024.jpg 1536w, https:\/\/grotta.is\/wp-content\/uploads\/2020\/04\/Knattspyrnudeild_grotta_Frettir_leikmenn_61.jpg 1980w\" sizes=\"(max-width: 1024px) 100vw, 1024px\" \/><\/figure><\/li><li class=\"blocks-gallery-item\"><figure><img decoding=\"async\" width=\"683\" height=\"1024\" data-src=\"https:\/\/grotta.is\/wp-content\/uploads\/2020\/04\/Knattspyrnudeild_grotta_Frettir_leikmenn_62-683x1024.jpg\" alt=\"\" data-id=\"1924\" data-full-url=\"https:\/\/grotta.is\/wp-content\/uploads\/2020\/04\/Knattspyrnudeild_grotta_Frettir_leikmenn_62.jpg\" data-link=\"https:\/\/grotta.is\/?attachment_id=1924\" class=\"wp-image-1924 lazyload\" data-srcset=\"https:\/\/grotta.is\/wp-content\/uploads\/2020\/04\/Knattspyrnudeild_grotta_Frettir_leikmenn_62-683x1024.jpg 683w, https:\/\/grotta.is\/wp-content\/uploads\/2020\/04\/Knattspyrnudeild_grotta_Frettir_leikmenn_62-600x899.jpg 600w, https:\/\/grotta.is\/wp-content\/uploads\/2020\/04\/Knattspyrnudeild_grotta_Frettir_leikmenn_62-200x300.jpg 200w, https:\/\/grotta.is\/wp-content\/uploads\/2020\/04\/Knattspyrnudeild_grotta_Frettir_leikmenn_62-768x1151.jpg 768w, https:\/\/grotta.is\/wp-content\/uploads\/2020\/04\/Knattspyrnudeild_grotta_Frettir_leikmenn_62.jpg 946w\" data-sizes=\"(max-width: 683px) 100vw, 683px\" src=\"data:image\/gif;base64,R0lGODlhAQABAAAAACH5BAEKAAEALAAAAAABAAEAAAICTAEAOw==\" style=\"--smush-placeholder-width: 683px; --smush-placeholder-aspect-ratio: 683\/1024;\" \/><\/figure><\/li><\/ul><\/figure>","protected":false},"excerpt":{"rendered":"<p>J\u00f6rundur \u00c1ki Sveinsson, landsli\u00f0s\u00fej\u00e1lfari U16 kvenna, hefur vali\u00f0 h\u00f3p fyrir \u00fartaks\u00e6fingar 25.-27. jan\u00faar. \u00cd h\u00f3pnum eru Gr\u00f3ttustelpurnar Margr\u00e9t R\u00e1n og Tinna Br\u00e1, leikmenn 3. flokks. Knattspyrnudeild Gr\u00f3ttu \u00f3skar stelpunum innilega til hamingju me\u00f0 vali\u00f0 og \u00f3skar \u00feeim g\u00f3\u00f0s gengis \u00e1 \u00e6fingunum!<\/p>","protected":false},"author":2,"featured_media":1925,"comment_status":"closed","ping_status":"closed","sticky":false,"template":"","format":"standard","meta":{"footnotes":""},"categories":[7],"tags":[6,22,17,15],"class_list":["post-1923","post","type-post","status-publish","format-standard","has-post-thumbnail","hentry","category-knattspyrnudeild","tag-knattspyrna","tag-landslid","tag-leikmenn","tag-yngri-flokkar"],"yoast_head":"<!-- This site is optimized with the Yoast SEO plugin v24.3 - https:\/\/yoast.com\/wordpress\/plugins\/seo\/ -->\n<title>Margr\u00e9t R\u00e1n og Tinna Br\u00e1 \u00ed \u00fartaksh\u00f3pi U16 - \u00cd\u00fer\u00f3ttaf\u00e9lagi\u00f0 Gr\u00f3tta<\/title>\n<meta name=\"robots\" content=\"index, follow, max-snippet:-1, max-image-preview:large, max-video-preview:-1\" \/>\n<link rel=\"canonical\" href=\"https:\/\/grotta.is\/en\/knattspyrnudeild\/margret-ran-og-tinna-bra-i-urtakshopi-u16\/\" \/>\n<meta property=\"og:locale\" content=\"en_US\" \/>\n<meta property=\"og:type\" content=\"article\" \/>\n<meta property=\"og:title\" content=\"Margr\u00e9t R\u00e1n og Tinna Br\u00e1 \u00ed \u00fartaksh\u00f3pi U16 - \u00cd\u00fer\u00f3ttaf\u00e9lagi\u00f0 Gr\u00f3tta\" \/>\n<meta property=\"og:description\" content=\"J\u00f6rundur \u00c1ki Sveinsson, landsli\u00f0s\u00fej\u00e1lfari U16 kvenna, hefur vali\u00f0 h\u00f3p fyrir \u00fartaks\u00e6fingar 25.-27. jan\u00faar. \u00cd h\u00f3pnum eru Gr\u00f3ttustelpurnar Margr\u00e9t R\u00e1n og Tinna Br\u00e1, leikmenn 3. flokks. Knattspyrnudeild Gr\u00f3ttu \u00f3skar stelpunum innilega til hamingju me\u00f0 vali\u00f0 og \u00f3skar \u00feeim g\u00f3\u00f0s gengis \u00e1 \u00e6fingunum!\" \/>\n<meta property=\"og:url\" content=\"https:\/\/grotta.is\/en\/knattspyrnudeild\/margret-ran-og-tinna-bra-i-urtakshopi-u16\/\" \/>\n<meta property=\"og:site_name\" content=\"\u00cd\u00fer\u00f3ttaf\u00e9lagi\u00f0 Gr\u00f3tta\" \/>\n<meta property=\"article:publisher\" content=\"https:\/\/www.facebook.com\/grottasport\" \/>\n<meta property=\"article:published_time\" content=\"2019-01-14T17:47:00+00:00\" \/>\n<meta property=\"article:modified_time\" content=\"2020-04-14T17:49:11+00:00\" \/>\n<meta property=\"og:image\" content=\"https:\/\/grotta.is\/wp-content\/uploads\/2020\/04\/Knattspyrnudeild_grotta_Frettir_leikmenn_61.jpg\" \/>\n\t<meta property=\"og:image:width\" content=\"1980\" \/>\n\t<meta property=\"og:image:height\" content=\"1320\" \/>\n\t<meta property=\"og:image:type\" content=\"image\/jpeg\" \/>\n<meta name=\"author\" content=\"Grotta\" \/>\n<meta name=\"twitter:card\" content=\"summary_large_image\" \/>\n<meta name=\"twitter:label1\" content=\"Written by\" \/>\n\t<meta name=\"twitter:data1\" content=\"Grotta\" \/>\n<script type=\"application\/ld+json\" class=\"yoast-schema-graph\">{\"@context\":\"https:\/\/schema.org\",\"@graph\":[{\"@type\":\"Article\",\"@id\":\"https:\/\/grotta.is\/knattspyrnudeild\/margret-ran-og-tinna-bra-i-urtakshopi-u16\/#article\",\"isPartOf\":{\"@id\":\"https:\/\/grotta.is\/knattspyrnudeild\/margret-ran-og-tinna-bra-i-urtakshopi-u16\/\"},\"author\":{\"name\":\"Grotta\",\"@id\":\"https:\/\/grotta.is\/#\/schema\/person\/08ec57bf09ee925f1b6a01540c14a5ce\"},\"headline\":\"Margr\u00e9t R\u00e1n og Tinna Br\u00e1 \u00ed \u00fartaksh\u00f3pi U16\",\"datePublished\":\"2019-01-14T17:47:00+00:00\",\"dateModified\":\"2020-04-14T17:49:11+00:00\",\"mainEntityOfPage\":{\"@id\":\"https:\/\/grotta.is\/knattspyrnudeild\/margret-ran-og-tinna-bra-i-urtakshopi-u16\/\"},\"wordCount\":61,\"publisher\":{\"@id\":\"https:\/\/grotta.is\/#organization\"},\"image\":{\"@id\":\"https:\/\/grotta.is\/knattspyrnudeild\/margret-ran-og-tinna-bra-i-urtakshopi-u16\/#primaryimage\"},\"thumbnailUrl\":\"https:\/\/grotta.is\/wp-content\/uploads\/2020\/04\/Knattspyrnudeild_grotta_Frettir_leikmenn_61.jpg\",\"keywords\":[\"Knattspyrna\",\"Landsli\u00f0\",\"Leikmenn\",\"Yngri flokkar\"],\"articleSection\":[\"Knattspyrnudeild\"],\"inLanguage\":\"en-US\"},{\"@type\":\"WebPage\",\"@id\":\"https:\/\/grotta.is\/knattspyrnudeild\/margret-ran-og-tinna-bra-i-urtakshopi-u16\/\",\"url\":\"https:\/\/grotta.is\/knattspyrnudeild\/margret-ran-og-tinna-bra-i-urtakshopi-u16\/\",\"name\":\"Margr\u00e9t R\u00e1n og Tinna Br\u00e1 \u00ed \u00fartaksh\u00f3pi U16 - \u00cd\u00fer\u00f3ttaf\u00e9lagi\u00f0 Gr\u00f3tta\",\"isPartOf\":{\"@id\":\"https:\/\/grotta.is\/#website\"},\"primaryImageOfPage\":{\"@id\":\"https:\/\/grotta.is\/knattspyrnudeild\/margret-ran-og-tinna-bra-i-urtakshopi-u16\/#primaryimage\"},\"image\":{\"@id\":\"https:\/\/grotta.is\/knattspyrnudeild\/margret-ran-og-tinna-bra-i-urtakshopi-u16\/#primaryimage\"},\"thumbnailUrl\":\"https:\/\/grotta.is\/wp-content\/uploads\/2020\/04\/Knattspyrnudeild_grotta_Frettir_leikmenn_61.jpg\",\"datePublished\":\"2019-01-14T17:47:00+00:00\",\"dateModified\":\"2020-04-14T17:49:11+00:00\",\"breadcrumb\":{\"@id\":\"https:\/\/grotta.is\/knattspyrnudeild\/margret-ran-og-tinna-bra-i-urtakshopi-u16\/#breadcrumb\"},\"inLanguage\":\"en-US\",\"potentialAction\":[{\"@type\":\"ReadAction\",\"target\":[\"https:\/\/grotta.is\/knattspyrnudeild\/margret-ran-og-tinna-bra-i-urtakshopi-u16\/\"]}]},{\"@type\":\"ImageObject\",\"inLanguage\":\"en-US\",\"@id\":\"https:\/\/grotta.is\/knattspyrnudeild\/margret-ran-og-tinna-bra-i-urtakshopi-u16\/#primaryimage\",\"url\":\"https:\/\/grotta.is\/wp-content\/uploads\/2020\/04\/Knattspyrnudeild_grotta_Frettir_leikmenn_61.jpg\",\"contentUrl\":\"https:\/\/grotta.is\/wp-content\/uploads\/2020\/04\/Knattspyrnudeild_grotta_Frettir_leikmenn_61.jpg\",\"width\":1980,\"height\":1320},{\"@type\":\"BreadcrumbList\",\"@id\":\"https:\/\/grotta.is\/knattspyrnudeild\/margret-ran-og-tinna-bra-i-urtakshopi-u16\/#breadcrumb\",\"itemListElement\":[{\"@type\":\"ListItem\",\"position\":1,\"name\":\"Home\",\"item\":\"https:\/\/grotta.is\/\"},{\"@type\":\"ListItem\",\"position\":2,\"name\":\"Margr\u00e9t R\u00e1n og Tinna Br\u00e1 \u00ed \u00fartaksh\u00f3pi U16\"}]},{\"@type\":\"WebSite\",\"@id\":\"https:\/\/grotta.is\/#website\",\"url\":\"https:\/\/grotta.is\/\",\"name\":\"\u00cd\u00fer\u00f3ttaf\u00e9lagi\u00f0 Gr\u00f3tta\",\"description\":\"\u00e1 Seltjarnarnesi\",\"publisher\":{\"@id\":\"https:\/\/grotta.is\/#organization\"},\"potentialAction\":[{\"@type\":\"SearchAction\",\"target\":{\"@type\":\"EntryPoint\",\"urlTemplate\":\"https:\/\/grotta.is\/?s={search_term_string}\"},\"query-input\":{\"@type\":\"PropertyValueSpecification\",\"valueRequired\":true,\"valueName\":\"search_term_string\"}}],\"inLanguage\":\"en-US\"},{\"@type\":\"Organization\",\"@id\":\"https:\/\/grotta.is\/#organization\",\"name\":\"\u00cd\u00fer\u00f3ttaf\u00e9lagi\u00f0 Gr\u00f3tta\",\"url\":\"https:\/\/grotta.is\/\",\"logo\":{\"@type\":\"ImageObject\",\"inLanguage\":\"en-US\",\"@id\":\"https:\/\/grotta.is\/#\/schema\/logo\/image\/\",\"url\":\"https:\/\/grotta.is\/wp-content\/uploads\/2020\/02\/ithrottafelagidgrotta_logo_512x512_transparent.png\",\"contentUrl\":\"https:\/\/grotta.is\/wp-content\/uploads\/2020\/02\/ithrottafelagidgrotta_logo_512x512_transparent.png\",\"width\":512,\"height\":512,\"caption\":\"\u00cd\u00fer\u00f3ttaf\u00e9lagi\u00f0 Gr\u00f3tta\"},\"image\":{\"@id\":\"https:\/\/grotta.is\/#\/schema\/logo\/image\/\"},\"sameAs\":[\"https:\/\/www.facebook.com\/grottasport\"]},{\"@type\":\"Person\",\"@id\":\"https:\/\/grotta.is\/#\/schema\/person\/08ec57bf09ee925f1b6a01540c14a5ce\",\"name\":\"Grotta\",\"url\":\"https:\/\/grotta.is\/en\/author\/inga\/\"}]}<\/script>\n<!-- \/ Yoast SEO plugin. -->","yoast_head_json":{"title":"Margr\u00e9t R\u00e1n og Tinna Br\u00e1 \u00ed \u00fartaksh\u00f3pi U16 - \u00cd\u00fer\u00f3ttaf\u00e9lagi\u00f0 Gr\u00f3tta","robots":{"index":"index","follow":"follow","max-snippet":"max-snippet:-1","max-image-preview":"max-image-preview:large","max-video-preview":"max-video-preview:-1"},"canonical":"https:\/\/grotta.is\/en\/knattspyrnudeild\/margret-ran-og-tinna-bra-i-urtakshopi-u16\/","og_locale":"en_US","og_type":"article","og_title":"Margr\u00e9t R\u00e1n og Tinna Br\u00e1 \u00ed \u00fartaksh\u00f3pi U16 - \u00cd\u00fer\u00f3ttaf\u00e9lagi\u00f0 Gr\u00f3tta","og_description":"J\u00f6rundur \u00c1ki Sveinsson, landsli\u00f0s\u00fej\u00e1lfari U16 kvenna, hefur vali\u00f0 h\u00f3p fyrir \u00fartaks\u00e6fingar 25.-27. jan\u00faar. \u00cd h\u00f3pnum eru Gr\u00f3ttustelpurnar Margr\u00e9t R\u00e1n og Tinna Br\u00e1, leikmenn 3. flokks. Knattspyrnudeild Gr\u00f3ttu \u00f3skar stelpunum innilega til hamingju me\u00f0 vali\u00f0 og \u00f3skar \u00feeim g\u00f3\u00f0s gengis \u00e1 \u00e6fingunum!","og_url":"https:\/\/grotta.is\/en\/knattspyrnudeild\/margret-ran-og-tinna-bra-i-urtakshopi-u16\/","og_site_name":"\u00cd\u00fer\u00f3ttaf\u00e9lagi\u00f0 Gr\u00f3tta","article_publisher":"https:\/\/www.facebook.com\/grottasport","article_published_time":"2019-01-14T17:47:00+00:00","article_modified_time":"2020-04-14T17:49:11+00:00","og_image":[{"width":1980,"height":1320,"url":"https:\/\/grotta.is\/wp-content\/uploads\/2020\/04\/Knattspyrnudeild_grotta_Frettir_leikmenn_61.jpg","type":"image\/jpeg"}],"author":"Grotta","twitter_card":"summary_large_image","twitter_misc":{"Written by":"Grotta"},"schema":{"@context":"https:\/\/schema.org","@graph":[{"@type":"Article","@id":"https:\/\/grotta.is\/knattspyrnudeild\/margret-ran-og-tinna-bra-i-urtakshopi-u16\/#article","isPartOf":{"@id":"https:\/\/grotta.is\/knattspyrnudeild\/margret-ran-og-tinna-bra-i-urtakshopi-u16\/"},"author":{"name":"Grotta","@id":"https:\/\/grotta.is\/#\/schema\/person\/08ec57bf09ee925f1b6a01540c14a5ce"},"headline":"Margr\u00e9t R\u00e1n og Tinna Br\u00e1 \u00ed \u00fartaksh\u00f3pi U16","datePublished":"2019-01-14T17:47:00+00:00","dateModified":"2020-04-14T17:49:11+00:00","mainEntityOfPage":{"@id":"https:\/\/grotta.is\/knattspyrnudeild\/margret-ran-og-tinna-bra-i-urtakshopi-u16\/"},"wordCount":61,"publisher":{"@id":"https:\/\/grotta.is\/#organization"},"image":{"@id":"https:\/\/grotta.is\/knattspyrnudeild\/margret-ran-og-tinna-bra-i-urtakshopi-u16\/#primaryimage"},"thumbnailUrl":"https:\/\/grotta.is\/wp-content\/uploads\/2020\/04\/Knattspyrnudeild_grotta_Frettir_leikmenn_61.jpg","keywords":["Knattspyrna","Landsli\u00f0","Leikmenn","Yngri flokkar"],"articleSection":["Knattspyrnudeild"],"inLanguage":"en-US"},{"@type":"WebPage","@id":"https:\/\/grotta.is\/knattspyrnudeild\/margret-ran-og-tinna-bra-i-urtakshopi-u16\/","url":"https:\/\/grotta.is\/knattspyrnudeild\/margret-ran-og-tinna-bra-i-urtakshopi-u16\/","name":"Margr\u00e9t R\u00e1n og Tinna Br\u00e1 \u00ed \u00fartaksh\u00f3pi U16 - \u00cd\u00fer\u00f3ttaf\u00e9lagi\u00f0 Gr\u00f3tta","isPartOf":{"@id":"https:\/\/grotta.is\/#website"},"primaryImageOfPage":{"@id":"https:\/\/grotta.is\/knattspyrnudeild\/margret-ran-og-tinna-bra-i-urtakshopi-u16\/#primaryimage"},"image":{"@id":"https:\/\/grotta.is\/knattspyrnudeild\/margret-ran-og-tinna-bra-i-urtakshopi-u16\/#primaryimage"},"thumbnailUrl":"https:\/\/grotta.is\/wp-content\/uploads\/2020\/04\/Knattspyrnudeild_grotta_Frettir_leikmenn_61.jpg","datePublished":"2019-01-14T17:47:00+00:00","dateModified":"2020-04-14T17:49:11+00:00","breadcrumb":{"@id":"https:\/\/grotta.is\/knattspyrnudeild\/margret-ran-og-tinna-bra-i-urtakshopi-u16\/#breadcrumb"},"inLanguage":"en-US","potentialAction":[{"@type":"ReadAction","target":["https:\/\/grotta.is\/knattspyrnudeild\/margret-ran-og-tinna-bra-i-urtakshopi-u16\/"]}]},{"@type":"ImageObject","inLanguage":"en-US","@id":"https:\/\/grotta.is\/knattspyrnudeild\/margret-ran-og-tinna-bra-i-urtakshopi-u16\/#primaryimage","url":"https:\/\/grotta.is\/wp-content\/uploads\/2020\/04\/Knattspyrnudeild_grotta_Frettir_leikmenn_61.jpg","contentUrl":"https:\/\/grotta.is\/wp-content\/uploads\/2020\/04\/Knattspyrnudeild_grotta_Frettir_leikmenn_61.jpg","width":1980,"height":1320},{"@type":"BreadcrumbList","@id":"https:\/\/grotta.is\/knattspyrnudeild\/margret-ran-og-tinna-bra-i-urtakshopi-u16\/#breadcrumb","itemListElement":[{"@type":"ListItem","position":1,"name":"Home","item":"https:\/\/grotta.is\/"},{"@type":"ListItem","position":2,"name":"Margr\u00e9t R\u00e1n og Tinna Br\u00e1 \u00ed \u00fartaksh\u00f3pi U16"}]},{"@type":"WebSite","@id":"https:\/\/grotta.is\/#website","url":"https:\/\/grotta.is\/","name":"\u00cd\u00fer\u00f3ttaf\u00e9lagi\u00f0 Gr\u00f3tta","description":"\u00e1 Seltjarnarnesi","publisher":{"@id":"https:\/\/grotta.is\/#organization"},"potentialAction":[{"@type":"SearchAction","target":{"@type":"EntryPoint","urlTemplate":"https:\/\/grotta.is\/?s={search_term_string}"},"query-input":{"@type":"PropertyValueSpecification","valueRequired":true,"valueName":"search_term_string"}}],"inLanguage":"en-US"},{"@type":"Organization","@id":"https:\/\/grotta.is\/#organization","name":"\u00cd\u00fer\u00f3ttaf\u00e9lagi\u00f0 Gr\u00f3tta","url":"https:\/\/grotta.is\/","logo":{"@type":"ImageObject","inLanguage":"en-US","@id":"https:\/\/grotta.is\/#\/schema\/logo\/image\/","url":"https:\/\/grotta.is\/wp-content\/uploads\/2020\/02\/ithrottafelagidgrotta_logo_512x512_transparent.png","contentUrl":"https:\/\/grotta.is\/wp-content\/uploads\/2020\/02\/ithrottafelagidgrotta_logo_512x512_transparent.png","width":512,"height":512,"caption":"\u00cd\u00fer\u00f3ttaf\u00e9lagi\u00f0 Gr\u00f3tta"},"image":{"@id":"https:\/\/grotta.is\/#\/schema\/logo\/image\/"},"sameAs":["https:\/\/www.facebook.com\/grottasport"]},{"@type":"Person","@id":"https:\/\/grotta.is\/#\/schema\/person\/08ec57bf09ee925f1b6a01540c14a5ce","name":"Grotta","url":"https:\/\/grotta.is\/en\/author\/inga\/"}]}},"_links":{"self":[{"href":"https:\/\/grotta.is\/en\/wp-json\/wp\/v2\/posts\/1923","targetHints":{"allow":["GET"]}}],"collection":[{"href":"https:\/\/grotta.is\/en\/wp-json\/wp\/v2\/posts"}],"about":[{"href":"https:\/\/grotta.is\/en\/wp-json\/wp\/v2\/types\/post"}],"author":[{"embeddable":true,"href":"https:\/\/grotta.is\/en\/wp-json\/wp\/v2\/users\/2"}],"replies":[{"embeddable":true,"href":"https:\/\/grotta.is\/en\/wp-json\/wp\/v2\/comments?post=1923"}],"version-history":[{"count":0,"href":"https:\/\/grotta.is\/en\/wp-json\/wp\/v2\/posts\/1923\/revisions"}],"wp:featuredmedia":[{"embeddable":true,"href":"https:\/\/grotta.is\/en\/wp-json\/wp\/v2\/media\/1925"}],"wp:attachment":[{"href":"https:\/\/grotta.is\/en\/wp-json\/wp\/v2\/media?parent=1923"}],"wp:term":[{"taxonomy":"category","embeddable":true,"href":"https:\/\/grotta.is\/en\/wp-json\/wp\/v2\/categories?post=1923"},{"taxonomy":"post_tag","embeddable":true,"href":"https:\/\/grotta.is\/en\/wp-json\/wp\/v2\/tags?post=1923"}],"curies":[{"name":"wp","href":"https:\/\/api.w.org\/{rel}","templated":true}]}}