{"id":178328,"date":"2020-11-16T21:35:21","date_gmt":"2020-11-16T21:35:21","guid":{"rendered":"https:\/\/grotta.is\/?p=178328"},"modified":"2020-11-16T21:35:27","modified_gmt":"2020-11-16T21:35:27","slug":"signy-til-grottu-margret-ran-skrifar-undir","status":"publish","type":"post","link":"https:\/\/grotta.is\/en\/knattspyrnudeild\/signy-til-grottu-margret-ran-skrifar-undir\/","title":{"rendered":"Sign\u00fd til Gr\u00f3ttu &#8211; Margr\u00e9t R\u00e1n skrifar undir"},"content":{"rendered":"<p>Sign\u00fd Ylfa Sigur\u00f0ard\u00f3ttir er gengin til li\u00f0s vi\u00f0 Gr\u00f3ttu fr\u00e1 Val og hefur skrifa\u00f0 undir tveggja \u00e1ra samning. Sign\u00fd var \u00e1 l\u00e1ni \u00ed sumar og skora\u00f0i 3 m\u00f6rk \u00ed 13 leikjum en lenti einnig \u00ed mei\u00f0slum sem h\u00e9ldu henni fr\u00e1 keppni \u00ed 6 vikur. Sign\u00fd er 19 \u00e1ra g\u00f6mul og \u00e1 a\u00f0 baki \u00ferj\u00e1 leiki fyrir U16 \u00e1ra landsli\u00f0 \u00cdslands. Vi\u00f0 sama t\u00e6kif\u00e6ri skrifa\u00f0i hin 17 \u00e1ra Margr\u00e9t R\u00e1n R\u00fanarsd\u00f3ttir undir tveggja \u00e1ra samning vi\u00f0 Gr\u00f3ttu. Margr\u00e9t kom sterk til baka \u00ed sumar eftir a\u00f0 hafa veri\u00f0 fr\u00e1 \u00ed heilt \u00e1r vegna h\u00f6fu\u00f0mei\u00f0sla. H\u00fan kom vi\u00f0 s\u00f6gu \u00ed 12 leikjum me\u00f0 meistaraflokki og var lykilmanneskja \u00ed 2. flokki Gr\u00f3ttu\/KR sem sigra\u00f0i B-deild \u00cdslandsm\u00f3tsins. Magn\u00fas \u00d6rn, annar \u00fej\u00e1lfara Gr\u00f3ttuli\u00f0sins, fagnar \u00fev\u00ed a\u00f0 stelpurnar hafi skrifa\u00f0 undir: &#8222;\u00dea\u00f0 var fr\u00e1b\u00e6rt a\u00f0 sj\u00e1 Margr\u00e9ti sn\u00faa aftur \u00e1 v\u00f6llinn \u00ed sumar eftir langa fjarveru. \u00dea\u00f0 er h\u00e6gara sagt en gert a\u00f0 vera svona lengi fr\u00e1 en margir hef\u00f0u hreinlega gefist upp. \u00dea\u00f0 ver\u00f0ur gaman fyrir okkur \u00fej\u00e1lfarana a\u00f0 geta unni\u00f0 me\u00f0 Margr\u00e9ti allt t\u00edmabili\u00f0 og s\u00f6mulei\u00f0is Sign\u00fdju sem kom til okkar r\u00e9tt fyrir Covid p\u00e1suna \u00ed mars. N\u00fa er h\u00fan or\u00f0in innv\u00edg\u00f0 Gr\u00f3ttukona sem eru gle\u00f0ifr\u00e9ttir fyrir f\u00e9lagi\u00f0.&#8220;<\/p><figure class=\"wp-block-image size-large\"><img decoding=\"async\" src=\"blob:https:\/\/grotta.is\/b71f5557-a678-4286-b8de-158027aa893a\" alt=\"\"\/><\/figure>","protected":false},"excerpt":{"rendered":"<p>Sign\u00fd Ylfa Sigur\u00f0ard\u00f3ttir er gengin til li\u00f0s vi\u00f0 Gr\u00f3ttu fr\u00e1 Val og hefur skrifa\u00f0 undir tveggja \u00e1ra samning. Sign\u00fd var \u00e1 l\u00e1ni \u00ed sumar og skora\u00f0i 3 m\u00f6rk \u00ed 13 [&hellip;]<\/p>","protected":false},"author":4,"featured_media":178339,"comment_status":"closed","ping_status":"closed","sticky":false,"template":"","format":"standard","meta":{"footnotes":""},"categories":[7],"tags":[78],"class_list":["post-178328","post","type-post","status-publish","format-standard","has-post-thumbnail","hentry","category-knattspyrnudeild","tag-meistaraflokkur"],"yoast_head":"<!-- This site is optimized with the Yoast SEO plugin v24.3 - https:\/\/yoast.com\/wordpress\/plugins\/seo\/ -->\n<title>Sign\u00fd til Gr\u00f3ttu - Margr\u00e9t R\u00e1n skrifar undir - \u00cd\u00fer\u00f3ttaf\u00e9lagi\u00f0 Gr\u00f3tta<\/title>\n<meta name=\"robots\" content=\"index, follow, max-snippet:-1, max-image-preview:large, max-video-preview:-1\" \/>\n<link rel=\"canonical\" href=\"https:\/\/grotta.is\/en\/knattspyrnudeild\/signy-til-grottu-margret-ran-skrifar-undir\/\" \/>\n<meta property=\"og:locale\" content=\"en_US\" \/>\n<meta property=\"og:type\" content=\"article\" \/>\n<meta property=\"og:title\" content=\"Sign\u00fd til Gr\u00f3ttu - Margr\u00e9t R\u00e1n skrifar undir - \u00cd\u00fer\u00f3ttaf\u00e9lagi\u00f0 Gr\u00f3tta\" \/>\n<meta property=\"og:description\" content=\"Sign\u00fd Ylfa Sigur\u00f0ard\u00f3ttir er gengin til li\u00f0s vi\u00f0 Gr\u00f3ttu fr\u00e1 Val og hefur skrifa\u00f0 undir tveggja \u00e1ra samning. Sign\u00fd var \u00e1 l\u00e1ni \u00ed sumar og skora\u00f0i 3 m\u00f6rk \u00ed 13 [&hellip;]\" \/>\n<meta property=\"og:url\" content=\"https:\/\/grotta.is\/en\/knattspyrnudeild\/signy-til-grottu-margret-ran-skrifar-undir\/\" \/>\n<meta property=\"og:site_name\" content=\"\u00cd\u00fer\u00f3ttaf\u00e9lagi\u00f0 Gr\u00f3tta\" \/>\n<meta property=\"article:publisher\" content=\"https:\/\/www.facebook.com\/grottasport\" \/>\n<meta property=\"article:published_time\" content=\"2020-11-16T21:35:21+00:00\" \/>\n<meta property=\"article:modified_time\" content=\"2020-11-16T21:35:27+00:00\" \/>\n<meta property=\"og:image\" content=\"https:\/\/grotta.is\/wp-content\/uploads\/2020\/11\/signy\u0301-og-margre\u0301t-scaled.jpg\" \/>\n\t<meta property=\"og:image:width\" content=\"1920\" \/>\n\t<meta property=\"og:image:height\" content=\"2560\" \/>\n\t<meta property=\"og:image:type\" content=\"image\/jpeg\" \/>\n<meta name=\"author\" content=\"J\u00f3runn M. \u00deorsteinsd\u00f3ttir\" \/>\n<meta name=\"twitter:card\" content=\"summary_large_image\" \/>\n<meta name=\"twitter:label1\" content=\"Written by\" \/>\n\t<meta name=\"twitter:data1\" content=\"J\u00f3runn M. \u00deorsteinsd\u00f3ttir\" \/>\n\t<meta name=\"twitter:label2\" content=\"Est. reading time\" \/>\n\t<meta name=\"twitter:data2\" content=\"1 minute\" \/>\n<script type=\"application\/ld+json\" class=\"yoast-schema-graph\">{\"@context\":\"https:\/\/schema.org\",\"@graph\":[{\"@type\":\"Article\",\"@id\":\"https:\/\/grotta.is\/knattspyrnudeild\/signy-til-grottu-margret-ran-skrifar-undir\/#article\",\"isPartOf\":{\"@id\":\"https:\/\/grotta.is\/knattspyrnudeild\/signy-til-grottu-margret-ran-skrifar-undir\/\"},\"author\":{\"name\":\"J\u00f3runn M. \u00deorsteinsd\u00f3ttir\",\"@id\":\"https:\/\/grotta.is\/#\/schema\/person\/f1fea6a85a554e8069771c3486efbd84\"},\"headline\":\"Sign\u00fd til Gr\u00f3ttu &#8211; Margr\u00e9t R\u00e1n skrifar undir\",\"datePublished\":\"2020-11-16T21:35:21+00:00\",\"dateModified\":\"2020-11-16T21:35:27+00:00\",\"mainEntityOfPage\":{\"@id\":\"https:\/\/grotta.is\/knattspyrnudeild\/signy-til-grottu-margret-ran-skrifar-undir\/\"},\"wordCount\":240,\"publisher\":{\"@id\":\"https:\/\/grotta.is\/#organization\"},\"image\":{\"@id\":\"https:\/\/grotta.is\/knattspyrnudeild\/signy-til-grottu-margret-ran-skrifar-undir\/#primaryimage\"},\"thumbnailUrl\":\"https:\/\/grotta.is\/wp-content\/uploads\/2020\/11\/signy\u0301-og-margre\u0301t-scaled.jpg\",\"keywords\":[\"Meistaraflokkur\"],\"articleSection\":[\"Knattspyrnudeild\"],\"inLanguage\":\"en-US\"},{\"@type\":\"WebPage\",\"@id\":\"https:\/\/grotta.is\/knattspyrnudeild\/signy-til-grottu-margret-ran-skrifar-undir\/\",\"url\":\"https:\/\/grotta.is\/knattspyrnudeild\/signy-til-grottu-margret-ran-skrifar-undir\/\",\"name\":\"Sign\u00fd til Gr\u00f3ttu - Margr\u00e9t R\u00e1n skrifar undir - \u00cd\u00fer\u00f3ttaf\u00e9lagi\u00f0 Gr\u00f3tta\",\"isPartOf\":{\"@id\":\"https:\/\/grotta.is\/#website\"},\"primaryImageOfPage\":{\"@id\":\"https:\/\/grotta.is\/knattspyrnudeild\/signy-til-grottu-margret-ran-skrifar-undir\/#primaryimage\"},\"image\":{\"@id\":\"https:\/\/grotta.is\/knattspyrnudeild\/signy-til-grottu-margret-ran-skrifar-undir\/#primaryimage\"},\"thumbnailUrl\":\"https:\/\/grotta.is\/wp-content\/uploads\/2020\/11\/signy\u0301-og-margre\u0301t-scaled.jpg\",\"datePublished\":\"2020-11-16T21:35:21+00:00\",\"dateModified\":\"2020-11-16T21:35:27+00:00\",\"breadcrumb\":{\"@id\":\"https:\/\/grotta.is\/knattspyrnudeild\/signy-til-grottu-margret-ran-skrifar-undir\/#breadcrumb\"},\"inLanguage\":\"en-US\",\"potentialAction\":[{\"@type\":\"ReadAction\",\"target\":[\"https:\/\/grotta.is\/knattspyrnudeild\/signy-til-grottu-margret-ran-skrifar-undir\/\"]}]},{\"@type\":\"ImageObject\",\"inLanguage\":\"en-US\",\"@id\":\"https:\/\/grotta.is\/knattspyrnudeild\/signy-til-grottu-margret-ran-skrifar-undir\/#primaryimage\",\"url\":\"https:\/\/grotta.is\/wp-content\/uploads\/2020\/11\/signy\u0301-og-margre\u0301t-scaled.jpg\",\"contentUrl\":\"https:\/\/grotta.is\/wp-content\/uploads\/2020\/11\/signy\u0301-og-margre\u0301t-scaled.jpg\",\"width\":1920,\"height\":2560},{\"@type\":\"BreadcrumbList\",\"@id\":\"https:\/\/grotta.is\/knattspyrnudeild\/signy-til-grottu-margret-ran-skrifar-undir\/#breadcrumb\",\"itemListElement\":[{\"@type\":\"ListItem\",\"position\":1,\"name\":\"Home\",\"item\":\"https:\/\/grotta.is\/\"},{\"@type\":\"ListItem\",\"position\":2,\"name\":\"Sign\u00fd til Gr\u00f3ttu &#8211; Margr\u00e9t R\u00e1n skrifar undir\"}]},{\"@type\":\"WebSite\",\"@id\":\"https:\/\/grotta.is\/#website\",\"url\":\"https:\/\/grotta.is\/\",\"name\":\"\u00cd\u00fer\u00f3ttaf\u00e9lagi\u00f0 Gr\u00f3tta\",\"description\":\"\u00e1 Seltjarnarnesi\",\"publisher\":{\"@id\":\"https:\/\/grotta.is\/#organization\"},\"potentialAction\":[{\"@type\":\"SearchAction\",\"target\":{\"@type\":\"EntryPoint\",\"urlTemplate\":\"https:\/\/grotta.is\/?s={search_term_string}\"},\"query-input\":{\"@type\":\"PropertyValueSpecification\",\"valueRequired\":true,\"valueName\":\"search_term_string\"}}],\"inLanguage\":\"en-US\"},{\"@type\":\"Organization\",\"@id\":\"https:\/\/grotta.is\/#organization\",\"name\":\"\u00cd\u00fer\u00f3ttaf\u00e9lagi\u00f0 Gr\u00f3tta\",\"url\":\"https:\/\/grotta.is\/\",\"logo\":{\"@type\":\"ImageObject\",\"inLanguage\":\"en-US\",\"@id\":\"https:\/\/grotta.is\/#\/schema\/logo\/image\/\",\"url\":\"https:\/\/grotta.is\/wp-content\/uploads\/2020\/02\/ithrottafelagidgrotta_logo_512x512_transparent.png\",\"contentUrl\":\"https:\/\/grotta.is\/wp-content\/uploads\/2020\/02\/ithrottafelagidgrotta_logo_512x512_transparent.png\",\"width\":512,\"height\":512,\"caption\":\"\u00cd\u00fer\u00f3ttaf\u00e9lagi\u00f0 Gr\u00f3tta\"},\"image\":{\"@id\":\"https:\/\/grotta.is\/#\/schema\/logo\/image\/\"},\"sameAs\":[\"https:\/\/www.facebook.com\/grottasport\"]},{\"@type\":\"Person\",\"@id\":\"https:\/\/grotta.is\/#\/schema\/person\/f1fea6a85a554e8069771c3486efbd84\",\"name\":\"J\u00f3runn M. \u00deorsteinsd\u00f3ttir\",\"url\":\"https:\/\/grotta.is\/en\/author\/jorunn\/\"}]}<\/script>\n<!-- \/ Yoast SEO plugin. -->","yoast_head_json":{"title":"Sign\u00fd til Gr\u00f3ttu - Margr\u00e9t R\u00e1n skrifar undir - \u00cd\u00fer\u00f3ttaf\u00e9lagi\u00f0 Gr\u00f3tta","robots":{"index":"index","follow":"follow","max-snippet":"max-snippet:-1","max-image-preview":"max-image-preview:large","max-video-preview":"max-video-preview:-1"},"canonical":"https:\/\/grotta.is\/en\/knattspyrnudeild\/signy-til-grottu-margret-ran-skrifar-undir\/","og_locale":"en_US","og_type":"article","og_title":"Sign\u00fd til Gr\u00f3ttu - Margr\u00e9t R\u00e1n skrifar undir - \u00cd\u00fer\u00f3ttaf\u00e9lagi\u00f0 Gr\u00f3tta","og_description":"Sign\u00fd Ylfa Sigur\u00f0ard\u00f3ttir er gengin til li\u00f0s vi\u00f0 Gr\u00f3ttu fr\u00e1 Val og hefur skrifa\u00f0 undir tveggja \u00e1ra samning. Sign\u00fd var \u00e1 l\u00e1ni \u00ed sumar og skora\u00f0i 3 m\u00f6rk \u00ed 13 [&hellip;]","og_url":"https:\/\/grotta.is\/en\/knattspyrnudeild\/signy-til-grottu-margret-ran-skrifar-undir\/","og_site_name":"\u00cd\u00fer\u00f3ttaf\u00e9lagi\u00f0 Gr\u00f3tta","article_publisher":"https:\/\/www.facebook.com\/grottasport","article_published_time":"2020-11-16T21:35:21+00:00","article_modified_time":"2020-11-16T21:35:27+00:00","og_image":[{"width":1920,"height":2560,"url":"https:\/\/grotta.is\/wp-content\/uploads\/2020\/11\/signy\u0301-og-margre\u0301t-scaled.jpg","type":"image\/jpeg"}],"author":"J\u00f3runn M. \u00deorsteinsd\u00f3ttir","twitter_card":"summary_large_image","twitter_misc":{"Written by":"J\u00f3runn M. \u00deorsteinsd\u00f3ttir","Est. reading time":"1 minute"},"schema":{"@context":"https:\/\/schema.org","@graph":[{"@type":"Article","@id":"https:\/\/grotta.is\/knattspyrnudeild\/signy-til-grottu-margret-ran-skrifar-undir\/#article","isPartOf":{"@id":"https:\/\/grotta.is\/knattspyrnudeild\/signy-til-grottu-margret-ran-skrifar-undir\/"},"author":{"name":"J\u00f3runn M. \u00deorsteinsd\u00f3ttir","@id":"https:\/\/grotta.is\/#\/schema\/person\/f1fea6a85a554e8069771c3486efbd84"},"headline":"Sign\u00fd til Gr\u00f3ttu &#8211; Margr\u00e9t R\u00e1n skrifar undir","datePublished":"2020-11-16T21:35:21+00:00","dateModified":"2020-11-16T21:35:27+00:00","mainEntityOfPage":{"@id":"https:\/\/grotta.is\/knattspyrnudeild\/signy-til-grottu-margret-ran-skrifar-undir\/"},"wordCount":240,"publisher":{"@id":"https:\/\/grotta.is\/#organization"},"image":{"@id":"https:\/\/grotta.is\/knattspyrnudeild\/signy-til-grottu-margret-ran-skrifar-undir\/#primaryimage"},"thumbnailUrl":"https:\/\/grotta.is\/wp-content\/uploads\/2020\/11\/signy\u0301-og-margre\u0301t-scaled.jpg","keywords":["Meistaraflokkur"],"articleSection":["Knattspyrnudeild"],"inLanguage":"en-US"},{"@type":"WebPage","@id":"https:\/\/grotta.is\/knattspyrnudeild\/signy-til-grottu-margret-ran-skrifar-undir\/","url":"https:\/\/grotta.is\/knattspyrnudeild\/signy-til-grottu-margret-ran-skrifar-undir\/","name":"Sign\u00fd til Gr\u00f3ttu - Margr\u00e9t R\u00e1n skrifar undir - \u00cd\u00fer\u00f3ttaf\u00e9lagi\u00f0 Gr\u00f3tta","isPartOf":{"@id":"https:\/\/grotta.is\/#website"},"primaryImageOfPage":{"@id":"https:\/\/grotta.is\/knattspyrnudeild\/signy-til-grottu-margret-ran-skrifar-undir\/#primaryimage"},"image":{"@id":"https:\/\/grotta.is\/knattspyrnudeild\/signy-til-grottu-margret-ran-skrifar-undir\/#primaryimage"},"thumbnailUrl":"https:\/\/grotta.is\/wp-content\/uploads\/2020\/11\/signy\u0301-og-margre\u0301t-scaled.jpg","datePublished":"2020-11-16T21:35:21+00:00","dateModified":"2020-11-16T21:35:27+00:00","breadcrumb":{"@id":"https:\/\/grotta.is\/knattspyrnudeild\/signy-til-grottu-margret-ran-skrifar-undir\/#breadcrumb"},"inLanguage":"en-US","potentialAction":[{"@type":"ReadAction","target":["https:\/\/grotta.is\/knattspyrnudeild\/signy-til-grottu-margret-ran-skrifar-undir\/"]}]},{"@type":"ImageObject","inLanguage":"en-US","@id":"https:\/\/grotta.is\/knattspyrnudeild\/signy-til-grottu-margret-ran-skrifar-undir\/#primaryimage","url":"https:\/\/grotta.is\/wp-content\/uploads\/2020\/11\/signy\u0301-og-margre\u0301t-scaled.jpg","contentUrl":"https:\/\/grotta.is\/wp-content\/uploads\/2020\/11\/signy\u0301-og-margre\u0301t-scaled.jpg","width":1920,"height":2560},{"@type":"BreadcrumbList","@id":"https:\/\/grotta.is\/knattspyrnudeild\/signy-til-grottu-margret-ran-skrifar-undir\/#breadcrumb","itemListElement":[{"@type":"ListItem","position":1,"name":"Home","item":"https:\/\/grotta.is\/"},{"@type":"ListItem","position":2,"name":"Sign\u00fd til Gr\u00f3ttu &#8211; Margr\u00e9t R\u00e1n skrifar undir"}]},{"@type":"WebSite","@id":"https:\/\/grotta.is\/#website","url":"https:\/\/grotta.is\/","name":"\u00cd\u00fer\u00f3ttaf\u00e9lagi\u00f0 Gr\u00f3tta","description":"\u00e1 Seltjarnarnesi","publisher":{"@id":"https:\/\/grotta.is\/#organization"},"potentialAction":[{"@type":"SearchAction","target":{"@type":"EntryPoint","urlTemplate":"https:\/\/grotta.is\/?s={search_term_string}"},"query-input":{"@type":"PropertyValueSpecification","valueRequired":true,"valueName":"search_term_string"}}],"inLanguage":"en-US"},{"@type":"Organization","@id":"https:\/\/grotta.is\/#organization","name":"\u00cd\u00fer\u00f3ttaf\u00e9lagi\u00f0 Gr\u00f3tta","url":"https:\/\/grotta.is\/","logo":{"@type":"ImageObject","inLanguage":"en-US","@id":"https:\/\/grotta.is\/#\/schema\/logo\/image\/","url":"https:\/\/grotta.is\/wp-content\/uploads\/2020\/02\/ithrottafelagidgrotta_logo_512x512_transparent.png","contentUrl":"https:\/\/grotta.is\/wp-content\/uploads\/2020\/02\/ithrottafelagidgrotta_logo_512x512_transparent.png","width":512,"height":512,"caption":"\u00cd\u00fer\u00f3ttaf\u00e9lagi\u00f0 Gr\u00f3tta"},"image":{"@id":"https:\/\/grotta.is\/#\/schema\/logo\/image\/"},"sameAs":["https:\/\/www.facebook.com\/grottasport"]},{"@type":"Person","@id":"https:\/\/grotta.is\/#\/schema\/person\/f1fea6a85a554e8069771c3486efbd84","name":"J\u00f3runn M. \u00deorsteinsd\u00f3ttir","url":"https:\/\/grotta.is\/en\/author\/jorunn\/"}]}},"_links":{"self":[{"href":"https:\/\/grotta.is\/en\/wp-json\/wp\/v2\/posts\/178328","targetHints":{"allow":["GET"]}}],"collection":[{"href":"https:\/\/grotta.is\/en\/wp-json\/wp\/v2\/posts"}],"about":[{"href":"https:\/\/grotta.is\/en\/wp-json\/wp\/v2\/types\/post"}],"author":[{"embeddable":true,"href":"https:\/\/grotta.is\/en\/wp-json\/wp\/v2\/users\/4"}],"replies":[{"embeddable":true,"href":"https:\/\/grotta.is\/en\/wp-json\/wp\/v2\/comments?post=178328"}],"version-history":[{"count":1,"href":"https:\/\/grotta.is\/en\/wp-json\/wp\/v2\/posts\/178328\/revisions"}],"predecessor-version":[{"id":178342,"href":"https:\/\/grotta.is\/en\/wp-json\/wp\/v2\/posts\/178328\/revisions\/178342"}],"wp:featuredmedia":[{"embeddable":true,"href":"https:\/\/grotta.is\/en\/wp-json\/wp\/v2\/media\/178339"}],"wp:attachment":[{"href":"https:\/\/grotta.is\/en\/wp-json\/wp\/v2\/media?parent=178328"}],"wp:term":[{"taxonomy":"category","embeddable":true,"href":"https:\/\/grotta.is\/en\/wp-json\/wp\/v2\/categories?post=178328"},{"taxonomy":"post_tag","embeddable":true,"href":"https:\/\/grotta.is\/en\/wp-json\/wp\/v2\/tags?post=178328"}],"curies":[{"name":"wp","href":"https:\/\/api.w.org\/{rel}","templated":true}]}}