{"id":14215,"date":"2020-08-11T11:23:14","date_gmt":"2020-08-11T11:23:14","guid":{"rendered":"https:\/\/grotta.is\/?p=14215"},"modified":"2020-08-11T11:23:48","modified_gmt":"2020-08-11T11:23:48","slug":"thrir-flokkar-fra-grottu-a-rey-cup","status":"publish","type":"post","link":"https:\/\/grotta.is\/en\/knattspyrnudeild\/thrir-flokkar-fra-grottu-a-rey-cup\/","title":{"rendered":"\u00der\u00edr flokkar fr\u00e1 Gr\u00f3ttu \u00e1 Rey Cup"},"content":{"rendered":"<p>3. og 4. flokkur kvenna \u00e1samt 4. flokki karla f\u00f3ru \u00e1 Rey Cup 22.-26. j\u00fal\u00ed. 3.flokkur kvenna var me\u00f0 tv\u00f6 li\u00f0 \u00e1 m\u00f3tinu. \u00deeim gekk vel alla dagana og \u00fea\u00f0 var fr\u00e1b\u00e6r stemning \u00ed h\u00f3pnum. Allar stelpurnar spilu\u00f0u vel \u00fer\u00e1tt fyrir marga leiki og erfi\u00f0ar a\u00f0st\u00e6\u00f0ur. \u00dea\u00f0 var ekki bara spila\u00f0 f\u00f3tbolta heldur skellti h\u00f3purinn s\u00e9r einnig saman \u00ed Fj\u00f6lskyldu og H\u00fasd\u00fdragar\u00f0inn. Li\u00f0 1 enda\u00f0i \u00ed 3.s\u00e6ti \u00e1 m\u00f3tinu og li\u00f0 2 \u00ed 4.s\u00e6ti.<br>4.flokkur kvenna f\u00f3r me\u00f0 1 li\u00f0 \u00e1 m\u00f3ti\u00f0. Stelpurnar spilu\u00f0u fr\u00e1b\u00e6ran s\u00f3knarbolta \u00e1 m\u00f3tinu og sk\u00f6pu\u00f0ust m\u00f6rg gl\u00e6sileg m\u00f6rk upp\u00far uppspili stelpnanna. \u00darslitin voru aukaatri\u00f0i og skemmtu allar stelpurnar s\u00e9r fr\u00e1b\u00e6rlega alla dagana \u00fear sem leikgle\u00f0i og hamingja var vi\u00f0 v\u00f6ldin!<\/p><p>4. flokkur karla f\u00f3r me\u00f0 2 li\u00f0 \u00e1 Rey Cup og st\u00f3\u00f0u sig me\u00f0 stakri pr\u00fd\u00f0i. Skemmtu drengirnir s\u00e9r mj\u00f6g vel og spilu\u00f0u skemmtilegan f\u00f3tbolta \u00fer\u00e1tt fyrir skrautlegar vallara\u00f0st\u00e6\u00f0ur inn \u00e1 milli. M\u00f6rg gl\u00e6sileg m\u00f6rk voru skoru\u00f0 og m\u00e1tt sj\u00e1 a\u00f0 drengirnir h\u00f6f\u00f0u mj\u00f6g gaman af m\u00f3tinu.&nbsp;<\/p><p>Me\u00f0fylgjandi mynd er af li\u00f0i 1 hj\u00e1 3. flokki kvenna Gr\u00f3ttu\/KR og er tekin af Margr\u00e9ti Krist\u00ednu J\u00f3nsd\u00f3ttur.\u00a0<\/p><figure class=\"wp-block-gallery columns-1 is-cropped wp-block-gallery-1 is-layout-flex wp-block-gallery-is-layout-flex\"><ul class=\"blocks-gallery-grid\"><li class=\"blocks-gallery-item\"><figure><img fetchpriority=\"high\" decoding=\"async\" width=\"1024\" height=\"683\" src=\"https:\/\/grotta.is\/wp-content\/uploads\/2020\/08\/rey-cup--1024x683.jpg\" alt=\"\" data-id=\"14216\" data-full-url=\"https:\/\/grotta.is\/wp-content\/uploads\/2020\/08\/rey-cup-.jpg\" data-link=\"https:\/\/grotta.is\/?attachment_id=14216\" class=\"wp-image-14216\" srcset=\"https:\/\/grotta.is\/wp-content\/uploads\/2020\/08\/rey-cup--1024x683.jpg 1024w, https:\/\/grotta.is\/wp-content\/uploads\/2020\/08\/rey-cup--300x200.jpg 300w, https:\/\/grotta.is\/wp-content\/uploads\/2020\/08\/rey-cup--768x512.jpg 768w, https:\/\/grotta.is\/wp-content\/uploads\/2020\/08\/rey-cup--1536x1024.jpg 1536w, https:\/\/grotta.is\/wp-content\/uploads\/2020\/08\/rey-cup--600x400.jpg 600w, https:\/\/grotta.is\/wp-content\/uploads\/2020\/08\/rey-cup-.jpg 1959w\" sizes=\"(max-width: 1024px) 100vw, 1024px\" \/><\/figure><\/li><\/ul><\/figure>","protected":false},"excerpt":{"rendered":"<p>3. og 4. flokkur kvenna \u00e1samt 4. flokki karla f\u00f3ru \u00e1 Rey Cup 22.-26. j\u00fal\u00ed. 3.flokkur kvenna var me\u00f0 tv\u00f6 li\u00f0 \u00e1 m\u00f3tinu. \u00deeim gekk vel alla dagana og \u00fea\u00f0 [&hellip;]<\/p>","protected":false},"author":4,"featured_media":14216,"comment_status":"closed","ping_status":"closed","sticky":false,"template":"","format":"standard","meta":{"footnotes":""},"categories":[7],"tags":[15],"class_list":["post-14215","post","type-post","status-publish","format-standard","has-post-thumbnail","hentry","category-knattspyrnudeild","tag-yngri-flokkar"],"yoast_head":"<!-- This site is optimized with the Yoast SEO plugin v24.3 - https:\/\/yoast.com\/wordpress\/plugins\/seo\/ -->\n<title>\u00der\u00edr flokkar fr\u00e1 Gr\u00f3ttu \u00e1 Rey Cup - \u00cd\u00fer\u00f3ttaf\u00e9lagi\u00f0 Gr\u00f3tta<\/title>\n<meta name=\"robots\" content=\"index, follow, max-snippet:-1, max-image-preview:large, max-video-preview:-1\" \/>\n<link rel=\"canonical\" href=\"https:\/\/grotta.is\/en\/knattspyrnudeild\/thrir-flokkar-fra-grottu-a-rey-cup\/\" \/>\n<meta property=\"og:locale\" content=\"en_US\" \/>\n<meta property=\"og:type\" content=\"article\" \/>\n<meta property=\"og:title\" content=\"\u00der\u00edr flokkar fr\u00e1 Gr\u00f3ttu \u00e1 Rey Cup - \u00cd\u00fer\u00f3ttaf\u00e9lagi\u00f0 Gr\u00f3tta\" \/>\n<meta property=\"og:description\" content=\"3. og 4. flokkur kvenna \u00e1samt 4. flokki karla f\u00f3ru \u00e1 Rey Cup 22.-26. j\u00fal\u00ed. 3.flokkur kvenna var me\u00f0 tv\u00f6 li\u00f0 \u00e1 m\u00f3tinu. \u00deeim gekk vel alla dagana og \u00fea\u00f0 [&hellip;]\" \/>\n<meta property=\"og:url\" content=\"https:\/\/grotta.is\/en\/knattspyrnudeild\/thrir-flokkar-fra-grottu-a-rey-cup\/\" \/>\n<meta property=\"og:site_name\" content=\"\u00cd\u00fer\u00f3ttaf\u00e9lagi\u00f0 Gr\u00f3tta\" \/>\n<meta property=\"article:publisher\" content=\"https:\/\/www.facebook.com\/grottasport\" \/>\n<meta property=\"article:published_time\" content=\"2020-08-11T11:23:14+00:00\" \/>\n<meta property=\"article:modified_time\" content=\"2020-08-11T11:23:48+00:00\" \/>\n<meta property=\"og:image\" content=\"https:\/\/grotta.is\/wp-content\/uploads\/2020\/08\/rey-cup-.jpg\" \/>\n\t<meta property=\"og:image:width\" content=\"1959\" \/>\n\t<meta property=\"og:image:height\" content=\"1306\" \/>\n\t<meta property=\"og:image:type\" content=\"image\/jpeg\" \/>\n<meta name=\"author\" content=\"J\u00f3runn M. \u00deorsteinsd\u00f3ttir\" \/>\n<meta name=\"twitter:card\" content=\"summary_large_image\" \/>\n<meta name=\"twitter:label1\" content=\"Written by\" \/>\n\t<meta name=\"twitter:data1\" content=\"J\u00f3runn M. \u00deorsteinsd\u00f3ttir\" \/>\n\t<meta name=\"twitter:label2\" content=\"Est. reading time\" \/>\n\t<meta name=\"twitter:data2\" content=\"1 minute\" \/>\n<script type=\"application\/ld+json\" class=\"yoast-schema-graph\">{\"@context\":\"https:\/\/schema.org\",\"@graph\":[{\"@type\":\"Article\",\"@id\":\"https:\/\/grotta.is\/knattspyrnudeild\/thrir-flokkar-fra-grottu-a-rey-cup\/#article\",\"isPartOf\":{\"@id\":\"https:\/\/grotta.is\/knattspyrnudeild\/thrir-flokkar-fra-grottu-a-rey-cup\/\"},\"author\":{\"name\":\"J\u00f3runn M. \u00deorsteinsd\u00f3ttir\",\"@id\":\"https:\/\/grotta.is\/#\/schema\/person\/f1fea6a85a554e8069771c3486efbd84\"},\"headline\":\"\u00der\u00edr flokkar fr\u00e1 Gr\u00f3ttu \u00e1 Rey Cup\",\"datePublished\":\"2020-08-11T11:23:14+00:00\",\"dateModified\":\"2020-08-11T11:23:48+00:00\",\"mainEntityOfPage\":{\"@id\":\"https:\/\/grotta.is\/knattspyrnudeild\/thrir-flokkar-fra-grottu-a-rey-cup\/\"},\"wordCount\":235,\"publisher\":{\"@id\":\"https:\/\/grotta.is\/#organization\"},\"image\":{\"@id\":\"https:\/\/grotta.is\/knattspyrnudeild\/thrir-flokkar-fra-grottu-a-rey-cup\/#primaryimage\"},\"thumbnailUrl\":\"https:\/\/grotta.is\/wp-content\/uploads\/2020\/08\/rey-cup-.jpg\",\"keywords\":[\"Yngri flokkar\"],\"articleSection\":[\"Knattspyrnudeild\"],\"inLanguage\":\"en-US\"},{\"@type\":\"WebPage\",\"@id\":\"https:\/\/grotta.is\/knattspyrnudeild\/thrir-flokkar-fra-grottu-a-rey-cup\/\",\"url\":\"https:\/\/grotta.is\/knattspyrnudeild\/thrir-flokkar-fra-grottu-a-rey-cup\/\",\"name\":\"\u00der\u00edr flokkar fr\u00e1 Gr\u00f3ttu \u00e1 Rey Cup - \u00cd\u00fer\u00f3ttaf\u00e9lagi\u00f0 Gr\u00f3tta\",\"isPartOf\":{\"@id\":\"https:\/\/grotta.is\/#website\"},\"primaryImageOfPage\":{\"@id\":\"https:\/\/grotta.is\/knattspyrnudeild\/thrir-flokkar-fra-grottu-a-rey-cup\/#primaryimage\"},\"image\":{\"@id\":\"https:\/\/grotta.is\/knattspyrnudeild\/thrir-flokkar-fra-grottu-a-rey-cup\/#primaryimage\"},\"thumbnailUrl\":\"https:\/\/grotta.is\/wp-content\/uploads\/2020\/08\/rey-cup-.jpg\",\"datePublished\":\"2020-08-11T11:23:14+00:00\",\"dateModified\":\"2020-08-11T11:23:48+00:00\",\"breadcrumb\":{\"@id\":\"https:\/\/grotta.is\/knattspyrnudeild\/thrir-flokkar-fra-grottu-a-rey-cup\/#breadcrumb\"},\"inLanguage\":\"en-US\",\"potentialAction\":[{\"@type\":\"ReadAction\",\"target\":[\"https:\/\/grotta.is\/knattspyrnudeild\/thrir-flokkar-fra-grottu-a-rey-cup\/\"]}]},{\"@type\":\"ImageObject\",\"inLanguage\":\"en-US\",\"@id\":\"https:\/\/grotta.is\/knattspyrnudeild\/thrir-flokkar-fra-grottu-a-rey-cup\/#primaryimage\",\"url\":\"https:\/\/grotta.is\/wp-content\/uploads\/2020\/08\/rey-cup-.jpg\",\"contentUrl\":\"https:\/\/grotta.is\/wp-content\/uploads\/2020\/08\/rey-cup-.jpg\",\"width\":1959,\"height\":1306},{\"@type\":\"BreadcrumbList\",\"@id\":\"https:\/\/grotta.is\/knattspyrnudeild\/thrir-flokkar-fra-grottu-a-rey-cup\/#breadcrumb\",\"itemListElement\":[{\"@type\":\"ListItem\",\"position\":1,\"name\":\"Home\",\"item\":\"https:\/\/grotta.is\/\"},{\"@type\":\"ListItem\",\"position\":2,\"name\":\"\u00der\u00edr flokkar fr\u00e1 Gr\u00f3ttu \u00e1 Rey Cup\"}]},{\"@type\":\"WebSite\",\"@id\":\"https:\/\/grotta.is\/#website\",\"url\":\"https:\/\/grotta.is\/\",\"name\":\"\u00cd\u00fer\u00f3ttaf\u00e9lagi\u00f0 Gr\u00f3tta\",\"description\":\"\u00e1 Seltjarnarnesi\",\"publisher\":{\"@id\":\"https:\/\/grotta.is\/#organization\"},\"potentialAction\":[{\"@type\":\"SearchAction\",\"target\":{\"@type\":\"EntryPoint\",\"urlTemplate\":\"https:\/\/grotta.is\/?s={search_term_string}\"},\"query-input\":{\"@type\":\"PropertyValueSpecification\",\"valueRequired\":true,\"valueName\":\"search_term_string\"}}],\"inLanguage\":\"en-US\"},{\"@type\":\"Organization\",\"@id\":\"https:\/\/grotta.is\/#organization\",\"name\":\"\u00cd\u00fer\u00f3ttaf\u00e9lagi\u00f0 Gr\u00f3tta\",\"url\":\"https:\/\/grotta.is\/\",\"logo\":{\"@type\":\"ImageObject\",\"inLanguage\":\"en-US\",\"@id\":\"https:\/\/grotta.is\/#\/schema\/logo\/image\/\",\"url\":\"https:\/\/grotta.is\/wp-content\/uploads\/2020\/02\/ithrottafelagidgrotta_logo_512x512_transparent.png\",\"contentUrl\":\"https:\/\/grotta.is\/wp-content\/uploads\/2020\/02\/ithrottafelagidgrotta_logo_512x512_transparent.png\",\"width\":512,\"height\":512,\"caption\":\"\u00cd\u00fer\u00f3ttaf\u00e9lagi\u00f0 Gr\u00f3tta\"},\"image\":{\"@id\":\"https:\/\/grotta.is\/#\/schema\/logo\/image\/\"},\"sameAs\":[\"https:\/\/www.facebook.com\/grottasport\"]},{\"@type\":\"Person\",\"@id\":\"https:\/\/grotta.is\/#\/schema\/person\/f1fea6a85a554e8069771c3486efbd84\",\"name\":\"J\u00f3runn M. \u00deorsteinsd\u00f3ttir\",\"url\":\"https:\/\/grotta.is\/en\/author\/jorunn\/\"}]}<\/script>\n<!-- \/ Yoast SEO plugin. -->","yoast_head_json":{"title":"\u00der\u00edr flokkar fr\u00e1 Gr\u00f3ttu \u00e1 Rey Cup - \u00cd\u00fer\u00f3ttaf\u00e9lagi\u00f0 Gr\u00f3tta","robots":{"index":"index","follow":"follow","max-snippet":"max-snippet:-1","max-image-preview":"max-image-preview:large","max-video-preview":"max-video-preview:-1"},"canonical":"https:\/\/grotta.is\/en\/knattspyrnudeild\/thrir-flokkar-fra-grottu-a-rey-cup\/","og_locale":"en_US","og_type":"article","og_title":"\u00der\u00edr flokkar fr\u00e1 Gr\u00f3ttu \u00e1 Rey Cup - \u00cd\u00fer\u00f3ttaf\u00e9lagi\u00f0 Gr\u00f3tta","og_description":"3. og 4. flokkur kvenna \u00e1samt 4. flokki karla f\u00f3ru \u00e1 Rey Cup 22.-26. j\u00fal\u00ed. 3.flokkur kvenna var me\u00f0 tv\u00f6 li\u00f0 \u00e1 m\u00f3tinu. \u00deeim gekk vel alla dagana og \u00fea\u00f0 [&hellip;]","og_url":"https:\/\/grotta.is\/en\/knattspyrnudeild\/thrir-flokkar-fra-grottu-a-rey-cup\/","og_site_name":"\u00cd\u00fer\u00f3ttaf\u00e9lagi\u00f0 Gr\u00f3tta","article_publisher":"https:\/\/www.facebook.com\/grottasport","article_published_time":"2020-08-11T11:23:14+00:00","article_modified_time":"2020-08-11T11:23:48+00:00","og_image":[{"width":1959,"height":1306,"url":"https:\/\/grotta.is\/wp-content\/uploads\/2020\/08\/rey-cup-.jpg","type":"image\/jpeg"}],"author":"J\u00f3runn M. \u00deorsteinsd\u00f3ttir","twitter_card":"summary_large_image","twitter_misc":{"Written by":"J\u00f3runn M. \u00deorsteinsd\u00f3ttir","Est. reading time":"1 minute"},"schema":{"@context":"https:\/\/schema.org","@graph":[{"@type":"Article","@id":"https:\/\/grotta.is\/knattspyrnudeild\/thrir-flokkar-fra-grottu-a-rey-cup\/#article","isPartOf":{"@id":"https:\/\/grotta.is\/knattspyrnudeild\/thrir-flokkar-fra-grottu-a-rey-cup\/"},"author":{"name":"J\u00f3runn M. \u00deorsteinsd\u00f3ttir","@id":"https:\/\/grotta.is\/#\/schema\/person\/f1fea6a85a554e8069771c3486efbd84"},"headline":"\u00der\u00edr flokkar fr\u00e1 Gr\u00f3ttu \u00e1 Rey Cup","datePublished":"2020-08-11T11:23:14+00:00","dateModified":"2020-08-11T11:23:48+00:00","mainEntityOfPage":{"@id":"https:\/\/grotta.is\/knattspyrnudeild\/thrir-flokkar-fra-grottu-a-rey-cup\/"},"wordCount":235,"publisher":{"@id":"https:\/\/grotta.is\/#organization"},"image":{"@id":"https:\/\/grotta.is\/knattspyrnudeild\/thrir-flokkar-fra-grottu-a-rey-cup\/#primaryimage"},"thumbnailUrl":"https:\/\/grotta.is\/wp-content\/uploads\/2020\/08\/rey-cup-.jpg","keywords":["Yngri flokkar"],"articleSection":["Knattspyrnudeild"],"inLanguage":"en-US"},{"@type":"WebPage","@id":"https:\/\/grotta.is\/knattspyrnudeild\/thrir-flokkar-fra-grottu-a-rey-cup\/","url":"https:\/\/grotta.is\/knattspyrnudeild\/thrir-flokkar-fra-grottu-a-rey-cup\/","name":"\u00der\u00edr flokkar fr\u00e1 Gr\u00f3ttu \u00e1 Rey Cup - \u00cd\u00fer\u00f3ttaf\u00e9lagi\u00f0 Gr\u00f3tta","isPartOf":{"@id":"https:\/\/grotta.is\/#website"},"primaryImageOfPage":{"@id":"https:\/\/grotta.is\/knattspyrnudeild\/thrir-flokkar-fra-grottu-a-rey-cup\/#primaryimage"},"image":{"@id":"https:\/\/grotta.is\/knattspyrnudeild\/thrir-flokkar-fra-grottu-a-rey-cup\/#primaryimage"},"thumbnailUrl":"https:\/\/grotta.is\/wp-content\/uploads\/2020\/08\/rey-cup-.jpg","datePublished":"2020-08-11T11:23:14+00:00","dateModified":"2020-08-11T11:23:48+00:00","breadcrumb":{"@id":"https:\/\/grotta.is\/knattspyrnudeild\/thrir-flokkar-fra-grottu-a-rey-cup\/#breadcrumb"},"inLanguage":"en-US","potentialAction":[{"@type":"ReadAction","target":["https:\/\/grotta.is\/knattspyrnudeild\/thrir-flokkar-fra-grottu-a-rey-cup\/"]}]},{"@type":"ImageObject","inLanguage":"en-US","@id":"https:\/\/grotta.is\/knattspyrnudeild\/thrir-flokkar-fra-grottu-a-rey-cup\/#primaryimage","url":"https:\/\/grotta.is\/wp-content\/uploads\/2020\/08\/rey-cup-.jpg","contentUrl":"https:\/\/grotta.is\/wp-content\/uploads\/2020\/08\/rey-cup-.jpg","width":1959,"height":1306},{"@type":"BreadcrumbList","@id":"https:\/\/grotta.is\/knattspyrnudeild\/thrir-flokkar-fra-grottu-a-rey-cup\/#breadcrumb","itemListElement":[{"@type":"ListItem","position":1,"name":"Home","item":"https:\/\/grotta.is\/"},{"@type":"ListItem","position":2,"name":"\u00der\u00edr flokkar fr\u00e1 Gr\u00f3ttu \u00e1 Rey Cup"}]},{"@type":"WebSite","@id":"https:\/\/grotta.is\/#website","url":"https:\/\/grotta.is\/","name":"\u00cd\u00fer\u00f3ttaf\u00e9lagi\u00f0 Gr\u00f3tta","description":"\u00e1 Seltjarnarnesi","publisher":{"@id":"https:\/\/grotta.is\/#organization"},"potentialAction":[{"@type":"SearchAction","target":{"@type":"EntryPoint","urlTemplate":"https:\/\/grotta.is\/?s={search_term_string}"},"query-input":{"@type":"PropertyValueSpecification","valueRequired":true,"valueName":"search_term_string"}}],"inLanguage":"en-US"},{"@type":"Organization","@id":"https:\/\/grotta.is\/#organization","name":"\u00cd\u00fer\u00f3ttaf\u00e9lagi\u00f0 Gr\u00f3tta","url":"https:\/\/grotta.is\/","logo":{"@type":"ImageObject","inLanguage":"en-US","@id":"https:\/\/grotta.is\/#\/schema\/logo\/image\/","url":"https:\/\/grotta.is\/wp-content\/uploads\/2020\/02\/ithrottafelagidgrotta_logo_512x512_transparent.png","contentUrl":"https:\/\/grotta.is\/wp-content\/uploads\/2020\/02\/ithrottafelagidgrotta_logo_512x512_transparent.png","width":512,"height":512,"caption":"\u00cd\u00fer\u00f3ttaf\u00e9lagi\u00f0 Gr\u00f3tta"},"image":{"@id":"https:\/\/grotta.is\/#\/schema\/logo\/image\/"},"sameAs":["https:\/\/www.facebook.com\/grottasport"]},{"@type":"Person","@id":"https:\/\/grotta.is\/#\/schema\/person\/f1fea6a85a554e8069771c3486efbd84","name":"J\u00f3runn M. \u00deorsteinsd\u00f3ttir","url":"https:\/\/grotta.is\/en\/author\/jorunn\/"}]}},"_links":{"self":[{"href":"https:\/\/grotta.is\/en\/wp-json\/wp\/v2\/posts\/14215","targetHints":{"allow":["GET"]}}],"collection":[{"href":"https:\/\/grotta.is\/en\/wp-json\/wp\/v2\/posts"}],"about":[{"href":"https:\/\/grotta.is\/en\/wp-json\/wp\/v2\/types\/post"}],"author":[{"embeddable":true,"href":"https:\/\/grotta.is\/en\/wp-json\/wp\/v2\/users\/4"}],"replies":[{"embeddable":true,"href":"https:\/\/grotta.is\/en\/wp-json\/wp\/v2\/comments?post=14215"}],"version-history":[{"count":2,"href":"https:\/\/grotta.is\/en\/wp-json\/wp\/v2\/posts\/14215\/revisions"}],"predecessor-version":[{"id":14218,"href":"https:\/\/grotta.is\/en\/wp-json\/wp\/v2\/posts\/14215\/revisions\/14218"}],"wp:featuredmedia":[{"embeddable":true,"href":"https:\/\/grotta.is\/en\/wp-json\/wp\/v2\/media\/14216"}],"wp:attachment":[{"href":"https:\/\/grotta.is\/en\/wp-json\/wp\/v2\/media?parent=14215"}],"wp:term":[{"taxonomy":"category","embeddable":true,"href":"https:\/\/grotta.is\/en\/wp-json\/wp\/v2\/categories?post=14215"},{"taxonomy":"post_tag","embeddable":true,"href":"https:\/\/grotta.is\/en\/wp-json\/wp\/v2\/tags?post=14215"}],"curies":[{"name":"wp","href":"https:\/\/api.w.org\/{rel}","templated":true}]}}