{"id":13590,"date":"2020-08-07T12:15:27","date_gmt":"2020-08-07T12:15:27","guid":{"rendered":"https:\/\/grotta.is\/?p=13590"},"modified":"2020-08-07T12:15:52","modified_gmt":"2020-08-07T12:15:52","slug":"knattspyrnuskolanum-lokid","status":"publish","type":"post","link":"https:\/\/grotta.is\/en\/knattspyrnudeild\/knattspyrnuskolanum-lokid\/","title":{"rendered":"Knattspyrnusk\u00f3lanum loki\u00f0"},"content":{"rendered":"<p>\u00de\u00e1 er enn \u00f6\u00f0ru fars\u00e6lu sumri hj\u00e1 knattspyrnusk\u00f3la Gr\u00f3ttu loki\u00f0, en hann var starfr\u00e6kur fr\u00e1 10. j\u00fan\u00ed til 31. j\u00fal\u00ed. G\u00f3\u00f0 m\u00e6ting var \u00e1 \u00f6ll fj\u00f6gur n\u00e1mskei\u00f0in en t\u00e6plega 380 b\u00f6rn voru skr\u00e1\u00f0 \u00e1 n\u00e1mskei\u00f0in. Til vi\u00f0b\u00f3tar \u00fev\u00ed voru um 100 b\u00f6rn sem s\u00f3ttu sumarn\u00e1mskei\u00f0 fyrir 4. og 5. flokk. I\u00f0kendur \u00ed sk\u00f3lanum eru b\u00e6\u00f0i krakkar sem hafa \u00e6ft lengi og einnig krakkar sem eru a\u00f0 pr\u00f3fa f\u00f3tbolta \u00ed fyrsta skipti, og l\u00f6g\u00f0 er \u00e1hersla \u00e1 a\u00f0 kenna f\u00f3tbolta \u00ed gegnum skemmtilega leiki og \u00e6fingar. N\u00e1mskei\u00f0in voru 4 talsins, \u00ed tv\u00e6r vikur \u00ed senn, og \u00ed lok hvers n\u00e1mskei\u00f0s var kr\u00f6kkunum blanda\u00f0 saman og skipt \u00ed landsli\u00f0 og keppt \u00ed HM. A\u00f0 keppni lokinni var s\u00ed\u00f0an pulsupart\u00ed og allir f\u00f3ru gla\u00f0ir inn \u00ed helgina. \u00c1hugasamir og fj\u00f6rugir krakkar, efnilegir unglingar og gott ve\u00f0ur var virkilega g\u00f3\u00f0 blanda sem var\u00f0 til \u00feess a\u00f0 n\u00e1mskei\u00f0in gengu gr\u00ed\u00f0arlega vel. H\u00e9r m\u00e1 sj\u00e1 myndir fr\u00e1 starfinu \u00ed sumar, en einnig eru fleiri myndir og myndb\u00f6nd \u00e1 <a href=\"https:\/\/www.instagram.com\/grottasport\/\">instagram.com\/grottasport<\/a>.&nbsp;<\/p><p>Starfsmenn knattspyrnusk\u00f3lans \u00feakka fyrir sumari\u00f0 og hlakka til a\u00f0 sj\u00e1 sem flesta aftur n\u00e6sta sumar!<\/p><figure class=\"wp-block-image size-large\"><img fetchpriority=\"high\" decoding=\"async\" width=\"1024\" height=\"768\" src=\"https:\/\/grotta.is\/wp-content\/uploads\/2020\/08\/knattsp-sko\u0301li-1024x768.jpg\" alt=\"\" class=\"wp-image-13623\" srcset=\"https:\/\/grotta.is\/wp-content\/uploads\/2020\/08\/knattsp-sko\u0301li-1024x768.jpg 1024w, https:\/\/grotta.is\/wp-content\/uploads\/2020\/08\/knattsp-sko\u0301li-300x225.jpg 300w, https:\/\/grotta.is\/wp-content\/uploads\/2020\/08\/knattsp-sko\u0301li-768x576.jpg 768w, https:\/\/grotta.is\/wp-content\/uploads\/2020\/08\/knattsp-sko\u0301li-1536x1152.jpg 1536w, https:\/\/grotta.is\/wp-content\/uploads\/2020\/08\/knattsp-sko\u0301li-2048x1536.jpg 2048w, https:\/\/grotta.is\/wp-content\/uploads\/2020\/08\/knattsp-sko\u0301li-600x450.jpg 600w\" sizes=\"(max-width: 1024px) 100vw, 1024px\" \/><\/figure><figure class=\"wp-block-gallery columns-0 is-cropped wp-block-gallery-1 is-layout-flex wp-block-gallery-is-layout-flex\"><ul class=\"blocks-gallery-grid\"><\/ul><\/figure>","protected":false},"excerpt":{"rendered":"<p>\u00de\u00e1 er enn \u00f6\u00f0ru fars\u00e6lu sumri hj\u00e1 knattspyrnusk\u00f3la Gr\u00f3ttu loki\u00f0, en hann var starfr\u00e6kur fr\u00e1 10. j\u00fan\u00ed til 31. j\u00fal\u00ed. G\u00f3\u00f0 m\u00e6ting var \u00e1 \u00f6ll fj\u00f6gur n\u00e1mskei\u00f0in en t\u00e6plega 380 [&hellip;]<\/p>","protected":false},"author":4,"featured_media":13623,"comment_status":"closed","ping_status":"closed","sticky":false,"template":"","format":"standard","meta":{"footnotes":""},"categories":[7],"tags":[15],"class_list":["post-13590","post","type-post","status-publish","format-standard","has-post-thumbnail","hentry","category-knattspyrnudeild","tag-yngri-flokkar"],"yoast_head":"<!-- This site is optimized with the Yoast SEO plugin v24.3 - https:\/\/yoast.com\/wordpress\/plugins\/seo\/ -->\n<title>Knattspyrnusk\u00f3lanum loki\u00f0 - \u00cd\u00fer\u00f3ttaf\u00e9lagi\u00f0 Gr\u00f3tta<\/title>\n<meta name=\"robots\" content=\"index, follow, max-snippet:-1, max-image-preview:large, max-video-preview:-1\" \/>\n<link rel=\"canonical\" href=\"https:\/\/grotta.is\/en\/knattspyrnudeild\/knattspyrnuskolanum-lokid\/\" \/>\n<meta property=\"og:locale\" content=\"en_US\" \/>\n<meta property=\"og:type\" content=\"article\" \/>\n<meta property=\"og:title\" content=\"Knattspyrnusk\u00f3lanum loki\u00f0 - \u00cd\u00fer\u00f3ttaf\u00e9lagi\u00f0 Gr\u00f3tta\" \/>\n<meta property=\"og:description\" content=\"\u00de\u00e1 er enn \u00f6\u00f0ru fars\u00e6lu sumri hj\u00e1 knattspyrnusk\u00f3la Gr\u00f3ttu loki\u00f0, en hann var starfr\u00e6kur fr\u00e1 10. j\u00fan\u00ed til 31. j\u00fal\u00ed. G\u00f3\u00f0 m\u00e6ting var \u00e1 \u00f6ll fj\u00f6gur n\u00e1mskei\u00f0in en t\u00e6plega 380 [&hellip;]\" \/>\n<meta property=\"og:url\" content=\"https:\/\/grotta.is\/en\/knattspyrnudeild\/knattspyrnuskolanum-lokid\/\" \/>\n<meta property=\"og:site_name\" content=\"\u00cd\u00fer\u00f3ttaf\u00e9lagi\u00f0 Gr\u00f3tta\" \/>\n<meta property=\"article:publisher\" content=\"https:\/\/www.facebook.com\/grottasport\" \/>\n<meta property=\"article:published_time\" content=\"2020-08-07T12:15:27+00:00\" \/>\n<meta property=\"article:modified_time\" content=\"2020-08-07T12:15:52+00:00\" \/>\n<meta property=\"og:image\" content=\"https:\/\/grotta.is\/wp-content\/uploads\/2020\/08\/knattsp-sko\u0301li-scaled.jpg\" \/>\n\t<meta property=\"og:image:width\" content=\"2560\" \/>\n\t<meta property=\"og:image:height\" content=\"1920\" \/>\n\t<meta property=\"og:image:type\" content=\"image\/jpeg\" \/>\n<meta name=\"author\" content=\"J\u00f3runn M. \u00deorsteinsd\u00f3ttir\" \/>\n<meta name=\"twitter:card\" content=\"summary_large_image\" \/>\n<meta name=\"twitter:label1\" content=\"Written by\" \/>\n\t<meta name=\"twitter:data1\" content=\"J\u00f3runn M. \u00deorsteinsd\u00f3ttir\" \/>\n\t<meta name=\"twitter:label2\" content=\"Est. reading time\" \/>\n\t<meta name=\"twitter:data2\" content=\"1 minute\" \/>\n<script type=\"application\/ld+json\" class=\"yoast-schema-graph\">{\"@context\":\"https:\/\/schema.org\",\"@graph\":[{\"@type\":\"Article\",\"@id\":\"https:\/\/grotta.is\/knattspyrnudeild\/knattspyrnuskolanum-lokid\/#article\",\"isPartOf\":{\"@id\":\"https:\/\/grotta.is\/knattspyrnudeild\/knattspyrnuskolanum-lokid\/\"},\"author\":{\"name\":\"J\u00f3runn M. \u00deorsteinsd\u00f3ttir\",\"@id\":\"https:\/\/grotta.is\/#\/schema\/person\/f1fea6a85a554e8069771c3486efbd84\"},\"headline\":\"Knattspyrnusk\u00f3lanum loki\u00f0\",\"datePublished\":\"2020-08-07T12:15:27+00:00\",\"dateModified\":\"2020-08-07T12:15:52+00:00\",\"mainEntityOfPage\":{\"@id\":\"https:\/\/grotta.is\/knattspyrnudeild\/knattspyrnuskolanum-lokid\/\"},\"wordCount\":206,\"publisher\":{\"@id\":\"https:\/\/grotta.is\/#organization\"},\"image\":{\"@id\":\"https:\/\/grotta.is\/knattspyrnudeild\/knattspyrnuskolanum-lokid\/#primaryimage\"},\"thumbnailUrl\":\"https:\/\/grotta.is\/wp-content\/uploads\/2020\/08\/knattsp-sko\u0301li-scaled.jpg\",\"keywords\":[\"Yngri flokkar\"],\"articleSection\":[\"Knattspyrnudeild\"],\"inLanguage\":\"en-US\"},{\"@type\":\"WebPage\",\"@id\":\"https:\/\/grotta.is\/knattspyrnudeild\/knattspyrnuskolanum-lokid\/\",\"url\":\"https:\/\/grotta.is\/knattspyrnudeild\/knattspyrnuskolanum-lokid\/\",\"name\":\"Knattspyrnusk\u00f3lanum loki\u00f0 - \u00cd\u00fer\u00f3ttaf\u00e9lagi\u00f0 Gr\u00f3tta\",\"isPartOf\":{\"@id\":\"https:\/\/grotta.is\/#website\"},\"primaryImageOfPage\":{\"@id\":\"https:\/\/grotta.is\/knattspyrnudeild\/knattspyrnuskolanum-lokid\/#primaryimage\"},\"image\":{\"@id\":\"https:\/\/grotta.is\/knattspyrnudeild\/knattspyrnuskolanum-lokid\/#primaryimage\"},\"thumbnailUrl\":\"https:\/\/grotta.is\/wp-content\/uploads\/2020\/08\/knattsp-sko\u0301li-scaled.jpg\",\"datePublished\":\"2020-08-07T12:15:27+00:00\",\"dateModified\":\"2020-08-07T12:15:52+00:00\",\"breadcrumb\":{\"@id\":\"https:\/\/grotta.is\/knattspyrnudeild\/knattspyrnuskolanum-lokid\/#breadcrumb\"},\"inLanguage\":\"en-US\",\"potentialAction\":[{\"@type\":\"ReadAction\",\"target\":[\"https:\/\/grotta.is\/knattspyrnudeild\/knattspyrnuskolanum-lokid\/\"]}]},{\"@type\":\"ImageObject\",\"inLanguage\":\"en-US\",\"@id\":\"https:\/\/grotta.is\/knattspyrnudeild\/knattspyrnuskolanum-lokid\/#primaryimage\",\"url\":\"https:\/\/grotta.is\/wp-content\/uploads\/2020\/08\/knattsp-sko\u0301li-scaled.jpg\",\"contentUrl\":\"https:\/\/grotta.is\/wp-content\/uploads\/2020\/08\/knattsp-sko\u0301li-scaled.jpg\",\"width\":2560,\"height\":1920},{\"@type\":\"BreadcrumbList\",\"@id\":\"https:\/\/grotta.is\/knattspyrnudeild\/knattspyrnuskolanum-lokid\/#breadcrumb\",\"itemListElement\":[{\"@type\":\"ListItem\",\"position\":1,\"name\":\"Home\",\"item\":\"https:\/\/grotta.is\/\"},{\"@type\":\"ListItem\",\"position\":2,\"name\":\"Knattspyrnusk\u00f3lanum loki\u00f0\"}]},{\"@type\":\"WebSite\",\"@id\":\"https:\/\/grotta.is\/#website\",\"url\":\"https:\/\/grotta.is\/\",\"name\":\"\u00cd\u00fer\u00f3ttaf\u00e9lagi\u00f0 Gr\u00f3tta\",\"description\":\"\u00e1 Seltjarnarnesi\",\"publisher\":{\"@id\":\"https:\/\/grotta.is\/#organization\"},\"potentialAction\":[{\"@type\":\"SearchAction\",\"target\":{\"@type\":\"EntryPoint\",\"urlTemplate\":\"https:\/\/grotta.is\/?s={search_term_string}\"},\"query-input\":{\"@type\":\"PropertyValueSpecification\",\"valueRequired\":true,\"valueName\":\"search_term_string\"}}],\"inLanguage\":\"en-US\"},{\"@type\":\"Organization\",\"@id\":\"https:\/\/grotta.is\/#organization\",\"name\":\"\u00cd\u00fer\u00f3ttaf\u00e9lagi\u00f0 Gr\u00f3tta\",\"url\":\"https:\/\/grotta.is\/\",\"logo\":{\"@type\":\"ImageObject\",\"inLanguage\":\"en-US\",\"@id\":\"https:\/\/grotta.is\/#\/schema\/logo\/image\/\",\"url\":\"https:\/\/grotta.is\/wp-content\/uploads\/2020\/02\/ithrottafelagidgrotta_logo_512x512_transparent.png\",\"contentUrl\":\"https:\/\/grotta.is\/wp-content\/uploads\/2020\/02\/ithrottafelagidgrotta_logo_512x512_transparent.png\",\"width\":512,\"height\":512,\"caption\":\"\u00cd\u00fer\u00f3ttaf\u00e9lagi\u00f0 Gr\u00f3tta\"},\"image\":{\"@id\":\"https:\/\/grotta.is\/#\/schema\/logo\/image\/\"},\"sameAs\":[\"https:\/\/www.facebook.com\/grottasport\"]},{\"@type\":\"Person\",\"@id\":\"https:\/\/grotta.is\/#\/schema\/person\/f1fea6a85a554e8069771c3486efbd84\",\"name\":\"J\u00f3runn M. \u00deorsteinsd\u00f3ttir\",\"url\":\"https:\/\/grotta.is\/en\/author\/jorunn\/\"}]}<\/script>\n<!-- \/ Yoast SEO plugin. -->","yoast_head_json":{"title":"Knattspyrnusk\u00f3lanum loki\u00f0 - \u00cd\u00fer\u00f3ttaf\u00e9lagi\u00f0 Gr\u00f3tta","robots":{"index":"index","follow":"follow","max-snippet":"max-snippet:-1","max-image-preview":"max-image-preview:large","max-video-preview":"max-video-preview:-1"},"canonical":"https:\/\/grotta.is\/en\/knattspyrnudeild\/knattspyrnuskolanum-lokid\/","og_locale":"en_US","og_type":"article","og_title":"Knattspyrnusk\u00f3lanum loki\u00f0 - \u00cd\u00fer\u00f3ttaf\u00e9lagi\u00f0 Gr\u00f3tta","og_description":"\u00de\u00e1 er enn \u00f6\u00f0ru fars\u00e6lu sumri hj\u00e1 knattspyrnusk\u00f3la Gr\u00f3ttu loki\u00f0, en hann var starfr\u00e6kur fr\u00e1 10. j\u00fan\u00ed til 31. j\u00fal\u00ed. G\u00f3\u00f0 m\u00e6ting var \u00e1 \u00f6ll fj\u00f6gur n\u00e1mskei\u00f0in en t\u00e6plega 380 [&hellip;]","og_url":"https:\/\/grotta.is\/en\/knattspyrnudeild\/knattspyrnuskolanum-lokid\/","og_site_name":"\u00cd\u00fer\u00f3ttaf\u00e9lagi\u00f0 Gr\u00f3tta","article_publisher":"https:\/\/www.facebook.com\/grottasport","article_published_time":"2020-08-07T12:15:27+00:00","article_modified_time":"2020-08-07T12:15:52+00:00","og_image":[{"width":2560,"height":1920,"url":"https:\/\/grotta.is\/wp-content\/uploads\/2020\/08\/knattsp-sko\u0301li-scaled.jpg","type":"image\/jpeg"}],"author":"J\u00f3runn M. \u00deorsteinsd\u00f3ttir","twitter_card":"summary_large_image","twitter_misc":{"Written by":"J\u00f3runn M. \u00deorsteinsd\u00f3ttir","Est. reading time":"1 minute"},"schema":{"@context":"https:\/\/schema.org","@graph":[{"@type":"Article","@id":"https:\/\/grotta.is\/knattspyrnudeild\/knattspyrnuskolanum-lokid\/#article","isPartOf":{"@id":"https:\/\/grotta.is\/knattspyrnudeild\/knattspyrnuskolanum-lokid\/"},"author":{"name":"J\u00f3runn M. \u00deorsteinsd\u00f3ttir","@id":"https:\/\/grotta.is\/#\/schema\/person\/f1fea6a85a554e8069771c3486efbd84"},"headline":"Knattspyrnusk\u00f3lanum loki\u00f0","datePublished":"2020-08-07T12:15:27+00:00","dateModified":"2020-08-07T12:15:52+00:00","mainEntityOfPage":{"@id":"https:\/\/grotta.is\/knattspyrnudeild\/knattspyrnuskolanum-lokid\/"},"wordCount":206,"publisher":{"@id":"https:\/\/grotta.is\/#organization"},"image":{"@id":"https:\/\/grotta.is\/knattspyrnudeild\/knattspyrnuskolanum-lokid\/#primaryimage"},"thumbnailUrl":"https:\/\/grotta.is\/wp-content\/uploads\/2020\/08\/knattsp-sko\u0301li-scaled.jpg","keywords":["Yngri flokkar"],"articleSection":["Knattspyrnudeild"],"inLanguage":"en-US"},{"@type":"WebPage","@id":"https:\/\/grotta.is\/knattspyrnudeild\/knattspyrnuskolanum-lokid\/","url":"https:\/\/grotta.is\/knattspyrnudeild\/knattspyrnuskolanum-lokid\/","name":"Knattspyrnusk\u00f3lanum loki\u00f0 - \u00cd\u00fer\u00f3ttaf\u00e9lagi\u00f0 Gr\u00f3tta","isPartOf":{"@id":"https:\/\/grotta.is\/#website"},"primaryImageOfPage":{"@id":"https:\/\/grotta.is\/knattspyrnudeild\/knattspyrnuskolanum-lokid\/#primaryimage"},"image":{"@id":"https:\/\/grotta.is\/knattspyrnudeild\/knattspyrnuskolanum-lokid\/#primaryimage"},"thumbnailUrl":"https:\/\/grotta.is\/wp-content\/uploads\/2020\/08\/knattsp-sko\u0301li-scaled.jpg","datePublished":"2020-08-07T12:15:27+00:00","dateModified":"2020-08-07T12:15:52+00:00","breadcrumb":{"@id":"https:\/\/grotta.is\/knattspyrnudeild\/knattspyrnuskolanum-lokid\/#breadcrumb"},"inLanguage":"en-US","potentialAction":[{"@type":"ReadAction","target":["https:\/\/grotta.is\/knattspyrnudeild\/knattspyrnuskolanum-lokid\/"]}]},{"@type":"ImageObject","inLanguage":"en-US","@id":"https:\/\/grotta.is\/knattspyrnudeild\/knattspyrnuskolanum-lokid\/#primaryimage","url":"https:\/\/grotta.is\/wp-content\/uploads\/2020\/08\/knattsp-sko\u0301li-scaled.jpg","contentUrl":"https:\/\/grotta.is\/wp-content\/uploads\/2020\/08\/knattsp-sko\u0301li-scaled.jpg","width":2560,"height":1920},{"@type":"BreadcrumbList","@id":"https:\/\/grotta.is\/knattspyrnudeild\/knattspyrnuskolanum-lokid\/#breadcrumb","itemListElement":[{"@type":"ListItem","position":1,"name":"Home","item":"https:\/\/grotta.is\/"},{"@type":"ListItem","position":2,"name":"Knattspyrnusk\u00f3lanum loki\u00f0"}]},{"@type":"WebSite","@id":"https:\/\/grotta.is\/#website","url":"https:\/\/grotta.is\/","name":"\u00cd\u00fer\u00f3ttaf\u00e9lagi\u00f0 Gr\u00f3tta","description":"\u00e1 Seltjarnarnesi","publisher":{"@id":"https:\/\/grotta.is\/#organization"},"potentialAction":[{"@type":"SearchAction","target":{"@type":"EntryPoint","urlTemplate":"https:\/\/grotta.is\/?s={search_term_string}"},"query-input":{"@type":"PropertyValueSpecification","valueRequired":true,"valueName":"search_term_string"}}],"inLanguage":"en-US"},{"@type":"Organization","@id":"https:\/\/grotta.is\/#organization","name":"\u00cd\u00fer\u00f3ttaf\u00e9lagi\u00f0 Gr\u00f3tta","url":"https:\/\/grotta.is\/","logo":{"@type":"ImageObject","inLanguage":"en-US","@id":"https:\/\/grotta.is\/#\/schema\/logo\/image\/","url":"https:\/\/grotta.is\/wp-content\/uploads\/2020\/02\/ithrottafelagidgrotta_logo_512x512_transparent.png","contentUrl":"https:\/\/grotta.is\/wp-content\/uploads\/2020\/02\/ithrottafelagidgrotta_logo_512x512_transparent.png","width":512,"height":512,"caption":"\u00cd\u00fer\u00f3ttaf\u00e9lagi\u00f0 Gr\u00f3tta"},"image":{"@id":"https:\/\/grotta.is\/#\/schema\/logo\/image\/"},"sameAs":["https:\/\/www.facebook.com\/grottasport"]},{"@type":"Person","@id":"https:\/\/grotta.is\/#\/schema\/person\/f1fea6a85a554e8069771c3486efbd84","name":"J\u00f3runn M. \u00deorsteinsd\u00f3ttir","url":"https:\/\/grotta.is\/en\/author\/jorunn\/"}]}},"_links":{"self":[{"href":"https:\/\/grotta.is\/en\/wp-json\/wp\/v2\/posts\/13590","targetHints":{"allow":["GET"]}}],"collection":[{"href":"https:\/\/grotta.is\/en\/wp-json\/wp\/v2\/posts"}],"about":[{"href":"https:\/\/grotta.is\/en\/wp-json\/wp\/v2\/types\/post"}],"author":[{"embeddable":true,"href":"https:\/\/grotta.is\/en\/wp-json\/wp\/v2\/users\/4"}],"replies":[{"embeddable":true,"href":"https:\/\/grotta.is\/en\/wp-json\/wp\/v2\/comments?post=13590"}],"version-history":[{"count":1,"href":"https:\/\/grotta.is\/en\/wp-json\/wp\/v2\/posts\/13590\/revisions"}],"predecessor-version":[{"id":13624,"href":"https:\/\/grotta.is\/en\/wp-json\/wp\/v2\/posts\/13590\/revisions\/13624"}],"wp:featuredmedia":[{"embeddable":true,"href":"https:\/\/grotta.is\/en\/wp-json\/wp\/v2\/media\/13623"}],"wp:attachment":[{"href":"https:\/\/grotta.is\/en\/wp-json\/wp\/v2\/media?parent=13590"}],"wp:term":[{"taxonomy":"category","embeddable":true,"href":"https:\/\/grotta.is\/en\/wp-json\/wp\/v2\/categories?post=13590"},{"taxonomy":"post_tag","embeddable":true,"href":"https:\/\/grotta.is\/en\/wp-json\/wp\/v2\/tags?post=13590"}],"curies":[{"name":"wp","href":"https:\/\/api.w.org\/{rel}","templated":true}]}}