{"id":13245,"date":"2020-08-03T09:19:52","date_gmt":"2020-08-03T09:19:52","guid":{"rendered":"https:\/\/grotta.is\/?p=13245"},"modified":"2020-08-03T09:27:46","modified_gmt":"2020-08-03T09:27:46","slug":"vivaldi-a-islandi-styrkir-handboltann-i-grottu","status":"publish","type":"post","link":"https:\/\/grotta.is\/en\/handknattleiksdeild\/vivaldi-a-islandi-styrkir-handboltann-i-grottu\/","title":{"rendered":"Vivaldi \u00e1 \u00cdslandi styrkir handboltann \u00ed Gr\u00f3ttu"},"content":{"rendered":"<p><a aria-label=\"undefined (opens in a new tab)\" href=\"https:\/\/vivaldi.com\/is\/\" target=\"_blank\" rel=\"noreferrer noopener\">Vivaldi \u00cdsland<\/a> og handknattleiksdeild Gr\u00f3ttu hafa skrifa\u00f0 undir 2ja \u00e1ra styrktarsamning s\u00edn \u00e1 milli sem mun gera Vivaldi a\u00f0 einum st\u00e6rsta styrktara\u00f0ila deildarinnar.<\/p><p>Samningurinn n\u00e6r yfir allt starf deildarinnar og munu m.a b\u00faningar yngri flokka deildarinnar bera merki Vivaldi sem og b\u00faningar meistaraflokkana n\u00e6stu 2 \u00e1rin.<\/p><p>J\u00f3n von Tetzchner forsvarsma\u00f0ur Vivaldi og fyrirt\u00e6ki\u00f0 \u00ed heild \u00e1 skili\u00f0 miklar \u00feakkir fyrir mikilv\u00e6gan stu\u00f0ning til f\u00e9lagsins \u00ed gegnum \u00e1rin og erum vi\u00f0 afar stolt af \u00fev\u00ed a\u00f0 geta spila\u00f0 me\u00f0 merki Vivaldi \u00e1 b\u00faningunum okkar n\u00e6stu 2 \u00e1rin hi\u00f0 minnsta.<\/p><p>\u00c1 myndinni m\u00e1 sj\u00e1 L\u00e1rus Gunnarsson formann handknattleiksdeildar og J\u00f3n von Tetzchner handsala samninginn fyrr \u00ed vikunni.<\/p>","protected":false},"excerpt":{"rendered":"<p>Vivaldi \u00cdsland og handknattleiksdeild Gr\u00f3ttu hafa skrifa\u00f0 undir undir 2ja \u00e1ra styrktarsamning s\u00edn \u00e1 milli sem mun gera Vivaldi a\u00f0 einum st\u00e6rsta styrktara\u00f0ila deildarinnar.<\/p>","protected":false},"author":2,"featured_media":13271,"comment_status":"closed","ping_status":"closed","sticky":false,"template":"","format":"standard","meta":{"footnotes":""},"categories":[12],"tags":[13,85],"class_list":["post-13245","post","type-post","status-publish","format-standard","has-post-thumbnail","hentry","category-handknattleiksdeild","tag-handbolti","tag-styrktaradili"],"yoast_head":"<!-- This site is optimized with the Yoast SEO plugin v24.3 - https:\/\/yoast.com\/wordpress\/plugins\/seo\/ -->\n<title>Vivaldi \u00e1 \u00cdslandi styrkir handboltann \u00ed Gr\u00f3ttu - \u00cd\u00fer\u00f3ttaf\u00e9lagi\u00f0 Gr\u00f3tta<\/title>\n<meta name=\"robots\" content=\"index, follow, max-snippet:-1, max-image-preview:large, max-video-preview:-1\" \/>\n<link rel=\"canonical\" href=\"https:\/\/grotta.is\/en\/handknattleiksdeild\/vivaldi-a-islandi-styrkir-handboltann-i-grottu\/\" \/>\n<meta property=\"og:locale\" content=\"en_US\" \/>\n<meta property=\"og:type\" content=\"article\" \/>\n<meta property=\"og:title\" content=\"Vivaldi \u00e1 \u00cdslandi styrkir handboltann \u00ed Gr\u00f3ttu - \u00cd\u00fer\u00f3ttaf\u00e9lagi\u00f0 Gr\u00f3tta\" \/>\n<meta property=\"og:description\" content=\"Vivaldi \u00cdsland og handknattleiksdeild Gr\u00f3ttu hafa skrifa\u00f0 undir undir 2ja \u00e1ra styrktarsamning s\u00edn \u00e1 milli sem mun gera Vivaldi a\u00f0 einum st\u00e6rsta styrktara\u00f0ila deildarinnar.\" \/>\n<meta property=\"og:url\" content=\"https:\/\/grotta.is\/en\/handknattleiksdeild\/vivaldi-a-islandi-styrkir-handboltann-i-grottu\/\" \/>\n<meta property=\"og:site_name\" content=\"\u00cd\u00fer\u00f3ttaf\u00e9lagi\u00f0 Gr\u00f3tta\" \/>\n<meta property=\"article:publisher\" content=\"https:\/\/www.facebook.com\/grottasport\" \/>\n<meta property=\"article:published_time\" content=\"2020-08-03T09:19:52+00:00\" \/>\n<meta property=\"article:modified_time\" content=\"2020-08-03T09:27:46+00:00\" \/>\n<meta property=\"og:image\" content=\"https:\/\/grotta.is\/wp-content\/uploads\/2020\/08\/Handbolti_grotta_vivaldi_samstarf_2020_1.jpg\" \/>\n\t<meta property=\"og:image:width\" content=\"632\" \/>\n\t<meta property=\"og:image:height\" content=\"438\" \/>\n\t<meta property=\"og:image:type\" content=\"image\/jpeg\" \/>\n<meta name=\"author\" content=\"Grotta\" \/>\n<meta name=\"twitter:card\" content=\"summary_large_image\" \/>\n<meta name=\"twitter:label1\" content=\"Written by\" \/>\n\t<meta name=\"twitter:data1\" content=\"Grotta\" \/>\n\t<meta name=\"twitter:label2\" content=\"Est. reading time\" \/>\n\t<meta name=\"twitter:data2\" content=\"1 minute\" \/>\n<script type=\"application\/ld+json\" class=\"yoast-schema-graph\">{\"@context\":\"https:\/\/schema.org\",\"@graph\":[{\"@type\":\"Article\",\"@id\":\"https:\/\/grotta.is\/handknattleiksdeild\/vivaldi-a-islandi-styrkir-handboltann-i-grottu\/#article\",\"isPartOf\":{\"@id\":\"https:\/\/grotta.is\/handknattleiksdeild\/vivaldi-a-islandi-styrkir-handboltann-i-grottu\/\"},\"author\":{\"name\":\"Grotta\",\"@id\":\"https:\/\/grotta.is\/#\/schema\/person\/08ec57bf09ee925f1b6a01540c14a5ce\"},\"headline\":\"Vivaldi \u00e1 \u00cdslandi styrkir handboltann \u00ed Gr\u00f3ttu\",\"datePublished\":\"2020-08-03T09:19:52+00:00\",\"dateModified\":\"2020-08-03T09:27:46+00:00\",\"mainEntityOfPage\":{\"@id\":\"https:\/\/grotta.is\/handknattleiksdeild\/vivaldi-a-islandi-styrkir-handboltann-i-grottu\/\"},\"wordCount\":121,\"publisher\":{\"@id\":\"https:\/\/grotta.is\/#organization\"},\"image\":{\"@id\":\"https:\/\/grotta.is\/handknattleiksdeild\/vivaldi-a-islandi-styrkir-handboltann-i-grottu\/#primaryimage\"},\"thumbnailUrl\":\"https:\/\/grotta.is\/wp-content\/uploads\/2020\/08\/Handbolti_grotta_vivaldi_samstarf_2020_1.jpg\",\"keywords\":[\"Handbolti\",\"Styrktara\u00f0ili\"],\"articleSection\":[\"Handknattleiksdeild\"],\"inLanguage\":\"en-US\"},{\"@type\":\"WebPage\",\"@id\":\"https:\/\/grotta.is\/handknattleiksdeild\/vivaldi-a-islandi-styrkir-handboltann-i-grottu\/\",\"url\":\"https:\/\/grotta.is\/handknattleiksdeild\/vivaldi-a-islandi-styrkir-handboltann-i-grottu\/\",\"name\":\"Vivaldi \u00e1 \u00cdslandi styrkir handboltann \u00ed Gr\u00f3ttu - \u00cd\u00fer\u00f3ttaf\u00e9lagi\u00f0 Gr\u00f3tta\",\"isPartOf\":{\"@id\":\"https:\/\/grotta.is\/#website\"},\"primaryImageOfPage\":{\"@id\":\"https:\/\/grotta.is\/handknattleiksdeild\/vivaldi-a-islandi-styrkir-handboltann-i-grottu\/#primaryimage\"},\"image\":{\"@id\":\"https:\/\/grotta.is\/handknattleiksdeild\/vivaldi-a-islandi-styrkir-handboltann-i-grottu\/#primaryimage\"},\"thumbnailUrl\":\"https:\/\/grotta.is\/wp-content\/uploads\/2020\/08\/Handbolti_grotta_vivaldi_samstarf_2020_1.jpg\",\"datePublished\":\"2020-08-03T09:19:52+00:00\",\"dateModified\":\"2020-08-03T09:27:46+00:00\",\"breadcrumb\":{\"@id\":\"https:\/\/grotta.is\/handknattleiksdeild\/vivaldi-a-islandi-styrkir-handboltann-i-grottu\/#breadcrumb\"},\"inLanguage\":\"en-US\",\"potentialAction\":[{\"@type\":\"ReadAction\",\"target\":[\"https:\/\/grotta.is\/handknattleiksdeild\/vivaldi-a-islandi-styrkir-handboltann-i-grottu\/\"]}]},{\"@type\":\"ImageObject\",\"inLanguage\":\"en-US\",\"@id\":\"https:\/\/grotta.is\/handknattleiksdeild\/vivaldi-a-islandi-styrkir-handboltann-i-grottu\/#primaryimage\",\"url\":\"https:\/\/grotta.is\/wp-content\/uploads\/2020\/08\/Handbolti_grotta_vivaldi_samstarf_2020_1.jpg\",\"contentUrl\":\"https:\/\/grotta.is\/wp-content\/uploads\/2020\/08\/Handbolti_grotta_vivaldi_samstarf_2020_1.jpg\",\"width\":632,\"height\":438},{\"@type\":\"BreadcrumbList\",\"@id\":\"https:\/\/grotta.is\/handknattleiksdeild\/vivaldi-a-islandi-styrkir-handboltann-i-grottu\/#breadcrumb\",\"itemListElement\":[{\"@type\":\"ListItem\",\"position\":1,\"name\":\"Home\",\"item\":\"https:\/\/grotta.is\/\"},{\"@type\":\"ListItem\",\"position\":2,\"name\":\"Vivaldi \u00e1 \u00cdslandi styrkir handboltann \u00ed Gr\u00f3ttu\"}]},{\"@type\":\"WebSite\",\"@id\":\"https:\/\/grotta.is\/#website\",\"url\":\"https:\/\/grotta.is\/\",\"name\":\"\u00cd\u00fer\u00f3ttaf\u00e9lagi\u00f0 Gr\u00f3tta\",\"description\":\"\u00e1 Seltjarnarnesi\",\"publisher\":{\"@id\":\"https:\/\/grotta.is\/#organization\"},\"potentialAction\":[{\"@type\":\"SearchAction\",\"target\":{\"@type\":\"EntryPoint\",\"urlTemplate\":\"https:\/\/grotta.is\/?s={search_term_string}\"},\"query-input\":{\"@type\":\"PropertyValueSpecification\",\"valueRequired\":true,\"valueName\":\"search_term_string\"}}],\"inLanguage\":\"en-US\"},{\"@type\":\"Organization\",\"@id\":\"https:\/\/grotta.is\/#organization\",\"name\":\"\u00cd\u00fer\u00f3ttaf\u00e9lagi\u00f0 Gr\u00f3tta\",\"url\":\"https:\/\/grotta.is\/\",\"logo\":{\"@type\":\"ImageObject\",\"inLanguage\":\"en-US\",\"@id\":\"https:\/\/grotta.is\/#\/schema\/logo\/image\/\",\"url\":\"https:\/\/grotta.is\/wp-content\/uploads\/2020\/02\/ithrottafelagidgrotta_logo_512x512_transparent.png\",\"contentUrl\":\"https:\/\/grotta.is\/wp-content\/uploads\/2020\/02\/ithrottafelagidgrotta_logo_512x512_transparent.png\",\"width\":512,\"height\":512,\"caption\":\"\u00cd\u00fer\u00f3ttaf\u00e9lagi\u00f0 Gr\u00f3tta\"},\"image\":{\"@id\":\"https:\/\/grotta.is\/#\/schema\/logo\/image\/\"},\"sameAs\":[\"https:\/\/www.facebook.com\/grottasport\"]},{\"@type\":\"Person\",\"@id\":\"https:\/\/grotta.is\/#\/schema\/person\/08ec57bf09ee925f1b6a01540c14a5ce\",\"name\":\"Grotta\",\"url\":\"https:\/\/grotta.is\/en\/author\/inga\/\"}]}<\/script>\n<!-- \/ Yoast SEO plugin. -->","yoast_head_json":{"title":"Vivaldi \u00e1 \u00cdslandi styrkir handboltann \u00ed Gr\u00f3ttu - \u00cd\u00fer\u00f3ttaf\u00e9lagi\u00f0 Gr\u00f3tta","robots":{"index":"index","follow":"follow","max-snippet":"max-snippet:-1","max-image-preview":"max-image-preview:large","max-video-preview":"max-video-preview:-1"},"canonical":"https:\/\/grotta.is\/en\/handknattleiksdeild\/vivaldi-a-islandi-styrkir-handboltann-i-grottu\/","og_locale":"en_US","og_type":"article","og_title":"Vivaldi \u00e1 \u00cdslandi styrkir handboltann \u00ed Gr\u00f3ttu - \u00cd\u00fer\u00f3ttaf\u00e9lagi\u00f0 Gr\u00f3tta","og_description":"Vivaldi \u00cdsland og handknattleiksdeild Gr\u00f3ttu hafa skrifa\u00f0 undir undir 2ja \u00e1ra styrktarsamning s\u00edn \u00e1 milli sem mun gera Vivaldi a\u00f0 einum st\u00e6rsta styrktara\u00f0ila deildarinnar.","og_url":"https:\/\/grotta.is\/en\/handknattleiksdeild\/vivaldi-a-islandi-styrkir-handboltann-i-grottu\/","og_site_name":"\u00cd\u00fer\u00f3ttaf\u00e9lagi\u00f0 Gr\u00f3tta","article_publisher":"https:\/\/www.facebook.com\/grottasport","article_published_time":"2020-08-03T09:19:52+00:00","article_modified_time":"2020-08-03T09:27:46+00:00","og_image":[{"width":632,"height":438,"url":"https:\/\/grotta.is\/wp-content\/uploads\/2020\/08\/Handbolti_grotta_vivaldi_samstarf_2020_1.jpg","type":"image\/jpeg"}],"author":"Grotta","twitter_card":"summary_large_image","twitter_misc":{"Written by":"Grotta","Est. reading time":"1 minute"},"schema":{"@context":"https:\/\/schema.org","@graph":[{"@type":"Article","@id":"https:\/\/grotta.is\/handknattleiksdeild\/vivaldi-a-islandi-styrkir-handboltann-i-grottu\/#article","isPartOf":{"@id":"https:\/\/grotta.is\/handknattleiksdeild\/vivaldi-a-islandi-styrkir-handboltann-i-grottu\/"},"author":{"name":"Grotta","@id":"https:\/\/grotta.is\/#\/schema\/person\/08ec57bf09ee925f1b6a01540c14a5ce"},"headline":"Vivaldi \u00e1 \u00cdslandi styrkir handboltann \u00ed Gr\u00f3ttu","datePublished":"2020-08-03T09:19:52+00:00","dateModified":"2020-08-03T09:27:46+00:00","mainEntityOfPage":{"@id":"https:\/\/grotta.is\/handknattleiksdeild\/vivaldi-a-islandi-styrkir-handboltann-i-grottu\/"},"wordCount":121,"publisher":{"@id":"https:\/\/grotta.is\/#organization"},"image":{"@id":"https:\/\/grotta.is\/handknattleiksdeild\/vivaldi-a-islandi-styrkir-handboltann-i-grottu\/#primaryimage"},"thumbnailUrl":"https:\/\/grotta.is\/wp-content\/uploads\/2020\/08\/Handbolti_grotta_vivaldi_samstarf_2020_1.jpg","keywords":["Handbolti","Styrktara\u00f0ili"],"articleSection":["Handknattleiksdeild"],"inLanguage":"en-US"},{"@type":"WebPage","@id":"https:\/\/grotta.is\/handknattleiksdeild\/vivaldi-a-islandi-styrkir-handboltann-i-grottu\/","url":"https:\/\/grotta.is\/handknattleiksdeild\/vivaldi-a-islandi-styrkir-handboltann-i-grottu\/","name":"Vivaldi \u00e1 \u00cdslandi styrkir handboltann \u00ed Gr\u00f3ttu - \u00cd\u00fer\u00f3ttaf\u00e9lagi\u00f0 Gr\u00f3tta","isPartOf":{"@id":"https:\/\/grotta.is\/#website"},"primaryImageOfPage":{"@id":"https:\/\/grotta.is\/handknattleiksdeild\/vivaldi-a-islandi-styrkir-handboltann-i-grottu\/#primaryimage"},"image":{"@id":"https:\/\/grotta.is\/handknattleiksdeild\/vivaldi-a-islandi-styrkir-handboltann-i-grottu\/#primaryimage"},"thumbnailUrl":"https:\/\/grotta.is\/wp-content\/uploads\/2020\/08\/Handbolti_grotta_vivaldi_samstarf_2020_1.jpg","datePublished":"2020-08-03T09:19:52+00:00","dateModified":"2020-08-03T09:27:46+00:00","breadcrumb":{"@id":"https:\/\/grotta.is\/handknattleiksdeild\/vivaldi-a-islandi-styrkir-handboltann-i-grottu\/#breadcrumb"},"inLanguage":"en-US","potentialAction":[{"@type":"ReadAction","target":["https:\/\/grotta.is\/handknattleiksdeild\/vivaldi-a-islandi-styrkir-handboltann-i-grottu\/"]}]},{"@type":"ImageObject","inLanguage":"en-US","@id":"https:\/\/grotta.is\/handknattleiksdeild\/vivaldi-a-islandi-styrkir-handboltann-i-grottu\/#primaryimage","url":"https:\/\/grotta.is\/wp-content\/uploads\/2020\/08\/Handbolti_grotta_vivaldi_samstarf_2020_1.jpg","contentUrl":"https:\/\/grotta.is\/wp-content\/uploads\/2020\/08\/Handbolti_grotta_vivaldi_samstarf_2020_1.jpg","width":632,"height":438},{"@type":"BreadcrumbList","@id":"https:\/\/grotta.is\/handknattleiksdeild\/vivaldi-a-islandi-styrkir-handboltann-i-grottu\/#breadcrumb","itemListElement":[{"@type":"ListItem","position":1,"name":"Home","item":"https:\/\/grotta.is\/"},{"@type":"ListItem","position":2,"name":"Vivaldi \u00e1 \u00cdslandi styrkir handboltann \u00ed Gr\u00f3ttu"}]},{"@type":"WebSite","@id":"https:\/\/grotta.is\/#website","url":"https:\/\/grotta.is\/","name":"\u00cd\u00fer\u00f3ttaf\u00e9lagi\u00f0 Gr\u00f3tta","description":"\u00e1 Seltjarnarnesi","publisher":{"@id":"https:\/\/grotta.is\/#organization"},"potentialAction":[{"@type":"SearchAction","target":{"@type":"EntryPoint","urlTemplate":"https:\/\/grotta.is\/?s={search_term_string}"},"query-input":{"@type":"PropertyValueSpecification","valueRequired":true,"valueName":"search_term_string"}}],"inLanguage":"en-US"},{"@type":"Organization","@id":"https:\/\/grotta.is\/#organization","name":"\u00cd\u00fer\u00f3ttaf\u00e9lagi\u00f0 Gr\u00f3tta","url":"https:\/\/grotta.is\/","logo":{"@type":"ImageObject","inLanguage":"en-US","@id":"https:\/\/grotta.is\/#\/schema\/logo\/image\/","url":"https:\/\/grotta.is\/wp-content\/uploads\/2020\/02\/ithrottafelagidgrotta_logo_512x512_transparent.png","contentUrl":"https:\/\/grotta.is\/wp-content\/uploads\/2020\/02\/ithrottafelagidgrotta_logo_512x512_transparent.png","width":512,"height":512,"caption":"\u00cd\u00fer\u00f3ttaf\u00e9lagi\u00f0 Gr\u00f3tta"},"image":{"@id":"https:\/\/grotta.is\/#\/schema\/logo\/image\/"},"sameAs":["https:\/\/www.facebook.com\/grottasport"]},{"@type":"Person","@id":"https:\/\/grotta.is\/#\/schema\/person\/08ec57bf09ee925f1b6a01540c14a5ce","name":"Grotta","url":"https:\/\/grotta.is\/en\/author\/inga\/"}]}},"_links":{"self":[{"href":"https:\/\/grotta.is\/en\/wp-json\/wp\/v2\/posts\/13245","targetHints":{"allow":["GET"]}}],"collection":[{"href":"https:\/\/grotta.is\/en\/wp-json\/wp\/v2\/posts"}],"about":[{"href":"https:\/\/grotta.is\/en\/wp-json\/wp\/v2\/types\/post"}],"author":[{"embeddable":true,"href":"https:\/\/grotta.is\/en\/wp-json\/wp\/v2\/users\/2"}],"replies":[{"embeddable":true,"href":"https:\/\/grotta.is\/en\/wp-json\/wp\/v2\/comments?post=13245"}],"version-history":[{"count":1,"href":"https:\/\/grotta.is\/en\/wp-json\/wp\/v2\/posts\/13245\/revisions"}],"predecessor-version":[{"id":13255,"href":"https:\/\/grotta.is\/en\/wp-json\/wp\/v2\/posts\/13245\/revisions\/13255"}],"wp:featuredmedia":[{"embeddable":true,"href":"https:\/\/grotta.is\/en\/wp-json\/wp\/v2\/media\/13271"}],"wp:attachment":[{"href":"https:\/\/grotta.is\/en\/wp-json\/wp\/v2\/media?parent=13245"}],"wp:term":[{"taxonomy":"category","embeddable":true,"href":"https:\/\/grotta.is\/en\/wp-json\/wp\/v2\/categories?post=13245"},{"taxonomy":"post_tag","embeddable":true,"href":"https:\/\/grotta.is\/en\/wp-json\/wp\/v2\/tags?post=13245"}],"curies":[{"name":"wp","href":"https:\/\/api.w.org\/{rel}","templated":true}]}}