{"id":131,"date":"2020-01-16T17:48:00","date_gmt":"2020-01-16T17:48:00","guid":{"rendered":"https:\/\/grotta.is\/?p=131"},"modified":"2020-02-10T17:49:59","modified_gmt":"2020-02-10T17:49:59","slug":"7-flokkur-kvenna-a-fotboltamoti-hk-og-audar","status":"publish","type":"post","link":"https:\/\/grotta.is\/en\/knattspyrnudeild\/7-flokkur-kvenna-a-fotboltamoti-hk-og-audar\/","title":{"rendered":"7. flokkur kvenna \u00e1 f\u00f3tboltam\u00f3ti HK og Au\u00f0ar"},"content":{"rendered":"<p>\u00derj\u00e1t\u00edu stelpur \u00far 7. flokki kvenna spilu\u00f0u \u00e1 f\u00f3tboltam\u00f3ti Au\u00f0ar og HK \u00ed g\u00e6r, laugardaginn 18. jan\u00faar. Gr\u00f3tta tefldi fram fimm li\u00f0um \u00e1 m\u00f3tinu og skemmtu s\u00e9r allir gr\u00ed\u00f0arlega vel. Sigrar, t\u00f6p og jafntefli en umfram allt leikgle\u00f0i og bar\u00e1tta.<\/p><figure class=\"wp-block-gallery columns-3 is-cropped wp-block-gallery-1 is-layout-flex wp-block-gallery-is-layout-flex\"><ul class=\"blocks-gallery-grid\"><li class=\"blocks-gallery-item\"><figure><a href=\"https:\/\/grotta.is\/wp-content\/uploads\/2020\/02\/Knattspyrnudeild_grotta_Frettir_yngriflokkar_3.jpg\"><img fetchpriority=\"high\" decoding=\"async\" width=\"1024\" height=\"768\" src=\"https:\/\/grotta.is\/wp-content\/uploads\/2020\/02\/Knattspyrnudeild_grotta_Frettir_yngriflokkar_3-1024x768.jpg\" alt=\"\" data-id=\"128\" data-full-url=\"https:\/\/grotta.is\/wp-content\/uploads\/2020\/02\/Knattspyrnudeild_grotta_Frettir_yngriflokkar_3.jpg\" data-link=\"https:\/\/grotta.is\/knattspyrnudeild\/rakel-loa-a-urtaksaefingum-u16-ara-landslidsins\/attachment\/knattspyrnudeild_grotta_frettir_yngriflokkar_3\/\" class=\"wp-image-128\" srcset=\"https:\/\/grotta.is\/wp-content\/uploads\/2020\/02\/Knattspyrnudeild_grotta_Frettir_yngriflokkar_3-1024x768.jpg 1024w, https:\/\/grotta.is\/wp-content\/uploads\/2020\/02\/Knattspyrnudeild_grotta_Frettir_yngriflokkar_3-600x450.jpg 600w, https:\/\/grotta.is\/wp-content\/uploads\/2020\/02\/Knattspyrnudeild_grotta_Frettir_yngriflokkar_3-300x225.jpg 300w, https:\/\/grotta.is\/wp-content\/uploads\/2020\/02\/Knattspyrnudeild_grotta_Frettir_yngriflokkar_3-768x576.jpg 768w, https:\/\/grotta.is\/wp-content\/uploads\/2020\/02\/Knattspyrnudeild_grotta_Frettir_yngriflokkar_3.jpg 1536w\" sizes=\"(max-width: 1024px) 100vw, 1024px\" \/><\/a><\/figure><\/li><li class=\"blocks-gallery-item\"><figure><a href=\"https:\/\/grotta.is\/wp-content\/uploads\/2020\/02\/Knattspyrnudeild_grotta_Frettir_yngriflokkar_1.jpg\"><img decoding=\"async\" width=\"1024\" height=\"768\" data-src=\"https:\/\/grotta.is\/wp-content\/uploads\/2020\/02\/Knattspyrnudeild_grotta_Frettir_yngriflokkar_1-1024x768.jpg\" alt=\"\" data-id=\"126\" data-full-url=\"https:\/\/grotta.is\/wp-content\/uploads\/2020\/02\/Knattspyrnudeild_grotta_Frettir_yngriflokkar_1.jpg\" data-link=\"https:\/\/grotta.is\/knattspyrnudeild\/rakel-loa-a-urtaksaefingum-u16-ara-landslidsins\/attachment\/knattspyrnudeild_grotta_frettir_yngriflokkar_1\/\" class=\"wp-image-126 lazyload\" data-srcset=\"https:\/\/grotta.is\/wp-content\/uploads\/2020\/02\/Knattspyrnudeild_grotta_Frettir_yngriflokkar_1-1024x768.jpg 1024w, https:\/\/grotta.is\/wp-content\/uploads\/2020\/02\/Knattspyrnudeild_grotta_Frettir_yngriflokkar_1-600x450.jpg 600w, https:\/\/grotta.is\/wp-content\/uploads\/2020\/02\/Knattspyrnudeild_grotta_Frettir_yngriflokkar_1-300x225.jpg 300w, https:\/\/grotta.is\/wp-content\/uploads\/2020\/02\/Knattspyrnudeild_grotta_Frettir_yngriflokkar_1-768x576.jpg 768w, https:\/\/grotta.is\/wp-content\/uploads\/2020\/02\/Knattspyrnudeild_grotta_Frettir_yngriflokkar_1-1536x1152.jpg 1536w, https:\/\/grotta.is\/wp-content\/uploads\/2020\/02\/Knattspyrnudeild_grotta_Frettir_yngriflokkar_1-2048x1536.jpg 2048w\" data-sizes=\"(max-width: 1024px) 100vw, 1024px\" src=\"data:image\/gif;base64,R0lGODlhAQABAAAAACH5BAEKAAEALAAAAAABAAEAAAICTAEAOw==\" style=\"--smush-placeholder-width: 1024px; --smush-placeholder-aspect-ratio: 1024\/768;\" \/><\/a><\/figure><\/li><li class=\"blocks-gallery-item\"><figure><a href=\"https:\/\/grotta.is\/wp-content\/uploads\/2020\/02\/Knattspyrnudeild_grotta_Frettir_yngriflokkar_4.jpg\"><img decoding=\"async\" width=\"1024\" height=\"768\" data-src=\"https:\/\/grotta.is\/wp-content\/uploads\/2020\/02\/Knattspyrnudeild_grotta_Frettir_yngriflokkar_4-1024x768.jpg\" alt=\"\" data-id=\"124\" data-full-url=\"https:\/\/grotta.is\/wp-content\/uploads\/2020\/02\/Knattspyrnudeild_grotta_Frettir_yngriflokkar_4.jpg\" data-link=\"https:\/\/grotta.is\/knattspyrnudeild\/rakel-loa-a-urtaksaefingum-u16-ara-landslidsins\/attachment\/knattspyrnudeild_grotta_frettir_yngriflokkar_4\/\" class=\"wp-image-124 lazyload\" data-srcset=\"https:\/\/grotta.is\/wp-content\/uploads\/2020\/02\/Knattspyrnudeild_grotta_Frettir_yngriflokkar_4-1024x768.jpg 1024w, https:\/\/grotta.is\/wp-content\/uploads\/2020\/02\/Knattspyrnudeild_grotta_Frettir_yngriflokkar_4-600x450.jpg 600w, https:\/\/grotta.is\/wp-content\/uploads\/2020\/02\/Knattspyrnudeild_grotta_Frettir_yngriflokkar_4-300x225.jpg 300w, https:\/\/grotta.is\/wp-content\/uploads\/2020\/02\/Knattspyrnudeild_grotta_Frettir_yngriflokkar_4-768x576.jpg 768w, https:\/\/grotta.is\/wp-content\/uploads\/2020\/02\/Knattspyrnudeild_grotta_Frettir_yngriflokkar_4.jpg 1536w\" data-sizes=\"(max-width: 1024px) 100vw, 1024px\" src=\"data:image\/gif;base64,R0lGODlhAQABAAAAACH5BAEKAAEALAAAAAABAAEAAAICTAEAOw==\" style=\"--smush-placeholder-width: 1024px; --smush-placeholder-aspect-ratio: 1024\/768;\" \/><\/a><\/figure><\/li><li class=\"blocks-gallery-item\"><figure><a href=\"https:\/\/grotta.is\/wp-content\/uploads\/2020\/02\/Knattspyrnudeild_grotta_Frettir_yngriflokkar_5.jpg\"><img decoding=\"async\" width=\"1024\" height=\"768\" data-src=\"https:\/\/grotta.is\/wp-content\/uploads\/2020\/02\/Knattspyrnudeild_grotta_Frettir_yngriflokkar_5-1024x768.jpg\" alt=\"\" data-id=\"125\" data-full-url=\"https:\/\/grotta.is\/wp-content\/uploads\/2020\/02\/Knattspyrnudeild_grotta_Frettir_yngriflokkar_5.jpg\" data-link=\"https:\/\/grotta.is\/knattspyrnudeild\/rakel-loa-a-urtaksaefingum-u16-ara-landslidsins\/attachment\/knattspyrnudeild_grotta_frettir_yngriflokkar_5\/\" class=\"wp-image-125 lazyload\" data-srcset=\"https:\/\/grotta.is\/wp-content\/uploads\/2020\/02\/Knattspyrnudeild_grotta_Frettir_yngriflokkar_5-1024x768.jpg 1024w, https:\/\/grotta.is\/wp-content\/uploads\/2020\/02\/Knattspyrnudeild_grotta_Frettir_yngriflokkar_5-600x450.jpg 600w, https:\/\/grotta.is\/wp-content\/uploads\/2020\/02\/Knattspyrnudeild_grotta_Frettir_yngriflokkar_5-300x225.jpg 300w, https:\/\/grotta.is\/wp-content\/uploads\/2020\/02\/Knattspyrnudeild_grotta_Frettir_yngriflokkar_5-768x576.jpg 768w, https:\/\/grotta.is\/wp-content\/uploads\/2020\/02\/Knattspyrnudeild_grotta_Frettir_yngriflokkar_5.jpg 1536w\" data-sizes=\"(max-width: 1024px) 100vw, 1024px\" src=\"data:image\/gif;base64,R0lGODlhAQABAAAAACH5BAEKAAEALAAAAAABAAEAAAICTAEAOw==\" style=\"--smush-placeholder-width: 1024px; --smush-placeholder-aspect-ratio: 1024\/768;\" \/><\/a><\/figure><\/li><li class=\"blocks-gallery-item\"><figure><a href=\"https:\/\/grotta.is\/wp-content\/uploads\/2020\/02\/Knattspyrnudeild_grotta_Frettir_yngriflokkar_6.jpg\"><img decoding=\"async\" width=\"1024\" height=\"768\" data-src=\"https:\/\/grotta.is\/wp-content\/uploads\/2020\/02\/Knattspyrnudeild_grotta_Frettir_yngriflokkar_6-1024x768.jpg\" alt=\"\" data-id=\"123\" data-full-url=\"https:\/\/grotta.is\/wp-content\/uploads\/2020\/02\/Knattspyrnudeild_grotta_Frettir_yngriflokkar_6.jpg\" data-link=\"https:\/\/grotta.is\/knattspyrnudeild\/rakel-loa-a-urtaksaefingum-u16-ara-landslidsins\/attachment\/knattspyrnudeild_grotta_frettir_yngriflokkar_6\/\" class=\"wp-image-123 lazyload\" data-srcset=\"https:\/\/grotta.is\/wp-content\/uploads\/2020\/02\/Knattspyrnudeild_grotta_Frettir_yngriflokkar_6-1024x768.jpg 1024w, https:\/\/grotta.is\/wp-content\/uploads\/2020\/02\/Knattspyrnudeild_grotta_Frettir_yngriflokkar_6-600x450.jpg 600w, https:\/\/grotta.is\/wp-content\/uploads\/2020\/02\/Knattspyrnudeild_grotta_Frettir_yngriflokkar_6-300x225.jpg 300w, https:\/\/grotta.is\/wp-content\/uploads\/2020\/02\/Knattspyrnudeild_grotta_Frettir_yngriflokkar_6-768x576.jpg 768w, https:\/\/grotta.is\/wp-content\/uploads\/2020\/02\/Knattspyrnudeild_grotta_Frettir_yngriflokkar_6.jpg 1536w\" data-sizes=\"(max-width: 1024px) 100vw, 1024px\" src=\"data:image\/gif;base64,R0lGODlhAQABAAAAACH5BAEKAAEALAAAAAABAAEAAAICTAEAOw==\" style=\"--smush-placeholder-width: 1024px; --smush-placeholder-aspect-ratio: 1024\/768;\" \/><\/a><\/figure><\/li><\/ul><\/figure>","protected":false},"excerpt":{"rendered":"<p>\u00derj\u00e1t\u00edu stelpur \u00far 7. flokki kvenna spilu\u00f0u \u00e1 f\u00f3tboltam\u00f3ti Au\u00f0ar og HK \u00ed g\u00e6r, laugardaginn 18. jan\u00faar. Gr\u00f3tta tefldi fram fimm li\u00f0um \u00e1 m\u00f3tinu og skemmtu s\u00e9r allir gr\u00ed\u00f0arlega vel. [&hellip;]<\/p>","protected":false},"author":2,"featured_media":124,"comment_status":"closed","ping_status":"closed","sticky":false,"template":"","format":"standard","meta":{"footnotes":""},"categories":[7],"tags":[6,21,15],"class_list":["post-131","post","type-post","status-publish","format-standard","has-post-thumbnail","hentry","category-knattspyrnudeild","tag-knattspyrna","tag-mot","tag-yngri-flokkar"],"yoast_head":"<!-- This site is optimized with the Yoast SEO plugin v24.3 - https:\/\/yoast.com\/wordpress\/plugins\/seo\/ -->\n<title>7. flokkur kvenna \u00e1 f\u00f3tboltam\u00f3ti HK og Au\u00f0ar - \u00cd\u00fer\u00f3ttaf\u00e9lagi\u00f0 Gr\u00f3tta<\/title>\n<meta name=\"robots\" content=\"index, follow, max-snippet:-1, max-image-preview:large, max-video-preview:-1\" \/>\n<link rel=\"canonical\" href=\"https:\/\/grotta.is\/en\/knattspyrnudeild\/7-flokkur-kvenna-a-fotboltamoti-hk-og-audar\/\" \/>\n<meta property=\"og:locale\" content=\"en_US\" \/>\n<meta property=\"og:type\" content=\"article\" \/>\n<meta property=\"og:title\" content=\"7. flokkur kvenna \u00e1 f\u00f3tboltam\u00f3ti HK og Au\u00f0ar - \u00cd\u00fer\u00f3ttaf\u00e9lagi\u00f0 Gr\u00f3tta\" \/>\n<meta property=\"og:description\" content=\"\u00derj\u00e1t\u00edu stelpur \u00far 7. flokki kvenna spilu\u00f0u \u00e1 f\u00f3tboltam\u00f3ti Au\u00f0ar og HK \u00ed g\u00e6r, laugardaginn 18. jan\u00faar. Gr\u00f3tta tefldi fram fimm li\u00f0um \u00e1 m\u00f3tinu og skemmtu s\u00e9r allir gr\u00ed\u00f0arlega vel. [&hellip;]\" \/>\n<meta property=\"og:url\" content=\"https:\/\/grotta.is\/en\/knattspyrnudeild\/7-flokkur-kvenna-a-fotboltamoti-hk-og-audar\/\" \/>\n<meta property=\"og:site_name\" content=\"\u00cd\u00fer\u00f3ttaf\u00e9lagi\u00f0 Gr\u00f3tta\" \/>\n<meta property=\"article:publisher\" content=\"https:\/\/www.facebook.com\/grottasport\" \/>\n<meta property=\"article:published_time\" content=\"2020-01-16T17:48:00+00:00\" \/>\n<meta property=\"article:modified_time\" content=\"2020-02-10T17:49:59+00:00\" \/>\n<meta property=\"og:image\" content=\"https:\/\/grotta.is\/wp-content\/uploads\/2020\/02\/Knattspyrnudeild_grotta_Frettir_yngriflokkar_4.jpg\" \/>\n\t<meta property=\"og:image:width\" content=\"1536\" \/>\n\t<meta property=\"og:image:height\" content=\"1152\" \/>\n\t<meta property=\"og:image:type\" content=\"image\/jpeg\" \/>\n<meta name=\"author\" content=\"Grotta\" \/>\n<meta name=\"twitter:card\" content=\"summary_large_image\" \/>\n<meta name=\"twitter:label1\" content=\"Written by\" \/>\n\t<meta name=\"twitter:data1\" content=\"Grotta\" \/>\n<script type=\"application\/ld+json\" class=\"yoast-schema-graph\">{\"@context\":\"https:\/\/schema.org\",\"@graph\":[{\"@type\":\"Article\",\"@id\":\"https:\/\/grotta.is\/knattspyrnudeild\/7-flokkur-kvenna-a-fotboltamoti-hk-og-audar\/#article\",\"isPartOf\":{\"@id\":\"https:\/\/grotta.is\/knattspyrnudeild\/7-flokkur-kvenna-a-fotboltamoti-hk-og-audar\/\"},\"author\":{\"name\":\"Grotta\",\"@id\":\"https:\/\/grotta.is\/#\/schema\/person\/08ec57bf09ee925f1b6a01540c14a5ce\"},\"headline\":\"7. flokkur kvenna \u00e1 f\u00f3tboltam\u00f3ti HK og Au\u00f0ar\",\"datePublished\":\"2020-01-16T17:48:00+00:00\",\"dateModified\":\"2020-02-10T17:49:59+00:00\",\"mainEntityOfPage\":{\"@id\":\"https:\/\/grotta.is\/knattspyrnudeild\/7-flokkur-kvenna-a-fotboltamoti-hk-og-audar\/\"},\"wordCount\":60,\"publisher\":{\"@id\":\"https:\/\/grotta.is\/#organization\"},\"image\":{\"@id\":\"https:\/\/grotta.is\/knattspyrnudeild\/7-flokkur-kvenna-a-fotboltamoti-hk-og-audar\/#primaryimage\"},\"thumbnailUrl\":\"https:\/\/grotta.is\/wp-content\/uploads\/2020\/02\/Knattspyrnudeild_grotta_Frettir_yngriflokkar_4.jpg\",\"keywords\":[\"Knattspyrna\",\"M\u00f3t\",\"Yngri flokkar\"],\"articleSection\":[\"Knattspyrnudeild\"],\"inLanguage\":\"en-US\"},{\"@type\":\"WebPage\",\"@id\":\"https:\/\/grotta.is\/knattspyrnudeild\/7-flokkur-kvenna-a-fotboltamoti-hk-og-audar\/\",\"url\":\"https:\/\/grotta.is\/knattspyrnudeild\/7-flokkur-kvenna-a-fotboltamoti-hk-og-audar\/\",\"name\":\"7. flokkur kvenna \u00e1 f\u00f3tboltam\u00f3ti HK og Au\u00f0ar - \u00cd\u00fer\u00f3ttaf\u00e9lagi\u00f0 Gr\u00f3tta\",\"isPartOf\":{\"@id\":\"https:\/\/grotta.is\/#website\"},\"primaryImageOfPage\":{\"@id\":\"https:\/\/grotta.is\/knattspyrnudeild\/7-flokkur-kvenna-a-fotboltamoti-hk-og-audar\/#primaryimage\"},\"image\":{\"@id\":\"https:\/\/grotta.is\/knattspyrnudeild\/7-flokkur-kvenna-a-fotboltamoti-hk-og-audar\/#primaryimage\"},\"thumbnailUrl\":\"https:\/\/grotta.is\/wp-content\/uploads\/2020\/02\/Knattspyrnudeild_grotta_Frettir_yngriflokkar_4.jpg\",\"datePublished\":\"2020-01-16T17:48:00+00:00\",\"dateModified\":\"2020-02-10T17:49:59+00:00\",\"breadcrumb\":{\"@id\":\"https:\/\/grotta.is\/knattspyrnudeild\/7-flokkur-kvenna-a-fotboltamoti-hk-og-audar\/#breadcrumb\"},\"inLanguage\":\"en-US\",\"potentialAction\":[{\"@type\":\"ReadAction\",\"target\":[\"https:\/\/grotta.is\/knattspyrnudeild\/7-flokkur-kvenna-a-fotboltamoti-hk-og-audar\/\"]}]},{\"@type\":\"ImageObject\",\"inLanguage\":\"en-US\",\"@id\":\"https:\/\/grotta.is\/knattspyrnudeild\/7-flokkur-kvenna-a-fotboltamoti-hk-og-audar\/#primaryimage\",\"url\":\"https:\/\/grotta.is\/wp-content\/uploads\/2020\/02\/Knattspyrnudeild_grotta_Frettir_yngriflokkar_4.jpg\",\"contentUrl\":\"https:\/\/grotta.is\/wp-content\/uploads\/2020\/02\/Knattspyrnudeild_grotta_Frettir_yngriflokkar_4.jpg\",\"width\":1536,\"height\":1152},{\"@type\":\"BreadcrumbList\",\"@id\":\"https:\/\/grotta.is\/knattspyrnudeild\/7-flokkur-kvenna-a-fotboltamoti-hk-og-audar\/#breadcrumb\",\"itemListElement\":[{\"@type\":\"ListItem\",\"position\":1,\"name\":\"Home\",\"item\":\"https:\/\/grotta.is\/\"},{\"@type\":\"ListItem\",\"position\":2,\"name\":\"7. flokkur kvenna \u00e1 f\u00f3tboltam\u00f3ti HK og Au\u00f0ar\"}]},{\"@type\":\"WebSite\",\"@id\":\"https:\/\/grotta.is\/#website\",\"url\":\"https:\/\/grotta.is\/\",\"name\":\"\u00cd\u00fer\u00f3ttaf\u00e9lagi\u00f0 Gr\u00f3tta\",\"description\":\"\u00e1 Seltjarnarnesi\",\"publisher\":{\"@id\":\"https:\/\/grotta.is\/#organization\"},\"potentialAction\":[{\"@type\":\"SearchAction\",\"target\":{\"@type\":\"EntryPoint\",\"urlTemplate\":\"https:\/\/grotta.is\/?s={search_term_string}\"},\"query-input\":{\"@type\":\"PropertyValueSpecification\",\"valueRequired\":true,\"valueName\":\"search_term_string\"}}],\"inLanguage\":\"en-US\"},{\"@type\":\"Organization\",\"@id\":\"https:\/\/grotta.is\/#organization\",\"name\":\"\u00cd\u00fer\u00f3ttaf\u00e9lagi\u00f0 Gr\u00f3tta\",\"url\":\"https:\/\/grotta.is\/\",\"logo\":{\"@type\":\"ImageObject\",\"inLanguage\":\"en-US\",\"@id\":\"https:\/\/grotta.is\/#\/schema\/logo\/image\/\",\"url\":\"https:\/\/grotta.is\/wp-content\/uploads\/2020\/02\/ithrottafelagidgrotta_logo_512x512_transparent.png\",\"contentUrl\":\"https:\/\/grotta.is\/wp-content\/uploads\/2020\/02\/ithrottafelagidgrotta_logo_512x512_transparent.png\",\"width\":512,\"height\":512,\"caption\":\"\u00cd\u00fer\u00f3ttaf\u00e9lagi\u00f0 Gr\u00f3tta\"},\"image\":{\"@id\":\"https:\/\/grotta.is\/#\/schema\/logo\/image\/\"},\"sameAs\":[\"https:\/\/www.facebook.com\/grottasport\"]},{\"@type\":\"Person\",\"@id\":\"https:\/\/grotta.is\/#\/schema\/person\/08ec57bf09ee925f1b6a01540c14a5ce\",\"name\":\"Grotta\",\"url\":\"https:\/\/grotta.is\/en\/author\/inga\/\"}]}<\/script>\n<!-- \/ Yoast SEO plugin. -->","yoast_head_json":{"title":"7. flokkur kvenna \u00e1 f\u00f3tboltam\u00f3ti HK og Au\u00f0ar - \u00cd\u00fer\u00f3ttaf\u00e9lagi\u00f0 Gr\u00f3tta","robots":{"index":"index","follow":"follow","max-snippet":"max-snippet:-1","max-image-preview":"max-image-preview:large","max-video-preview":"max-video-preview:-1"},"canonical":"https:\/\/grotta.is\/en\/knattspyrnudeild\/7-flokkur-kvenna-a-fotboltamoti-hk-og-audar\/","og_locale":"en_US","og_type":"article","og_title":"7. flokkur kvenna \u00e1 f\u00f3tboltam\u00f3ti HK og Au\u00f0ar - \u00cd\u00fer\u00f3ttaf\u00e9lagi\u00f0 Gr\u00f3tta","og_description":"\u00derj\u00e1t\u00edu stelpur \u00far 7. flokki kvenna spilu\u00f0u \u00e1 f\u00f3tboltam\u00f3ti Au\u00f0ar og HK \u00ed g\u00e6r, laugardaginn 18. jan\u00faar. Gr\u00f3tta tefldi fram fimm li\u00f0um \u00e1 m\u00f3tinu og skemmtu s\u00e9r allir gr\u00ed\u00f0arlega vel. [&hellip;]","og_url":"https:\/\/grotta.is\/en\/knattspyrnudeild\/7-flokkur-kvenna-a-fotboltamoti-hk-og-audar\/","og_site_name":"\u00cd\u00fer\u00f3ttaf\u00e9lagi\u00f0 Gr\u00f3tta","article_publisher":"https:\/\/www.facebook.com\/grottasport","article_published_time":"2020-01-16T17:48:00+00:00","article_modified_time":"2020-02-10T17:49:59+00:00","og_image":[{"width":1536,"height":1152,"url":"https:\/\/grotta.is\/wp-content\/uploads\/2020\/02\/Knattspyrnudeild_grotta_Frettir_yngriflokkar_4.jpg","type":"image\/jpeg"}],"author":"Grotta","twitter_card":"summary_large_image","twitter_misc":{"Written by":"Grotta"},"schema":{"@context":"https:\/\/schema.org","@graph":[{"@type":"Article","@id":"https:\/\/grotta.is\/knattspyrnudeild\/7-flokkur-kvenna-a-fotboltamoti-hk-og-audar\/#article","isPartOf":{"@id":"https:\/\/grotta.is\/knattspyrnudeild\/7-flokkur-kvenna-a-fotboltamoti-hk-og-audar\/"},"author":{"name":"Grotta","@id":"https:\/\/grotta.is\/#\/schema\/person\/08ec57bf09ee925f1b6a01540c14a5ce"},"headline":"7. flokkur kvenna \u00e1 f\u00f3tboltam\u00f3ti HK og Au\u00f0ar","datePublished":"2020-01-16T17:48:00+00:00","dateModified":"2020-02-10T17:49:59+00:00","mainEntityOfPage":{"@id":"https:\/\/grotta.is\/knattspyrnudeild\/7-flokkur-kvenna-a-fotboltamoti-hk-og-audar\/"},"wordCount":60,"publisher":{"@id":"https:\/\/grotta.is\/#organization"},"image":{"@id":"https:\/\/grotta.is\/knattspyrnudeild\/7-flokkur-kvenna-a-fotboltamoti-hk-og-audar\/#primaryimage"},"thumbnailUrl":"https:\/\/grotta.is\/wp-content\/uploads\/2020\/02\/Knattspyrnudeild_grotta_Frettir_yngriflokkar_4.jpg","keywords":["Knattspyrna","M\u00f3t","Yngri flokkar"],"articleSection":["Knattspyrnudeild"],"inLanguage":"en-US"},{"@type":"WebPage","@id":"https:\/\/grotta.is\/knattspyrnudeild\/7-flokkur-kvenna-a-fotboltamoti-hk-og-audar\/","url":"https:\/\/grotta.is\/knattspyrnudeild\/7-flokkur-kvenna-a-fotboltamoti-hk-og-audar\/","name":"7. flokkur kvenna \u00e1 f\u00f3tboltam\u00f3ti HK og Au\u00f0ar - \u00cd\u00fer\u00f3ttaf\u00e9lagi\u00f0 Gr\u00f3tta","isPartOf":{"@id":"https:\/\/grotta.is\/#website"},"primaryImageOfPage":{"@id":"https:\/\/grotta.is\/knattspyrnudeild\/7-flokkur-kvenna-a-fotboltamoti-hk-og-audar\/#primaryimage"},"image":{"@id":"https:\/\/grotta.is\/knattspyrnudeild\/7-flokkur-kvenna-a-fotboltamoti-hk-og-audar\/#primaryimage"},"thumbnailUrl":"https:\/\/grotta.is\/wp-content\/uploads\/2020\/02\/Knattspyrnudeild_grotta_Frettir_yngriflokkar_4.jpg","datePublished":"2020-01-16T17:48:00+00:00","dateModified":"2020-02-10T17:49:59+00:00","breadcrumb":{"@id":"https:\/\/grotta.is\/knattspyrnudeild\/7-flokkur-kvenna-a-fotboltamoti-hk-og-audar\/#breadcrumb"},"inLanguage":"en-US","potentialAction":[{"@type":"ReadAction","target":["https:\/\/grotta.is\/knattspyrnudeild\/7-flokkur-kvenna-a-fotboltamoti-hk-og-audar\/"]}]},{"@type":"ImageObject","inLanguage":"en-US","@id":"https:\/\/grotta.is\/knattspyrnudeild\/7-flokkur-kvenna-a-fotboltamoti-hk-og-audar\/#primaryimage","url":"https:\/\/grotta.is\/wp-content\/uploads\/2020\/02\/Knattspyrnudeild_grotta_Frettir_yngriflokkar_4.jpg","contentUrl":"https:\/\/grotta.is\/wp-content\/uploads\/2020\/02\/Knattspyrnudeild_grotta_Frettir_yngriflokkar_4.jpg","width":1536,"height":1152},{"@type":"BreadcrumbList","@id":"https:\/\/grotta.is\/knattspyrnudeild\/7-flokkur-kvenna-a-fotboltamoti-hk-og-audar\/#breadcrumb","itemListElement":[{"@type":"ListItem","position":1,"name":"Home","item":"https:\/\/grotta.is\/"},{"@type":"ListItem","position":2,"name":"7. flokkur kvenna \u00e1 f\u00f3tboltam\u00f3ti HK og Au\u00f0ar"}]},{"@type":"WebSite","@id":"https:\/\/grotta.is\/#website","url":"https:\/\/grotta.is\/","name":"\u00cd\u00fer\u00f3ttaf\u00e9lagi\u00f0 Gr\u00f3tta","description":"\u00e1 Seltjarnarnesi","publisher":{"@id":"https:\/\/grotta.is\/#organization"},"potentialAction":[{"@type":"SearchAction","target":{"@type":"EntryPoint","urlTemplate":"https:\/\/grotta.is\/?s={search_term_string}"},"query-input":{"@type":"PropertyValueSpecification","valueRequired":true,"valueName":"search_term_string"}}],"inLanguage":"en-US"},{"@type":"Organization","@id":"https:\/\/grotta.is\/#organization","name":"\u00cd\u00fer\u00f3ttaf\u00e9lagi\u00f0 Gr\u00f3tta","url":"https:\/\/grotta.is\/","logo":{"@type":"ImageObject","inLanguage":"en-US","@id":"https:\/\/grotta.is\/#\/schema\/logo\/image\/","url":"https:\/\/grotta.is\/wp-content\/uploads\/2020\/02\/ithrottafelagidgrotta_logo_512x512_transparent.png","contentUrl":"https:\/\/grotta.is\/wp-content\/uploads\/2020\/02\/ithrottafelagidgrotta_logo_512x512_transparent.png","width":512,"height":512,"caption":"\u00cd\u00fer\u00f3ttaf\u00e9lagi\u00f0 Gr\u00f3tta"},"image":{"@id":"https:\/\/grotta.is\/#\/schema\/logo\/image\/"},"sameAs":["https:\/\/www.facebook.com\/grottasport"]},{"@type":"Person","@id":"https:\/\/grotta.is\/#\/schema\/person\/08ec57bf09ee925f1b6a01540c14a5ce","name":"Grotta","url":"https:\/\/grotta.is\/en\/author\/inga\/"}]}},"_links":{"self":[{"href":"https:\/\/grotta.is\/en\/wp-json\/wp\/v2\/posts\/131","targetHints":{"allow":["GET"]}}],"collection":[{"href":"https:\/\/grotta.is\/en\/wp-json\/wp\/v2\/posts"}],"about":[{"href":"https:\/\/grotta.is\/en\/wp-json\/wp\/v2\/types\/post"}],"author":[{"embeddable":true,"href":"https:\/\/grotta.is\/en\/wp-json\/wp\/v2\/users\/2"}],"replies":[{"embeddable":true,"href":"https:\/\/grotta.is\/en\/wp-json\/wp\/v2\/comments?post=131"}],"version-history":[{"count":0,"href":"https:\/\/grotta.is\/en\/wp-json\/wp\/v2\/posts\/131\/revisions"}],"wp:featuredmedia":[{"embeddable":true,"href":"https:\/\/grotta.is\/en\/wp-json\/wp\/v2\/media\/124"}],"wp:attachment":[{"href":"https:\/\/grotta.is\/en\/wp-json\/wp\/v2\/media?parent=131"}],"wp:term":[{"taxonomy":"category","embeddable":true,"href":"https:\/\/grotta.is\/en\/wp-json\/wp\/v2\/categories?post=131"},{"taxonomy":"post_tag","embeddable":true,"href":"https:\/\/grotta.is\/en\/wp-json\/wp\/v2\/tags?post=131"}],"curies":[{"name":"wp","href":"https:\/\/api.w.org\/{rel}","templated":true}]}}