{"id":1308,"date":"2019-03-18T19:49:00","date_gmt":"2019-03-18T19:49:00","guid":{"rendered":"https:\/\/grotta.is\/?p=1308"},"modified":"2020-03-22T19:52:14","modified_gmt":"2020-03-22T19:52:14","slug":"svekkjandi-tap-gegn-akureyri","status":"publish","type":"post","link":"https:\/\/grotta.is\/en\/handknattleiksdeild\/svekkjandi-tap-gegn-akureyri\/","title":{"rendered":"Svekkjandi tap gegn Akureyri"},"content":{"rendered":"<p>Gr\u00f3ttu-str\u00e1kar h\u00e9ldu um helgina nor\u00f0ur yfir hei\u00f0ar til a\u00f0 m\u00e6ta heimam\u00f6nnum \u00ed Akureyri. Lj\u00f3st var fyrir leik a\u00f0 gr\u00ed\u00f0arlega mikilv\u00e6g stig voru \u00ed bo\u00f0i fyrir b\u00e6\u00f0i li\u00f0 sem s\u00e1tu fyrir leik j\u00f6fn \u00e1 botninum me\u00f0 8 stig.<\/p><p>Leikurinn byrja\u00f0i heldur \u00edlla fyrir okkar menn sem lentu flj\u00f3tlega 7-2 undir og s\u00e1u okkar menn \u00ed raun aldrei til s\u00f3lar \u00ed fyrri h\u00e1lfleik, en sta\u00f0an a\u00f0 honum loknum var 16-10 heimam\u00f6nnum \u00ed vil.<\/p><p>Eitthva\u00f0 vir\u00f0ist Gr\u00f3ttu-li\u00f0i\u00f0 hafa ranka\u00f0 vi\u00f0 s\u00e9r inni \u00ed klefa \u00ed h\u00e1fleik \u00fear sem \u00feeir m\u00e6ttu gr\u00ed\u00f0arlega einbeittir til leiks og unnu sig flj\u00f3tlega inn \u00ed hann aftur. Sta\u00f0an um mi\u00f0bik h\u00e1lfleiksins allt \u00ed einu 19-18 fyrir Akureyri og Gr\u00f3ttu-str\u00e1kar ger\u00f0u sig l\u00edklega a\u00f0 sn\u00faa leiknum s\u00e9r \u00ed vil.<\/p><p>Til a\u00f0 gera langa s\u00f6gu stutta a\u00f0 \u00fe\u00e1 gekk \u00fea\u00f0 ekki. Vinnan vi\u00f0 a\u00f0 minnka muninn t\u00f3k sinn toll \u00e1 lokam\u00edn\u00fatum leiksins. \u00dereytan orsaka\u00f0i miki\u00f0 af skotklikkum og mist\u00f6kum \u00e1 s\u00ed\u00f0ustu m\u00edn\u00fatum leiksins sem enda\u00f0i \u00e1 \u00fev\u00ed a\u00f0 Akureyri vann sanngjarnan 2ja marka sigur, 25-23.<\/p><p>Fj\u00f3rir leikir eru eftir af deildarkeppninni og eru Gr\u00f3ttu-str\u00e1kar 3 stigum fr\u00e1 \u00f6ruggu s\u00e6ti \u00ed deildinni. \u00dea\u00f0 er \u00fev\u00ed ver\u00f0ugt verkefni framundan a\u00f0 reyna halda li\u00f0inu \u00ed deild \u00feeirra bestu.<\/p><p>Markah\u00e6stir hj\u00e1 Gr\u00f3ttu var Da\u00f0i Laxdal Gautason me\u00f0 7 m\u00f6rk. A\u00f0rir skoru\u00f0u minna.<\/p>","protected":false},"excerpt":{"rendered":"<p>Gr\u00f3ttu-str\u00e1kar h\u00e9ldu um helgina nor\u00f0ur yfir hei\u00f0ar til a\u00f0 m\u00e6ta heimam\u00f6nnum \u00ed Akureyri. Lj\u00f3st var fyrir leik a\u00f0 gr\u00ed\u00f0arlega mikilv\u00e6g stig voru \u00ed bo\u00f0i fyrir b\u00e6\u00f0i li\u00f0 sem s\u00e1tu fyrir leik j\u00f6fn \u00e1 botninum me\u00f0 8 stig.<\/p>","protected":false},"author":2,"featured_media":1309,"comment_status":"closed","ping_status":"closed","sticky":false,"template":"","format":"standard","meta":{"footnotes":""},"categories":[12],"tags":[13,20],"class_list":["post-1308","post","type-post","status-publish","format-standard","has-post-thumbnail","hentry","category-handknattleiksdeild","tag-handbolti","tag-mfl-kk"],"yoast_head":"<!-- This site is optimized with the Yoast SEO plugin v24.3 - https:\/\/yoast.com\/wordpress\/plugins\/seo\/ -->\n<title>Svekkjandi tap gegn Akureyri - \u00cd\u00fer\u00f3ttaf\u00e9lagi\u00f0 Gr\u00f3tta<\/title>\n<meta name=\"robots\" content=\"index, follow, max-snippet:-1, max-image-preview:large, max-video-preview:-1\" \/>\n<link rel=\"canonical\" href=\"https:\/\/grotta.is\/en\/handknattleiksdeild\/svekkjandi-tap-gegn-akureyri\/\" \/>\n<meta property=\"og:locale\" content=\"en_US\" \/>\n<meta property=\"og:type\" content=\"article\" \/>\n<meta property=\"og:title\" content=\"Svekkjandi tap gegn Akureyri - \u00cd\u00fer\u00f3ttaf\u00e9lagi\u00f0 Gr\u00f3tta\" \/>\n<meta property=\"og:description\" content=\"Gr\u00f3ttu-str\u00e1kar h\u00e9ldu um helgina nor\u00f0ur yfir hei\u00f0ar til a\u00f0 m\u00e6ta heimam\u00f6nnum \u00ed Akureyri. Lj\u00f3st var fyrir leik a\u00f0 gr\u00ed\u00f0arlega mikilv\u00e6g stig voru \u00ed bo\u00f0i fyrir b\u00e6\u00f0i li\u00f0 sem s\u00e1tu fyrir leik j\u00f6fn \u00e1 botninum me\u00f0 8 stig.\" \/>\n<meta property=\"og:url\" content=\"https:\/\/grotta.is\/en\/handknattleiksdeild\/svekkjandi-tap-gegn-akureyri\/\" \/>\n<meta property=\"og:site_name\" content=\"\u00cd\u00fer\u00f3ttaf\u00e9lagi\u00f0 Gr\u00f3tta\" \/>\n<meta property=\"article:publisher\" content=\"https:\/\/www.facebook.com\/grottasport\" \/>\n<meta property=\"article:published_time\" content=\"2019-03-18T19:49:00+00:00\" \/>\n<meta property=\"article:modified_time\" content=\"2020-03-22T19:52:14+00:00\" \/>\n<meta property=\"og:image\" content=\"https:\/\/grotta.is\/wp-content\/uploads\/2020\/03\/Grotta_Handbolti_mfl_kk_3.jpg\" \/>\n\t<meta property=\"og:image:width\" content=\"2048\" \/>\n\t<meta property=\"og:image:height\" content=\"2048\" \/>\n\t<meta property=\"og:image:type\" content=\"image\/jpeg\" \/>\n<meta name=\"author\" content=\"Grotta\" \/>\n<meta name=\"twitter:card\" content=\"summary_large_image\" \/>\n<meta name=\"twitter:label1\" content=\"Written by\" \/>\n\t<meta name=\"twitter:data1\" content=\"Grotta\" \/>\n\t<meta name=\"twitter:label2\" content=\"Est. reading time\" \/>\n\t<meta name=\"twitter:data2\" content=\"1 minute\" \/>\n<script type=\"application\/ld+json\" class=\"yoast-schema-graph\">{\"@context\":\"https:\/\/schema.org\",\"@graph\":[{\"@type\":\"Article\",\"@id\":\"https:\/\/grotta.is\/handknattleiksdeild\/svekkjandi-tap-gegn-akureyri\/#article\",\"isPartOf\":{\"@id\":\"https:\/\/grotta.is\/handknattleiksdeild\/svekkjandi-tap-gegn-akureyri\/\"},\"author\":{\"name\":\"Grotta\",\"@id\":\"https:\/\/grotta.is\/#\/schema\/person\/08ec57bf09ee925f1b6a01540c14a5ce\"},\"headline\":\"Svekkjandi tap gegn Akureyri\",\"datePublished\":\"2019-03-18T19:49:00+00:00\",\"dateModified\":\"2020-03-22T19:52:14+00:00\",\"mainEntityOfPage\":{\"@id\":\"https:\/\/grotta.is\/handknattleiksdeild\/svekkjandi-tap-gegn-akureyri\/\"},\"wordCount\":252,\"publisher\":{\"@id\":\"https:\/\/grotta.is\/#organization\"},\"image\":{\"@id\":\"https:\/\/grotta.is\/handknattleiksdeild\/svekkjandi-tap-gegn-akureyri\/#primaryimage\"},\"thumbnailUrl\":\"https:\/\/grotta.is\/wp-content\/uploads\/2020\/03\/Grotta_Handbolti_mfl_kk_3.jpg\",\"keywords\":[\"Handbolti\",\"Mfl.kk\"],\"articleSection\":[\"Handknattleiksdeild\"],\"inLanguage\":\"en-US\"},{\"@type\":\"WebPage\",\"@id\":\"https:\/\/grotta.is\/handknattleiksdeild\/svekkjandi-tap-gegn-akureyri\/\",\"url\":\"https:\/\/grotta.is\/handknattleiksdeild\/svekkjandi-tap-gegn-akureyri\/\",\"name\":\"Svekkjandi tap gegn Akureyri - \u00cd\u00fer\u00f3ttaf\u00e9lagi\u00f0 Gr\u00f3tta\",\"isPartOf\":{\"@id\":\"https:\/\/grotta.is\/#website\"},\"primaryImageOfPage\":{\"@id\":\"https:\/\/grotta.is\/handknattleiksdeild\/svekkjandi-tap-gegn-akureyri\/#primaryimage\"},\"image\":{\"@id\":\"https:\/\/grotta.is\/handknattleiksdeild\/svekkjandi-tap-gegn-akureyri\/#primaryimage\"},\"thumbnailUrl\":\"https:\/\/grotta.is\/wp-content\/uploads\/2020\/03\/Grotta_Handbolti_mfl_kk_3.jpg\",\"datePublished\":\"2019-03-18T19:49:00+00:00\",\"dateModified\":\"2020-03-22T19:52:14+00:00\",\"breadcrumb\":{\"@id\":\"https:\/\/grotta.is\/handknattleiksdeild\/svekkjandi-tap-gegn-akureyri\/#breadcrumb\"},\"inLanguage\":\"en-US\",\"potentialAction\":[{\"@type\":\"ReadAction\",\"target\":[\"https:\/\/grotta.is\/handknattleiksdeild\/svekkjandi-tap-gegn-akureyri\/\"]}]},{\"@type\":\"ImageObject\",\"inLanguage\":\"en-US\",\"@id\":\"https:\/\/grotta.is\/handknattleiksdeild\/svekkjandi-tap-gegn-akureyri\/#primaryimage\",\"url\":\"https:\/\/grotta.is\/wp-content\/uploads\/2020\/03\/Grotta_Handbolti_mfl_kk_3.jpg\",\"contentUrl\":\"https:\/\/grotta.is\/wp-content\/uploads\/2020\/03\/Grotta_Handbolti_mfl_kk_3.jpg\",\"width\":2048,\"height\":2048},{\"@type\":\"BreadcrumbList\",\"@id\":\"https:\/\/grotta.is\/handknattleiksdeild\/svekkjandi-tap-gegn-akureyri\/#breadcrumb\",\"itemListElement\":[{\"@type\":\"ListItem\",\"position\":1,\"name\":\"Home\",\"item\":\"https:\/\/grotta.is\/\"},{\"@type\":\"ListItem\",\"position\":2,\"name\":\"Svekkjandi tap gegn Akureyri\"}]},{\"@type\":\"WebSite\",\"@id\":\"https:\/\/grotta.is\/#website\",\"url\":\"https:\/\/grotta.is\/\",\"name\":\"\u00cd\u00fer\u00f3ttaf\u00e9lagi\u00f0 Gr\u00f3tta\",\"description\":\"\u00e1 Seltjarnarnesi\",\"publisher\":{\"@id\":\"https:\/\/grotta.is\/#organization\"},\"potentialAction\":[{\"@type\":\"SearchAction\",\"target\":{\"@type\":\"EntryPoint\",\"urlTemplate\":\"https:\/\/grotta.is\/?s={search_term_string}\"},\"query-input\":{\"@type\":\"PropertyValueSpecification\",\"valueRequired\":true,\"valueName\":\"search_term_string\"}}],\"inLanguage\":\"en-US\"},{\"@type\":\"Organization\",\"@id\":\"https:\/\/grotta.is\/#organization\",\"name\":\"\u00cd\u00fer\u00f3ttaf\u00e9lagi\u00f0 Gr\u00f3tta\",\"url\":\"https:\/\/grotta.is\/\",\"logo\":{\"@type\":\"ImageObject\",\"inLanguage\":\"en-US\",\"@id\":\"https:\/\/grotta.is\/#\/schema\/logo\/image\/\",\"url\":\"https:\/\/grotta.is\/wp-content\/uploads\/2020\/02\/ithrottafelagidgrotta_logo_512x512_transparent.png\",\"contentUrl\":\"https:\/\/grotta.is\/wp-content\/uploads\/2020\/02\/ithrottafelagidgrotta_logo_512x512_transparent.png\",\"width\":512,\"height\":512,\"caption\":\"\u00cd\u00fer\u00f3ttaf\u00e9lagi\u00f0 Gr\u00f3tta\"},\"image\":{\"@id\":\"https:\/\/grotta.is\/#\/schema\/logo\/image\/\"},\"sameAs\":[\"https:\/\/www.facebook.com\/grottasport\"]},{\"@type\":\"Person\",\"@id\":\"https:\/\/grotta.is\/#\/schema\/person\/08ec57bf09ee925f1b6a01540c14a5ce\",\"name\":\"Grotta\",\"url\":\"https:\/\/grotta.is\/en\/author\/inga\/\"}]}<\/script>\n<!-- \/ Yoast SEO plugin. -->","yoast_head_json":{"title":"Svekkjandi tap gegn Akureyri - \u00cd\u00fer\u00f3ttaf\u00e9lagi\u00f0 Gr\u00f3tta","robots":{"index":"index","follow":"follow","max-snippet":"max-snippet:-1","max-image-preview":"max-image-preview:large","max-video-preview":"max-video-preview:-1"},"canonical":"https:\/\/grotta.is\/en\/handknattleiksdeild\/svekkjandi-tap-gegn-akureyri\/","og_locale":"en_US","og_type":"article","og_title":"Svekkjandi tap gegn Akureyri - \u00cd\u00fer\u00f3ttaf\u00e9lagi\u00f0 Gr\u00f3tta","og_description":"Gr\u00f3ttu-str\u00e1kar h\u00e9ldu um helgina nor\u00f0ur yfir hei\u00f0ar til a\u00f0 m\u00e6ta heimam\u00f6nnum \u00ed Akureyri. Lj\u00f3st var fyrir leik a\u00f0 gr\u00ed\u00f0arlega mikilv\u00e6g stig voru \u00ed bo\u00f0i fyrir b\u00e6\u00f0i li\u00f0 sem s\u00e1tu fyrir leik j\u00f6fn \u00e1 botninum me\u00f0 8 stig.","og_url":"https:\/\/grotta.is\/en\/handknattleiksdeild\/svekkjandi-tap-gegn-akureyri\/","og_site_name":"\u00cd\u00fer\u00f3ttaf\u00e9lagi\u00f0 Gr\u00f3tta","article_publisher":"https:\/\/www.facebook.com\/grottasport","article_published_time":"2019-03-18T19:49:00+00:00","article_modified_time":"2020-03-22T19:52:14+00:00","og_image":[{"width":2048,"height":2048,"url":"https:\/\/grotta.is\/wp-content\/uploads\/2020\/03\/Grotta_Handbolti_mfl_kk_3.jpg","type":"image\/jpeg"}],"author":"Grotta","twitter_card":"summary_large_image","twitter_misc":{"Written by":"Grotta","Est. reading time":"1 minute"},"schema":{"@context":"https:\/\/schema.org","@graph":[{"@type":"Article","@id":"https:\/\/grotta.is\/handknattleiksdeild\/svekkjandi-tap-gegn-akureyri\/#article","isPartOf":{"@id":"https:\/\/grotta.is\/handknattleiksdeild\/svekkjandi-tap-gegn-akureyri\/"},"author":{"name":"Grotta","@id":"https:\/\/grotta.is\/#\/schema\/person\/08ec57bf09ee925f1b6a01540c14a5ce"},"headline":"Svekkjandi tap gegn Akureyri","datePublished":"2019-03-18T19:49:00+00:00","dateModified":"2020-03-22T19:52:14+00:00","mainEntityOfPage":{"@id":"https:\/\/grotta.is\/handknattleiksdeild\/svekkjandi-tap-gegn-akureyri\/"},"wordCount":252,"publisher":{"@id":"https:\/\/grotta.is\/#organization"},"image":{"@id":"https:\/\/grotta.is\/handknattleiksdeild\/svekkjandi-tap-gegn-akureyri\/#primaryimage"},"thumbnailUrl":"https:\/\/grotta.is\/wp-content\/uploads\/2020\/03\/Grotta_Handbolti_mfl_kk_3.jpg","keywords":["Handbolti","Mfl.kk"],"articleSection":["Handknattleiksdeild"],"inLanguage":"en-US"},{"@type":"WebPage","@id":"https:\/\/grotta.is\/handknattleiksdeild\/svekkjandi-tap-gegn-akureyri\/","url":"https:\/\/grotta.is\/handknattleiksdeild\/svekkjandi-tap-gegn-akureyri\/","name":"Svekkjandi tap gegn Akureyri - \u00cd\u00fer\u00f3ttaf\u00e9lagi\u00f0 Gr\u00f3tta","isPartOf":{"@id":"https:\/\/grotta.is\/#website"},"primaryImageOfPage":{"@id":"https:\/\/grotta.is\/handknattleiksdeild\/svekkjandi-tap-gegn-akureyri\/#primaryimage"},"image":{"@id":"https:\/\/grotta.is\/handknattleiksdeild\/svekkjandi-tap-gegn-akureyri\/#primaryimage"},"thumbnailUrl":"https:\/\/grotta.is\/wp-content\/uploads\/2020\/03\/Grotta_Handbolti_mfl_kk_3.jpg","datePublished":"2019-03-18T19:49:00+00:00","dateModified":"2020-03-22T19:52:14+00:00","breadcrumb":{"@id":"https:\/\/grotta.is\/handknattleiksdeild\/svekkjandi-tap-gegn-akureyri\/#breadcrumb"},"inLanguage":"en-US","potentialAction":[{"@type":"ReadAction","target":["https:\/\/grotta.is\/handknattleiksdeild\/svekkjandi-tap-gegn-akureyri\/"]}]},{"@type":"ImageObject","inLanguage":"en-US","@id":"https:\/\/grotta.is\/handknattleiksdeild\/svekkjandi-tap-gegn-akureyri\/#primaryimage","url":"https:\/\/grotta.is\/wp-content\/uploads\/2020\/03\/Grotta_Handbolti_mfl_kk_3.jpg","contentUrl":"https:\/\/grotta.is\/wp-content\/uploads\/2020\/03\/Grotta_Handbolti_mfl_kk_3.jpg","width":2048,"height":2048},{"@type":"BreadcrumbList","@id":"https:\/\/grotta.is\/handknattleiksdeild\/svekkjandi-tap-gegn-akureyri\/#breadcrumb","itemListElement":[{"@type":"ListItem","position":1,"name":"Home","item":"https:\/\/grotta.is\/"},{"@type":"ListItem","position":2,"name":"Svekkjandi tap gegn Akureyri"}]},{"@type":"WebSite","@id":"https:\/\/grotta.is\/#website","url":"https:\/\/grotta.is\/","name":"\u00cd\u00fer\u00f3ttaf\u00e9lagi\u00f0 Gr\u00f3tta","description":"\u00e1 Seltjarnarnesi","publisher":{"@id":"https:\/\/grotta.is\/#organization"},"potentialAction":[{"@type":"SearchAction","target":{"@type":"EntryPoint","urlTemplate":"https:\/\/grotta.is\/?s={search_term_string}"},"query-input":{"@type":"PropertyValueSpecification","valueRequired":true,"valueName":"search_term_string"}}],"inLanguage":"en-US"},{"@type":"Organization","@id":"https:\/\/grotta.is\/#organization","name":"\u00cd\u00fer\u00f3ttaf\u00e9lagi\u00f0 Gr\u00f3tta","url":"https:\/\/grotta.is\/","logo":{"@type":"ImageObject","inLanguage":"en-US","@id":"https:\/\/grotta.is\/#\/schema\/logo\/image\/","url":"https:\/\/grotta.is\/wp-content\/uploads\/2020\/02\/ithrottafelagidgrotta_logo_512x512_transparent.png","contentUrl":"https:\/\/grotta.is\/wp-content\/uploads\/2020\/02\/ithrottafelagidgrotta_logo_512x512_transparent.png","width":512,"height":512,"caption":"\u00cd\u00fer\u00f3ttaf\u00e9lagi\u00f0 Gr\u00f3tta"},"image":{"@id":"https:\/\/grotta.is\/#\/schema\/logo\/image\/"},"sameAs":["https:\/\/www.facebook.com\/grottasport"]},{"@type":"Person","@id":"https:\/\/grotta.is\/#\/schema\/person\/08ec57bf09ee925f1b6a01540c14a5ce","name":"Grotta","url":"https:\/\/grotta.is\/en\/author\/inga\/"}]}},"_links":{"self":[{"href":"https:\/\/grotta.is\/en\/wp-json\/wp\/v2\/posts\/1308","targetHints":{"allow":["GET"]}}],"collection":[{"href":"https:\/\/grotta.is\/en\/wp-json\/wp\/v2\/posts"}],"about":[{"href":"https:\/\/grotta.is\/en\/wp-json\/wp\/v2\/types\/post"}],"author":[{"embeddable":true,"href":"https:\/\/grotta.is\/en\/wp-json\/wp\/v2\/users\/2"}],"replies":[{"embeddable":true,"href":"https:\/\/grotta.is\/en\/wp-json\/wp\/v2\/comments?post=1308"}],"version-history":[{"count":0,"href":"https:\/\/grotta.is\/en\/wp-json\/wp\/v2\/posts\/1308\/revisions"}],"wp:featuredmedia":[{"embeddable":true,"href":"https:\/\/grotta.is\/en\/wp-json\/wp\/v2\/media\/1309"}],"wp:attachment":[{"href":"https:\/\/grotta.is\/en\/wp-json\/wp\/v2\/media?parent=1308"}],"wp:term":[{"taxonomy":"category","embeddable":true,"href":"https:\/\/grotta.is\/en\/wp-json\/wp\/v2\/categories?post=1308"},{"taxonomy":"post_tag","embeddable":true,"href":"https:\/\/grotta.is\/en\/wp-json\/wp\/v2\/tags?post=1308"}],"curies":[{"name":"wp","href":"https:\/\/api.w.org\/{rel}","templated":true}]}}