{"id":1302,"date":"2019-03-22T17:57:00","date_gmt":"2019-03-22T17:57:00","guid":{"rendered":"https:\/\/grotta.is\/?p=1302"},"modified":"2020-03-22T17:59:13","modified_gmt":"2020-03-22T17:59:13","slug":"grottumot-6-og-7-flokks-karla-haldin-annad-arid-i-rod","status":"publish","type":"post","link":"https:\/\/grotta.is\/en\/knattspyrnudeild\/grottumot-6-og-7-flokks-karla-haldin-annad-arid-i-rod\/","title":{"rendered":"Gr\u00f3ttum\u00f3t 6. og 7. flokks karla haldin anna\u00f0 \u00e1ri\u00f0 \u00ed r\u00f6\u00f0"},"content":{"rendered":"<p>Gr\u00f3ttum\u00f3ti\u00f0 var haldi\u00f0 sunnudagana 3. og 17. mars, anna\u00f0 \u00e1ri\u00f0 \u00ed r\u00f6\u00f0, \u00ed bl\u00ed\u00f0vi\u00f0ri \u00e1 Vivaldivellinum. 6. flokkar karla fr\u00e1 Gr\u00f3ttu, \u00cdR, \u00cdA, \u00c1lftanesi, Leiknir R. og V\u00edkingi og 7. flokkar Gr\u00f3ttu, V\u00edking, \u00cdR, \u00c1lftanesi, Val, Fram, \u00cdA og HFF m\u00e6ttu til leiks og gekk m\u00f3ti\u00f0 eins og \u00ed s\u00f6gu.<\/p><p>Li\u00f0in sendu fr\u00e1 s\u00e9r 90 li\u00f0 \u00ed heildina \u00e1 m\u00f3tunum og spila\u00f0i hvert li\u00f0 5 leiki. Allir \u00fe\u00e1ttakendur fengu safa fr\u00e1 Goji berry og Floridana og medal\u00edu a\u00f0 m\u00f3tinu loknu. Benedikt Bjarnason t\u00f3k li\u00f0s- og svipmyndir \u00e1 m\u00f3tinu sem h\u00e6gt er a\u00f0 sj\u00e1 \u00e1 Facebook s\u00ed\u00f0u knattspyrnudeildarinnar og instagram.com\/grottasport. <\/p><p>M\u00f3tin voru haldin af meistaraflokki karla og meistaraflokkur kvenna heldur s\u00ed\u00f0an \u00cdslandsbankam\u00f3t Gr\u00f3ttu \u00feann 24. mars fyrir 6. og 7. flokkur kvenna. \u00dea\u00f0 er \u00fev\u00ed n\u00f3g um a\u00f0 vera \u00e1 Vivaldivellinum \u00feessa dagana!<\/p><p>Fleiri li\u00f0smyndir m\u00e1 finna \u00e1 facebook s\u00ed\u00f0u knattspyrnudeildarinnar.<\/p><figure class=\"wp-block-gallery columns-1 is-cropped wp-block-gallery-1 is-layout-flex wp-block-gallery-is-layout-flex\"><ul class=\"blocks-gallery-grid\"><li class=\"blocks-gallery-item\"><figure><a href=\"https:\/\/grotta.is\/wp-content\/uploads\/2020\/03\/Knattspyrnudeild_grotta_Frettir_yngriflokkar_114.jpg\"><img fetchpriority=\"high\" decoding=\"async\" width=\"1024\" height=\"1024\" src=\"https:\/\/grotta.is\/wp-content\/uploads\/2020\/03\/Knattspyrnudeild_grotta_Frettir_yngriflokkar_114.jpg\" alt=\"\" data-id=\"1303\" data-full-url=\"https:\/\/grotta.is\/wp-content\/uploads\/2020\/03\/Knattspyrnudeild_grotta_Frettir_yngriflokkar_114.jpg\" data-link=\"https:\/\/grotta.is\/?attachment_id=1303\" class=\"wp-image-1303\" srcset=\"https:\/\/grotta.is\/wp-content\/uploads\/2020\/03\/Knattspyrnudeild_grotta_Frettir_yngriflokkar_114.jpg 1024w, https:\/\/grotta.is\/wp-content\/uploads\/2020\/03\/Knattspyrnudeild_grotta_Frettir_yngriflokkar_114-300x300.jpg 300w, https:\/\/grotta.is\/wp-content\/uploads\/2020\/03\/Knattspyrnudeild_grotta_Frettir_yngriflokkar_114-100x100.jpg 100w, https:\/\/grotta.is\/wp-content\/uploads\/2020\/03\/Knattspyrnudeild_grotta_Frettir_yngriflokkar_114-600x600.jpg 600w, https:\/\/grotta.is\/wp-content\/uploads\/2020\/03\/Knattspyrnudeild_grotta_Frettir_yngriflokkar_114-150x150.jpg 150w, https:\/\/grotta.is\/wp-content\/uploads\/2020\/03\/Knattspyrnudeild_grotta_Frettir_yngriflokkar_114-768x768.jpg 768w, https:\/\/grotta.is\/wp-content\/uploads\/2020\/03\/Knattspyrnudeild_grotta_Frettir_yngriflokkar_114-500x500.jpg 500w\" sizes=\"(max-width: 1024px) 100vw, 1024px\" \/><\/a><\/figure><\/li><li class=\"blocks-gallery-item\"><figure><a href=\"https:\/\/grotta.is\/wp-content\/uploads\/2020\/03\/Knattspyrnudeild_grotta_Frettir_yngriflokkar_115.jpg\"><img decoding=\"async\" width=\"1024\" height=\"1024\" data-src=\"https:\/\/grotta.is\/wp-content\/uploads\/2020\/03\/Knattspyrnudeild_grotta_Frettir_yngriflokkar_115.jpg\" alt=\"\" data-id=\"1304\" data-full-url=\"https:\/\/grotta.is\/wp-content\/uploads\/2020\/03\/Knattspyrnudeild_grotta_Frettir_yngriflokkar_115.jpg\" data-link=\"https:\/\/grotta.is\/?attachment_id=1304\" class=\"wp-image-1304 lazyload\" data-srcset=\"https:\/\/grotta.is\/wp-content\/uploads\/2020\/03\/Knattspyrnudeild_grotta_Frettir_yngriflokkar_115.jpg 1024w, https:\/\/grotta.is\/wp-content\/uploads\/2020\/03\/Knattspyrnudeild_grotta_Frettir_yngriflokkar_115-300x300.jpg 300w, https:\/\/grotta.is\/wp-content\/uploads\/2020\/03\/Knattspyrnudeild_grotta_Frettir_yngriflokkar_115-100x100.jpg 100w, https:\/\/grotta.is\/wp-content\/uploads\/2020\/03\/Knattspyrnudeild_grotta_Frettir_yngriflokkar_115-600x600.jpg 600w, https:\/\/grotta.is\/wp-content\/uploads\/2020\/03\/Knattspyrnudeild_grotta_Frettir_yngriflokkar_115-150x150.jpg 150w, https:\/\/grotta.is\/wp-content\/uploads\/2020\/03\/Knattspyrnudeild_grotta_Frettir_yngriflokkar_115-768x768.jpg 768w, https:\/\/grotta.is\/wp-content\/uploads\/2020\/03\/Knattspyrnudeild_grotta_Frettir_yngriflokkar_115-500x500.jpg 500w\" data-sizes=\"(max-width: 1024px) 100vw, 1024px\" src=\"data:image\/gif;base64,R0lGODlhAQABAAAAACH5BAEKAAEALAAAAAABAAEAAAICTAEAOw==\" style=\"--smush-placeholder-width: 1024px; --smush-placeholder-aspect-ratio: 1024\/1024;\" \/><\/a><\/figure><\/li><li class=\"blocks-gallery-item\"><figure><a href=\"https:\/\/grotta.is\/wp-content\/uploads\/2020\/03\/Knattspyrnudeild_grotta_Frettir_yngriflokkar_116.jpg\"><img decoding=\"async\" width=\"1024\" height=\"1024\" data-src=\"https:\/\/grotta.is\/wp-content\/uploads\/2020\/03\/Knattspyrnudeild_grotta_Frettir_yngriflokkar_116.jpg\" alt=\"\" data-id=\"1305\" data-full-url=\"https:\/\/grotta.is\/wp-content\/uploads\/2020\/03\/Knattspyrnudeild_grotta_Frettir_yngriflokkar_116.jpg\" data-link=\"https:\/\/grotta.is\/?attachment_id=1305\" class=\"wp-image-1305 lazyload\" data-srcset=\"https:\/\/grotta.is\/wp-content\/uploads\/2020\/03\/Knattspyrnudeild_grotta_Frettir_yngriflokkar_116.jpg 1024w, https:\/\/grotta.is\/wp-content\/uploads\/2020\/03\/Knattspyrnudeild_grotta_Frettir_yngriflokkar_116-300x300.jpg 300w, https:\/\/grotta.is\/wp-content\/uploads\/2020\/03\/Knattspyrnudeild_grotta_Frettir_yngriflokkar_116-100x100.jpg 100w, https:\/\/grotta.is\/wp-content\/uploads\/2020\/03\/Knattspyrnudeild_grotta_Frettir_yngriflokkar_116-600x600.jpg 600w, https:\/\/grotta.is\/wp-content\/uploads\/2020\/03\/Knattspyrnudeild_grotta_Frettir_yngriflokkar_116-150x150.jpg 150w, https:\/\/grotta.is\/wp-content\/uploads\/2020\/03\/Knattspyrnudeild_grotta_Frettir_yngriflokkar_116-768x768.jpg 768w, https:\/\/grotta.is\/wp-content\/uploads\/2020\/03\/Knattspyrnudeild_grotta_Frettir_yngriflokkar_116-500x500.jpg 500w\" data-sizes=\"(max-width: 1024px) 100vw, 1024px\" src=\"data:image\/gif;base64,R0lGODlhAQABAAAAACH5BAEKAAEALAAAAAABAAEAAAICTAEAOw==\" style=\"--smush-placeholder-width: 1024px; --smush-placeholder-aspect-ratio: 1024\/1024;\" \/><\/a><\/figure><\/li><\/ul><\/figure>","protected":false},"excerpt":{"rendered":"<p>Gr\u00f3ttum\u00f3ti\u00f0 var haldi\u00f0 sunnudagana 3. og 17. mars, anna\u00f0 \u00e1ri\u00f0 \u00ed r\u00f6\u00f0, \u00ed bl\u00ed\u00f0vi\u00f0ri \u00e1 Vivaldivellinum. 6. flokkar karla fr\u00e1 Gr\u00f3ttu, \u00cdR, \u00cdA, \u00c1lftanesi, Leiknir R. og V\u00edkingi og 7. flokkar Gr\u00f3ttu, V\u00edking, \u00cdR, \u00c1lftanesi, Val, Fram, \u00cdA og HFF m\u00e6ttu til leiks og gekk m\u00f3ti\u00f0 eins og \u00ed s\u00f6gu.<\/p>","protected":false},"author":2,"featured_media":1303,"comment_status":"closed","ping_status":"closed","sticky":false,"template":"","format":"standard","meta":{"footnotes":""},"categories":[7],"tags":[6,21,15],"class_list":["post-1302","post","type-post","status-publish","format-standard","has-post-thumbnail","hentry","category-knattspyrnudeild","tag-knattspyrna","tag-mot","tag-yngri-flokkar"],"yoast_head":"<!-- This site is optimized with the Yoast SEO plugin v24.3 - https:\/\/yoast.com\/wordpress\/plugins\/seo\/ -->\n<title>Gr\u00f3ttum\u00f3t 6. og 7. flokks karla haldin anna\u00f0 \u00e1ri\u00f0 \u00ed r\u00f6\u00f0 - \u00cd\u00fer\u00f3ttaf\u00e9lagi\u00f0 Gr\u00f3tta<\/title>\n<meta name=\"robots\" content=\"index, follow, max-snippet:-1, max-image-preview:large, max-video-preview:-1\" \/>\n<link rel=\"canonical\" href=\"https:\/\/grotta.is\/en\/knattspyrnudeild\/grottumot-6-og-7-flokks-karla-haldin-annad-arid-i-rod\/\" \/>\n<meta property=\"og:locale\" content=\"en_US\" \/>\n<meta property=\"og:type\" content=\"article\" \/>\n<meta property=\"og:title\" content=\"Gr\u00f3ttum\u00f3t 6. og 7. flokks karla haldin anna\u00f0 \u00e1ri\u00f0 \u00ed r\u00f6\u00f0 - \u00cd\u00fer\u00f3ttaf\u00e9lagi\u00f0 Gr\u00f3tta\" \/>\n<meta property=\"og:description\" content=\"Gr\u00f3ttum\u00f3ti\u00f0 var haldi\u00f0 sunnudagana 3. og 17. mars, anna\u00f0 \u00e1ri\u00f0 \u00ed r\u00f6\u00f0, \u00ed bl\u00ed\u00f0vi\u00f0ri \u00e1 Vivaldivellinum. 6. flokkar karla fr\u00e1 Gr\u00f3ttu, \u00cdR, \u00cdA, \u00c1lftanesi, Leiknir R. og V\u00edkingi og 7. flokkar Gr\u00f3ttu, V\u00edking, \u00cdR, \u00c1lftanesi, Val, Fram, \u00cdA og HFF m\u00e6ttu til leiks og gekk m\u00f3ti\u00f0 eins og \u00ed s\u00f6gu.\" \/>\n<meta property=\"og:url\" content=\"https:\/\/grotta.is\/en\/knattspyrnudeild\/grottumot-6-og-7-flokks-karla-haldin-annad-arid-i-rod\/\" \/>\n<meta property=\"og:site_name\" content=\"\u00cd\u00fer\u00f3ttaf\u00e9lagi\u00f0 Gr\u00f3tta\" \/>\n<meta property=\"article:publisher\" content=\"https:\/\/www.facebook.com\/grottasport\" \/>\n<meta property=\"article:published_time\" content=\"2019-03-22T17:57:00+00:00\" \/>\n<meta property=\"article:modified_time\" content=\"2020-03-22T17:59:13+00:00\" \/>\n<meta property=\"og:image\" content=\"https:\/\/grotta.is\/wp-content\/uploads\/2020\/03\/Knattspyrnudeild_grotta_Frettir_yngriflokkar_114.jpg\" \/>\n\t<meta property=\"og:image:width\" content=\"1024\" \/>\n\t<meta property=\"og:image:height\" content=\"1024\" \/>\n\t<meta property=\"og:image:type\" content=\"image\/jpeg\" \/>\n<meta name=\"author\" content=\"Grotta\" \/>\n<meta name=\"twitter:card\" content=\"summary_large_image\" \/>\n<meta name=\"twitter:label1\" content=\"Written by\" \/>\n\t<meta name=\"twitter:data1\" content=\"Grotta\" \/>\n\t<meta name=\"twitter:label2\" content=\"Est. reading time\" \/>\n\t<meta name=\"twitter:data2\" content=\"1 minute\" \/>\n<script type=\"application\/ld+json\" class=\"yoast-schema-graph\">{\"@context\":\"https:\/\/schema.org\",\"@graph\":[{\"@type\":\"Article\",\"@id\":\"https:\/\/grotta.is\/knattspyrnudeild\/grottumot-6-og-7-flokks-karla-haldin-annad-arid-i-rod\/#article\",\"isPartOf\":{\"@id\":\"https:\/\/grotta.is\/knattspyrnudeild\/grottumot-6-og-7-flokks-karla-haldin-annad-arid-i-rod\/\"},\"author\":{\"name\":\"Grotta\",\"@id\":\"https:\/\/grotta.is\/#\/schema\/person\/08ec57bf09ee925f1b6a01540c14a5ce\"},\"headline\":\"Gr\u00f3ttum\u00f3t 6. og 7. flokks karla haldin anna\u00f0 \u00e1ri\u00f0 \u00ed r\u00f6\u00f0\",\"datePublished\":\"2019-03-22T17:57:00+00:00\",\"dateModified\":\"2020-03-22T17:59:13+00:00\",\"mainEntityOfPage\":{\"@id\":\"https:\/\/grotta.is\/knattspyrnudeild\/grottumot-6-og-7-flokks-karla-haldin-annad-arid-i-rod\/\"},\"wordCount\":162,\"publisher\":{\"@id\":\"https:\/\/grotta.is\/#organization\"},\"image\":{\"@id\":\"https:\/\/grotta.is\/knattspyrnudeild\/grottumot-6-og-7-flokks-karla-haldin-annad-arid-i-rod\/#primaryimage\"},\"thumbnailUrl\":\"https:\/\/grotta.is\/wp-content\/uploads\/2020\/03\/Knattspyrnudeild_grotta_Frettir_yngriflokkar_114.jpg\",\"keywords\":[\"Knattspyrna\",\"M\u00f3t\",\"Yngri flokkar\"],\"articleSection\":[\"Knattspyrnudeild\"],\"inLanguage\":\"en-US\"},{\"@type\":\"WebPage\",\"@id\":\"https:\/\/grotta.is\/knattspyrnudeild\/grottumot-6-og-7-flokks-karla-haldin-annad-arid-i-rod\/\",\"url\":\"https:\/\/grotta.is\/knattspyrnudeild\/grottumot-6-og-7-flokks-karla-haldin-annad-arid-i-rod\/\",\"name\":\"Gr\u00f3ttum\u00f3t 6. og 7. flokks karla haldin anna\u00f0 \u00e1ri\u00f0 \u00ed r\u00f6\u00f0 - \u00cd\u00fer\u00f3ttaf\u00e9lagi\u00f0 Gr\u00f3tta\",\"isPartOf\":{\"@id\":\"https:\/\/grotta.is\/#website\"},\"primaryImageOfPage\":{\"@id\":\"https:\/\/grotta.is\/knattspyrnudeild\/grottumot-6-og-7-flokks-karla-haldin-annad-arid-i-rod\/#primaryimage\"},\"image\":{\"@id\":\"https:\/\/grotta.is\/knattspyrnudeild\/grottumot-6-og-7-flokks-karla-haldin-annad-arid-i-rod\/#primaryimage\"},\"thumbnailUrl\":\"https:\/\/grotta.is\/wp-content\/uploads\/2020\/03\/Knattspyrnudeild_grotta_Frettir_yngriflokkar_114.jpg\",\"datePublished\":\"2019-03-22T17:57:00+00:00\",\"dateModified\":\"2020-03-22T17:59:13+00:00\",\"breadcrumb\":{\"@id\":\"https:\/\/grotta.is\/knattspyrnudeild\/grottumot-6-og-7-flokks-karla-haldin-annad-arid-i-rod\/#breadcrumb\"},\"inLanguage\":\"en-US\",\"potentialAction\":[{\"@type\":\"ReadAction\",\"target\":[\"https:\/\/grotta.is\/knattspyrnudeild\/grottumot-6-og-7-flokks-karla-haldin-annad-arid-i-rod\/\"]}]},{\"@type\":\"ImageObject\",\"inLanguage\":\"en-US\",\"@id\":\"https:\/\/grotta.is\/knattspyrnudeild\/grottumot-6-og-7-flokks-karla-haldin-annad-arid-i-rod\/#primaryimage\",\"url\":\"https:\/\/grotta.is\/wp-content\/uploads\/2020\/03\/Knattspyrnudeild_grotta_Frettir_yngriflokkar_114.jpg\",\"contentUrl\":\"https:\/\/grotta.is\/wp-content\/uploads\/2020\/03\/Knattspyrnudeild_grotta_Frettir_yngriflokkar_114.jpg\",\"width\":1024,\"height\":1024},{\"@type\":\"BreadcrumbList\",\"@id\":\"https:\/\/grotta.is\/knattspyrnudeild\/grottumot-6-og-7-flokks-karla-haldin-annad-arid-i-rod\/#breadcrumb\",\"itemListElement\":[{\"@type\":\"ListItem\",\"position\":1,\"name\":\"Home\",\"item\":\"https:\/\/grotta.is\/\"},{\"@type\":\"ListItem\",\"position\":2,\"name\":\"Gr\u00f3ttum\u00f3t 6. og 7. flokks karla haldin anna\u00f0 \u00e1ri\u00f0 \u00ed r\u00f6\u00f0\"}]},{\"@type\":\"WebSite\",\"@id\":\"https:\/\/grotta.is\/#website\",\"url\":\"https:\/\/grotta.is\/\",\"name\":\"\u00cd\u00fer\u00f3ttaf\u00e9lagi\u00f0 Gr\u00f3tta\",\"description\":\"\u00e1 Seltjarnarnesi\",\"publisher\":{\"@id\":\"https:\/\/grotta.is\/#organization\"},\"potentialAction\":[{\"@type\":\"SearchAction\",\"target\":{\"@type\":\"EntryPoint\",\"urlTemplate\":\"https:\/\/grotta.is\/?s={search_term_string}\"},\"query-input\":{\"@type\":\"PropertyValueSpecification\",\"valueRequired\":true,\"valueName\":\"search_term_string\"}}],\"inLanguage\":\"en-US\"},{\"@type\":\"Organization\",\"@id\":\"https:\/\/grotta.is\/#organization\",\"name\":\"\u00cd\u00fer\u00f3ttaf\u00e9lagi\u00f0 Gr\u00f3tta\",\"url\":\"https:\/\/grotta.is\/\",\"logo\":{\"@type\":\"ImageObject\",\"inLanguage\":\"en-US\",\"@id\":\"https:\/\/grotta.is\/#\/schema\/logo\/image\/\",\"url\":\"https:\/\/grotta.is\/wp-content\/uploads\/2020\/02\/ithrottafelagidgrotta_logo_512x512_transparent.png\",\"contentUrl\":\"https:\/\/grotta.is\/wp-content\/uploads\/2020\/02\/ithrottafelagidgrotta_logo_512x512_transparent.png\",\"width\":512,\"height\":512,\"caption\":\"\u00cd\u00fer\u00f3ttaf\u00e9lagi\u00f0 Gr\u00f3tta\"},\"image\":{\"@id\":\"https:\/\/grotta.is\/#\/schema\/logo\/image\/\"},\"sameAs\":[\"https:\/\/www.facebook.com\/grottasport\"]},{\"@type\":\"Person\",\"@id\":\"https:\/\/grotta.is\/#\/schema\/person\/08ec57bf09ee925f1b6a01540c14a5ce\",\"name\":\"Grotta\",\"url\":\"https:\/\/grotta.is\/en\/author\/inga\/\"}]}<\/script>\n<!-- \/ Yoast SEO plugin. -->","yoast_head_json":{"title":"Gr\u00f3ttum\u00f3t 6. og 7. flokks karla haldin anna\u00f0 \u00e1ri\u00f0 \u00ed r\u00f6\u00f0 - \u00cd\u00fer\u00f3ttaf\u00e9lagi\u00f0 Gr\u00f3tta","robots":{"index":"index","follow":"follow","max-snippet":"max-snippet:-1","max-image-preview":"max-image-preview:large","max-video-preview":"max-video-preview:-1"},"canonical":"https:\/\/grotta.is\/en\/knattspyrnudeild\/grottumot-6-og-7-flokks-karla-haldin-annad-arid-i-rod\/","og_locale":"en_US","og_type":"article","og_title":"Gr\u00f3ttum\u00f3t 6. og 7. flokks karla haldin anna\u00f0 \u00e1ri\u00f0 \u00ed r\u00f6\u00f0 - \u00cd\u00fer\u00f3ttaf\u00e9lagi\u00f0 Gr\u00f3tta","og_description":"Gr\u00f3ttum\u00f3ti\u00f0 var haldi\u00f0 sunnudagana 3. og 17. mars, anna\u00f0 \u00e1ri\u00f0 \u00ed r\u00f6\u00f0, \u00ed bl\u00ed\u00f0vi\u00f0ri \u00e1 Vivaldivellinum. 6. flokkar karla fr\u00e1 Gr\u00f3ttu, \u00cdR, \u00cdA, \u00c1lftanesi, Leiknir R. og V\u00edkingi og 7. flokkar Gr\u00f3ttu, V\u00edking, \u00cdR, \u00c1lftanesi, Val, Fram, \u00cdA og HFF m\u00e6ttu til leiks og gekk m\u00f3ti\u00f0 eins og \u00ed s\u00f6gu.","og_url":"https:\/\/grotta.is\/en\/knattspyrnudeild\/grottumot-6-og-7-flokks-karla-haldin-annad-arid-i-rod\/","og_site_name":"\u00cd\u00fer\u00f3ttaf\u00e9lagi\u00f0 Gr\u00f3tta","article_publisher":"https:\/\/www.facebook.com\/grottasport","article_published_time":"2019-03-22T17:57:00+00:00","article_modified_time":"2020-03-22T17:59:13+00:00","og_image":[{"width":1024,"height":1024,"url":"https:\/\/grotta.is\/wp-content\/uploads\/2020\/03\/Knattspyrnudeild_grotta_Frettir_yngriflokkar_114.jpg","type":"image\/jpeg"}],"author":"Grotta","twitter_card":"summary_large_image","twitter_misc":{"Written by":"Grotta","Est. reading time":"1 minute"},"schema":{"@context":"https:\/\/schema.org","@graph":[{"@type":"Article","@id":"https:\/\/grotta.is\/knattspyrnudeild\/grottumot-6-og-7-flokks-karla-haldin-annad-arid-i-rod\/#article","isPartOf":{"@id":"https:\/\/grotta.is\/knattspyrnudeild\/grottumot-6-og-7-flokks-karla-haldin-annad-arid-i-rod\/"},"author":{"name":"Grotta","@id":"https:\/\/grotta.is\/#\/schema\/person\/08ec57bf09ee925f1b6a01540c14a5ce"},"headline":"Gr\u00f3ttum\u00f3t 6. og 7. flokks karla haldin anna\u00f0 \u00e1ri\u00f0 \u00ed r\u00f6\u00f0","datePublished":"2019-03-22T17:57:00+00:00","dateModified":"2020-03-22T17:59:13+00:00","mainEntityOfPage":{"@id":"https:\/\/grotta.is\/knattspyrnudeild\/grottumot-6-og-7-flokks-karla-haldin-annad-arid-i-rod\/"},"wordCount":162,"publisher":{"@id":"https:\/\/grotta.is\/#organization"},"image":{"@id":"https:\/\/grotta.is\/knattspyrnudeild\/grottumot-6-og-7-flokks-karla-haldin-annad-arid-i-rod\/#primaryimage"},"thumbnailUrl":"https:\/\/grotta.is\/wp-content\/uploads\/2020\/03\/Knattspyrnudeild_grotta_Frettir_yngriflokkar_114.jpg","keywords":["Knattspyrna","M\u00f3t","Yngri flokkar"],"articleSection":["Knattspyrnudeild"],"inLanguage":"en-US"},{"@type":"WebPage","@id":"https:\/\/grotta.is\/knattspyrnudeild\/grottumot-6-og-7-flokks-karla-haldin-annad-arid-i-rod\/","url":"https:\/\/grotta.is\/knattspyrnudeild\/grottumot-6-og-7-flokks-karla-haldin-annad-arid-i-rod\/","name":"Gr\u00f3ttum\u00f3t 6. og 7. flokks karla haldin anna\u00f0 \u00e1ri\u00f0 \u00ed r\u00f6\u00f0 - \u00cd\u00fer\u00f3ttaf\u00e9lagi\u00f0 Gr\u00f3tta","isPartOf":{"@id":"https:\/\/grotta.is\/#website"},"primaryImageOfPage":{"@id":"https:\/\/grotta.is\/knattspyrnudeild\/grottumot-6-og-7-flokks-karla-haldin-annad-arid-i-rod\/#primaryimage"},"image":{"@id":"https:\/\/grotta.is\/knattspyrnudeild\/grottumot-6-og-7-flokks-karla-haldin-annad-arid-i-rod\/#primaryimage"},"thumbnailUrl":"https:\/\/grotta.is\/wp-content\/uploads\/2020\/03\/Knattspyrnudeild_grotta_Frettir_yngriflokkar_114.jpg","datePublished":"2019-03-22T17:57:00+00:00","dateModified":"2020-03-22T17:59:13+00:00","breadcrumb":{"@id":"https:\/\/grotta.is\/knattspyrnudeild\/grottumot-6-og-7-flokks-karla-haldin-annad-arid-i-rod\/#breadcrumb"},"inLanguage":"en-US","potentialAction":[{"@type":"ReadAction","target":["https:\/\/grotta.is\/knattspyrnudeild\/grottumot-6-og-7-flokks-karla-haldin-annad-arid-i-rod\/"]}]},{"@type":"ImageObject","inLanguage":"en-US","@id":"https:\/\/grotta.is\/knattspyrnudeild\/grottumot-6-og-7-flokks-karla-haldin-annad-arid-i-rod\/#primaryimage","url":"https:\/\/grotta.is\/wp-content\/uploads\/2020\/03\/Knattspyrnudeild_grotta_Frettir_yngriflokkar_114.jpg","contentUrl":"https:\/\/grotta.is\/wp-content\/uploads\/2020\/03\/Knattspyrnudeild_grotta_Frettir_yngriflokkar_114.jpg","width":1024,"height":1024},{"@type":"BreadcrumbList","@id":"https:\/\/grotta.is\/knattspyrnudeild\/grottumot-6-og-7-flokks-karla-haldin-annad-arid-i-rod\/#breadcrumb","itemListElement":[{"@type":"ListItem","position":1,"name":"Home","item":"https:\/\/grotta.is\/"},{"@type":"ListItem","position":2,"name":"Gr\u00f3ttum\u00f3t 6. og 7. flokks karla haldin anna\u00f0 \u00e1ri\u00f0 \u00ed r\u00f6\u00f0"}]},{"@type":"WebSite","@id":"https:\/\/grotta.is\/#website","url":"https:\/\/grotta.is\/","name":"\u00cd\u00fer\u00f3ttaf\u00e9lagi\u00f0 Gr\u00f3tta","description":"\u00e1 Seltjarnarnesi","publisher":{"@id":"https:\/\/grotta.is\/#organization"},"potentialAction":[{"@type":"SearchAction","target":{"@type":"EntryPoint","urlTemplate":"https:\/\/grotta.is\/?s={search_term_string}"},"query-input":{"@type":"PropertyValueSpecification","valueRequired":true,"valueName":"search_term_string"}}],"inLanguage":"en-US"},{"@type":"Organization","@id":"https:\/\/grotta.is\/#organization","name":"\u00cd\u00fer\u00f3ttaf\u00e9lagi\u00f0 Gr\u00f3tta","url":"https:\/\/grotta.is\/","logo":{"@type":"ImageObject","inLanguage":"en-US","@id":"https:\/\/grotta.is\/#\/schema\/logo\/image\/","url":"https:\/\/grotta.is\/wp-content\/uploads\/2020\/02\/ithrottafelagidgrotta_logo_512x512_transparent.png","contentUrl":"https:\/\/grotta.is\/wp-content\/uploads\/2020\/02\/ithrottafelagidgrotta_logo_512x512_transparent.png","width":512,"height":512,"caption":"\u00cd\u00fer\u00f3ttaf\u00e9lagi\u00f0 Gr\u00f3tta"},"image":{"@id":"https:\/\/grotta.is\/#\/schema\/logo\/image\/"},"sameAs":["https:\/\/www.facebook.com\/grottasport"]},{"@type":"Person","@id":"https:\/\/grotta.is\/#\/schema\/person\/08ec57bf09ee925f1b6a01540c14a5ce","name":"Grotta","url":"https:\/\/grotta.is\/en\/author\/inga\/"}]}},"_links":{"self":[{"href":"https:\/\/grotta.is\/en\/wp-json\/wp\/v2\/posts\/1302","targetHints":{"allow":["GET"]}}],"collection":[{"href":"https:\/\/grotta.is\/en\/wp-json\/wp\/v2\/posts"}],"about":[{"href":"https:\/\/grotta.is\/en\/wp-json\/wp\/v2\/types\/post"}],"author":[{"embeddable":true,"href":"https:\/\/grotta.is\/en\/wp-json\/wp\/v2\/users\/2"}],"replies":[{"embeddable":true,"href":"https:\/\/grotta.is\/en\/wp-json\/wp\/v2\/comments?post=1302"}],"version-history":[{"count":0,"href":"https:\/\/grotta.is\/en\/wp-json\/wp\/v2\/posts\/1302\/revisions"}],"wp:featuredmedia":[{"embeddable":true,"href":"https:\/\/grotta.is\/en\/wp-json\/wp\/v2\/media\/1303"}],"wp:attachment":[{"href":"https:\/\/grotta.is\/en\/wp-json\/wp\/v2\/media?parent=1302"}],"wp:term":[{"taxonomy":"category","embeddable":true,"href":"https:\/\/grotta.is\/en\/wp-json\/wp\/v2\/categories?post=1302"},{"taxonomy":"post_tag","embeddable":true,"href":"https:\/\/grotta.is\/en\/wp-json\/wp\/v2\/tags?post=1302"}],"curies":[{"name":"wp","href":"https:\/\/api.w.org\/{rel}","templated":true}]}}