{"id":12407,"date":"2016-06-01T23:42:19","date_gmt":"2016-06-01T23:42:19","guid":{"rendered":"https:\/\/grotta.is\/?p=12407"},"modified":"2020-07-30T23:47:15","modified_gmt":"2020-07-30T23:47:15","slug":"thrir-ungir-og-efnilegir-semja-vid-grottu","status":"publish","type":"post","link":"https:\/\/grotta.is\/en\/handknattleiksdeild\/thrir-ungir-og-efnilegir-semja-vid-grottu\/","title":{"rendered":"\u00der\u00edr ungir og efnilegir semja vi\u00f0 Gr\u00f3ttu"},"content":{"rendered":"<p>\u00c1 d\u00f6gunum skrifu\u00f0u \u00fer\u00edr ungir og efnilegir handboltamenn undir samninga vi\u00f0 handknattleiksdeild Gr\u00f3ttu. \u00dea\u00f0 voru \u00feeir G\u00edsli Gunnarsson, Hannes Grimm og J\u00f3hann Kaldal J\u00f3hannsson. Drengirnir \u00fer\u00edr eru allir enn gjaldgengir \u00ed 3. flokk. Allir hafa \u00feessir drengir leiki\u00f0 me\u00f0 yngri landsli\u00f0um \u00cdslands undanfarin \u00e1r.<\/p><p>Handknattleiksdeild Gr\u00f3ttu er mj\u00f6g \u00e1n\u00e6g\u00f0 me\u00f0 \u00feessa samninga vi\u00f0 \u00feessa efnilegu Gr\u00f3ttumenn og b\u00fdst vi\u00f0 miklu af \u00feeim \u00ed framt\u00ed\u00f0inni.<\/p>","protected":false},"excerpt":{"rendered":"<p>\u00c1 d\u00f6gunum skrifu\u00f0u \u00fer\u00edr ungir og efnilegir handboltamenn undir samninga vi\u00f0 handknattleiksdeild Gr\u00f3ttu. \u00dea\u00f0 voru \u00feeir G\u00edsli Gunnarsson, Hannes Grimm og J\u00f3hann Kaldal J\u00f3hannsson. Drengirnir \u00fer\u00edr eru allir enn gjaldgengir \u00ed 3. flokk. Allir hafa \u00feessir drengir leiki\u00f0 me\u00f0 yngri landsli\u00f0um \u00cdslands undanfarin \u00e1r.<\/p>","protected":false},"author":2,"featured_media":12418,"comment_status":"closed","ping_status":"closed","sticky":false,"template":"","format":"standard","meta":{"footnotes":""},"categories":[12],"tags":[13,17,20],"class_list":["post-12407","post","type-post","status-publish","format-standard","has-post-thumbnail","hentry","category-handknattleiksdeild","tag-handbolti","tag-leikmenn","tag-mfl-kk"],"yoast_head":"<!-- This site is optimized with the Yoast SEO plugin v24.3 - https:\/\/yoast.com\/wordpress\/plugins\/seo\/ -->\n<title>\u00der\u00edr ungir og efnilegir semja vi\u00f0 Gr\u00f3ttu - \u00cd\u00fer\u00f3ttaf\u00e9lagi\u00f0 Gr\u00f3tta<\/title>\n<meta name=\"robots\" content=\"index, follow, max-snippet:-1, max-image-preview:large, max-video-preview:-1\" \/>\n<link rel=\"canonical\" href=\"https:\/\/grotta.is\/en\/handknattleiksdeild\/thrir-ungir-og-efnilegir-semja-vid-grottu\/\" \/>\n<meta property=\"og:locale\" content=\"en_US\" \/>\n<meta property=\"og:type\" content=\"article\" \/>\n<meta property=\"og:title\" content=\"\u00der\u00edr ungir og efnilegir semja vi\u00f0 Gr\u00f3ttu - \u00cd\u00fer\u00f3ttaf\u00e9lagi\u00f0 Gr\u00f3tta\" \/>\n<meta property=\"og:description\" content=\"\u00c1 d\u00f6gunum skrifu\u00f0u \u00fer\u00edr ungir og efnilegir handboltamenn undir samninga vi\u00f0 handknattleiksdeild Gr\u00f3ttu. \u00dea\u00f0 voru \u00feeir G\u00edsli Gunnarsson, Hannes Grimm og J\u00f3hann Kaldal J\u00f3hannsson. Drengirnir \u00fer\u00edr eru allir enn gjaldgengir \u00ed 3. flokk. Allir hafa \u00feessir drengir leiki\u00f0 me\u00f0 yngri landsli\u00f0um \u00cdslands undanfarin \u00e1r.\" \/>\n<meta property=\"og:url\" content=\"https:\/\/grotta.is\/en\/handknattleiksdeild\/thrir-ungir-og-efnilegir-semja-vid-grottu\/\" \/>\n<meta property=\"og:site_name\" content=\"\u00cd\u00fer\u00f3ttaf\u00e9lagi\u00f0 Gr\u00f3tta\" \/>\n<meta property=\"article:publisher\" content=\"https:\/\/www.facebook.com\/grottasport\" \/>\n<meta property=\"article:published_time\" content=\"2016-06-01T23:42:19+00:00\" \/>\n<meta property=\"article:modified_time\" content=\"2020-07-30T23:47:15+00:00\" \/>\n<meta property=\"og:image\" content=\"https:\/\/grotta.is\/wp-content\/uploads\/2016\/06\/handbolti_grotta_mfl.kk_leikmenn_2016.jpg\" \/>\n\t<meta property=\"og:image:width\" content=\"2048\" \/>\n\t<meta property=\"og:image:height\" content=\"1536\" \/>\n\t<meta property=\"og:image:type\" content=\"image\/jpeg\" \/>\n<meta name=\"author\" content=\"Grotta\" \/>\n<meta name=\"twitter:card\" content=\"summary_large_image\" \/>\n<meta name=\"twitter:label1\" content=\"Written by\" \/>\n\t<meta name=\"twitter:data1\" content=\"Grotta\" \/>\n<script type=\"application\/ld+json\" class=\"yoast-schema-graph\">{\"@context\":\"https:\/\/schema.org\",\"@graph\":[{\"@type\":\"Article\",\"@id\":\"https:\/\/grotta.is\/handknattleiksdeild\/thrir-ungir-og-efnilegir-semja-vid-grottu\/#article\",\"isPartOf\":{\"@id\":\"https:\/\/grotta.is\/handknattleiksdeild\/thrir-ungir-og-efnilegir-semja-vid-grottu\/\"},\"author\":{\"name\":\"Grotta\",\"@id\":\"https:\/\/grotta.is\/#\/schema\/person\/08ec57bf09ee925f1b6a01540c14a5ce\"},\"headline\":\"\u00der\u00edr ungir og efnilegir semja vi\u00f0 Gr\u00f3ttu\",\"datePublished\":\"2016-06-01T23:42:19+00:00\",\"dateModified\":\"2020-07-30T23:47:15+00:00\",\"mainEntityOfPage\":{\"@id\":\"https:\/\/grotta.is\/handknattleiksdeild\/thrir-ungir-og-efnilegir-semja-vid-grottu\/\"},\"wordCount\":84,\"publisher\":{\"@id\":\"https:\/\/grotta.is\/#organization\"},\"image\":{\"@id\":\"https:\/\/grotta.is\/handknattleiksdeild\/thrir-ungir-og-efnilegir-semja-vid-grottu\/#primaryimage\"},\"thumbnailUrl\":\"https:\/\/grotta.is\/wp-content\/uploads\/2016\/06\/handbolti_grotta_mfl.kk_leikmenn_2016.jpg\",\"keywords\":[\"Handbolti\",\"Leikmenn\",\"Mfl.kk\"],\"articleSection\":[\"Handknattleiksdeild\"],\"inLanguage\":\"en-US\"},{\"@type\":\"WebPage\",\"@id\":\"https:\/\/grotta.is\/handknattleiksdeild\/thrir-ungir-og-efnilegir-semja-vid-grottu\/\",\"url\":\"https:\/\/grotta.is\/handknattleiksdeild\/thrir-ungir-og-efnilegir-semja-vid-grottu\/\",\"name\":\"\u00der\u00edr ungir og efnilegir semja vi\u00f0 Gr\u00f3ttu - \u00cd\u00fer\u00f3ttaf\u00e9lagi\u00f0 Gr\u00f3tta\",\"isPartOf\":{\"@id\":\"https:\/\/grotta.is\/#website\"},\"primaryImageOfPage\":{\"@id\":\"https:\/\/grotta.is\/handknattleiksdeild\/thrir-ungir-og-efnilegir-semja-vid-grottu\/#primaryimage\"},\"image\":{\"@id\":\"https:\/\/grotta.is\/handknattleiksdeild\/thrir-ungir-og-efnilegir-semja-vid-grottu\/#primaryimage\"},\"thumbnailUrl\":\"https:\/\/grotta.is\/wp-content\/uploads\/2016\/06\/handbolti_grotta_mfl.kk_leikmenn_2016.jpg\",\"datePublished\":\"2016-06-01T23:42:19+00:00\",\"dateModified\":\"2020-07-30T23:47:15+00:00\",\"breadcrumb\":{\"@id\":\"https:\/\/grotta.is\/handknattleiksdeild\/thrir-ungir-og-efnilegir-semja-vid-grottu\/#breadcrumb\"},\"inLanguage\":\"en-US\",\"potentialAction\":[{\"@type\":\"ReadAction\",\"target\":[\"https:\/\/grotta.is\/handknattleiksdeild\/thrir-ungir-og-efnilegir-semja-vid-grottu\/\"]}]},{\"@type\":\"ImageObject\",\"inLanguage\":\"en-US\",\"@id\":\"https:\/\/grotta.is\/handknattleiksdeild\/thrir-ungir-og-efnilegir-semja-vid-grottu\/#primaryimage\",\"url\":\"https:\/\/grotta.is\/wp-content\/uploads\/2016\/06\/handbolti_grotta_mfl.kk_leikmenn_2016.jpg\",\"contentUrl\":\"https:\/\/grotta.is\/wp-content\/uploads\/2016\/06\/handbolti_grotta_mfl.kk_leikmenn_2016.jpg\",\"width\":2048,\"height\":1536},{\"@type\":\"BreadcrumbList\",\"@id\":\"https:\/\/grotta.is\/handknattleiksdeild\/thrir-ungir-og-efnilegir-semja-vid-grottu\/#breadcrumb\",\"itemListElement\":[{\"@type\":\"ListItem\",\"position\":1,\"name\":\"Home\",\"item\":\"https:\/\/grotta.is\/\"},{\"@type\":\"ListItem\",\"position\":2,\"name\":\"\u00der\u00edr ungir og efnilegir semja vi\u00f0 Gr\u00f3ttu\"}]},{\"@type\":\"WebSite\",\"@id\":\"https:\/\/grotta.is\/#website\",\"url\":\"https:\/\/grotta.is\/\",\"name\":\"\u00cd\u00fer\u00f3ttaf\u00e9lagi\u00f0 Gr\u00f3tta\",\"description\":\"\u00e1 Seltjarnarnesi\",\"publisher\":{\"@id\":\"https:\/\/grotta.is\/#organization\"},\"potentialAction\":[{\"@type\":\"SearchAction\",\"target\":{\"@type\":\"EntryPoint\",\"urlTemplate\":\"https:\/\/grotta.is\/?s={search_term_string}\"},\"query-input\":{\"@type\":\"PropertyValueSpecification\",\"valueRequired\":true,\"valueName\":\"search_term_string\"}}],\"inLanguage\":\"en-US\"},{\"@type\":\"Organization\",\"@id\":\"https:\/\/grotta.is\/#organization\",\"name\":\"\u00cd\u00fer\u00f3ttaf\u00e9lagi\u00f0 Gr\u00f3tta\",\"url\":\"https:\/\/grotta.is\/\",\"logo\":{\"@type\":\"ImageObject\",\"inLanguage\":\"en-US\",\"@id\":\"https:\/\/grotta.is\/#\/schema\/logo\/image\/\",\"url\":\"https:\/\/grotta.is\/wp-content\/uploads\/2020\/02\/ithrottafelagidgrotta_logo_512x512_transparent.png\",\"contentUrl\":\"https:\/\/grotta.is\/wp-content\/uploads\/2020\/02\/ithrottafelagidgrotta_logo_512x512_transparent.png\",\"width\":512,\"height\":512,\"caption\":\"\u00cd\u00fer\u00f3ttaf\u00e9lagi\u00f0 Gr\u00f3tta\"},\"image\":{\"@id\":\"https:\/\/grotta.is\/#\/schema\/logo\/image\/\"},\"sameAs\":[\"https:\/\/www.facebook.com\/grottasport\"]},{\"@type\":\"Person\",\"@id\":\"https:\/\/grotta.is\/#\/schema\/person\/08ec57bf09ee925f1b6a01540c14a5ce\",\"name\":\"Grotta\",\"url\":\"https:\/\/grotta.is\/en\/author\/inga\/\"}]}<\/script>\n<!-- \/ Yoast SEO plugin. -->","yoast_head_json":{"title":"\u00der\u00edr ungir og efnilegir semja vi\u00f0 Gr\u00f3ttu - \u00cd\u00fer\u00f3ttaf\u00e9lagi\u00f0 Gr\u00f3tta","robots":{"index":"index","follow":"follow","max-snippet":"max-snippet:-1","max-image-preview":"max-image-preview:large","max-video-preview":"max-video-preview:-1"},"canonical":"https:\/\/grotta.is\/en\/handknattleiksdeild\/thrir-ungir-og-efnilegir-semja-vid-grottu\/","og_locale":"en_US","og_type":"article","og_title":"\u00der\u00edr ungir og efnilegir semja vi\u00f0 Gr\u00f3ttu - \u00cd\u00fer\u00f3ttaf\u00e9lagi\u00f0 Gr\u00f3tta","og_description":"\u00c1 d\u00f6gunum skrifu\u00f0u \u00fer\u00edr ungir og efnilegir handboltamenn undir samninga vi\u00f0 handknattleiksdeild Gr\u00f3ttu. \u00dea\u00f0 voru \u00feeir G\u00edsli Gunnarsson, Hannes Grimm og J\u00f3hann Kaldal J\u00f3hannsson. Drengirnir \u00fer\u00edr eru allir enn gjaldgengir \u00ed 3. flokk. Allir hafa \u00feessir drengir leiki\u00f0 me\u00f0 yngri landsli\u00f0um \u00cdslands undanfarin \u00e1r.","og_url":"https:\/\/grotta.is\/en\/handknattleiksdeild\/thrir-ungir-og-efnilegir-semja-vid-grottu\/","og_site_name":"\u00cd\u00fer\u00f3ttaf\u00e9lagi\u00f0 Gr\u00f3tta","article_publisher":"https:\/\/www.facebook.com\/grottasport","article_published_time":"2016-06-01T23:42:19+00:00","article_modified_time":"2020-07-30T23:47:15+00:00","og_image":[{"width":2048,"height":1536,"url":"https:\/\/grotta.is\/wp-content\/uploads\/2016\/06\/handbolti_grotta_mfl.kk_leikmenn_2016.jpg","type":"image\/jpeg"}],"author":"Grotta","twitter_card":"summary_large_image","twitter_misc":{"Written by":"Grotta"},"schema":{"@context":"https:\/\/schema.org","@graph":[{"@type":"Article","@id":"https:\/\/grotta.is\/handknattleiksdeild\/thrir-ungir-og-efnilegir-semja-vid-grottu\/#article","isPartOf":{"@id":"https:\/\/grotta.is\/handknattleiksdeild\/thrir-ungir-og-efnilegir-semja-vid-grottu\/"},"author":{"name":"Grotta","@id":"https:\/\/grotta.is\/#\/schema\/person\/08ec57bf09ee925f1b6a01540c14a5ce"},"headline":"\u00der\u00edr ungir og efnilegir semja vi\u00f0 Gr\u00f3ttu","datePublished":"2016-06-01T23:42:19+00:00","dateModified":"2020-07-30T23:47:15+00:00","mainEntityOfPage":{"@id":"https:\/\/grotta.is\/handknattleiksdeild\/thrir-ungir-og-efnilegir-semja-vid-grottu\/"},"wordCount":84,"publisher":{"@id":"https:\/\/grotta.is\/#organization"},"image":{"@id":"https:\/\/grotta.is\/handknattleiksdeild\/thrir-ungir-og-efnilegir-semja-vid-grottu\/#primaryimage"},"thumbnailUrl":"https:\/\/grotta.is\/wp-content\/uploads\/2016\/06\/handbolti_grotta_mfl.kk_leikmenn_2016.jpg","keywords":["Handbolti","Leikmenn","Mfl.kk"],"articleSection":["Handknattleiksdeild"],"inLanguage":"en-US"},{"@type":"WebPage","@id":"https:\/\/grotta.is\/handknattleiksdeild\/thrir-ungir-og-efnilegir-semja-vid-grottu\/","url":"https:\/\/grotta.is\/handknattleiksdeild\/thrir-ungir-og-efnilegir-semja-vid-grottu\/","name":"\u00der\u00edr ungir og efnilegir semja vi\u00f0 Gr\u00f3ttu - \u00cd\u00fer\u00f3ttaf\u00e9lagi\u00f0 Gr\u00f3tta","isPartOf":{"@id":"https:\/\/grotta.is\/#website"},"primaryImageOfPage":{"@id":"https:\/\/grotta.is\/handknattleiksdeild\/thrir-ungir-og-efnilegir-semja-vid-grottu\/#primaryimage"},"image":{"@id":"https:\/\/grotta.is\/handknattleiksdeild\/thrir-ungir-og-efnilegir-semja-vid-grottu\/#primaryimage"},"thumbnailUrl":"https:\/\/grotta.is\/wp-content\/uploads\/2016\/06\/handbolti_grotta_mfl.kk_leikmenn_2016.jpg","datePublished":"2016-06-01T23:42:19+00:00","dateModified":"2020-07-30T23:47:15+00:00","breadcrumb":{"@id":"https:\/\/grotta.is\/handknattleiksdeild\/thrir-ungir-og-efnilegir-semja-vid-grottu\/#breadcrumb"},"inLanguage":"en-US","potentialAction":[{"@type":"ReadAction","target":["https:\/\/grotta.is\/handknattleiksdeild\/thrir-ungir-og-efnilegir-semja-vid-grottu\/"]}]},{"@type":"ImageObject","inLanguage":"en-US","@id":"https:\/\/grotta.is\/handknattleiksdeild\/thrir-ungir-og-efnilegir-semja-vid-grottu\/#primaryimage","url":"https:\/\/grotta.is\/wp-content\/uploads\/2016\/06\/handbolti_grotta_mfl.kk_leikmenn_2016.jpg","contentUrl":"https:\/\/grotta.is\/wp-content\/uploads\/2016\/06\/handbolti_grotta_mfl.kk_leikmenn_2016.jpg","width":2048,"height":1536},{"@type":"BreadcrumbList","@id":"https:\/\/grotta.is\/handknattleiksdeild\/thrir-ungir-og-efnilegir-semja-vid-grottu\/#breadcrumb","itemListElement":[{"@type":"ListItem","position":1,"name":"Home","item":"https:\/\/grotta.is\/"},{"@type":"ListItem","position":2,"name":"\u00der\u00edr ungir og efnilegir semja vi\u00f0 Gr\u00f3ttu"}]},{"@type":"WebSite","@id":"https:\/\/grotta.is\/#website","url":"https:\/\/grotta.is\/","name":"\u00cd\u00fer\u00f3ttaf\u00e9lagi\u00f0 Gr\u00f3tta","description":"\u00e1 Seltjarnarnesi","publisher":{"@id":"https:\/\/grotta.is\/#organization"},"potentialAction":[{"@type":"SearchAction","target":{"@type":"EntryPoint","urlTemplate":"https:\/\/grotta.is\/?s={search_term_string}"},"query-input":{"@type":"PropertyValueSpecification","valueRequired":true,"valueName":"search_term_string"}}],"inLanguage":"en-US"},{"@type":"Organization","@id":"https:\/\/grotta.is\/#organization","name":"\u00cd\u00fer\u00f3ttaf\u00e9lagi\u00f0 Gr\u00f3tta","url":"https:\/\/grotta.is\/","logo":{"@type":"ImageObject","inLanguage":"en-US","@id":"https:\/\/grotta.is\/#\/schema\/logo\/image\/","url":"https:\/\/grotta.is\/wp-content\/uploads\/2020\/02\/ithrottafelagidgrotta_logo_512x512_transparent.png","contentUrl":"https:\/\/grotta.is\/wp-content\/uploads\/2020\/02\/ithrottafelagidgrotta_logo_512x512_transparent.png","width":512,"height":512,"caption":"\u00cd\u00fer\u00f3ttaf\u00e9lagi\u00f0 Gr\u00f3tta"},"image":{"@id":"https:\/\/grotta.is\/#\/schema\/logo\/image\/"},"sameAs":["https:\/\/www.facebook.com\/grottasport"]},{"@type":"Person","@id":"https:\/\/grotta.is\/#\/schema\/person\/08ec57bf09ee925f1b6a01540c14a5ce","name":"Grotta","url":"https:\/\/grotta.is\/en\/author\/inga\/"}]}},"_links":{"self":[{"href":"https:\/\/grotta.is\/en\/wp-json\/wp\/v2\/posts\/12407","targetHints":{"allow":["GET"]}}],"collection":[{"href":"https:\/\/grotta.is\/en\/wp-json\/wp\/v2\/posts"}],"about":[{"href":"https:\/\/grotta.is\/en\/wp-json\/wp\/v2\/types\/post"}],"author":[{"embeddable":true,"href":"https:\/\/grotta.is\/en\/wp-json\/wp\/v2\/users\/2"}],"replies":[{"embeddable":true,"href":"https:\/\/grotta.is\/en\/wp-json\/wp\/v2\/comments?post=12407"}],"version-history":[{"count":1,"href":"https:\/\/grotta.is\/en\/wp-json\/wp\/v2\/posts\/12407\/revisions"}],"predecessor-version":[{"id":12415,"href":"https:\/\/grotta.is\/en\/wp-json\/wp\/v2\/posts\/12407\/revisions\/12415"}],"wp:featuredmedia":[{"embeddable":true,"href":"https:\/\/grotta.is\/en\/wp-json\/wp\/v2\/media\/12418"}],"wp:attachment":[{"href":"https:\/\/grotta.is\/en\/wp-json\/wp\/v2\/media?parent=12407"}],"wp:term":[{"taxonomy":"category","embeddable":true,"href":"https:\/\/grotta.is\/en\/wp-json\/wp\/v2\/categories?post=12407"},{"taxonomy":"post_tag","embeddable":true,"href":"https:\/\/grotta.is\/en\/wp-json\/wp\/v2\/tags?post=12407"}],"curies":[{"name":"wp","href":"https:\/\/api.w.org\/{rel}","templated":true}]}}