{"id":123209,"date":"2020-10-22T14:32:19","date_gmt":"2020-10-22T14:32:19","guid":{"rendered":"https:\/\/grotta.is\/?p=123209"},"modified":"2020-10-22T15:16:33","modified_gmt":"2020-10-22T15:16:33","slug":"tinna-til-apulia-trani","status":"publish","type":"post","link":"https:\/\/grotta.is\/en\/knattspyrnudeild\/tinna-til-apulia-trani\/","title":{"rendered":"Tinna til Apulia Trani"},"content":{"rendered":"<p>Tinna Bjarkar J\u00f3nsd\u00f3ttir, fyrirli\u00f0i Gr\u00f3ttu, hefur gert l\u00e1nssamning vi\u00f0 \u00edtalska li\u00f0i\u00f0 Apulia Trani sem leikur \u00ed Serie C. Tinna er komin \u00fat og g\u00e6ti leiki\u00f0 sinn fyrsta leik me\u00f0 li\u00f0inu \u00e1 sunnudaginn \u00ed borginni Palermo \u00e1 Sikiley. Eins og kunnugt er gekk Sigr\u00fan \u00d6sp A\u00f0algeirsd\u00f3ttir til li\u00f0s vi\u00f0 Apulia Trani \u00ed s\u00ed\u00f0ustu viku en b\u00e1\u00f0ar framlengdu samninga s\u00edna vi\u00f0 Gr\u00f3ttu \u00e1 d\u00f6gunum.<br>Tinna er uppalin \u00ed Gr\u00f3ttu og hefur leiki\u00f0 75 leiki fyrir f\u00e9lagi\u00f0 og skora\u00f0 \u00ed \u00feeim 35 m\u00f6rk. H\u00fan hefur veri\u00f0 lykilleikma\u00f0ur fr\u00e1 \u00fev\u00ed a\u00f0 meistaraflokkur var settur \u00e1 laggirnar \u00e1ri\u00f0 2016 og er leikjah\u00e6sta Gr\u00f3ttukonan \u00e1samt Dilj\u00e1 Mj\u00f6ll Aronsd\u00f3ttur.<br>Vi\u00f0 heyr\u00f0um hlj\u00f3\u00f0i\u00f0 \u00ed Tinnu sem kom til Trani \u00ed g\u00e6rkv\u00f6ld eftir langt fer\u00f0alag.<br><em>\u201e\u00deetta \u00e1 s\u00e9r ekki langan a\u00f0draganda. F\u00e9lagi\u00f0 haf\u00f0i samband vi\u00f0 mig flj\u00f3tlega eftir a\u00f0 Sigr\u00fan var komin \u00fat og eftir a\u00f0 hafa tala\u00f0 vi\u00f0 hana og hugsa\u00f0 m\u00e1li\u00f0 a\u00f0eins \u00e1kva\u00f0 \u00e9g a\u00f0 sl\u00e1 til. \u00dea\u00f0 er fr\u00e1b\u00e6rt t\u00e6kif\u00e6ri a\u00f0 b\u00faa \u00ed n\u00fdju landi og \u00e6fa f\u00f3tbolta vi\u00f0 a\u00f0rar a\u00f0st\u00e6\u00f0ur. \u00dea\u00f0 var til d\u00e6mis mj\u00f6g notalegt a\u00f0 vakna \u00ed s\u00f3l og bl\u00ed\u00f0u \u00ed morgun! En \u00e9g vona a\u00f0allega a\u00f0 \u00feetta ver\u00f0i reynsla sem muni n\u00fdtast m\u00e9r \u00ed framt\u00ed\u00f0inni, b\u00e6\u00f0i inni \u00e1 vellinum me\u00f0 Gr\u00f3ttu og annars sta\u00f0ar \u00ed l\u00edfinu&#8220;<br><\/em>Fjalla\u00f0 er um f\u00e9lagaskiptin \u00e1 vefmi\u00f0linum TraniViva. \u00dear segir me\u00f0al annars:<em> \u201eVi\u00f0 erum sannf\u00e6r\u00f0 um a\u00f0 eiginleikar Tinnu sem framherja muni efla s\u00f3knarleik li\u00f0sins og hj\u00e1lpa til vi\u00f0 a\u00f0 n\u00e1 settum markmi\u00f0um. Vi\u00f0 bj\u00f3\u00f0um Tinnu hjartanlega velkomna til Trani&#8220;<\/em> ??<\/p><figure class=\"wp-block-image size-large\"><img fetchpriority=\"high\" decoding=\"async\" width=\"1024\" height=\"683\" src=\"https:\/\/grotta.is\/wp-content\/uploads\/2020\/10\/db368e8c_cdf1_4262_991b_4f66b11b4062-1024x683.jpg\" alt=\"\" class=\"wp-image-123213\" srcset=\"https:\/\/grotta.is\/wp-content\/uploads\/2020\/10\/db368e8c_cdf1_4262_991b_4f66b11b4062-1024x683.jpg 1024w, https:\/\/grotta.is\/wp-content\/uploads\/2020\/10\/db368e8c_cdf1_4262_991b_4f66b11b4062-300x200.jpg 300w, https:\/\/grotta.is\/wp-content\/uploads\/2020\/10\/db368e8c_cdf1_4262_991b_4f66b11b4062-768x512.jpg 768w, https:\/\/grotta.is\/wp-content\/uploads\/2020\/10\/db368e8c_cdf1_4262_991b_4f66b11b4062-600x400.jpg 600w, https:\/\/grotta.is\/wp-content\/uploads\/2020\/10\/db368e8c_cdf1_4262_991b_4f66b11b4062.jpg 1200w\" sizes=\"(max-width: 1024px) 100vw, 1024px\" \/><\/figure><figure class=\"wp-block-image size-large\"><img decoding=\"async\" width=\"1024\" height=\"683\" data-src=\"https:\/\/grotta.is\/wp-content\/uploads\/2020\/10\/ba1f42a5_1efa_4894_9cc1_a8b624443993-1024x683.jpg\" alt=\"\" class=\"wp-image-123215 lazyload\" data-srcset=\"https:\/\/grotta.is\/wp-content\/uploads\/2020\/10\/ba1f42a5_1efa_4894_9cc1_a8b624443993-1024x683.jpg 1024w, https:\/\/grotta.is\/wp-content\/uploads\/2020\/10\/ba1f42a5_1efa_4894_9cc1_a8b624443993-300x200.jpg 300w, https:\/\/grotta.is\/wp-content\/uploads\/2020\/10\/ba1f42a5_1efa_4894_9cc1_a8b624443993-768x512.jpg 768w, https:\/\/grotta.is\/wp-content\/uploads\/2020\/10\/ba1f42a5_1efa_4894_9cc1_a8b624443993-600x400.jpg 600w, https:\/\/grotta.is\/wp-content\/uploads\/2020\/10\/ba1f42a5_1efa_4894_9cc1_a8b624443993.jpg 1200w\" data-sizes=\"(max-width: 1024px) 100vw, 1024px\" src=\"data:image\/gif;base64,R0lGODlhAQABAAAAACH5BAEKAAEALAAAAAABAAEAAAICTAEAOw==\" style=\"--smush-placeholder-width: 1024px; --smush-placeholder-aspect-ratio: 1024\/683;\" \/><\/figure>","protected":false},"excerpt":{"rendered":"<p>Tinna Bjarkar J\u00f3nsd\u00f3ttir, fyrirli\u00f0i Gr\u00f3ttu, hefur gert l\u00e1nssamning vi\u00f0 \u00edtalska li\u00f0i\u00f0 Apulia Trani sem leikur \u00ed Serie C. Tinna er komin \u00fat og g\u00e6ti leiki\u00f0 sinn fyrsta leik me\u00f0 li\u00f0inu [&hellip;]<\/p>","protected":false},"author":4,"featured_media":123213,"comment_status":"closed","ping_status":"closed","sticky":false,"template":"","format":"standard","meta":{"footnotes":""},"categories":[7],"tags":[],"class_list":["post-123209","post","type-post","status-publish","format-standard","has-post-thumbnail","hentry","category-knattspyrnudeild"],"yoast_head":"<!-- This site is optimized with the Yoast SEO plugin v24.3 - https:\/\/yoast.com\/wordpress\/plugins\/seo\/ -->\n<title>Tinna til Apulia Trani - \u00cd\u00fer\u00f3ttaf\u00e9lagi\u00f0 Gr\u00f3tta<\/title>\n<meta name=\"robots\" content=\"index, follow, max-snippet:-1, max-image-preview:large, max-video-preview:-1\" \/>\n<link rel=\"canonical\" href=\"https:\/\/grotta.is\/en\/knattspyrnudeild\/tinna-til-apulia-trani\/\" \/>\n<meta property=\"og:locale\" content=\"en_US\" \/>\n<meta property=\"og:type\" content=\"article\" \/>\n<meta property=\"og:title\" content=\"Tinna til Apulia Trani - \u00cd\u00fer\u00f3ttaf\u00e9lagi\u00f0 Gr\u00f3tta\" \/>\n<meta property=\"og:description\" content=\"Tinna Bjarkar J\u00f3nsd\u00f3ttir, fyrirli\u00f0i Gr\u00f3ttu, hefur gert l\u00e1nssamning vi\u00f0 \u00edtalska li\u00f0i\u00f0 Apulia Trani sem leikur \u00ed Serie C. Tinna er komin \u00fat og g\u00e6ti leiki\u00f0 sinn fyrsta leik me\u00f0 li\u00f0inu [&hellip;]\" \/>\n<meta property=\"og:url\" content=\"https:\/\/grotta.is\/en\/knattspyrnudeild\/tinna-til-apulia-trani\/\" \/>\n<meta property=\"og:site_name\" content=\"\u00cd\u00fer\u00f3ttaf\u00e9lagi\u00f0 Gr\u00f3tta\" \/>\n<meta property=\"article:publisher\" content=\"https:\/\/www.facebook.com\/grottasport\" \/>\n<meta property=\"article:published_time\" content=\"2020-10-22T14:32:19+00:00\" \/>\n<meta property=\"article:modified_time\" content=\"2020-10-22T15:16:33+00:00\" \/>\n<meta property=\"og:image\" content=\"https:\/\/grotta.is\/wp-content\/uploads\/2020\/10\/db368e8c_cdf1_4262_991b_4f66b11b4062.jpg\" \/>\n\t<meta property=\"og:image:width\" content=\"1200\" \/>\n\t<meta property=\"og:image:height\" content=\"800\" \/>\n\t<meta property=\"og:image:type\" content=\"image\/jpeg\" \/>\n<meta name=\"author\" content=\"J\u00f3runn M. \u00deorsteinsd\u00f3ttir\" \/>\n<meta name=\"twitter:card\" content=\"summary_large_image\" \/>\n<meta name=\"twitter:label1\" content=\"Written by\" \/>\n\t<meta name=\"twitter:data1\" content=\"J\u00f3runn M. \u00deorsteinsd\u00f3ttir\" \/>\n\t<meta name=\"twitter:label2\" content=\"Est. reading time\" \/>\n\t<meta name=\"twitter:data2\" content=\"1 minute\" \/>\n<script type=\"application\/ld+json\" class=\"yoast-schema-graph\">{\"@context\":\"https:\/\/schema.org\",\"@graph\":[{\"@type\":\"Article\",\"@id\":\"https:\/\/grotta.is\/knattspyrnudeild\/tinna-til-apulia-trani\/#article\",\"isPartOf\":{\"@id\":\"https:\/\/grotta.is\/knattspyrnudeild\/tinna-til-apulia-trani\/\"},\"author\":{\"name\":\"J\u00f3runn M. \u00deorsteinsd\u00f3ttir\",\"@id\":\"https:\/\/grotta.is\/#\/schema\/person\/f1fea6a85a554e8069771c3486efbd84\"},\"headline\":\"Tinna til Apulia Trani\",\"datePublished\":\"2020-10-22T14:32:19+00:00\",\"dateModified\":\"2020-10-22T15:16:33+00:00\",\"mainEntityOfPage\":{\"@id\":\"https:\/\/grotta.is\/knattspyrnudeild\/tinna-til-apulia-trani\/\"},\"wordCount\":296,\"publisher\":{\"@id\":\"https:\/\/grotta.is\/#organization\"},\"image\":{\"@id\":\"https:\/\/grotta.is\/knattspyrnudeild\/tinna-til-apulia-trani\/#primaryimage\"},\"thumbnailUrl\":\"https:\/\/grotta.is\/wp-content\/uploads\/2020\/10\/db368e8c_cdf1_4262_991b_4f66b11b4062.jpg\",\"articleSection\":[\"Knattspyrnudeild\"],\"inLanguage\":\"en-US\"},{\"@type\":\"WebPage\",\"@id\":\"https:\/\/grotta.is\/knattspyrnudeild\/tinna-til-apulia-trani\/\",\"url\":\"https:\/\/grotta.is\/knattspyrnudeild\/tinna-til-apulia-trani\/\",\"name\":\"Tinna til Apulia Trani - \u00cd\u00fer\u00f3ttaf\u00e9lagi\u00f0 Gr\u00f3tta\",\"isPartOf\":{\"@id\":\"https:\/\/grotta.is\/#website\"},\"primaryImageOfPage\":{\"@id\":\"https:\/\/grotta.is\/knattspyrnudeild\/tinna-til-apulia-trani\/#primaryimage\"},\"image\":{\"@id\":\"https:\/\/grotta.is\/knattspyrnudeild\/tinna-til-apulia-trani\/#primaryimage\"},\"thumbnailUrl\":\"https:\/\/grotta.is\/wp-content\/uploads\/2020\/10\/db368e8c_cdf1_4262_991b_4f66b11b4062.jpg\",\"datePublished\":\"2020-10-22T14:32:19+00:00\",\"dateModified\":\"2020-10-22T15:16:33+00:00\",\"breadcrumb\":{\"@id\":\"https:\/\/grotta.is\/knattspyrnudeild\/tinna-til-apulia-trani\/#breadcrumb\"},\"inLanguage\":\"en-US\",\"potentialAction\":[{\"@type\":\"ReadAction\",\"target\":[\"https:\/\/grotta.is\/knattspyrnudeild\/tinna-til-apulia-trani\/\"]}]},{\"@type\":\"ImageObject\",\"inLanguage\":\"en-US\",\"@id\":\"https:\/\/grotta.is\/knattspyrnudeild\/tinna-til-apulia-trani\/#primaryimage\",\"url\":\"https:\/\/grotta.is\/wp-content\/uploads\/2020\/10\/db368e8c_cdf1_4262_991b_4f66b11b4062.jpg\",\"contentUrl\":\"https:\/\/grotta.is\/wp-content\/uploads\/2020\/10\/db368e8c_cdf1_4262_991b_4f66b11b4062.jpg\",\"width\":1200,\"height\":800},{\"@type\":\"BreadcrumbList\",\"@id\":\"https:\/\/grotta.is\/knattspyrnudeild\/tinna-til-apulia-trani\/#breadcrumb\",\"itemListElement\":[{\"@type\":\"ListItem\",\"position\":1,\"name\":\"Home\",\"item\":\"https:\/\/grotta.is\/\"},{\"@type\":\"ListItem\",\"position\":2,\"name\":\"Tinna til Apulia Trani\"}]},{\"@type\":\"WebSite\",\"@id\":\"https:\/\/grotta.is\/#website\",\"url\":\"https:\/\/grotta.is\/\",\"name\":\"\u00cd\u00fer\u00f3ttaf\u00e9lagi\u00f0 Gr\u00f3tta\",\"description\":\"\u00e1 Seltjarnarnesi\",\"publisher\":{\"@id\":\"https:\/\/grotta.is\/#organization\"},\"potentialAction\":[{\"@type\":\"SearchAction\",\"target\":{\"@type\":\"EntryPoint\",\"urlTemplate\":\"https:\/\/grotta.is\/?s={search_term_string}\"},\"query-input\":{\"@type\":\"PropertyValueSpecification\",\"valueRequired\":true,\"valueName\":\"search_term_string\"}}],\"inLanguage\":\"en-US\"},{\"@type\":\"Organization\",\"@id\":\"https:\/\/grotta.is\/#organization\",\"name\":\"\u00cd\u00fer\u00f3ttaf\u00e9lagi\u00f0 Gr\u00f3tta\",\"url\":\"https:\/\/grotta.is\/\",\"logo\":{\"@type\":\"ImageObject\",\"inLanguage\":\"en-US\",\"@id\":\"https:\/\/grotta.is\/#\/schema\/logo\/image\/\",\"url\":\"https:\/\/grotta.is\/wp-content\/uploads\/2020\/02\/ithrottafelagidgrotta_logo_512x512_transparent.png\",\"contentUrl\":\"https:\/\/grotta.is\/wp-content\/uploads\/2020\/02\/ithrottafelagidgrotta_logo_512x512_transparent.png\",\"width\":512,\"height\":512,\"caption\":\"\u00cd\u00fer\u00f3ttaf\u00e9lagi\u00f0 Gr\u00f3tta\"},\"image\":{\"@id\":\"https:\/\/grotta.is\/#\/schema\/logo\/image\/\"},\"sameAs\":[\"https:\/\/www.facebook.com\/grottasport\"]},{\"@type\":\"Person\",\"@id\":\"https:\/\/grotta.is\/#\/schema\/person\/f1fea6a85a554e8069771c3486efbd84\",\"name\":\"J\u00f3runn M. \u00deorsteinsd\u00f3ttir\",\"url\":\"https:\/\/grotta.is\/en\/author\/jorunn\/\"}]}<\/script>\n<!-- \/ Yoast SEO plugin. -->","yoast_head_json":{"title":"Tinna til Apulia Trani - \u00cd\u00fer\u00f3ttaf\u00e9lagi\u00f0 Gr\u00f3tta","robots":{"index":"index","follow":"follow","max-snippet":"max-snippet:-1","max-image-preview":"max-image-preview:large","max-video-preview":"max-video-preview:-1"},"canonical":"https:\/\/grotta.is\/en\/knattspyrnudeild\/tinna-til-apulia-trani\/","og_locale":"en_US","og_type":"article","og_title":"Tinna til Apulia Trani - \u00cd\u00fer\u00f3ttaf\u00e9lagi\u00f0 Gr\u00f3tta","og_description":"Tinna Bjarkar J\u00f3nsd\u00f3ttir, fyrirli\u00f0i Gr\u00f3ttu, hefur gert l\u00e1nssamning vi\u00f0 \u00edtalska li\u00f0i\u00f0 Apulia Trani sem leikur \u00ed Serie C. Tinna er komin \u00fat og g\u00e6ti leiki\u00f0 sinn fyrsta leik me\u00f0 li\u00f0inu [&hellip;]","og_url":"https:\/\/grotta.is\/en\/knattspyrnudeild\/tinna-til-apulia-trani\/","og_site_name":"\u00cd\u00fer\u00f3ttaf\u00e9lagi\u00f0 Gr\u00f3tta","article_publisher":"https:\/\/www.facebook.com\/grottasport","article_published_time":"2020-10-22T14:32:19+00:00","article_modified_time":"2020-10-22T15:16:33+00:00","og_image":[{"width":1200,"height":800,"url":"https:\/\/grotta.is\/wp-content\/uploads\/2020\/10\/db368e8c_cdf1_4262_991b_4f66b11b4062.jpg","type":"image\/jpeg"}],"author":"J\u00f3runn M. \u00deorsteinsd\u00f3ttir","twitter_card":"summary_large_image","twitter_misc":{"Written by":"J\u00f3runn M. \u00deorsteinsd\u00f3ttir","Est. reading time":"1 minute"},"schema":{"@context":"https:\/\/schema.org","@graph":[{"@type":"Article","@id":"https:\/\/grotta.is\/knattspyrnudeild\/tinna-til-apulia-trani\/#article","isPartOf":{"@id":"https:\/\/grotta.is\/knattspyrnudeild\/tinna-til-apulia-trani\/"},"author":{"name":"J\u00f3runn M. \u00deorsteinsd\u00f3ttir","@id":"https:\/\/grotta.is\/#\/schema\/person\/f1fea6a85a554e8069771c3486efbd84"},"headline":"Tinna til Apulia Trani","datePublished":"2020-10-22T14:32:19+00:00","dateModified":"2020-10-22T15:16:33+00:00","mainEntityOfPage":{"@id":"https:\/\/grotta.is\/knattspyrnudeild\/tinna-til-apulia-trani\/"},"wordCount":296,"publisher":{"@id":"https:\/\/grotta.is\/#organization"},"image":{"@id":"https:\/\/grotta.is\/knattspyrnudeild\/tinna-til-apulia-trani\/#primaryimage"},"thumbnailUrl":"https:\/\/grotta.is\/wp-content\/uploads\/2020\/10\/db368e8c_cdf1_4262_991b_4f66b11b4062.jpg","articleSection":["Knattspyrnudeild"],"inLanguage":"en-US"},{"@type":"WebPage","@id":"https:\/\/grotta.is\/knattspyrnudeild\/tinna-til-apulia-trani\/","url":"https:\/\/grotta.is\/knattspyrnudeild\/tinna-til-apulia-trani\/","name":"Tinna til Apulia Trani - \u00cd\u00fer\u00f3ttaf\u00e9lagi\u00f0 Gr\u00f3tta","isPartOf":{"@id":"https:\/\/grotta.is\/#website"},"primaryImageOfPage":{"@id":"https:\/\/grotta.is\/knattspyrnudeild\/tinna-til-apulia-trani\/#primaryimage"},"image":{"@id":"https:\/\/grotta.is\/knattspyrnudeild\/tinna-til-apulia-trani\/#primaryimage"},"thumbnailUrl":"https:\/\/grotta.is\/wp-content\/uploads\/2020\/10\/db368e8c_cdf1_4262_991b_4f66b11b4062.jpg","datePublished":"2020-10-22T14:32:19+00:00","dateModified":"2020-10-22T15:16:33+00:00","breadcrumb":{"@id":"https:\/\/grotta.is\/knattspyrnudeild\/tinna-til-apulia-trani\/#breadcrumb"},"inLanguage":"en-US","potentialAction":[{"@type":"ReadAction","target":["https:\/\/grotta.is\/knattspyrnudeild\/tinna-til-apulia-trani\/"]}]},{"@type":"ImageObject","inLanguage":"en-US","@id":"https:\/\/grotta.is\/knattspyrnudeild\/tinna-til-apulia-trani\/#primaryimage","url":"https:\/\/grotta.is\/wp-content\/uploads\/2020\/10\/db368e8c_cdf1_4262_991b_4f66b11b4062.jpg","contentUrl":"https:\/\/grotta.is\/wp-content\/uploads\/2020\/10\/db368e8c_cdf1_4262_991b_4f66b11b4062.jpg","width":1200,"height":800},{"@type":"BreadcrumbList","@id":"https:\/\/grotta.is\/knattspyrnudeild\/tinna-til-apulia-trani\/#breadcrumb","itemListElement":[{"@type":"ListItem","position":1,"name":"Home","item":"https:\/\/grotta.is\/"},{"@type":"ListItem","position":2,"name":"Tinna til Apulia Trani"}]},{"@type":"WebSite","@id":"https:\/\/grotta.is\/#website","url":"https:\/\/grotta.is\/","name":"\u00cd\u00fer\u00f3ttaf\u00e9lagi\u00f0 Gr\u00f3tta","description":"\u00e1 Seltjarnarnesi","publisher":{"@id":"https:\/\/grotta.is\/#organization"},"potentialAction":[{"@type":"SearchAction","target":{"@type":"EntryPoint","urlTemplate":"https:\/\/grotta.is\/?s={search_term_string}"},"query-input":{"@type":"PropertyValueSpecification","valueRequired":true,"valueName":"search_term_string"}}],"inLanguage":"en-US"},{"@type":"Organization","@id":"https:\/\/grotta.is\/#organization","name":"\u00cd\u00fer\u00f3ttaf\u00e9lagi\u00f0 Gr\u00f3tta","url":"https:\/\/grotta.is\/","logo":{"@type":"ImageObject","inLanguage":"en-US","@id":"https:\/\/grotta.is\/#\/schema\/logo\/image\/","url":"https:\/\/grotta.is\/wp-content\/uploads\/2020\/02\/ithrottafelagidgrotta_logo_512x512_transparent.png","contentUrl":"https:\/\/grotta.is\/wp-content\/uploads\/2020\/02\/ithrottafelagidgrotta_logo_512x512_transparent.png","width":512,"height":512,"caption":"\u00cd\u00fer\u00f3ttaf\u00e9lagi\u00f0 Gr\u00f3tta"},"image":{"@id":"https:\/\/grotta.is\/#\/schema\/logo\/image\/"},"sameAs":["https:\/\/www.facebook.com\/grottasport"]},{"@type":"Person","@id":"https:\/\/grotta.is\/#\/schema\/person\/f1fea6a85a554e8069771c3486efbd84","name":"J\u00f3runn M. \u00deorsteinsd\u00f3ttir","url":"https:\/\/grotta.is\/en\/author\/jorunn\/"}]}},"_links":{"self":[{"href":"https:\/\/grotta.is\/en\/wp-json\/wp\/v2\/posts\/123209","targetHints":{"allow":["GET"]}}],"collection":[{"href":"https:\/\/grotta.is\/en\/wp-json\/wp\/v2\/posts"}],"about":[{"href":"https:\/\/grotta.is\/en\/wp-json\/wp\/v2\/types\/post"}],"author":[{"embeddable":true,"href":"https:\/\/grotta.is\/en\/wp-json\/wp\/v2\/users\/4"}],"replies":[{"embeddable":true,"href":"https:\/\/grotta.is\/en\/wp-json\/wp\/v2\/comments?post=123209"}],"version-history":[{"count":2,"href":"https:\/\/grotta.is\/en\/wp-json\/wp\/v2\/posts\/123209\/revisions"}],"predecessor-version":[{"id":123315,"href":"https:\/\/grotta.is\/en\/wp-json\/wp\/v2\/posts\/123209\/revisions\/123315"}],"wp:featuredmedia":[{"embeddable":true,"href":"https:\/\/grotta.is\/en\/wp-json\/wp\/v2\/media\/123213"}],"wp:attachment":[{"href":"https:\/\/grotta.is\/en\/wp-json\/wp\/v2\/media?parent=123209"}],"wp:term":[{"taxonomy":"category","embeddable":true,"href":"https:\/\/grotta.is\/en\/wp-json\/wp\/v2\/categories?post=123209"},{"taxonomy":"post_tag","embeddable":true,"href":"https:\/\/grotta.is\/en\/wp-json\/wp\/v2\/tags?post=123209"}],"curies":[{"name":"wp","href":"https:\/\/api.w.org\/{rel}","templated":true}]}}