{"id":12273,"date":"2016-07-03T22:45:00","date_gmt":"2016-07-03T22:45:00","guid":{"rendered":"https:\/\/grotta.is\/?p=12273"},"modified":"2020-07-30T22:48:47","modified_gmt":"2020-07-30T22:48:47","slug":"emma-havin-til-lids-vid-grottu","status":"publish","type":"post","link":"https:\/\/grotta.is\/en\/handknattleiksdeild\/emma-havin-til-lids-vid-grottu\/","title":{"rendered":"Emma Havin til li\u00f0s vi\u00f0 Gr\u00f3ttu"},"content":{"rendered":"<p>Hornama\u00f0urinn Emma Havin Sardarsd\u00f3ttir hefur skrifa\u00f0 undir samning um a\u00f0 leika me\u00f0 Gr\u00f3ttu n\u00e6stu tv\u00f6 keppnist\u00edmabil. Emma er 26 \u00e1ra g\u00f6mul og er uppalinn Akureyringur en hefur undanfarin \u00e1r leiki\u00f0 me\u00f0 HK. \u00c1 s\u00ednum yngri \u00e1rum \u00e1tti Emma fast s\u00e6ti \u00ed landsli\u00f0um HS\u00cd. \u00c1 s\u00ed\u00f0asta keppnist\u00edmabili skora\u00f0i h\u00fan 89 m\u00f6rk \u00ed 22 leikjum \u00ed Ol\u00eds deild kvenna.<\/p><p>Handknattleiksdeild Gr\u00f3ttu l\u00fdsir yfir mikilli \u00e1n\u00e6gju me\u00f0 a\u00f0 f\u00e1 Emmu \u00ed ra\u00f0ir f\u00e9lagsins og b\u00fd\u00f0ur hana hjartanlega velkomna \u00e1 Nesi\u00f0.<\/p>","protected":false},"excerpt":{"rendered":"<p>Hornama\u00f0urinn Emma Havin Sardarsd\u00f3ttir hefur skrifa\u00f0 undir samning um a\u00f0 leika me\u00f0 Gr\u00f3ttu n\u00e6stu tv\u00f6 keppnist\u00edmabil. Emma er 26 \u00e1ra g\u00f6mul og er uppalinn Akureyringur en hefur undanfarin \u00e1r leiki\u00f0 me\u00f0 HK. \u00c1 s\u00ednum yngri \u00e1rum \u00e1tti Emma fast s\u00e6ti \u00ed landsli\u00f0um HS\u00cd. \u00c1 s\u00ed\u00f0asta keppnist\u00edmabili skora\u00f0i h\u00fan 89 m\u00f6rk \u00ed 22 leikjum \u00ed Ol\u00eds deild kvenna.<\/p>","protected":false},"author":2,"featured_media":12280,"comment_status":"closed","ping_status":"closed","sticky":false,"template":"","format":"standard","meta":{"footnotes":""},"categories":[12],"tags":[13,17,18],"class_list":["post-12273","post","type-post","status-publish","format-standard","has-post-thumbnail","hentry","category-handknattleiksdeild","tag-handbolti","tag-leikmenn","tag-mfl-kvk"],"yoast_head":"<!-- This site is optimized with the Yoast SEO plugin v24.3 - https:\/\/yoast.com\/wordpress\/plugins\/seo\/ -->\n<title>Emma Havin til li\u00f0s vi\u00f0 Gr\u00f3ttu - \u00cd\u00fer\u00f3ttaf\u00e9lagi\u00f0 Gr\u00f3tta<\/title>\n<meta name=\"robots\" content=\"index, follow, max-snippet:-1, max-image-preview:large, max-video-preview:-1\" \/>\n<link rel=\"canonical\" href=\"https:\/\/grotta.is\/en\/handknattleiksdeild\/emma-havin-til-lids-vid-grottu\/\" \/>\n<meta property=\"og:locale\" content=\"en_US\" \/>\n<meta property=\"og:type\" content=\"article\" \/>\n<meta property=\"og:title\" content=\"Emma Havin til li\u00f0s vi\u00f0 Gr\u00f3ttu - \u00cd\u00fer\u00f3ttaf\u00e9lagi\u00f0 Gr\u00f3tta\" \/>\n<meta property=\"og:description\" content=\"Hornama\u00f0urinn Emma Havin Sardarsd\u00f3ttir hefur skrifa\u00f0 undir samning um a\u00f0 leika me\u00f0 Gr\u00f3ttu n\u00e6stu tv\u00f6 keppnist\u00edmabil. Emma er 26 \u00e1ra g\u00f6mul og er uppalinn Akureyringur en hefur undanfarin \u00e1r leiki\u00f0 me\u00f0 HK. \u00c1 s\u00ednum yngri \u00e1rum \u00e1tti Emma fast s\u00e6ti \u00ed landsli\u00f0um HS\u00cd. \u00c1 s\u00ed\u00f0asta keppnist\u00edmabili skora\u00f0i h\u00fan 89 m\u00f6rk \u00ed 22 leikjum \u00ed Ol\u00eds deild kvenna.\" \/>\n<meta property=\"og:url\" content=\"https:\/\/grotta.is\/en\/handknattleiksdeild\/emma-havin-til-lids-vid-grottu\/\" \/>\n<meta property=\"og:site_name\" content=\"\u00cd\u00fer\u00f3ttaf\u00e9lagi\u00f0 Gr\u00f3tta\" \/>\n<meta property=\"article:publisher\" content=\"https:\/\/www.facebook.com\/grottasport\" \/>\n<meta property=\"article:published_time\" content=\"2016-07-03T22:45:00+00:00\" \/>\n<meta property=\"article:modified_time\" content=\"2020-07-30T22:48:47+00:00\" \/>\n<meta property=\"og:image\" content=\"https:\/\/grotta.is\/wp-content\/uploads\/2016\/07\/Emma_Havin-e1466961352878-scaled.jpg\" \/>\n\t<meta property=\"og:image:width\" content=\"2560\" \/>\n\t<meta property=\"og:image:height\" content=\"2560\" \/>\n\t<meta property=\"og:image:type\" content=\"image\/jpeg\" \/>\n<meta name=\"author\" content=\"Grotta\" \/>\n<meta name=\"twitter:card\" content=\"summary_large_image\" \/>\n<meta name=\"twitter:label1\" content=\"Written by\" \/>\n\t<meta name=\"twitter:data1\" content=\"Grotta\" \/>\n<script type=\"application\/ld+json\" class=\"yoast-schema-graph\">{\"@context\":\"https:\/\/schema.org\",\"@graph\":[{\"@type\":\"Article\",\"@id\":\"https:\/\/grotta.is\/handknattleiksdeild\/emma-havin-til-lids-vid-grottu\/#article\",\"isPartOf\":{\"@id\":\"https:\/\/grotta.is\/handknattleiksdeild\/emma-havin-til-lids-vid-grottu\/\"},\"author\":{\"name\":\"Grotta\",\"@id\":\"https:\/\/grotta.is\/#\/schema\/person\/08ec57bf09ee925f1b6a01540c14a5ce\"},\"headline\":\"Emma Havin til li\u00f0s vi\u00f0 Gr\u00f3ttu\",\"datePublished\":\"2016-07-03T22:45:00+00:00\",\"dateModified\":\"2020-07-30T22:48:47+00:00\",\"mainEntityOfPage\":{\"@id\":\"https:\/\/grotta.is\/handknattleiksdeild\/emma-havin-til-lids-vid-grottu\/\"},\"wordCount\":96,\"publisher\":{\"@id\":\"https:\/\/grotta.is\/#organization\"},\"image\":{\"@id\":\"https:\/\/grotta.is\/handknattleiksdeild\/emma-havin-til-lids-vid-grottu\/#primaryimage\"},\"thumbnailUrl\":\"https:\/\/grotta.is\/wp-content\/uploads\/2016\/07\/Emma_Havin-e1466961352878-scaled.jpg\",\"keywords\":[\"Handbolti\",\"Leikmenn\",\"Mfl.kvk\"],\"articleSection\":[\"Handknattleiksdeild\"],\"inLanguage\":\"en-US\"},{\"@type\":\"WebPage\",\"@id\":\"https:\/\/grotta.is\/handknattleiksdeild\/emma-havin-til-lids-vid-grottu\/\",\"url\":\"https:\/\/grotta.is\/handknattleiksdeild\/emma-havin-til-lids-vid-grottu\/\",\"name\":\"Emma Havin til li\u00f0s vi\u00f0 Gr\u00f3ttu - \u00cd\u00fer\u00f3ttaf\u00e9lagi\u00f0 Gr\u00f3tta\",\"isPartOf\":{\"@id\":\"https:\/\/grotta.is\/#website\"},\"primaryImageOfPage\":{\"@id\":\"https:\/\/grotta.is\/handknattleiksdeild\/emma-havin-til-lids-vid-grottu\/#primaryimage\"},\"image\":{\"@id\":\"https:\/\/grotta.is\/handknattleiksdeild\/emma-havin-til-lids-vid-grottu\/#primaryimage\"},\"thumbnailUrl\":\"https:\/\/grotta.is\/wp-content\/uploads\/2016\/07\/Emma_Havin-e1466961352878-scaled.jpg\",\"datePublished\":\"2016-07-03T22:45:00+00:00\",\"dateModified\":\"2020-07-30T22:48:47+00:00\",\"breadcrumb\":{\"@id\":\"https:\/\/grotta.is\/handknattleiksdeild\/emma-havin-til-lids-vid-grottu\/#breadcrumb\"},\"inLanguage\":\"en-US\",\"potentialAction\":[{\"@type\":\"ReadAction\",\"target\":[\"https:\/\/grotta.is\/handknattleiksdeild\/emma-havin-til-lids-vid-grottu\/\"]}]},{\"@type\":\"ImageObject\",\"inLanguage\":\"en-US\",\"@id\":\"https:\/\/grotta.is\/handknattleiksdeild\/emma-havin-til-lids-vid-grottu\/#primaryimage\",\"url\":\"https:\/\/grotta.is\/wp-content\/uploads\/2016\/07\/Emma_Havin-e1466961352878-scaled.jpg\",\"contentUrl\":\"https:\/\/grotta.is\/wp-content\/uploads\/2016\/07\/Emma_Havin-e1466961352878-scaled.jpg\",\"width\":2560,\"height\":2560},{\"@type\":\"BreadcrumbList\",\"@id\":\"https:\/\/grotta.is\/handknattleiksdeild\/emma-havin-til-lids-vid-grottu\/#breadcrumb\",\"itemListElement\":[{\"@type\":\"ListItem\",\"position\":1,\"name\":\"Home\",\"item\":\"https:\/\/grotta.is\/\"},{\"@type\":\"ListItem\",\"position\":2,\"name\":\"Emma Havin til li\u00f0s vi\u00f0 Gr\u00f3ttu\"}]},{\"@type\":\"WebSite\",\"@id\":\"https:\/\/grotta.is\/#website\",\"url\":\"https:\/\/grotta.is\/\",\"name\":\"\u00cd\u00fer\u00f3ttaf\u00e9lagi\u00f0 Gr\u00f3tta\",\"description\":\"\u00e1 Seltjarnarnesi\",\"publisher\":{\"@id\":\"https:\/\/grotta.is\/#organization\"},\"potentialAction\":[{\"@type\":\"SearchAction\",\"target\":{\"@type\":\"EntryPoint\",\"urlTemplate\":\"https:\/\/grotta.is\/?s={search_term_string}\"},\"query-input\":{\"@type\":\"PropertyValueSpecification\",\"valueRequired\":true,\"valueName\":\"search_term_string\"}}],\"inLanguage\":\"en-US\"},{\"@type\":\"Organization\",\"@id\":\"https:\/\/grotta.is\/#organization\",\"name\":\"\u00cd\u00fer\u00f3ttaf\u00e9lagi\u00f0 Gr\u00f3tta\",\"url\":\"https:\/\/grotta.is\/\",\"logo\":{\"@type\":\"ImageObject\",\"inLanguage\":\"en-US\",\"@id\":\"https:\/\/grotta.is\/#\/schema\/logo\/image\/\",\"url\":\"https:\/\/grotta.is\/wp-content\/uploads\/2020\/02\/ithrottafelagidgrotta_logo_512x512_transparent.png\",\"contentUrl\":\"https:\/\/grotta.is\/wp-content\/uploads\/2020\/02\/ithrottafelagidgrotta_logo_512x512_transparent.png\",\"width\":512,\"height\":512,\"caption\":\"\u00cd\u00fer\u00f3ttaf\u00e9lagi\u00f0 Gr\u00f3tta\"},\"image\":{\"@id\":\"https:\/\/grotta.is\/#\/schema\/logo\/image\/\"},\"sameAs\":[\"https:\/\/www.facebook.com\/grottasport\"]},{\"@type\":\"Person\",\"@id\":\"https:\/\/grotta.is\/#\/schema\/person\/08ec57bf09ee925f1b6a01540c14a5ce\",\"name\":\"Grotta\",\"url\":\"https:\/\/grotta.is\/en\/author\/inga\/\"}]}<\/script>\n<!-- \/ Yoast SEO plugin. -->","yoast_head_json":{"title":"Emma Havin til li\u00f0s vi\u00f0 Gr\u00f3ttu - \u00cd\u00fer\u00f3ttaf\u00e9lagi\u00f0 Gr\u00f3tta","robots":{"index":"index","follow":"follow","max-snippet":"max-snippet:-1","max-image-preview":"max-image-preview:large","max-video-preview":"max-video-preview:-1"},"canonical":"https:\/\/grotta.is\/en\/handknattleiksdeild\/emma-havin-til-lids-vid-grottu\/","og_locale":"en_US","og_type":"article","og_title":"Emma Havin til li\u00f0s vi\u00f0 Gr\u00f3ttu - \u00cd\u00fer\u00f3ttaf\u00e9lagi\u00f0 Gr\u00f3tta","og_description":"Hornama\u00f0urinn Emma Havin Sardarsd\u00f3ttir hefur skrifa\u00f0 undir samning um a\u00f0 leika me\u00f0 Gr\u00f3ttu n\u00e6stu tv\u00f6 keppnist\u00edmabil. Emma er 26 \u00e1ra g\u00f6mul og er uppalinn Akureyringur en hefur undanfarin \u00e1r leiki\u00f0 me\u00f0 HK. \u00c1 s\u00ednum yngri \u00e1rum \u00e1tti Emma fast s\u00e6ti \u00ed landsli\u00f0um HS\u00cd. \u00c1 s\u00ed\u00f0asta keppnist\u00edmabili skora\u00f0i h\u00fan 89 m\u00f6rk \u00ed 22 leikjum \u00ed Ol\u00eds deild kvenna.","og_url":"https:\/\/grotta.is\/en\/handknattleiksdeild\/emma-havin-til-lids-vid-grottu\/","og_site_name":"\u00cd\u00fer\u00f3ttaf\u00e9lagi\u00f0 Gr\u00f3tta","article_publisher":"https:\/\/www.facebook.com\/grottasport","article_published_time":"2016-07-03T22:45:00+00:00","article_modified_time":"2020-07-30T22:48:47+00:00","og_image":[{"width":2560,"height":2560,"url":"https:\/\/grotta.is\/wp-content\/uploads\/2016\/07\/Emma_Havin-e1466961352878-scaled.jpg","type":"image\/jpeg"}],"author":"Grotta","twitter_card":"summary_large_image","twitter_misc":{"Written by":"Grotta"},"schema":{"@context":"https:\/\/schema.org","@graph":[{"@type":"Article","@id":"https:\/\/grotta.is\/handknattleiksdeild\/emma-havin-til-lids-vid-grottu\/#article","isPartOf":{"@id":"https:\/\/grotta.is\/handknattleiksdeild\/emma-havin-til-lids-vid-grottu\/"},"author":{"name":"Grotta","@id":"https:\/\/grotta.is\/#\/schema\/person\/08ec57bf09ee925f1b6a01540c14a5ce"},"headline":"Emma Havin til li\u00f0s vi\u00f0 Gr\u00f3ttu","datePublished":"2016-07-03T22:45:00+00:00","dateModified":"2020-07-30T22:48:47+00:00","mainEntityOfPage":{"@id":"https:\/\/grotta.is\/handknattleiksdeild\/emma-havin-til-lids-vid-grottu\/"},"wordCount":96,"publisher":{"@id":"https:\/\/grotta.is\/#organization"},"image":{"@id":"https:\/\/grotta.is\/handknattleiksdeild\/emma-havin-til-lids-vid-grottu\/#primaryimage"},"thumbnailUrl":"https:\/\/grotta.is\/wp-content\/uploads\/2016\/07\/Emma_Havin-e1466961352878-scaled.jpg","keywords":["Handbolti","Leikmenn","Mfl.kvk"],"articleSection":["Handknattleiksdeild"],"inLanguage":"en-US"},{"@type":"WebPage","@id":"https:\/\/grotta.is\/handknattleiksdeild\/emma-havin-til-lids-vid-grottu\/","url":"https:\/\/grotta.is\/handknattleiksdeild\/emma-havin-til-lids-vid-grottu\/","name":"Emma Havin til li\u00f0s vi\u00f0 Gr\u00f3ttu - \u00cd\u00fer\u00f3ttaf\u00e9lagi\u00f0 Gr\u00f3tta","isPartOf":{"@id":"https:\/\/grotta.is\/#website"},"primaryImageOfPage":{"@id":"https:\/\/grotta.is\/handknattleiksdeild\/emma-havin-til-lids-vid-grottu\/#primaryimage"},"image":{"@id":"https:\/\/grotta.is\/handknattleiksdeild\/emma-havin-til-lids-vid-grottu\/#primaryimage"},"thumbnailUrl":"https:\/\/grotta.is\/wp-content\/uploads\/2016\/07\/Emma_Havin-e1466961352878-scaled.jpg","datePublished":"2016-07-03T22:45:00+00:00","dateModified":"2020-07-30T22:48:47+00:00","breadcrumb":{"@id":"https:\/\/grotta.is\/handknattleiksdeild\/emma-havin-til-lids-vid-grottu\/#breadcrumb"},"inLanguage":"en-US","potentialAction":[{"@type":"ReadAction","target":["https:\/\/grotta.is\/handknattleiksdeild\/emma-havin-til-lids-vid-grottu\/"]}]},{"@type":"ImageObject","inLanguage":"en-US","@id":"https:\/\/grotta.is\/handknattleiksdeild\/emma-havin-til-lids-vid-grottu\/#primaryimage","url":"https:\/\/grotta.is\/wp-content\/uploads\/2016\/07\/Emma_Havin-e1466961352878-scaled.jpg","contentUrl":"https:\/\/grotta.is\/wp-content\/uploads\/2016\/07\/Emma_Havin-e1466961352878-scaled.jpg","width":2560,"height":2560},{"@type":"BreadcrumbList","@id":"https:\/\/grotta.is\/handknattleiksdeild\/emma-havin-til-lids-vid-grottu\/#breadcrumb","itemListElement":[{"@type":"ListItem","position":1,"name":"Home","item":"https:\/\/grotta.is\/"},{"@type":"ListItem","position":2,"name":"Emma Havin til li\u00f0s vi\u00f0 Gr\u00f3ttu"}]},{"@type":"WebSite","@id":"https:\/\/grotta.is\/#website","url":"https:\/\/grotta.is\/","name":"\u00cd\u00fer\u00f3ttaf\u00e9lagi\u00f0 Gr\u00f3tta","description":"\u00e1 Seltjarnarnesi","publisher":{"@id":"https:\/\/grotta.is\/#organization"},"potentialAction":[{"@type":"SearchAction","target":{"@type":"EntryPoint","urlTemplate":"https:\/\/grotta.is\/?s={search_term_string}"},"query-input":{"@type":"PropertyValueSpecification","valueRequired":true,"valueName":"search_term_string"}}],"inLanguage":"en-US"},{"@type":"Organization","@id":"https:\/\/grotta.is\/#organization","name":"\u00cd\u00fer\u00f3ttaf\u00e9lagi\u00f0 Gr\u00f3tta","url":"https:\/\/grotta.is\/","logo":{"@type":"ImageObject","inLanguage":"en-US","@id":"https:\/\/grotta.is\/#\/schema\/logo\/image\/","url":"https:\/\/grotta.is\/wp-content\/uploads\/2020\/02\/ithrottafelagidgrotta_logo_512x512_transparent.png","contentUrl":"https:\/\/grotta.is\/wp-content\/uploads\/2020\/02\/ithrottafelagidgrotta_logo_512x512_transparent.png","width":512,"height":512,"caption":"\u00cd\u00fer\u00f3ttaf\u00e9lagi\u00f0 Gr\u00f3tta"},"image":{"@id":"https:\/\/grotta.is\/#\/schema\/logo\/image\/"},"sameAs":["https:\/\/www.facebook.com\/grottasport"]},{"@type":"Person","@id":"https:\/\/grotta.is\/#\/schema\/person\/08ec57bf09ee925f1b6a01540c14a5ce","name":"Grotta","url":"https:\/\/grotta.is\/en\/author\/inga\/"}]}},"_links":{"self":[{"href":"https:\/\/grotta.is\/en\/wp-json\/wp\/v2\/posts\/12273","targetHints":{"allow":["GET"]}}],"collection":[{"href":"https:\/\/grotta.is\/en\/wp-json\/wp\/v2\/posts"}],"about":[{"href":"https:\/\/grotta.is\/en\/wp-json\/wp\/v2\/types\/post"}],"author":[{"embeddable":true,"href":"https:\/\/grotta.is\/en\/wp-json\/wp\/v2\/users\/2"}],"replies":[{"embeddable":true,"href":"https:\/\/grotta.is\/en\/wp-json\/wp\/v2\/comments?post=12273"}],"version-history":[{"count":1,"href":"https:\/\/grotta.is\/en\/wp-json\/wp\/v2\/posts\/12273\/revisions"}],"predecessor-version":[{"id":12278,"href":"https:\/\/grotta.is\/en\/wp-json\/wp\/v2\/posts\/12273\/revisions\/12278"}],"wp:featuredmedia":[{"embeddable":true,"href":"https:\/\/grotta.is\/en\/wp-json\/wp\/v2\/media\/12280"}],"wp:attachment":[{"href":"https:\/\/grotta.is\/en\/wp-json\/wp\/v2\/media?parent=12273"}],"wp:term":[{"taxonomy":"category","embeddable":true,"href":"https:\/\/grotta.is\/en\/wp-json\/wp\/v2\/categories?post=12273"},{"taxonomy":"post_tag","embeddable":true,"href":"https:\/\/grotta.is\/en\/wp-json\/wp\/v2\/tags?post=12273"}],"curies":[{"name":"wp","href":"https:\/\/api.w.org\/{rel}","templated":true}]}}