{"id":12263,"date":"2016-07-04T22:42:00","date_gmt":"2016-07-04T22:42:00","guid":{"rendered":"https:\/\/grotta.is\/?p=12263"},"modified":"2020-07-30T22:45:09","modified_gmt":"2020-07-30T22:45:09","slug":"vigsla-nys-gervigrass-a-vivaldivellinum-mikilvaegur-leikur-i-2-deildinni","status":"publish","type":"post","link":"https:\/\/grotta.is\/en\/knattspyrnudeild\/vigsla-nys-gervigrass-a-vivaldivellinum-mikilvaegur-leikur-i-2-deildinni\/","title":{"rendered":"V\u00edgsla n\u00fds gervigrass \u00e1 Vivaldivellinum \u2013 mikilv\u00e6gur leikur \u00ed 2. deildinni"},"content":{"rendered":"<p>N\u00e6stkomandi \u00feri\u00f0judag 5. j\u00fal\u00ed kl. 19.15 fer fram fyrsti leikur \u00e1 n\u00fdl\u00f6g\u00f0u gervigrasi \u00e1 Vivaldivellinum. Heimamenn \u00ed Gr\u00f3ttu taka \u00fe\u00e1 \u00e1 m\u00f3ti Njar\u00f0v\u00edkingum \u00ed 2. deild karla. Leikurinn er gr\u00ed\u00f0arlega mikilv\u00e6gur \u00ed bar\u00e1ttu Gr\u00f3ttu um efstu s\u00e6tin \u00ed deildinni.<\/p><p>Eins og \u00e1\u00f0ur hefur komi\u00f0 fram hafa sta\u00f0i\u00f0 yfir framkv\u00e6mdir \u00e1 Vivaldivellinum fr\u00e1 \u00fev\u00ed fyrr \u00ed sumar en Seltjarnarnesb\u00e6r \u00e1kva\u00f0 a\u00f0 skipta \u00fat gamla gervigrasinu fyrir n\u00fdtt gras \u00ed h\u00e6sta g\u00e6\u00f0aflokki.<\/p><p>\u00cd\u00fer\u00f3tta- og t\u00f3mstundanefnd Seltjarnarness b\u00fd\u00f0ur fr\u00edtt \u00e1 leikinn \u00ed tilefni af v\u00edgslu vallarins og knattspyrnudeildin b\u00fd\u00f0ur \u00f6llum gestum \u00ed fr\u00eda pylsu og gos fyrir leik. \u00cd h\u00e1lfleik ver\u00f0ur gestum bo\u00f0i\u00f0 a\u00f0 spreyta sig \u00e1 skemmtilegum leik og ver\u00f0a vegleg ver\u00f0laun \u00ed bo\u00f0i fr\u00e1 Nett\u00f3 fyrir sigurvegara.<\/p><p>Sj\u00e1umst vonandi sem flest \u00e1 vellinum anna\u00f0 kv\u00f6ld.<\/p>","protected":false},"excerpt":{"rendered":"<p>N\u00e6stkomandi \u00feri\u00f0judag 5. j\u00fal\u00ed kl. 19.15 fer fram fyrsti leikur \u00e1 n\u00fdl\u00f6g\u00f0u gervigrasi \u00e1 Vivaldivellinum. Heimamenn \u00ed Gr\u00f3ttu taka \u00fe\u00e1 \u00e1 m\u00f3ti Njar\u00f0v\u00edkingum \u00ed 2. deild karla. Leikurinn er gr\u00ed\u00f0arlega mikilv\u00e6gur \u00ed bar\u00e1ttu Gr\u00f3ttu um efstu s\u00e6tin \u00ed deildinni.<\/p>","protected":false},"author":2,"featured_media":58,"comment_status":"closed","ping_status":"closed","sticky":false,"template":"","format":"standard","meta":{"footnotes":""},"categories":[7],"tags":[6],"class_list":["post-12263","post","type-post","status-publish","format-standard","has-post-thumbnail","hentry","category-knattspyrnudeild","tag-knattspyrna"],"yoast_head":"<!-- This site is optimized with the Yoast SEO plugin v24.3 - https:\/\/yoast.com\/wordpress\/plugins\/seo\/ -->\n<title>V\u00edgsla n\u00fds gervigrass \u00e1 Vivaldivellinum \u2013 mikilv\u00e6gur leikur \u00ed 2. deildinni - \u00cd\u00fer\u00f3ttaf\u00e9lagi\u00f0 Gr\u00f3tta<\/title>\n<meta name=\"robots\" content=\"index, follow, max-snippet:-1, max-image-preview:large, max-video-preview:-1\" \/>\n<link rel=\"canonical\" href=\"https:\/\/grotta.is\/en\/knattspyrnudeild\/vigsla-nys-gervigrass-a-vivaldivellinum-mikilvaegur-leikur-i-2-deildinni\/\" \/>\n<meta property=\"og:locale\" content=\"en_US\" \/>\n<meta property=\"og:type\" content=\"article\" \/>\n<meta property=\"og:title\" content=\"V\u00edgsla n\u00fds gervigrass \u00e1 Vivaldivellinum \u2013 mikilv\u00e6gur leikur \u00ed 2. deildinni - \u00cd\u00fer\u00f3ttaf\u00e9lagi\u00f0 Gr\u00f3tta\" \/>\n<meta property=\"og:description\" content=\"N\u00e6stkomandi \u00feri\u00f0judag 5. j\u00fal\u00ed kl. 19.15 fer fram fyrsti leikur \u00e1 n\u00fdl\u00f6g\u00f0u gervigrasi \u00e1 Vivaldivellinum. Heimamenn \u00ed Gr\u00f3ttu taka \u00fe\u00e1 \u00e1 m\u00f3ti Njar\u00f0v\u00edkingum \u00ed 2. deild karla. Leikurinn er gr\u00ed\u00f0arlega mikilv\u00e6gur \u00ed bar\u00e1ttu Gr\u00f3ttu um efstu s\u00e6tin \u00ed deildinni.\" \/>\n<meta property=\"og:url\" content=\"https:\/\/grotta.is\/en\/knattspyrnudeild\/vigsla-nys-gervigrass-a-vivaldivellinum-mikilvaegur-leikur-i-2-deildinni\/\" \/>\n<meta property=\"og:site_name\" content=\"\u00cd\u00fer\u00f3ttaf\u00e9lagi\u00f0 Gr\u00f3tta\" \/>\n<meta property=\"article:publisher\" content=\"https:\/\/www.facebook.com\/grottasport\" \/>\n<meta property=\"article:published_time\" content=\"2016-07-04T22:42:00+00:00\" \/>\n<meta property=\"article:modified_time\" content=\"2020-07-30T22:45:09+00:00\" \/>\n<meta property=\"og:image\" content=\"https:\/\/grotta.is\/wp-content\/uploads\/2020\/02\/Knattspyrnudeild_grotta_Vivaldivollurinn_1.jpg\" \/>\n\t<meta property=\"og:image:width\" content=\"800\" \/>\n\t<meta property=\"og:image:height\" content=\"445\" \/>\n\t<meta property=\"og:image:type\" content=\"image\/jpeg\" \/>\n<meta name=\"author\" content=\"Grotta\" \/>\n<meta name=\"twitter:card\" content=\"summary_large_image\" \/>\n<meta name=\"twitter:label1\" content=\"Written by\" \/>\n\t<meta name=\"twitter:data1\" content=\"Grotta\" \/>\n\t<meta name=\"twitter:label2\" content=\"Est. reading time\" \/>\n\t<meta name=\"twitter:data2\" content=\"1 minute\" \/>\n<script type=\"application\/ld+json\" class=\"yoast-schema-graph\">{\"@context\":\"https:\/\/schema.org\",\"@graph\":[{\"@type\":\"Article\",\"@id\":\"https:\/\/grotta.is\/knattspyrnudeild\/vigsla-nys-gervigrass-a-vivaldivellinum-mikilvaegur-leikur-i-2-deildinni\/#article\",\"isPartOf\":{\"@id\":\"https:\/\/grotta.is\/knattspyrnudeild\/vigsla-nys-gervigrass-a-vivaldivellinum-mikilvaegur-leikur-i-2-deildinni\/\"},\"author\":{\"name\":\"Grotta\",\"@id\":\"https:\/\/grotta.is\/#\/schema\/person\/08ec57bf09ee925f1b6a01540c14a5ce\"},\"headline\":\"V\u00edgsla n\u00fds gervigrass \u00e1 Vivaldivellinum \u2013 mikilv\u00e6gur leikur \u00ed 2. deildinni\",\"datePublished\":\"2016-07-04T22:42:00+00:00\",\"dateModified\":\"2020-07-30T22:45:09+00:00\",\"mainEntityOfPage\":{\"@id\":\"https:\/\/grotta.is\/knattspyrnudeild\/vigsla-nys-gervigrass-a-vivaldivellinum-mikilvaegur-leikur-i-2-deildinni\/\"},\"wordCount\":149,\"publisher\":{\"@id\":\"https:\/\/grotta.is\/#organization\"},\"image\":{\"@id\":\"https:\/\/grotta.is\/knattspyrnudeild\/vigsla-nys-gervigrass-a-vivaldivellinum-mikilvaegur-leikur-i-2-deildinni\/#primaryimage\"},\"thumbnailUrl\":\"https:\/\/grotta.is\/wp-content\/uploads\/2020\/02\/Knattspyrnudeild_grotta_Vivaldivollurinn_1.jpg\",\"keywords\":[\"Knattspyrna\"],\"articleSection\":[\"Knattspyrnudeild\"],\"inLanguage\":\"en-US\"},{\"@type\":\"WebPage\",\"@id\":\"https:\/\/grotta.is\/knattspyrnudeild\/vigsla-nys-gervigrass-a-vivaldivellinum-mikilvaegur-leikur-i-2-deildinni\/\",\"url\":\"https:\/\/grotta.is\/knattspyrnudeild\/vigsla-nys-gervigrass-a-vivaldivellinum-mikilvaegur-leikur-i-2-deildinni\/\",\"name\":\"V\u00edgsla n\u00fds gervigrass \u00e1 Vivaldivellinum \u2013 mikilv\u00e6gur leikur \u00ed 2. deildinni - \u00cd\u00fer\u00f3ttaf\u00e9lagi\u00f0 Gr\u00f3tta\",\"isPartOf\":{\"@id\":\"https:\/\/grotta.is\/#website\"},\"primaryImageOfPage\":{\"@id\":\"https:\/\/grotta.is\/knattspyrnudeild\/vigsla-nys-gervigrass-a-vivaldivellinum-mikilvaegur-leikur-i-2-deildinni\/#primaryimage\"},\"image\":{\"@id\":\"https:\/\/grotta.is\/knattspyrnudeild\/vigsla-nys-gervigrass-a-vivaldivellinum-mikilvaegur-leikur-i-2-deildinni\/#primaryimage\"},\"thumbnailUrl\":\"https:\/\/grotta.is\/wp-content\/uploads\/2020\/02\/Knattspyrnudeild_grotta_Vivaldivollurinn_1.jpg\",\"datePublished\":\"2016-07-04T22:42:00+00:00\",\"dateModified\":\"2020-07-30T22:45:09+00:00\",\"breadcrumb\":{\"@id\":\"https:\/\/grotta.is\/knattspyrnudeild\/vigsla-nys-gervigrass-a-vivaldivellinum-mikilvaegur-leikur-i-2-deildinni\/#breadcrumb\"},\"inLanguage\":\"en-US\",\"potentialAction\":[{\"@type\":\"ReadAction\",\"target\":[\"https:\/\/grotta.is\/knattspyrnudeild\/vigsla-nys-gervigrass-a-vivaldivellinum-mikilvaegur-leikur-i-2-deildinni\/\"]}]},{\"@type\":\"ImageObject\",\"inLanguage\":\"en-US\",\"@id\":\"https:\/\/grotta.is\/knattspyrnudeild\/vigsla-nys-gervigrass-a-vivaldivellinum-mikilvaegur-leikur-i-2-deildinni\/#primaryimage\",\"url\":\"https:\/\/grotta.is\/wp-content\/uploads\/2020\/02\/Knattspyrnudeild_grotta_Vivaldivollurinn_1.jpg\",\"contentUrl\":\"https:\/\/grotta.is\/wp-content\/uploads\/2020\/02\/Knattspyrnudeild_grotta_Vivaldivollurinn_1.jpg\",\"width\":800,\"height\":445},{\"@type\":\"BreadcrumbList\",\"@id\":\"https:\/\/grotta.is\/knattspyrnudeild\/vigsla-nys-gervigrass-a-vivaldivellinum-mikilvaegur-leikur-i-2-deildinni\/#breadcrumb\",\"itemListElement\":[{\"@type\":\"ListItem\",\"position\":1,\"name\":\"Home\",\"item\":\"https:\/\/grotta.is\/\"},{\"@type\":\"ListItem\",\"position\":2,\"name\":\"V\u00edgsla n\u00fds gervigrass \u00e1 Vivaldivellinum \u2013 mikilv\u00e6gur leikur \u00ed 2. deildinni\"}]},{\"@type\":\"WebSite\",\"@id\":\"https:\/\/grotta.is\/#website\",\"url\":\"https:\/\/grotta.is\/\",\"name\":\"\u00cd\u00fer\u00f3ttaf\u00e9lagi\u00f0 Gr\u00f3tta\",\"description\":\"\u00e1 Seltjarnarnesi\",\"publisher\":{\"@id\":\"https:\/\/grotta.is\/#organization\"},\"potentialAction\":[{\"@type\":\"SearchAction\",\"target\":{\"@type\":\"EntryPoint\",\"urlTemplate\":\"https:\/\/grotta.is\/?s={search_term_string}\"},\"query-input\":{\"@type\":\"PropertyValueSpecification\",\"valueRequired\":true,\"valueName\":\"search_term_string\"}}],\"inLanguage\":\"en-US\"},{\"@type\":\"Organization\",\"@id\":\"https:\/\/grotta.is\/#organization\",\"name\":\"\u00cd\u00fer\u00f3ttaf\u00e9lagi\u00f0 Gr\u00f3tta\",\"url\":\"https:\/\/grotta.is\/\",\"logo\":{\"@type\":\"ImageObject\",\"inLanguage\":\"en-US\",\"@id\":\"https:\/\/grotta.is\/#\/schema\/logo\/image\/\",\"url\":\"https:\/\/grotta.is\/wp-content\/uploads\/2020\/02\/ithrottafelagidgrotta_logo_512x512_transparent.png\",\"contentUrl\":\"https:\/\/grotta.is\/wp-content\/uploads\/2020\/02\/ithrottafelagidgrotta_logo_512x512_transparent.png\",\"width\":512,\"height\":512,\"caption\":\"\u00cd\u00fer\u00f3ttaf\u00e9lagi\u00f0 Gr\u00f3tta\"},\"image\":{\"@id\":\"https:\/\/grotta.is\/#\/schema\/logo\/image\/\"},\"sameAs\":[\"https:\/\/www.facebook.com\/grottasport\"]},{\"@type\":\"Person\",\"@id\":\"https:\/\/grotta.is\/#\/schema\/person\/08ec57bf09ee925f1b6a01540c14a5ce\",\"name\":\"Grotta\",\"url\":\"https:\/\/grotta.is\/en\/author\/inga\/\"}]}<\/script>\n<!-- \/ Yoast SEO plugin. -->","yoast_head_json":{"title":"V\u00edgsla n\u00fds gervigrass \u00e1 Vivaldivellinum \u2013 mikilv\u00e6gur leikur \u00ed 2. deildinni - \u00cd\u00fer\u00f3ttaf\u00e9lagi\u00f0 Gr\u00f3tta","robots":{"index":"index","follow":"follow","max-snippet":"max-snippet:-1","max-image-preview":"max-image-preview:large","max-video-preview":"max-video-preview:-1"},"canonical":"https:\/\/grotta.is\/en\/knattspyrnudeild\/vigsla-nys-gervigrass-a-vivaldivellinum-mikilvaegur-leikur-i-2-deildinni\/","og_locale":"en_US","og_type":"article","og_title":"V\u00edgsla n\u00fds gervigrass \u00e1 Vivaldivellinum \u2013 mikilv\u00e6gur leikur \u00ed 2. deildinni - \u00cd\u00fer\u00f3ttaf\u00e9lagi\u00f0 Gr\u00f3tta","og_description":"N\u00e6stkomandi \u00feri\u00f0judag 5. j\u00fal\u00ed kl. 19.15 fer fram fyrsti leikur \u00e1 n\u00fdl\u00f6g\u00f0u gervigrasi \u00e1 Vivaldivellinum. Heimamenn \u00ed Gr\u00f3ttu taka \u00fe\u00e1 \u00e1 m\u00f3ti Njar\u00f0v\u00edkingum \u00ed 2. deild karla. Leikurinn er gr\u00ed\u00f0arlega mikilv\u00e6gur \u00ed bar\u00e1ttu Gr\u00f3ttu um efstu s\u00e6tin \u00ed deildinni.","og_url":"https:\/\/grotta.is\/en\/knattspyrnudeild\/vigsla-nys-gervigrass-a-vivaldivellinum-mikilvaegur-leikur-i-2-deildinni\/","og_site_name":"\u00cd\u00fer\u00f3ttaf\u00e9lagi\u00f0 Gr\u00f3tta","article_publisher":"https:\/\/www.facebook.com\/grottasport","article_published_time":"2016-07-04T22:42:00+00:00","article_modified_time":"2020-07-30T22:45:09+00:00","og_image":[{"width":800,"height":445,"url":"https:\/\/grotta.is\/wp-content\/uploads\/2020\/02\/Knattspyrnudeild_grotta_Vivaldivollurinn_1.jpg","type":"image\/jpeg"}],"author":"Grotta","twitter_card":"summary_large_image","twitter_misc":{"Written by":"Grotta","Est. reading time":"1 minute"},"schema":{"@context":"https:\/\/schema.org","@graph":[{"@type":"Article","@id":"https:\/\/grotta.is\/knattspyrnudeild\/vigsla-nys-gervigrass-a-vivaldivellinum-mikilvaegur-leikur-i-2-deildinni\/#article","isPartOf":{"@id":"https:\/\/grotta.is\/knattspyrnudeild\/vigsla-nys-gervigrass-a-vivaldivellinum-mikilvaegur-leikur-i-2-deildinni\/"},"author":{"name":"Grotta","@id":"https:\/\/grotta.is\/#\/schema\/person\/08ec57bf09ee925f1b6a01540c14a5ce"},"headline":"V\u00edgsla n\u00fds gervigrass \u00e1 Vivaldivellinum \u2013 mikilv\u00e6gur leikur \u00ed 2. deildinni","datePublished":"2016-07-04T22:42:00+00:00","dateModified":"2020-07-30T22:45:09+00:00","mainEntityOfPage":{"@id":"https:\/\/grotta.is\/knattspyrnudeild\/vigsla-nys-gervigrass-a-vivaldivellinum-mikilvaegur-leikur-i-2-deildinni\/"},"wordCount":149,"publisher":{"@id":"https:\/\/grotta.is\/#organization"},"image":{"@id":"https:\/\/grotta.is\/knattspyrnudeild\/vigsla-nys-gervigrass-a-vivaldivellinum-mikilvaegur-leikur-i-2-deildinni\/#primaryimage"},"thumbnailUrl":"https:\/\/grotta.is\/wp-content\/uploads\/2020\/02\/Knattspyrnudeild_grotta_Vivaldivollurinn_1.jpg","keywords":["Knattspyrna"],"articleSection":["Knattspyrnudeild"],"inLanguage":"en-US"},{"@type":"WebPage","@id":"https:\/\/grotta.is\/knattspyrnudeild\/vigsla-nys-gervigrass-a-vivaldivellinum-mikilvaegur-leikur-i-2-deildinni\/","url":"https:\/\/grotta.is\/knattspyrnudeild\/vigsla-nys-gervigrass-a-vivaldivellinum-mikilvaegur-leikur-i-2-deildinni\/","name":"V\u00edgsla n\u00fds gervigrass \u00e1 Vivaldivellinum \u2013 mikilv\u00e6gur leikur \u00ed 2. deildinni - \u00cd\u00fer\u00f3ttaf\u00e9lagi\u00f0 Gr\u00f3tta","isPartOf":{"@id":"https:\/\/grotta.is\/#website"},"primaryImageOfPage":{"@id":"https:\/\/grotta.is\/knattspyrnudeild\/vigsla-nys-gervigrass-a-vivaldivellinum-mikilvaegur-leikur-i-2-deildinni\/#primaryimage"},"image":{"@id":"https:\/\/grotta.is\/knattspyrnudeild\/vigsla-nys-gervigrass-a-vivaldivellinum-mikilvaegur-leikur-i-2-deildinni\/#primaryimage"},"thumbnailUrl":"https:\/\/grotta.is\/wp-content\/uploads\/2020\/02\/Knattspyrnudeild_grotta_Vivaldivollurinn_1.jpg","datePublished":"2016-07-04T22:42:00+00:00","dateModified":"2020-07-30T22:45:09+00:00","breadcrumb":{"@id":"https:\/\/grotta.is\/knattspyrnudeild\/vigsla-nys-gervigrass-a-vivaldivellinum-mikilvaegur-leikur-i-2-deildinni\/#breadcrumb"},"inLanguage":"en-US","potentialAction":[{"@type":"ReadAction","target":["https:\/\/grotta.is\/knattspyrnudeild\/vigsla-nys-gervigrass-a-vivaldivellinum-mikilvaegur-leikur-i-2-deildinni\/"]}]},{"@type":"ImageObject","inLanguage":"en-US","@id":"https:\/\/grotta.is\/knattspyrnudeild\/vigsla-nys-gervigrass-a-vivaldivellinum-mikilvaegur-leikur-i-2-deildinni\/#primaryimage","url":"https:\/\/grotta.is\/wp-content\/uploads\/2020\/02\/Knattspyrnudeild_grotta_Vivaldivollurinn_1.jpg","contentUrl":"https:\/\/grotta.is\/wp-content\/uploads\/2020\/02\/Knattspyrnudeild_grotta_Vivaldivollurinn_1.jpg","width":800,"height":445},{"@type":"BreadcrumbList","@id":"https:\/\/grotta.is\/knattspyrnudeild\/vigsla-nys-gervigrass-a-vivaldivellinum-mikilvaegur-leikur-i-2-deildinni\/#breadcrumb","itemListElement":[{"@type":"ListItem","position":1,"name":"Home","item":"https:\/\/grotta.is\/"},{"@type":"ListItem","position":2,"name":"V\u00edgsla n\u00fds gervigrass \u00e1 Vivaldivellinum \u2013 mikilv\u00e6gur leikur \u00ed 2. deildinni"}]},{"@type":"WebSite","@id":"https:\/\/grotta.is\/#website","url":"https:\/\/grotta.is\/","name":"\u00cd\u00fer\u00f3ttaf\u00e9lagi\u00f0 Gr\u00f3tta","description":"\u00e1 Seltjarnarnesi","publisher":{"@id":"https:\/\/grotta.is\/#organization"},"potentialAction":[{"@type":"SearchAction","target":{"@type":"EntryPoint","urlTemplate":"https:\/\/grotta.is\/?s={search_term_string}"},"query-input":{"@type":"PropertyValueSpecification","valueRequired":true,"valueName":"search_term_string"}}],"inLanguage":"en-US"},{"@type":"Organization","@id":"https:\/\/grotta.is\/#organization","name":"\u00cd\u00fer\u00f3ttaf\u00e9lagi\u00f0 Gr\u00f3tta","url":"https:\/\/grotta.is\/","logo":{"@type":"ImageObject","inLanguage":"en-US","@id":"https:\/\/grotta.is\/#\/schema\/logo\/image\/","url":"https:\/\/grotta.is\/wp-content\/uploads\/2020\/02\/ithrottafelagidgrotta_logo_512x512_transparent.png","contentUrl":"https:\/\/grotta.is\/wp-content\/uploads\/2020\/02\/ithrottafelagidgrotta_logo_512x512_transparent.png","width":512,"height":512,"caption":"\u00cd\u00fer\u00f3ttaf\u00e9lagi\u00f0 Gr\u00f3tta"},"image":{"@id":"https:\/\/grotta.is\/#\/schema\/logo\/image\/"},"sameAs":["https:\/\/www.facebook.com\/grottasport"]},{"@type":"Person","@id":"https:\/\/grotta.is\/#\/schema\/person\/08ec57bf09ee925f1b6a01540c14a5ce","name":"Grotta","url":"https:\/\/grotta.is\/en\/author\/inga\/"}]}},"_links":{"self":[{"href":"https:\/\/grotta.is\/en\/wp-json\/wp\/v2\/posts\/12263","targetHints":{"allow":["GET"]}}],"collection":[{"href":"https:\/\/grotta.is\/en\/wp-json\/wp\/v2\/posts"}],"about":[{"href":"https:\/\/grotta.is\/en\/wp-json\/wp\/v2\/types\/post"}],"author":[{"embeddable":true,"href":"https:\/\/grotta.is\/en\/wp-json\/wp\/v2\/users\/2"}],"replies":[{"embeddable":true,"href":"https:\/\/grotta.is\/en\/wp-json\/wp\/v2\/comments?post=12263"}],"version-history":[{"count":1,"href":"https:\/\/grotta.is\/en\/wp-json\/wp\/v2\/posts\/12263\/revisions"}],"predecessor-version":[{"id":12269,"href":"https:\/\/grotta.is\/en\/wp-json\/wp\/v2\/posts\/12263\/revisions\/12269"}],"wp:featuredmedia":[{"embeddable":true,"href":"https:\/\/grotta.is\/en\/wp-json\/wp\/v2\/media\/58"}],"wp:attachment":[{"href":"https:\/\/grotta.is\/en\/wp-json\/wp\/v2\/media?parent=12263"}],"wp:term":[{"taxonomy":"category","embeddable":true,"href":"https:\/\/grotta.is\/en\/wp-json\/wp\/v2\/categories?post=12263"},{"taxonomy":"post_tag","embeddable":true,"href":"https:\/\/grotta.is\/en\/wp-json\/wp\/v2\/tags?post=12263"}],"curies":[{"name":"wp","href":"https:\/\/api.w.org\/{rel}","templated":true}]}}