{"id":121,"date":"2020-01-15T17:09:00","date_gmt":"2020-01-15T17:09:00","guid":{"rendered":"https:\/\/grotta.is\/?p=121"},"modified":"2020-02-11T14:19:56","modified_gmt":"2020-02-11T14:19:56","slug":"rakel-loa-a-urtaksaefingum-u16-ara-landslidsins","status":"publish","type":"post","link":"https:\/\/grotta.is\/en\/knattspyrnudeild\/rakel-loa-a-urtaksaefingum-u16-ara-landslidsins\/","title":{"rendered":"Rakel L\u00f3a \u00e1 \u00fartaks\u00e6fingum U16 \u00e1ra landsli\u00f0sins"},"content":{"rendered":"<p>Gr\u00f3ttukonan Rakel L\u00f3a Brynjarsd\u00f3ttir er \u00ed h\u00f3p U16 \u00e1ra kvennalandsli\u00f0sins sem \u00e6f\u00f0i saman 29.-31. jan\u00faar undir stj\u00f3rn J\u00f6rundar \u00c1ka Sveinssonar. Rakel er \u00e1 \u00e1 sext\u00e1nda \u00e1ri og \u00fev\u00ed \u00e1 eldra \u00e1ri \u00ed 3. flokki en \u00e6fir alfari\u00f0 me\u00f0 meistaraflokki Gr\u00f3ttu. Rakel er mj\u00f6g efnileg knattspyrnukona sem er b\u00fain a\u00f0 stimpla sig vel inn \u00ed meistaraflokkinn. <\/p>","protected":false},"excerpt":{"rendered":"<p>Gr\u00f3ttukonan Rakel L\u00f3a Brynjarsd\u00f3ttir er \u00ed h\u00f3p U16 \u00e1ra kvennalandsli\u00f0sins sem \u00e6f\u00f0i saman 29.-31. jan\u00faar undir stj\u00f3rn J\u00f6rundar \u00c1ka Sveinssonar. Rakel er \u00e1 \u00e1 sext\u00e1nda \u00e1ri og \u00fev\u00ed \u00e1 eldra [&hellip;]<\/p>","protected":false},"author":2,"featured_media":122,"comment_status":"closed","ping_status":"closed","sticky":false,"template":"","format":"standard","meta":{"footnotes":""},"categories":[7],"tags":[6,22,17,18],"class_list":["post-121","post","type-post","status-publish","format-standard","has-post-thumbnail","hentry","category-knattspyrnudeild","tag-knattspyrna","tag-landslid","tag-leikmenn","tag-mfl-kvk"],"yoast_head":"<!-- This site is optimized with the Yoast SEO plugin v24.3 - https:\/\/yoast.com\/wordpress\/plugins\/seo\/ -->\n<title>Rakel L\u00f3a \u00e1 \u00fartaks\u00e6fingum U16 \u00e1ra landsli\u00f0sins - \u00cd\u00fer\u00f3ttaf\u00e9lagi\u00f0 Gr\u00f3tta<\/title>\n<meta name=\"robots\" content=\"index, follow, max-snippet:-1, max-image-preview:large, max-video-preview:-1\" \/>\n<link rel=\"canonical\" href=\"https:\/\/grotta.is\/en\/knattspyrnudeild\/rakel-loa-a-urtaksaefingum-u16-ara-landslidsins\/\" \/>\n<meta property=\"og:locale\" content=\"en_US\" \/>\n<meta property=\"og:type\" content=\"article\" \/>\n<meta property=\"og:title\" content=\"Rakel L\u00f3a \u00e1 \u00fartaks\u00e6fingum U16 \u00e1ra landsli\u00f0sins - \u00cd\u00fer\u00f3ttaf\u00e9lagi\u00f0 Gr\u00f3tta\" \/>\n<meta property=\"og:description\" content=\"Gr\u00f3ttukonan Rakel L\u00f3a Brynjarsd\u00f3ttir er \u00ed h\u00f3p U16 \u00e1ra kvennalandsli\u00f0sins sem \u00e6f\u00f0i saman 29.-31. jan\u00faar undir stj\u00f3rn J\u00f6rundar \u00c1ka Sveinssonar. Rakel er \u00e1 \u00e1 sext\u00e1nda \u00e1ri og \u00fev\u00ed \u00e1 eldra [&hellip;]\" \/>\n<meta property=\"og:url\" content=\"https:\/\/grotta.is\/en\/knattspyrnudeild\/rakel-loa-a-urtaksaefingum-u16-ara-landslidsins\/\" \/>\n<meta property=\"og:site_name\" content=\"\u00cd\u00fer\u00f3ttaf\u00e9lagi\u00f0 Gr\u00f3tta\" \/>\n<meta property=\"article:publisher\" content=\"https:\/\/www.facebook.com\/grottasport\" \/>\n<meta property=\"article:published_time\" content=\"2020-01-15T17:09:00+00:00\" \/>\n<meta property=\"article:modified_time\" content=\"2020-02-11T14:19:56+00:00\" \/>\n<meta property=\"og:image\" content=\"https:\/\/grotta.is\/wp-content\/uploads\/2020\/02\/Knattspyrnudeild_grotta_Frettir_leikmenn_4.jpg\" \/>\n\t<meta property=\"og:image:width\" content=\"936\" \/>\n\t<meta property=\"og:image:height\" content=\"1404\" \/>\n\t<meta property=\"og:image:type\" content=\"image\/jpeg\" \/>\n<meta name=\"author\" content=\"Grotta\" \/>\n<meta name=\"twitter:card\" content=\"summary_large_image\" \/>\n<meta name=\"twitter:label1\" content=\"Written by\" \/>\n\t<meta name=\"twitter:data1\" content=\"Grotta\" \/>\n<script type=\"application\/ld+json\" class=\"yoast-schema-graph\">{\"@context\":\"https:\/\/schema.org\",\"@graph\":[{\"@type\":\"Article\",\"@id\":\"https:\/\/grotta.is\/knattspyrnudeild\/rakel-loa-a-urtaksaefingum-u16-ara-landslidsins\/#article\",\"isPartOf\":{\"@id\":\"https:\/\/grotta.is\/knattspyrnudeild\/rakel-loa-a-urtaksaefingum-u16-ara-landslidsins\/\"},\"author\":{\"name\":\"Grotta\",\"@id\":\"https:\/\/grotta.is\/#\/schema\/person\/08ec57bf09ee925f1b6a01540c14a5ce\"},\"headline\":\"Rakel L\u00f3a \u00e1 \u00fartaks\u00e6fingum U16 \u00e1ra landsli\u00f0sins\",\"datePublished\":\"2020-01-15T17:09:00+00:00\",\"dateModified\":\"2020-02-11T14:19:56+00:00\",\"mainEntityOfPage\":{\"@id\":\"https:\/\/grotta.is\/knattspyrnudeild\/rakel-loa-a-urtaksaefingum-u16-ara-landslidsins\/\"},\"wordCount\":70,\"publisher\":{\"@id\":\"https:\/\/grotta.is\/#organization\"},\"image\":{\"@id\":\"https:\/\/grotta.is\/knattspyrnudeild\/rakel-loa-a-urtaksaefingum-u16-ara-landslidsins\/#primaryimage\"},\"thumbnailUrl\":\"https:\/\/grotta.is\/wp-content\/uploads\/2020\/02\/Knattspyrnudeild_grotta_Frettir_leikmenn_4.jpg\",\"keywords\":[\"Knattspyrna\",\"Landsli\u00f0\",\"Leikmenn\",\"Mfl.kvk\"],\"articleSection\":[\"Knattspyrnudeild\"],\"inLanguage\":\"en-US\"},{\"@type\":\"WebPage\",\"@id\":\"https:\/\/grotta.is\/knattspyrnudeild\/rakel-loa-a-urtaksaefingum-u16-ara-landslidsins\/\",\"url\":\"https:\/\/grotta.is\/knattspyrnudeild\/rakel-loa-a-urtaksaefingum-u16-ara-landslidsins\/\",\"name\":\"Rakel L\u00f3a \u00e1 \u00fartaks\u00e6fingum U16 \u00e1ra landsli\u00f0sins - \u00cd\u00fer\u00f3ttaf\u00e9lagi\u00f0 Gr\u00f3tta\",\"isPartOf\":{\"@id\":\"https:\/\/grotta.is\/#website\"},\"primaryImageOfPage\":{\"@id\":\"https:\/\/grotta.is\/knattspyrnudeild\/rakel-loa-a-urtaksaefingum-u16-ara-landslidsins\/#primaryimage\"},\"image\":{\"@id\":\"https:\/\/grotta.is\/knattspyrnudeild\/rakel-loa-a-urtaksaefingum-u16-ara-landslidsins\/#primaryimage\"},\"thumbnailUrl\":\"https:\/\/grotta.is\/wp-content\/uploads\/2020\/02\/Knattspyrnudeild_grotta_Frettir_leikmenn_4.jpg\",\"datePublished\":\"2020-01-15T17:09:00+00:00\",\"dateModified\":\"2020-02-11T14:19:56+00:00\",\"breadcrumb\":{\"@id\":\"https:\/\/grotta.is\/knattspyrnudeild\/rakel-loa-a-urtaksaefingum-u16-ara-landslidsins\/#breadcrumb\"},\"inLanguage\":\"en-US\",\"potentialAction\":[{\"@type\":\"ReadAction\",\"target\":[\"https:\/\/grotta.is\/knattspyrnudeild\/rakel-loa-a-urtaksaefingum-u16-ara-landslidsins\/\"]}]},{\"@type\":\"ImageObject\",\"inLanguage\":\"en-US\",\"@id\":\"https:\/\/grotta.is\/knattspyrnudeild\/rakel-loa-a-urtaksaefingum-u16-ara-landslidsins\/#primaryimage\",\"url\":\"https:\/\/grotta.is\/wp-content\/uploads\/2020\/02\/Knattspyrnudeild_grotta_Frettir_leikmenn_4.jpg\",\"contentUrl\":\"https:\/\/grotta.is\/wp-content\/uploads\/2020\/02\/Knattspyrnudeild_grotta_Frettir_leikmenn_4.jpg\",\"width\":936,\"height\":1404},{\"@type\":\"BreadcrumbList\",\"@id\":\"https:\/\/grotta.is\/knattspyrnudeild\/rakel-loa-a-urtaksaefingum-u16-ara-landslidsins\/#breadcrumb\",\"itemListElement\":[{\"@type\":\"ListItem\",\"position\":1,\"name\":\"Home\",\"item\":\"https:\/\/grotta.is\/\"},{\"@type\":\"ListItem\",\"position\":2,\"name\":\"Rakel L\u00f3a \u00e1 \u00fartaks\u00e6fingum U16 \u00e1ra landsli\u00f0sins\"}]},{\"@type\":\"WebSite\",\"@id\":\"https:\/\/grotta.is\/#website\",\"url\":\"https:\/\/grotta.is\/\",\"name\":\"\u00cd\u00fer\u00f3ttaf\u00e9lagi\u00f0 Gr\u00f3tta\",\"description\":\"\u00e1 Seltjarnarnesi\",\"publisher\":{\"@id\":\"https:\/\/grotta.is\/#organization\"},\"potentialAction\":[{\"@type\":\"SearchAction\",\"target\":{\"@type\":\"EntryPoint\",\"urlTemplate\":\"https:\/\/grotta.is\/?s={search_term_string}\"},\"query-input\":{\"@type\":\"PropertyValueSpecification\",\"valueRequired\":true,\"valueName\":\"search_term_string\"}}],\"inLanguage\":\"en-US\"},{\"@type\":\"Organization\",\"@id\":\"https:\/\/grotta.is\/#organization\",\"name\":\"\u00cd\u00fer\u00f3ttaf\u00e9lagi\u00f0 Gr\u00f3tta\",\"url\":\"https:\/\/grotta.is\/\",\"logo\":{\"@type\":\"ImageObject\",\"inLanguage\":\"en-US\",\"@id\":\"https:\/\/grotta.is\/#\/schema\/logo\/image\/\",\"url\":\"https:\/\/grotta.is\/wp-content\/uploads\/2020\/02\/ithrottafelagidgrotta_logo_512x512_transparent.png\",\"contentUrl\":\"https:\/\/grotta.is\/wp-content\/uploads\/2020\/02\/ithrottafelagidgrotta_logo_512x512_transparent.png\",\"width\":512,\"height\":512,\"caption\":\"\u00cd\u00fer\u00f3ttaf\u00e9lagi\u00f0 Gr\u00f3tta\"},\"image\":{\"@id\":\"https:\/\/grotta.is\/#\/schema\/logo\/image\/\"},\"sameAs\":[\"https:\/\/www.facebook.com\/grottasport\"]},{\"@type\":\"Person\",\"@id\":\"https:\/\/grotta.is\/#\/schema\/person\/08ec57bf09ee925f1b6a01540c14a5ce\",\"name\":\"Grotta\",\"url\":\"https:\/\/grotta.is\/en\/author\/inga\/\"}]}<\/script>\n<!-- \/ Yoast SEO plugin. -->","yoast_head_json":{"title":"Rakel L\u00f3a \u00e1 \u00fartaks\u00e6fingum U16 \u00e1ra landsli\u00f0sins - \u00cd\u00fer\u00f3ttaf\u00e9lagi\u00f0 Gr\u00f3tta","robots":{"index":"index","follow":"follow","max-snippet":"max-snippet:-1","max-image-preview":"max-image-preview:large","max-video-preview":"max-video-preview:-1"},"canonical":"https:\/\/grotta.is\/en\/knattspyrnudeild\/rakel-loa-a-urtaksaefingum-u16-ara-landslidsins\/","og_locale":"en_US","og_type":"article","og_title":"Rakel L\u00f3a \u00e1 \u00fartaks\u00e6fingum U16 \u00e1ra landsli\u00f0sins - \u00cd\u00fer\u00f3ttaf\u00e9lagi\u00f0 Gr\u00f3tta","og_description":"Gr\u00f3ttukonan Rakel L\u00f3a Brynjarsd\u00f3ttir er \u00ed h\u00f3p U16 \u00e1ra kvennalandsli\u00f0sins sem \u00e6f\u00f0i saman 29.-31. jan\u00faar undir stj\u00f3rn J\u00f6rundar \u00c1ka Sveinssonar. Rakel er \u00e1 \u00e1 sext\u00e1nda \u00e1ri og \u00fev\u00ed \u00e1 eldra [&hellip;]","og_url":"https:\/\/grotta.is\/en\/knattspyrnudeild\/rakel-loa-a-urtaksaefingum-u16-ara-landslidsins\/","og_site_name":"\u00cd\u00fer\u00f3ttaf\u00e9lagi\u00f0 Gr\u00f3tta","article_publisher":"https:\/\/www.facebook.com\/grottasport","article_published_time":"2020-01-15T17:09:00+00:00","article_modified_time":"2020-02-11T14:19:56+00:00","og_image":[{"width":936,"height":1404,"url":"https:\/\/grotta.is\/wp-content\/uploads\/2020\/02\/Knattspyrnudeild_grotta_Frettir_leikmenn_4.jpg","type":"image\/jpeg"}],"author":"Grotta","twitter_card":"summary_large_image","twitter_misc":{"Written by":"Grotta"},"schema":{"@context":"https:\/\/schema.org","@graph":[{"@type":"Article","@id":"https:\/\/grotta.is\/knattspyrnudeild\/rakel-loa-a-urtaksaefingum-u16-ara-landslidsins\/#article","isPartOf":{"@id":"https:\/\/grotta.is\/knattspyrnudeild\/rakel-loa-a-urtaksaefingum-u16-ara-landslidsins\/"},"author":{"name":"Grotta","@id":"https:\/\/grotta.is\/#\/schema\/person\/08ec57bf09ee925f1b6a01540c14a5ce"},"headline":"Rakel L\u00f3a \u00e1 \u00fartaks\u00e6fingum U16 \u00e1ra landsli\u00f0sins","datePublished":"2020-01-15T17:09:00+00:00","dateModified":"2020-02-11T14:19:56+00:00","mainEntityOfPage":{"@id":"https:\/\/grotta.is\/knattspyrnudeild\/rakel-loa-a-urtaksaefingum-u16-ara-landslidsins\/"},"wordCount":70,"publisher":{"@id":"https:\/\/grotta.is\/#organization"},"image":{"@id":"https:\/\/grotta.is\/knattspyrnudeild\/rakel-loa-a-urtaksaefingum-u16-ara-landslidsins\/#primaryimage"},"thumbnailUrl":"https:\/\/grotta.is\/wp-content\/uploads\/2020\/02\/Knattspyrnudeild_grotta_Frettir_leikmenn_4.jpg","keywords":["Knattspyrna","Landsli\u00f0","Leikmenn","Mfl.kvk"],"articleSection":["Knattspyrnudeild"],"inLanguage":"en-US"},{"@type":"WebPage","@id":"https:\/\/grotta.is\/knattspyrnudeild\/rakel-loa-a-urtaksaefingum-u16-ara-landslidsins\/","url":"https:\/\/grotta.is\/knattspyrnudeild\/rakel-loa-a-urtaksaefingum-u16-ara-landslidsins\/","name":"Rakel L\u00f3a \u00e1 \u00fartaks\u00e6fingum U16 \u00e1ra landsli\u00f0sins - \u00cd\u00fer\u00f3ttaf\u00e9lagi\u00f0 Gr\u00f3tta","isPartOf":{"@id":"https:\/\/grotta.is\/#website"},"primaryImageOfPage":{"@id":"https:\/\/grotta.is\/knattspyrnudeild\/rakel-loa-a-urtaksaefingum-u16-ara-landslidsins\/#primaryimage"},"image":{"@id":"https:\/\/grotta.is\/knattspyrnudeild\/rakel-loa-a-urtaksaefingum-u16-ara-landslidsins\/#primaryimage"},"thumbnailUrl":"https:\/\/grotta.is\/wp-content\/uploads\/2020\/02\/Knattspyrnudeild_grotta_Frettir_leikmenn_4.jpg","datePublished":"2020-01-15T17:09:00+00:00","dateModified":"2020-02-11T14:19:56+00:00","breadcrumb":{"@id":"https:\/\/grotta.is\/knattspyrnudeild\/rakel-loa-a-urtaksaefingum-u16-ara-landslidsins\/#breadcrumb"},"inLanguage":"en-US","potentialAction":[{"@type":"ReadAction","target":["https:\/\/grotta.is\/knattspyrnudeild\/rakel-loa-a-urtaksaefingum-u16-ara-landslidsins\/"]}]},{"@type":"ImageObject","inLanguage":"en-US","@id":"https:\/\/grotta.is\/knattspyrnudeild\/rakel-loa-a-urtaksaefingum-u16-ara-landslidsins\/#primaryimage","url":"https:\/\/grotta.is\/wp-content\/uploads\/2020\/02\/Knattspyrnudeild_grotta_Frettir_leikmenn_4.jpg","contentUrl":"https:\/\/grotta.is\/wp-content\/uploads\/2020\/02\/Knattspyrnudeild_grotta_Frettir_leikmenn_4.jpg","width":936,"height":1404},{"@type":"BreadcrumbList","@id":"https:\/\/grotta.is\/knattspyrnudeild\/rakel-loa-a-urtaksaefingum-u16-ara-landslidsins\/#breadcrumb","itemListElement":[{"@type":"ListItem","position":1,"name":"Home","item":"https:\/\/grotta.is\/"},{"@type":"ListItem","position":2,"name":"Rakel L\u00f3a \u00e1 \u00fartaks\u00e6fingum U16 \u00e1ra landsli\u00f0sins"}]},{"@type":"WebSite","@id":"https:\/\/grotta.is\/#website","url":"https:\/\/grotta.is\/","name":"\u00cd\u00fer\u00f3ttaf\u00e9lagi\u00f0 Gr\u00f3tta","description":"\u00e1 Seltjarnarnesi","publisher":{"@id":"https:\/\/grotta.is\/#organization"},"potentialAction":[{"@type":"SearchAction","target":{"@type":"EntryPoint","urlTemplate":"https:\/\/grotta.is\/?s={search_term_string}"},"query-input":{"@type":"PropertyValueSpecification","valueRequired":true,"valueName":"search_term_string"}}],"inLanguage":"en-US"},{"@type":"Organization","@id":"https:\/\/grotta.is\/#organization","name":"\u00cd\u00fer\u00f3ttaf\u00e9lagi\u00f0 Gr\u00f3tta","url":"https:\/\/grotta.is\/","logo":{"@type":"ImageObject","inLanguage":"en-US","@id":"https:\/\/grotta.is\/#\/schema\/logo\/image\/","url":"https:\/\/grotta.is\/wp-content\/uploads\/2020\/02\/ithrottafelagidgrotta_logo_512x512_transparent.png","contentUrl":"https:\/\/grotta.is\/wp-content\/uploads\/2020\/02\/ithrottafelagidgrotta_logo_512x512_transparent.png","width":512,"height":512,"caption":"\u00cd\u00fer\u00f3ttaf\u00e9lagi\u00f0 Gr\u00f3tta"},"image":{"@id":"https:\/\/grotta.is\/#\/schema\/logo\/image\/"},"sameAs":["https:\/\/www.facebook.com\/grottasport"]},{"@type":"Person","@id":"https:\/\/grotta.is\/#\/schema\/person\/08ec57bf09ee925f1b6a01540c14a5ce","name":"Grotta","url":"https:\/\/grotta.is\/en\/author\/inga\/"}]}},"_links":{"self":[{"href":"https:\/\/grotta.is\/en\/wp-json\/wp\/v2\/posts\/121","targetHints":{"allow":["GET"]}}],"collection":[{"href":"https:\/\/grotta.is\/en\/wp-json\/wp\/v2\/posts"}],"about":[{"href":"https:\/\/grotta.is\/en\/wp-json\/wp\/v2\/types\/post"}],"author":[{"embeddable":true,"href":"https:\/\/grotta.is\/en\/wp-json\/wp\/v2\/users\/2"}],"replies":[{"embeddable":true,"href":"https:\/\/grotta.is\/en\/wp-json\/wp\/v2\/comments?post=121"}],"version-history":[{"count":0,"href":"https:\/\/grotta.is\/en\/wp-json\/wp\/v2\/posts\/121\/revisions"}],"wp:featuredmedia":[{"embeddable":true,"href":"https:\/\/grotta.is\/en\/wp-json\/wp\/v2\/media\/122"}],"wp:attachment":[{"href":"https:\/\/grotta.is\/en\/wp-json\/wp\/v2\/media?parent=121"}],"wp:term":[{"taxonomy":"category","embeddable":true,"href":"https:\/\/grotta.is\/en\/wp-json\/wp\/v2\/categories?post=121"},{"taxonomy":"post_tag","embeddable":true,"href":"https:\/\/grotta.is\/en\/wp-json\/wp\/v2\/tags?post=121"}],"curies":[{"name":"wp","href":"https:\/\/api.w.org\/{rel}","templated":true}]}}