{"id":11346,"date":"2020-07-21T23:46:25","date_gmt":"2020-07-21T23:46:25","guid":{"rendered":"https:\/\/grotta.is\/?p=11346"},"modified":"2020-07-24T00:01:11","modified_gmt":"2020-07-24T00:01:11","slug":"indican-og-handknattleiksdeild-grottu-skrifa-undir-samstarfssamning","status":"publish","type":"post","link":"https:\/\/grotta.is\/en\/handknattleiksdeild\/indican-og-handknattleiksdeild-grottu-skrifa-undir-samstarfssamning\/","title":{"rendered":"Indican skrifar undir samstarfssamning"},"content":{"rendered":"<p>Veitingasta\u00f0urinn Indican og handknattleiksdeild Gr\u00f3ttu hafa skrifa\u00f0 undir samstarfssamning s\u00edn \u00e1 milli.<\/p><p>Me\u00f0 samningnum ver\u00f0ur Indican einn af styrktara\u00f0ilum deildarinnar en samningurinn felur einnig \u00ed s\u00e9r \u00fe\u00e1 n\u00fdjung a\u00f0 <strong>handhafar heimaleikjakorta Gr\u00f3ttu Handbolta<\/strong> munu nj\u00f3ta afsl\u00e1ttar gegn framv\u00edsun kortsins \u00feegar \u00feeir kaupa mat hj\u00e1 Indican. Vi\u00f0 hl\u00f6kkum miki\u00f0 til a\u00f0 segja ykkur n\u00e1nar fr\u00e1 \u00feessari n\u00fdjung \u00e1 heimaleikjakortunum okkar!<\/p><p>Indican er indverskur veitingasta\u00f0ur sem var opna\u00f0ur \u00e1ri\u00f0 2018. Indican b\u00fd\u00f0ur upp \u00e1 heimilismat fr\u00e1 nor\u00f0ur Indlandi og er sta\u00f0settur \u00ed Math\u00f6ll H\u00f6f\u00f0a.<\/p><p>\u00c1 myndinni a\u00f0 ofan eru \u00feeir L\u00e1rus Gunnarsson forma\u00f0ur handknattleiksdeildar, Valgeir Gunnlaugsson einn eiganda Indican og Arjun yfirkokkur vi\u00f0 undirritun samningins \u00ed dag.<\/p><h4 class=\"wp-block-heading\">Vi\u00f0 \u00fe\u00f6kkum Indican k\u00e6rlega fyrir stu\u00f0ninginn og hvetjum alla \u00edb\u00faa \u00e1 Seltjarnarnesi og stu\u00f0ningsmenn Gr\u00f3ttu a\u00f0 renna vi\u00f0 upp \u00ed Math\u00f6ll H\u00f6f\u00f0a og g\u00e6\u00f0a s\u00e9r \u00e1 fr\u00e1b\u00e6rum indverskum heimilismat hj\u00e1 Indican. <\/h4><p>Matse\u00f0il \u00feeirra m\u00e1 n\u00e1lgast h\u00e9r\u00a0<a href=\"https:\/\/www.indican.is\/menu?fbclid=IwAR0LAIlP4q_PrXdCkQ7Sg-h1qIRFg8J-gerXzJPU1uzsH4T9aTo0-F0wYnw\" rel=\"noreferrer noopener\" target=\"_blank\">indican.is\/menu<\/a><\/p><div style=\"height:20px\" aria-hidden=\"true\" class=\"wp-block-spacer\"><\/div><figure class=\"wp-block-image size-large\"><img fetchpriority=\"high\" decoding=\"async\" width=\"1200\" height=\"568\" src=\"https:\/\/grotta.is\/wp-content\/uploads\/2020\/07\/Grotta_Indican_Samstarf_2.jpg\" alt=\"\" class=\"wp-image-11390\" srcset=\"https:\/\/grotta.is\/wp-content\/uploads\/2020\/07\/Grotta_Indican_Samstarf_2.jpg 1200w, https:\/\/grotta.is\/wp-content\/uploads\/2020\/07\/Grotta_Indican_Samstarf_2-300x142.png 300w, https:\/\/grotta.is\/wp-content\/uploads\/2020\/07\/Grotta_Indican_Samstarf_2-1024x485.png 1024w, https:\/\/grotta.is\/wp-content\/uploads\/2020\/07\/Grotta_Indican_Samstarf_2-768x364.png 768w, https:\/\/grotta.is\/wp-content\/uploads\/2020\/07\/Grotta_Indican_Samstarf_2-600x284.png 600w\" sizes=\"(max-width: 1200px) 100vw, 1200px\" \/><\/figure>","protected":false},"excerpt":{"rendered":"<p>Veitingasta\u00f0urinn Indican og Handknattleiksdeild Gr\u00f3ttu hafa skrifa\u00f0 undir samstarfssamning s\u00edn \u00e1 milli.<\/p>","protected":false},"author":2,"featured_media":11354,"comment_status":"closed","ping_status":"closed","sticky":false,"template":"","format":"standard","meta":{"footnotes":""},"categories":[12],"tags":[13,85],"class_list":["post-11346","post","type-post","status-publish","format-standard","has-post-thumbnail","hentry","category-handknattleiksdeild","tag-handbolti","tag-styrktaradili"],"yoast_head":"<!-- This site is optimized with the Yoast SEO plugin v24.3 - https:\/\/yoast.com\/wordpress\/plugins\/seo\/ -->\n<title>Indican skrifar undir samstarfssamning - \u00cd\u00fer\u00f3ttaf\u00e9lagi\u00f0 Gr\u00f3tta<\/title>\n<meta name=\"robots\" content=\"index, follow, max-snippet:-1, max-image-preview:large, max-video-preview:-1\" \/>\n<link rel=\"canonical\" href=\"https:\/\/grotta.is\/en\/handknattleiksdeild\/indican-og-handknattleiksdeild-grottu-skrifa-undir-samstarfssamning\/\" \/>\n<meta property=\"og:locale\" content=\"en_US\" \/>\n<meta property=\"og:type\" content=\"article\" \/>\n<meta property=\"og:title\" content=\"Indican skrifar undir samstarfssamning - \u00cd\u00fer\u00f3ttaf\u00e9lagi\u00f0 Gr\u00f3tta\" \/>\n<meta property=\"og:description\" content=\"Veitingasta\u00f0urinn Indican og Handknattleiksdeild Gr\u00f3ttu hafa skrifa\u00f0 undir samstarfssamning s\u00edn \u00e1 milli.\" \/>\n<meta property=\"og:url\" content=\"https:\/\/grotta.is\/en\/handknattleiksdeild\/indican-og-handknattleiksdeild-grottu-skrifa-undir-samstarfssamning\/\" \/>\n<meta property=\"og:site_name\" content=\"\u00cd\u00fer\u00f3ttaf\u00e9lagi\u00f0 Gr\u00f3tta\" \/>\n<meta property=\"article:publisher\" content=\"https:\/\/www.facebook.com\/grottasport\" \/>\n<meta property=\"article:published_time\" content=\"2020-07-21T23:46:25+00:00\" \/>\n<meta property=\"article:modified_time\" content=\"2020-07-24T00:01:11+00:00\" \/>\n<meta property=\"og:image\" content=\"https:\/\/grotta.is\/wp-content\/uploads\/2020\/07\/Grotta_Indican_Samstarf-e1595547976165.jpg\" \/>\n\t<meta property=\"og:image:width\" content=\"720\" \/>\n\t<meta property=\"og:image:height\" content=\"564\" \/>\n\t<meta property=\"og:image:type\" content=\"image\/jpeg\" \/>\n<meta name=\"author\" content=\"Grotta\" \/>\n<meta name=\"twitter:card\" content=\"summary_large_image\" \/>\n<meta name=\"twitter:label1\" content=\"Written by\" \/>\n\t<meta name=\"twitter:data1\" content=\"Grotta\" \/>\n\t<meta name=\"twitter:label2\" content=\"Est. reading time\" \/>\n\t<meta name=\"twitter:data2\" content=\"1 minute\" \/>\n<script type=\"application\/ld+json\" class=\"yoast-schema-graph\">{\"@context\":\"https:\/\/schema.org\",\"@graph\":[{\"@type\":\"Article\",\"@id\":\"https:\/\/grotta.is\/handknattleiksdeild\/indican-og-handknattleiksdeild-grottu-skrifa-undir-samstarfssamning\/#article\",\"isPartOf\":{\"@id\":\"https:\/\/grotta.is\/handknattleiksdeild\/indican-og-handknattleiksdeild-grottu-skrifa-undir-samstarfssamning\/\"},\"author\":{\"name\":\"Grotta\",\"@id\":\"https:\/\/grotta.is\/#\/schema\/person\/08ec57bf09ee925f1b6a01540c14a5ce\"},\"headline\":\"Indican skrifar undir samstarfssamning\",\"datePublished\":\"2020-07-21T23:46:25+00:00\",\"dateModified\":\"2020-07-24T00:01:11+00:00\",\"mainEntityOfPage\":{\"@id\":\"https:\/\/grotta.is\/handknattleiksdeild\/indican-og-handknattleiksdeild-grottu-skrifa-undir-samstarfssamning\/\"},\"wordCount\":175,\"publisher\":{\"@id\":\"https:\/\/grotta.is\/#organization\"},\"image\":{\"@id\":\"https:\/\/grotta.is\/handknattleiksdeild\/indican-og-handknattleiksdeild-grottu-skrifa-undir-samstarfssamning\/#primaryimage\"},\"thumbnailUrl\":\"https:\/\/grotta.is\/wp-content\/uploads\/2020\/07\/Grotta_Indican_Samstarf-e1595547976165.jpg\",\"keywords\":[\"Handbolti\",\"Styrktara\u00f0ili\"],\"articleSection\":[\"Handknattleiksdeild\"],\"inLanguage\":\"en-US\"},{\"@type\":\"WebPage\",\"@id\":\"https:\/\/grotta.is\/handknattleiksdeild\/indican-og-handknattleiksdeild-grottu-skrifa-undir-samstarfssamning\/\",\"url\":\"https:\/\/grotta.is\/handknattleiksdeild\/indican-og-handknattleiksdeild-grottu-skrifa-undir-samstarfssamning\/\",\"name\":\"Indican skrifar undir samstarfssamning - \u00cd\u00fer\u00f3ttaf\u00e9lagi\u00f0 Gr\u00f3tta\",\"isPartOf\":{\"@id\":\"https:\/\/grotta.is\/#website\"},\"primaryImageOfPage\":{\"@id\":\"https:\/\/grotta.is\/handknattleiksdeild\/indican-og-handknattleiksdeild-grottu-skrifa-undir-samstarfssamning\/#primaryimage\"},\"image\":{\"@id\":\"https:\/\/grotta.is\/handknattleiksdeild\/indican-og-handknattleiksdeild-grottu-skrifa-undir-samstarfssamning\/#primaryimage\"},\"thumbnailUrl\":\"https:\/\/grotta.is\/wp-content\/uploads\/2020\/07\/Grotta_Indican_Samstarf-e1595547976165.jpg\",\"datePublished\":\"2020-07-21T23:46:25+00:00\",\"dateModified\":\"2020-07-24T00:01:11+00:00\",\"breadcrumb\":{\"@id\":\"https:\/\/grotta.is\/handknattleiksdeild\/indican-og-handknattleiksdeild-grottu-skrifa-undir-samstarfssamning\/#breadcrumb\"},\"inLanguage\":\"en-US\",\"potentialAction\":[{\"@type\":\"ReadAction\",\"target\":[\"https:\/\/grotta.is\/handknattleiksdeild\/indican-og-handknattleiksdeild-grottu-skrifa-undir-samstarfssamning\/\"]}]},{\"@type\":\"ImageObject\",\"inLanguage\":\"en-US\",\"@id\":\"https:\/\/grotta.is\/handknattleiksdeild\/indican-og-handknattleiksdeild-grottu-skrifa-undir-samstarfssamning\/#primaryimage\",\"url\":\"https:\/\/grotta.is\/wp-content\/uploads\/2020\/07\/Grotta_Indican_Samstarf-e1595547976165.jpg\",\"contentUrl\":\"https:\/\/grotta.is\/wp-content\/uploads\/2020\/07\/Grotta_Indican_Samstarf-e1595547976165.jpg\",\"width\":720,\"height\":564},{\"@type\":\"BreadcrumbList\",\"@id\":\"https:\/\/grotta.is\/handknattleiksdeild\/indican-og-handknattleiksdeild-grottu-skrifa-undir-samstarfssamning\/#breadcrumb\",\"itemListElement\":[{\"@type\":\"ListItem\",\"position\":1,\"name\":\"Home\",\"item\":\"https:\/\/grotta.is\/\"},{\"@type\":\"ListItem\",\"position\":2,\"name\":\"Indican skrifar undir samstarfssamning\"}]},{\"@type\":\"WebSite\",\"@id\":\"https:\/\/grotta.is\/#website\",\"url\":\"https:\/\/grotta.is\/\",\"name\":\"\u00cd\u00fer\u00f3ttaf\u00e9lagi\u00f0 Gr\u00f3tta\",\"description\":\"\u00e1 Seltjarnarnesi\",\"publisher\":{\"@id\":\"https:\/\/grotta.is\/#organization\"},\"potentialAction\":[{\"@type\":\"SearchAction\",\"target\":{\"@type\":\"EntryPoint\",\"urlTemplate\":\"https:\/\/grotta.is\/?s={search_term_string}\"},\"query-input\":{\"@type\":\"PropertyValueSpecification\",\"valueRequired\":true,\"valueName\":\"search_term_string\"}}],\"inLanguage\":\"en-US\"},{\"@type\":\"Organization\",\"@id\":\"https:\/\/grotta.is\/#organization\",\"name\":\"\u00cd\u00fer\u00f3ttaf\u00e9lagi\u00f0 Gr\u00f3tta\",\"url\":\"https:\/\/grotta.is\/\",\"logo\":{\"@type\":\"ImageObject\",\"inLanguage\":\"en-US\",\"@id\":\"https:\/\/grotta.is\/#\/schema\/logo\/image\/\",\"url\":\"https:\/\/grotta.is\/wp-content\/uploads\/2020\/02\/ithrottafelagidgrotta_logo_512x512_transparent.png\",\"contentUrl\":\"https:\/\/grotta.is\/wp-content\/uploads\/2020\/02\/ithrottafelagidgrotta_logo_512x512_transparent.png\",\"width\":512,\"height\":512,\"caption\":\"\u00cd\u00fer\u00f3ttaf\u00e9lagi\u00f0 Gr\u00f3tta\"},\"image\":{\"@id\":\"https:\/\/grotta.is\/#\/schema\/logo\/image\/\"},\"sameAs\":[\"https:\/\/www.facebook.com\/grottasport\"]},{\"@type\":\"Person\",\"@id\":\"https:\/\/grotta.is\/#\/schema\/person\/08ec57bf09ee925f1b6a01540c14a5ce\",\"name\":\"Grotta\",\"url\":\"https:\/\/grotta.is\/en\/author\/inga\/\"}]}<\/script>\n<!-- \/ Yoast SEO plugin. -->","yoast_head_json":{"title":"Indican skrifar undir samstarfssamning - \u00cd\u00fer\u00f3ttaf\u00e9lagi\u00f0 Gr\u00f3tta","robots":{"index":"index","follow":"follow","max-snippet":"max-snippet:-1","max-image-preview":"max-image-preview:large","max-video-preview":"max-video-preview:-1"},"canonical":"https:\/\/grotta.is\/en\/handknattleiksdeild\/indican-og-handknattleiksdeild-grottu-skrifa-undir-samstarfssamning\/","og_locale":"en_US","og_type":"article","og_title":"Indican skrifar undir samstarfssamning - \u00cd\u00fer\u00f3ttaf\u00e9lagi\u00f0 Gr\u00f3tta","og_description":"Veitingasta\u00f0urinn Indican og Handknattleiksdeild Gr\u00f3ttu hafa skrifa\u00f0 undir samstarfssamning s\u00edn \u00e1 milli.","og_url":"https:\/\/grotta.is\/en\/handknattleiksdeild\/indican-og-handknattleiksdeild-grottu-skrifa-undir-samstarfssamning\/","og_site_name":"\u00cd\u00fer\u00f3ttaf\u00e9lagi\u00f0 Gr\u00f3tta","article_publisher":"https:\/\/www.facebook.com\/grottasport","article_published_time":"2020-07-21T23:46:25+00:00","article_modified_time":"2020-07-24T00:01:11+00:00","og_image":[{"width":720,"height":564,"url":"https:\/\/grotta.is\/wp-content\/uploads\/2020\/07\/Grotta_Indican_Samstarf-e1595547976165.jpg","type":"image\/jpeg"}],"author":"Grotta","twitter_card":"summary_large_image","twitter_misc":{"Written by":"Grotta","Est. reading time":"1 minute"},"schema":{"@context":"https:\/\/schema.org","@graph":[{"@type":"Article","@id":"https:\/\/grotta.is\/handknattleiksdeild\/indican-og-handknattleiksdeild-grottu-skrifa-undir-samstarfssamning\/#article","isPartOf":{"@id":"https:\/\/grotta.is\/handknattleiksdeild\/indican-og-handknattleiksdeild-grottu-skrifa-undir-samstarfssamning\/"},"author":{"name":"Grotta","@id":"https:\/\/grotta.is\/#\/schema\/person\/08ec57bf09ee925f1b6a01540c14a5ce"},"headline":"Indican skrifar undir samstarfssamning","datePublished":"2020-07-21T23:46:25+00:00","dateModified":"2020-07-24T00:01:11+00:00","mainEntityOfPage":{"@id":"https:\/\/grotta.is\/handknattleiksdeild\/indican-og-handknattleiksdeild-grottu-skrifa-undir-samstarfssamning\/"},"wordCount":175,"publisher":{"@id":"https:\/\/grotta.is\/#organization"},"image":{"@id":"https:\/\/grotta.is\/handknattleiksdeild\/indican-og-handknattleiksdeild-grottu-skrifa-undir-samstarfssamning\/#primaryimage"},"thumbnailUrl":"https:\/\/grotta.is\/wp-content\/uploads\/2020\/07\/Grotta_Indican_Samstarf-e1595547976165.jpg","keywords":["Handbolti","Styrktara\u00f0ili"],"articleSection":["Handknattleiksdeild"],"inLanguage":"en-US"},{"@type":"WebPage","@id":"https:\/\/grotta.is\/handknattleiksdeild\/indican-og-handknattleiksdeild-grottu-skrifa-undir-samstarfssamning\/","url":"https:\/\/grotta.is\/handknattleiksdeild\/indican-og-handknattleiksdeild-grottu-skrifa-undir-samstarfssamning\/","name":"Indican skrifar undir samstarfssamning - \u00cd\u00fer\u00f3ttaf\u00e9lagi\u00f0 Gr\u00f3tta","isPartOf":{"@id":"https:\/\/grotta.is\/#website"},"primaryImageOfPage":{"@id":"https:\/\/grotta.is\/handknattleiksdeild\/indican-og-handknattleiksdeild-grottu-skrifa-undir-samstarfssamning\/#primaryimage"},"image":{"@id":"https:\/\/grotta.is\/handknattleiksdeild\/indican-og-handknattleiksdeild-grottu-skrifa-undir-samstarfssamning\/#primaryimage"},"thumbnailUrl":"https:\/\/grotta.is\/wp-content\/uploads\/2020\/07\/Grotta_Indican_Samstarf-e1595547976165.jpg","datePublished":"2020-07-21T23:46:25+00:00","dateModified":"2020-07-24T00:01:11+00:00","breadcrumb":{"@id":"https:\/\/grotta.is\/handknattleiksdeild\/indican-og-handknattleiksdeild-grottu-skrifa-undir-samstarfssamning\/#breadcrumb"},"inLanguage":"en-US","potentialAction":[{"@type":"ReadAction","target":["https:\/\/grotta.is\/handknattleiksdeild\/indican-og-handknattleiksdeild-grottu-skrifa-undir-samstarfssamning\/"]}]},{"@type":"ImageObject","inLanguage":"en-US","@id":"https:\/\/grotta.is\/handknattleiksdeild\/indican-og-handknattleiksdeild-grottu-skrifa-undir-samstarfssamning\/#primaryimage","url":"https:\/\/grotta.is\/wp-content\/uploads\/2020\/07\/Grotta_Indican_Samstarf-e1595547976165.jpg","contentUrl":"https:\/\/grotta.is\/wp-content\/uploads\/2020\/07\/Grotta_Indican_Samstarf-e1595547976165.jpg","width":720,"height":564},{"@type":"BreadcrumbList","@id":"https:\/\/grotta.is\/handknattleiksdeild\/indican-og-handknattleiksdeild-grottu-skrifa-undir-samstarfssamning\/#breadcrumb","itemListElement":[{"@type":"ListItem","position":1,"name":"Home","item":"https:\/\/grotta.is\/"},{"@type":"ListItem","position":2,"name":"Indican skrifar undir samstarfssamning"}]},{"@type":"WebSite","@id":"https:\/\/grotta.is\/#website","url":"https:\/\/grotta.is\/","name":"\u00cd\u00fer\u00f3ttaf\u00e9lagi\u00f0 Gr\u00f3tta","description":"\u00e1 Seltjarnarnesi","publisher":{"@id":"https:\/\/grotta.is\/#organization"},"potentialAction":[{"@type":"SearchAction","target":{"@type":"EntryPoint","urlTemplate":"https:\/\/grotta.is\/?s={search_term_string}"},"query-input":{"@type":"PropertyValueSpecification","valueRequired":true,"valueName":"search_term_string"}}],"inLanguage":"en-US"},{"@type":"Organization","@id":"https:\/\/grotta.is\/#organization","name":"\u00cd\u00fer\u00f3ttaf\u00e9lagi\u00f0 Gr\u00f3tta","url":"https:\/\/grotta.is\/","logo":{"@type":"ImageObject","inLanguage":"en-US","@id":"https:\/\/grotta.is\/#\/schema\/logo\/image\/","url":"https:\/\/grotta.is\/wp-content\/uploads\/2020\/02\/ithrottafelagidgrotta_logo_512x512_transparent.png","contentUrl":"https:\/\/grotta.is\/wp-content\/uploads\/2020\/02\/ithrottafelagidgrotta_logo_512x512_transparent.png","width":512,"height":512,"caption":"\u00cd\u00fer\u00f3ttaf\u00e9lagi\u00f0 Gr\u00f3tta"},"image":{"@id":"https:\/\/grotta.is\/#\/schema\/logo\/image\/"},"sameAs":["https:\/\/www.facebook.com\/grottasport"]},{"@type":"Person","@id":"https:\/\/grotta.is\/#\/schema\/person\/08ec57bf09ee925f1b6a01540c14a5ce","name":"Grotta","url":"https:\/\/grotta.is\/en\/author\/inga\/"}]}},"_links":{"self":[{"href":"https:\/\/grotta.is\/en\/wp-json\/wp\/v2\/posts\/11346","targetHints":{"allow":["GET"]}}],"collection":[{"href":"https:\/\/grotta.is\/en\/wp-json\/wp\/v2\/posts"}],"about":[{"href":"https:\/\/grotta.is\/en\/wp-json\/wp\/v2\/types\/post"}],"author":[{"embeddable":true,"href":"https:\/\/grotta.is\/en\/wp-json\/wp\/v2\/users\/2"}],"replies":[{"embeddable":true,"href":"https:\/\/grotta.is\/en\/wp-json\/wp\/v2\/comments?post=11346"}],"version-history":[{"count":5,"href":"https:\/\/grotta.is\/en\/wp-json\/wp\/v2\/posts\/11346\/revisions"}],"predecessor-version":[{"id":11403,"href":"https:\/\/grotta.is\/en\/wp-json\/wp\/v2\/posts\/11346\/revisions\/11403"}],"wp:featuredmedia":[{"embeddable":true,"href":"https:\/\/grotta.is\/en\/wp-json\/wp\/v2\/media\/11354"}],"wp:attachment":[{"href":"https:\/\/grotta.is\/en\/wp-json\/wp\/v2\/media?parent=11346"}],"wp:term":[{"taxonomy":"category","embeddable":true,"href":"https:\/\/grotta.is\/en\/wp-json\/wp\/v2\/categories?post=11346"},{"taxonomy":"post_tag","embeddable":true,"href":"https:\/\/grotta.is\/en\/wp-json\/wp\/v2\/tags?post=11346"}],"curies":[{"name":"wp","href":"https:\/\/api.w.org\/{rel}","templated":true}]}}