{"id":11309,"date":"2020-07-23T23:38:14","date_gmt":"2020-07-23T23:38:14","guid":{"rendered":"https:\/\/grotta.is\/?p=11309"},"modified":"2020-07-24T00:20:49","modified_gmt":"2020-07-24T00:20:49","slug":"andri-thor-til-grottu-barion-bryggjan-brugghus-baetist-i-hop-styrktaradila","status":"publish","type":"post","link":"https:\/\/grotta.is\/en\/handknattleiksdeild\/andri-thor-til-grottu-barion-bryggjan-brugghus-baetist-i-hop-styrktaradila\/","title":{"rendered":"Andri \u00de\u00f3r til Gr\u00f3ttu \u2013 Barion Bryggjan b\u00e6tist \u00ed h\u00f3p styrktara\u00f0ila"},"content":{"rendered":"<p>Hornama\u00f0urinn Andri \u00de\u00f3r Helgason skrifa\u00f0i \u00ed dag undir 2ja \u00e1ra samning vi\u00f0 Gr\u00f3ttu.<\/p><p>Andri sem er 26 \u00e1ra gamall kemur til li\u00f0sins fr\u00e1 Stj\u00f6rnunni \u00fear sem hann l\u00e9k \u00e1 s\u00ed\u00f0astli\u00f0nu keppnist\u00edmabili. \u00dear \u00e1\u00f0ur l\u00e9k Andri me\u00f0 Fram \u00ed \u00ferj\u00fa t\u00edmabil og var \u00fear fyrirli\u00f0i li\u00f0sins. Andri f\u00f3r me\u00f0 Fram-li\u00f0inu alla lei\u00f0 \u00ed undan\u00farslit \u00edslandsm\u00f3tsins og bikar\u00farslit.<\/p><p>Andri hefur af m\u00f6rgum veri\u00f0 talinn einn af betri hornam\u00f6nnum deildarinnar og er \u00fer\u00e1tt fyrir ungan aldur hokinn af reynslu \u00far efstu deild. Hann er mikill lei\u00f0togi og fyrirmynd innan vallar sem utan en hann var m.a s\u00e6mdur h\u00e1ttv\u00edsisver\u00f0launum HS\u00cd \u00e1ri\u00f0 2017.<\/p><p>Auk \u00feess a\u00f0 spila me\u00f0 meistaraflokki f\u00e9lagsins mun Andri taka a\u00f0 s\u00e9r \u00fej\u00e1lfun 3.flokks karla \u00e1 komandi keppnist\u00edmabili.<\/p><h4 class=\"wp-block-heading\">\u00dea\u00f0 er okkur mikill fengur a\u00f0 f\u00e1 Andra til f\u00e9lagsins og ver\u00f0ur hann mikil styrking \u00ed ungt Gr\u00f3ttu-li\u00f0 sem spilar \u00ed Ol\u00eds-deildinni \u00e1 n\u00fdjan leik eftir \u00e1rsfjarveru.<\/h4><p>Vi\u00f0 sama tilefni skrifu\u00f0u handknattleiksdeild Gr\u00f3ttu og veitingasta\u00f0urinn Barion Bryggjan undir samstarfssamning s\u00edn \u00e1 milli til n\u00e6stu 3ja \u00e1ra.<\/p><p>Me\u00f0 samningnum ver\u00f0ur Barion einn af st\u00e6rstu styrktara\u00f0ilum deildarinnar og munu handhafar heimaleikjakorta handknattleiksdeildar m.a nj\u00f3ta afsl\u00e1ttarkjara hj\u00e1 sta\u00f0num en auk \u00feess mun Barion m.a standa fyrir skotkeppnum \u00ed h\u00e1lfleik \u00e1 \u00f6llum heimaleikjum meistaraflokka \u00ed vetur.<\/p><p>Barion sem opna\u00f0i \u00fati \u00e1 Granda n\u00fa \u00e1 \u00e1r er veitingasta\u00f0ur og sportbar sem b\u00fd\u00f0ur upp \u00e1 g\u00e6\u00f0amat og drykki fyrir hvert tilefni!<\/p><p>\u00c1 myndinni a\u00f0 ofan eru Sigmar Vilhj\u00e1lmsson eigandi Barion, L\u00e1rus Gunnarsson forma\u00f0ur handknattleiksdeildar og Andri \u00de\u00f3r vi\u00f0 undirritun samningsins \u00e1 Barion Bryggjan \u00ed dag.<\/p><h4 class=\"wp-block-heading\">Vi\u00f0 \u00fe\u00f6kkum Barion k\u00e6rlega fyrir stu\u00f0ninginn og hvetjum alla \u00edb\u00faa \u00e1 Seltjarnarnesi og stu\u00f0ningsmenn Gr\u00f3ttu a\u00f0 k\u00edkja til \u00feeirra \u00fat \u00e1 Granda og g\u00e6\u00f0a s\u00e9r \u00e1 fr\u00e1b\u00e6rum mat og drykkjum. <\/h4><p>Matse\u00f0il Barion m\u00e1 n\u00e1lgast h\u00e9r\u00a0<a href=\"https:\/\/l.facebook.com\/l.php?u=https%3A%2F%2Fwww.barion.is%2Fmatsedill%3Ffbclid%3DIwAR0-1l5s55tyn8lhlOXMK_nfkNnghn8YBx5Sf9GcnSBzo1RUqwB9wQDyrSQ&amp;h=AT38UcgQwNB8mqQ2i8HniMFcTnHHj1mDPSAZd7pq8PBmzxB6seIkLiO_8CvVfrcrNQYM4Nboa8klKhZ6AeDAfoSLSl1yhnfYmlsfhPVia-yz_vQTOj1RCnnoaA1qvABck4xMtmRfARv0CzzmMysobIHX4V0gHUQUmn-pP0SliX9F7KYUvePMJFQ0KC5gQlVE6hOiVbpIV7fa09_ZWIoVDTRE9x228WhMkO7gGqb6dcI67zBUGASJ2M9ccP0V9HKA08Pf1-hJORGhFaJulckRDakYsR0sVwBjqyNIgsRFzoyOZMnw9k1p1Eu6XDaEtwIUypP0C3pA-5kuE38J4H3kTgFXrFcXvBuRmWfUg8zvIFGkWNj43XJBCi0A5pRB42c47p8jKm0agQ_uuCqyWnPex6yFfWkR3OOJdb6yXLQBoM95VWyUn96am-dKsHeVdSRqPSe4LSPPbszhZFPHU_SFRSLKVozt_ueHf1WHBnyWdX5LR0BAVvMb03dqLhUzGWdoV19ptI892YULDpRT-Jlq4PESvDVrAjJ3Ctl59McGynngwq0wVNbw0x1MM1hQ05h0nQGC2pV2mEXVC5eJ4qwKh-milfiu7y3OuNY2CWYke2nUg-vYGfG7aw8t898yEuYM3w\" target=\"_blank\" rel=\"noreferrer noopener\">https:\/\/www.barion.is\/matsedill<\/a><\/p><figure class=\"wp-block-image size-large\"><img fetchpriority=\"high\" decoding=\"async\" width=\"1024\" height=\"516\" src=\"https:\/\/grotta.is\/wp-content\/uploads\/2020\/07\/Barion_bryggjan_logo_2-1024x516.jpg\" alt=\"\" class=\"wp-image-11427\" srcset=\"https:\/\/grotta.is\/wp-content\/uploads\/2020\/07\/Barion_bryggjan_logo_2-1024x516.jpg 1024w, https:\/\/grotta.is\/wp-content\/uploads\/2020\/07\/Barion_bryggjan_logo_2-300x151.png 300w, https:\/\/grotta.is\/wp-content\/uploads\/2020\/07\/Barion_bryggjan_logo_2-768x387.jpg 768w, https:\/\/grotta.is\/wp-content\/uploads\/2020\/07\/Barion_bryggjan_logo_2-600x302.png 600w, https:\/\/grotta.is\/wp-content\/uploads\/2020\/07\/Barion_bryggjan_logo_2.jpg 1080w\" sizes=\"(max-width: 1024px) 100vw, 1024px\" \/><\/figure><p>\u00c1fram Gr\u00f3tta!<\/p>","protected":false},"excerpt":{"rendered":"<p>Hornama\u00f0urinn Andri \u00de\u00f3r Helgason skrifa\u00f0i \u00ed dag undir 2ja \u00e1ra samning vi\u00f0 Gr\u00f3ttu. Vi\u00f0 sama tilefni skrifu\u00f0u handknattleiksdeild Gr\u00f3ttu og veitingasta\u00f0urinn Barion Bryggjan undir samstarfssamning s\u00edn \u00e1 milli til n\u00e6stu 3ja \u00e1ra.<\/p>","protected":false},"author":2,"featured_media":11329,"comment_status":"closed","ping_status":"closed","sticky":false,"template":"","format":"standard","meta":{"footnotes":""},"categories":[12],"tags":[13,17,85],"class_list":["post-11309","post","type-post","status-publish","format-standard","has-post-thumbnail","hentry","category-handknattleiksdeild","tag-handbolti","tag-leikmenn","tag-styrktaradili"],"yoast_head":"<!-- This site is optimized with the Yoast SEO plugin v24.3 - https:\/\/yoast.com\/wordpress\/plugins\/seo\/ -->\n<title>Andri \u00de\u00f3r til Gr\u00f3ttu \u2013 Barion Bryggjan b\u00e6tist \u00ed h\u00f3p styrktara\u00f0ila - \u00cd\u00fer\u00f3ttaf\u00e9lagi\u00f0 Gr\u00f3tta<\/title>\n<meta name=\"robots\" content=\"index, follow, max-snippet:-1, max-image-preview:large, max-video-preview:-1\" \/>\n<link rel=\"canonical\" href=\"https:\/\/grotta.is\/en\/handknattleiksdeild\/andri-thor-til-grottu-barion-bryggjan-brugghus-baetist-i-hop-styrktaradila\/\" \/>\n<meta property=\"og:locale\" content=\"en_US\" \/>\n<meta property=\"og:type\" content=\"article\" \/>\n<meta property=\"og:title\" content=\"Andri \u00de\u00f3r til Gr\u00f3ttu \u2013 Barion Bryggjan b\u00e6tist \u00ed h\u00f3p styrktara\u00f0ila - \u00cd\u00fer\u00f3ttaf\u00e9lagi\u00f0 Gr\u00f3tta\" \/>\n<meta property=\"og:description\" content=\"Hornama\u00f0urinn Andri \u00de\u00f3r Helgason skrifa\u00f0i \u00ed dag undir 2ja \u00e1ra samning vi\u00f0 Gr\u00f3ttu. Vi\u00f0 sama tilefni skrifu\u00f0u handknattleiksdeild Gr\u00f3ttu og veitingasta\u00f0urinn Barion Bryggjan undir samstarfssamning s\u00edn \u00e1 milli til n\u00e6stu 3ja \u00e1ra.\" \/>\n<meta property=\"og:url\" content=\"https:\/\/grotta.is\/en\/handknattleiksdeild\/andri-thor-til-grottu-barion-bryggjan-brugghus-baetist-i-hop-styrktaradila\/\" \/>\n<meta property=\"og:site_name\" content=\"\u00cd\u00fer\u00f3ttaf\u00e9lagi\u00f0 Gr\u00f3tta\" \/>\n<meta property=\"article:publisher\" content=\"https:\/\/www.facebook.com\/grottasport\" \/>\n<meta property=\"article:published_time\" content=\"2020-07-23T23:38:14+00:00\" \/>\n<meta property=\"article:modified_time\" content=\"2020-07-24T00:20:49+00:00\" \/>\n<meta property=\"og:image\" content=\"https:\/\/grotta.is\/wp-content\/uploads\/2020\/07\/Grotta_Barion_bryggjan_samstarf_2.jpg\" \/>\n\t<meta property=\"og:image:width\" content=\"961\" \/>\n\t<meta property=\"og:image:height\" content=\"721\" \/>\n\t<meta property=\"og:image:type\" content=\"image\/jpeg\" \/>\n<meta name=\"author\" content=\"Grotta\" \/>\n<meta name=\"twitter:card\" content=\"summary_large_image\" \/>\n<meta name=\"twitter:label1\" content=\"Written by\" \/>\n\t<meta name=\"twitter:data1\" content=\"Grotta\" \/>\n\t<meta name=\"twitter:label2\" content=\"Est. reading time\" \/>\n\t<meta name=\"twitter:data2\" content=\"2 minutes\" \/>\n<script type=\"application\/ld+json\" class=\"yoast-schema-graph\">{\"@context\":\"https:\/\/schema.org\",\"@graph\":[{\"@type\":\"Article\",\"@id\":\"https:\/\/grotta.is\/handknattleiksdeild\/andri-thor-til-grottu-barion-bryggjan-brugghus-baetist-i-hop-styrktaradila\/#article\",\"isPartOf\":{\"@id\":\"https:\/\/grotta.is\/handknattleiksdeild\/andri-thor-til-grottu-barion-bryggjan-brugghus-baetist-i-hop-styrktaradila\/\"},\"author\":{\"name\":\"Grotta\",\"@id\":\"https:\/\/grotta.is\/#\/schema\/person\/08ec57bf09ee925f1b6a01540c14a5ce\"},\"headline\":\"Andri \u00de\u00f3r til Gr\u00f3ttu \u2013 Barion Bryggjan b\u00e6tist \u00ed h\u00f3p styrktara\u00f0ila\",\"datePublished\":\"2020-07-23T23:38:14+00:00\",\"dateModified\":\"2020-07-24T00:20:49+00:00\",\"mainEntityOfPage\":{\"@id\":\"https:\/\/grotta.is\/handknattleiksdeild\/andri-thor-til-grottu-barion-bryggjan-brugghus-baetist-i-hop-styrktaradila\/\"},\"wordCount\":348,\"publisher\":{\"@id\":\"https:\/\/grotta.is\/#organization\"},\"image\":{\"@id\":\"https:\/\/grotta.is\/handknattleiksdeild\/andri-thor-til-grottu-barion-bryggjan-brugghus-baetist-i-hop-styrktaradila\/#primaryimage\"},\"thumbnailUrl\":\"https:\/\/grotta.is\/wp-content\/uploads\/2020\/07\/Grotta_Barion_bryggjan_samstarf_2.jpg\",\"keywords\":[\"Handbolti\",\"Leikmenn\",\"Styrktara\u00f0ili\"],\"articleSection\":[\"Handknattleiksdeild\"],\"inLanguage\":\"en-US\"},{\"@type\":\"WebPage\",\"@id\":\"https:\/\/grotta.is\/handknattleiksdeild\/andri-thor-til-grottu-barion-bryggjan-brugghus-baetist-i-hop-styrktaradila\/\",\"url\":\"https:\/\/grotta.is\/handknattleiksdeild\/andri-thor-til-grottu-barion-bryggjan-brugghus-baetist-i-hop-styrktaradila\/\",\"name\":\"Andri \u00de\u00f3r til Gr\u00f3ttu \u2013 Barion Bryggjan b\u00e6tist \u00ed h\u00f3p styrktara\u00f0ila - \u00cd\u00fer\u00f3ttaf\u00e9lagi\u00f0 Gr\u00f3tta\",\"isPartOf\":{\"@id\":\"https:\/\/grotta.is\/#website\"},\"primaryImageOfPage\":{\"@id\":\"https:\/\/grotta.is\/handknattleiksdeild\/andri-thor-til-grottu-barion-bryggjan-brugghus-baetist-i-hop-styrktaradila\/#primaryimage\"},\"image\":{\"@id\":\"https:\/\/grotta.is\/handknattleiksdeild\/andri-thor-til-grottu-barion-bryggjan-brugghus-baetist-i-hop-styrktaradila\/#primaryimage\"},\"thumbnailUrl\":\"https:\/\/grotta.is\/wp-content\/uploads\/2020\/07\/Grotta_Barion_bryggjan_samstarf_2.jpg\",\"datePublished\":\"2020-07-23T23:38:14+00:00\",\"dateModified\":\"2020-07-24T00:20:49+00:00\",\"breadcrumb\":{\"@id\":\"https:\/\/grotta.is\/handknattleiksdeild\/andri-thor-til-grottu-barion-bryggjan-brugghus-baetist-i-hop-styrktaradila\/#breadcrumb\"},\"inLanguage\":\"en-US\",\"potentialAction\":[{\"@type\":\"ReadAction\",\"target\":[\"https:\/\/grotta.is\/handknattleiksdeild\/andri-thor-til-grottu-barion-bryggjan-brugghus-baetist-i-hop-styrktaradila\/\"]}]},{\"@type\":\"ImageObject\",\"inLanguage\":\"en-US\",\"@id\":\"https:\/\/grotta.is\/handknattleiksdeild\/andri-thor-til-grottu-barion-bryggjan-brugghus-baetist-i-hop-styrktaradila\/#primaryimage\",\"url\":\"https:\/\/grotta.is\/wp-content\/uploads\/2020\/07\/Grotta_Barion_bryggjan_samstarf_2.jpg\",\"contentUrl\":\"https:\/\/grotta.is\/wp-content\/uploads\/2020\/07\/Grotta_Barion_bryggjan_samstarf_2.jpg\",\"width\":961,\"height\":721},{\"@type\":\"BreadcrumbList\",\"@id\":\"https:\/\/grotta.is\/handknattleiksdeild\/andri-thor-til-grottu-barion-bryggjan-brugghus-baetist-i-hop-styrktaradila\/#breadcrumb\",\"itemListElement\":[{\"@type\":\"ListItem\",\"position\":1,\"name\":\"Home\",\"item\":\"https:\/\/grotta.is\/\"},{\"@type\":\"ListItem\",\"position\":2,\"name\":\"Andri \u00de\u00f3r til Gr\u00f3ttu \u2013 Barion Bryggjan b\u00e6tist \u00ed h\u00f3p styrktara\u00f0ila\"}]},{\"@type\":\"WebSite\",\"@id\":\"https:\/\/grotta.is\/#website\",\"url\":\"https:\/\/grotta.is\/\",\"name\":\"\u00cd\u00fer\u00f3ttaf\u00e9lagi\u00f0 Gr\u00f3tta\",\"description\":\"\u00e1 Seltjarnarnesi\",\"publisher\":{\"@id\":\"https:\/\/grotta.is\/#organization\"},\"potentialAction\":[{\"@type\":\"SearchAction\",\"target\":{\"@type\":\"EntryPoint\",\"urlTemplate\":\"https:\/\/grotta.is\/?s={search_term_string}\"},\"query-input\":{\"@type\":\"PropertyValueSpecification\",\"valueRequired\":true,\"valueName\":\"search_term_string\"}}],\"inLanguage\":\"en-US\"},{\"@type\":\"Organization\",\"@id\":\"https:\/\/grotta.is\/#organization\",\"name\":\"\u00cd\u00fer\u00f3ttaf\u00e9lagi\u00f0 Gr\u00f3tta\",\"url\":\"https:\/\/grotta.is\/\",\"logo\":{\"@type\":\"ImageObject\",\"inLanguage\":\"en-US\",\"@id\":\"https:\/\/grotta.is\/#\/schema\/logo\/image\/\",\"url\":\"https:\/\/grotta.is\/wp-content\/uploads\/2020\/02\/ithrottafelagidgrotta_logo_512x512_transparent.png\",\"contentUrl\":\"https:\/\/grotta.is\/wp-content\/uploads\/2020\/02\/ithrottafelagidgrotta_logo_512x512_transparent.png\",\"width\":512,\"height\":512,\"caption\":\"\u00cd\u00fer\u00f3ttaf\u00e9lagi\u00f0 Gr\u00f3tta\"},\"image\":{\"@id\":\"https:\/\/grotta.is\/#\/schema\/logo\/image\/\"},\"sameAs\":[\"https:\/\/www.facebook.com\/grottasport\"]},{\"@type\":\"Person\",\"@id\":\"https:\/\/grotta.is\/#\/schema\/person\/08ec57bf09ee925f1b6a01540c14a5ce\",\"name\":\"Grotta\",\"url\":\"https:\/\/grotta.is\/en\/author\/inga\/\"}]}<\/script>\n<!-- \/ Yoast SEO plugin. -->","yoast_head_json":{"title":"Andri \u00de\u00f3r til Gr\u00f3ttu \u2013 Barion Bryggjan b\u00e6tist \u00ed h\u00f3p styrktara\u00f0ila - \u00cd\u00fer\u00f3ttaf\u00e9lagi\u00f0 Gr\u00f3tta","robots":{"index":"index","follow":"follow","max-snippet":"max-snippet:-1","max-image-preview":"max-image-preview:large","max-video-preview":"max-video-preview:-1"},"canonical":"https:\/\/grotta.is\/en\/handknattleiksdeild\/andri-thor-til-grottu-barion-bryggjan-brugghus-baetist-i-hop-styrktaradila\/","og_locale":"en_US","og_type":"article","og_title":"Andri \u00de\u00f3r til Gr\u00f3ttu \u2013 Barion Bryggjan b\u00e6tist \u00ed h\u00f3p styrktara\u00f0ila - \u00cd\u00fer\u00f3ttaf\u00e9lagi\u00f0 Gr\u00f3tta","og_description":"Hornama\u00f0urinn Andri \u00de\u00f3r Helgason skrifa\u00f0i \u00ed dag undir 2ja \u00e1ra samning vi\u00f0 Gr\u00f3ttu. Vi\u00f0 sama tilefni skrifu\u00f0u handknattleiksdeild Gr\u00f3ttu og veitingasta\u00f0urinn Barion Bryggjan undir samstarfssamning s\u00edn \u00e1 milli til n\u00e6stu 3ja \u00e1ra.","og_url":"https:\/\/grotta.is\/en\/handknattleiksdeild\/andri-thor-til-grottu-barion-bryggjan-brugghus-baetist-i-hop-styrktaradila\/","og_site_name":"\u00cd\u00fer\u00f3ttaf\u00e9lagi\u00f0 Gr\u00f3tta","article_publisher":"https:\/\/www.facebook.com\/grottasport","article_published_time":"2020-07-23T23:38:14+00:00","article_modified_time":"2020-07-24T00:20:49+00:00","og_image":[{"width":961,"height":721,"url":"https:\/\/grotta.is\/wp-content\/uploads\/2020\/07\/Grotta_Barion_bryggjan_samstarf_2.jpg","type":"image\/jpeg"}],"author":"Grotta","twitter_card":"summary_large_image","twitter_misc":{"Written by":"Grotta","Est. reading time":"2 minutes"},"schema":{"@context":"https:\/\/schema.org","@graph":[{"@type":"Article","@id":"https:\/\/grotta.is\/handknattleiksdeild\/andri-thor-til-grottu-barion-bryggjan-brugghus-baetist-i-hop-styrktaradila\/#article","isPartOf":{"@id":"https:\/\/grotta.is\/handknattleiksdeild\/andri-thor-til-grottu-barion-bryggjan-brugghus-baetist-i-hop-styrktaradila\/"},"author":{"name":"Grotta","@id":"https:\/\/grotta.is\/#\/schema\/person\/08ec57bf09ee925f1b6a01540c14a5ce"},"headline":"Andri \u00de\u00f3r til Gr\u00f3ttu \u2013 Barion Bryggjan b\u00e6tist \u00ed h\u00f3p styrktara\u00f0ila","datePublished":"2020-07-23T23:38:14+00:00","dateModified":"2020-07-24T00:20:49+00:00","mainEntityOfPage":{"@id":"https:\/\/grotta.is\/handknattleiksdeild\/andri-thor-til-grottu-barion-bryggjan-brugghus-baetist-i-hop-styrktaradila\/"},"wordCount":348,"publisher":{"@id":"https:\/\/grotta.is\/#organization"},"image":{"@id":"https:\/\/grotta.is\/handknattleiksdeild\/andri-thor-til-grottu-barion-bryggjan-brugghus-baetist-i-hop-styrktaradila\/#primaryimage"},"thumbnailUrl":"https:\/\/grotta.is\/wp-content\/uploads\/2020\/07\/Grotta_Barion_bryggjan_samstarf_2.jpg","keywords":["Handbolti","Leikmenn","Styrktara\u00f0ili"],"articleSection":["Handknattleiksdeild"],"inLanguage":"en-US"},{"@type":"WebPage","@id":"https:\/\/grotta.is\/handknattleiksdeild\/andri-thor-til-grottu-barion-bryggjan-brugghus-baetist-i-hop-styrktaradila\/","url":"https:\/\/grotta.is\/handknattleiksdeild\/andri-thor-til-grottu-barion-bryggjan-brugghus-baetist-i-hop-styrktaradila\/","name":"Andri \u00de\u00f3r til Gr\u00f3ttu \u2013 Barion Bryggjan b\u00e6tist \u00ed h\u00f3p styrktara\u00f0ila - \u00cd\u00fer\u00f3ttaf\u00e9lagi\u00f0 Gr\u00f3tta","isPartOf":{"@id":"https:\/\/grotta.is\/#website"},"primaryImageOfPage":{"@id":"https:\/\/grotta.is\/handknattleiksdeild\/andri-thor-til-grottu-barion-bryggjan-brugghus-baetist-i-hop-styrktaradila\/#primaryimage"},"image":{"@id":"https:\/\/grotta.is\/handknattleiksdeild\/andri-thor-til-grottu-barion-bryggjan-brugghus-baetist-i-hop-styrktaradila\/#primaryimage"},"thumbnailUrl":"https:\/\/grotta.is\/wp-content\/uploads\/2020\/07\/Grotta_Barion_bryggjan_samstarf_2.jpg","datePublished":"2020-07-23T23:38:14+00:00","dateModified":"2020-07-24T00:20:49+00:00","breadcrumb":{"@id":"https:\/\/grotta.is\/handknattleiksdeild\/andri-thor-til-grottu-barion-bryggjan-brugghus-baetist-i-hop-styrktaradila\/#breadcrumb"},"inLanguage":"en-US","potentialAction":[{"@type":"ReadAction","target":["https:\/\/grotta.is\/handknattleiksdeild\/andri-thor-til-grottu-barion-bryggjan-brugghus-baetist-i-hop-styrktaradila\/"]}]},{"@type":"ImageObject","inLanguage":"en-US","@id":"https:\/\/grotta.is\/handknattleiksdeild\/andri-thor-til-grottu-barion-bryggjan-brugghus-baetist-i-hop-styrktaradila\/#primaryimage","url":"https:\/\/grotta.is\/wp-content\/uploads\/2020\/07\/Grotta_Barion_bryggjan_samstarf_2.jpg","contentUrl":"https:\/\/grotta.is\/wp-content\/uploads\/2020\/07\/Grotta_Barion_bryggjan_samstarf_2.jpg","width":961,"height":721},{"@type":"BreadcrumbList","@id":"https:\/\/grotta.is\/handknattleiksdeild\/andri-thor-til-grottu-barion-bryggjan-brugghus-baetist-i-hop-styrktaradila\/#breadcrumb","itemListElement":[{"@type":"ListItem","position":1,"name":"Home","item":"https:\/\/grotta.is\/"},{"@type":"ListItem","position":2,"name":"Andri \u00de\u00f3r til Gr\u00f3ttu \u2013 Barion Bryggjan b\u00e6tist \u00ed h\u00f3p styrktara\u00f0ila"}]},{"@type":"WebSite","@id":"https:\/\/grotta.is\/#website","url":"https:\/\/grotta.is\/","name":"\u00cd\u00fer\u00f3ttaf\u00e9lagi\u00f0 Gr\u00f3tta","description":"\u00e1 Seltjarnarnesi","publisher":{"@id":"https:\/\/grotta.is\/#organization"},"potentialAction":[{"@type":"SearchAction","target":{"@type":"EntryPoint","urlTemplate":"https:\/\/grotta.is\/?s={search_term_string}"},"query-input":{"@type":"PropertyValueSpecification","valueRequired":true,"valueName":"search_term_string"}}],"inLanguage":"en-US"},{"@type":"Organization","@id":"https:\/\/grotta.is\/#organization","name":"\u00cd\u00fer\u00f3ttaf\u00e9lagi\u00f0 Gr\u00f3tta","url":"https:\/\/grotta.is\/","logo":{"@type":"ImageObject","inLanguage":"en-US","@id":"https:\/\/grotta.is\/#\/schema\/logo\/image\/","url":"https:\/\/grotta.is\/wp-content\/uploads\/2020\/02\/ithrottafelagidgrotta_logo_512x512_transparent.png","contentUrl":"https:\/\/grotta.is\/wp-content\/uploads\/2020\/02\/ithrottafelagidgrotta_logo_512x512_transparent.png","width":512,"height":512,"caption":"\u00cd\u00fer\u00f3ttaf\u00e9lagi\u00f0 Gr\u00f3tta"},"image":{"@id":"https:\/\/grotta.is\/#\/schema\/logo\/image\/"},"sameAs":["https:\/\/www.facebook.com\/grottasport"]},{"@type":"Person","@id":"https:\/\/grotta.is\/#\/schema\/person\/08ec57bf09ee925f1b6a01540c14a5ce","name":"Grotta","url":"https:\/\/grotta.is\/en\/author\/inga\/"}]}},"_links":{"self":[{"href":"https:\/\/grotta.is\/en\/wp-json\/wp\/v2\/posts\/11309","targetHints":{"allow":["GET"]}}],"collection":[{"href":"https:\/\/grotta.is\/en\/wp-json\/wp\/v2\/posts"}],"about":[{"href":"https:\/\/grotta.is\/en\/wp-json\/wp\/v2\/types\/post"}],"author":[{"embeddable":true,"href":"https:\/\/grotta.is\/en\/wp-json\/wp\/v2\/users\/2"}],"replies":[{"embeddable":true,"href":"https:\/\/grotta.is\/en\/wp-json\/wp\/v2\/comments?post=11309"}],"version-history":[{"count":6,"href":"https:\/\/grotta.is\/en\/wp-json\/wp\/v2\/posts\/11309\/revisions"}],"predecessor-version":[{"id":11428,"href":"https:\/\/grotta.is\/en\/wp-json\/wp\/v2\/posts\/11309\/revisions\/11428"}],"wp:featuredmedia":[{"embeddable":true,"href":"https:\/\/grotta.is\/en\/wp-json\/wp\/v2\/media\/11329"}],"wp:attachment":[{"href":"https:\/\/grotta.is\/en\/wp-json\/wp\/v2\/media?parent=11309"}],"wp:term":[{"taxonomy":"category","embeddable":true,"href":"https:\/\/grotta.is\/en\/wp-json\/wp\/v2\/categories?post=11309"},{"taxonomy":"post_tag","embeddable":true,"href":"https:\/\/grotta.is\/en\/wp-json\/wp\/v2\/tags?post=11309"}],"curies":[{"name":"wp","href":"https:\/\/api.w.org\/{rel}","templated":true}]}}