{"id":1121,"date":"2019-04-26T11:48:00","date_gmt":"2019-04-26T11:48:00","guid":{"rendered":"https:\/\/grotta.is\/?p=1121"},"modified":"2020-03-21T11:49:57","modified_gmt":"2020-03-21T11:49:57","slug":"meistaraflokkur-karla-afram-i-32-urslit-mjolkurbikarsins","status":"publish","type":"post","link":"https:\/\/grotta.is\/en\/knattspyrnudeild\/meistaraflokkur-karla-afram-i-32-urslit-mjolkurbikarsins\/","title":{"rendered":"Meistaraflokkur karla \u00e1fram \u00ed 32-\u00farslit Mj\u00f3lkurbikarsins"},"content":{"rendered":"<p>Meistaraflokkur karla sigra\u00f0i KFR 10-0 \u00ed annarri umfer\u00f0 Mj\u00f3lkurbikarsins fyrr \u00ed dag ?? P\u00e9tur The\u00f3d\u00f3r h\u00e9lt uppteknum h\u00e6tti og skora\u00f0i fj\u00f6gur m\u00f6rk \u00ed leiknum, \u00d3liver Dagur skora\u00f0i tvennu og Axel Sigur\u00f0sson, Krist\u00f3fer Orri, Bj\u00f6rn Axel og Gr\u00edmur Ingi skoru\u00f0u allir eitt mark. Str\u00e1karnir eru \u00fev\u00ed komnir \u00e1fram \u00ed 32-li\u00f0a \u00farslit Mj\u00f3lkurbikarsins.<\/p><p>Gr\u00f3tta m\u00e6tir Fylki 1. ma\u00ed kl. 14:00 en leikurinn fer fram \u00ed \u00c1rb\u00e6. \u00c1fram Gr\u00f3tta!<\/p>","protected":false},"excerpt":{"rendered":"<p>Meistaraflokkur karla sigra\u00f0i KFR 10-0 \u00ed annarri umfer\u00f0 Mj\u00f3lkurbikarsins fyrr \u00ed dag ?? P\u00e9tur The\u00f3d\u00f3r h\u00e9lt uppteknum h\u00e6tti og skora\u00f0i fj\u00f6gur m\u00f6rk \u00ed leiknum, \u00d3liver Dagur skora\u00f0i tvennu og Axel [&hellip;]<\/p>","protected":false},"author":2,"featured_media":726,"comment_status":"closed","ping_status":"closed","sticky":false,"template":"","format":"standard","meta":{"footnotes":""},"categories":[7],"tags":[30,6,20],"class_list":["post-1121","post","type-post","status-publish","format-standard","has-post-thumbnail","hentry","category-knattspyrnudeild","tag-bikarkeppni","tag-knattspyrna","tag-mfl-kk"],"yoast_head":"<!-- This site is optimized with the Yoast SEO plugin v24.3 - https:\/\/yoast.com\/wordpress\/plugins\/seo\/ -->\n<title>Meistaraflokkur karla \u00e1fram \u00ed 32-\u00farslit Mj\u00f3lkurbikarsins - \u00cd\u00fer\u00f3ttaf\u00e9lagi\u00f0 Gr\u00f3tta<\/title>\n<meta name=\"robots\" content=\"index, follow, max-snippet:-1, max-image-preview:large, max-video-preview:-1\" \/>\n<link rel=\"canonical\" href=\"https:\/\/grotta.is\/en\/knattspyrnudeild\/meistaraflokkur-karla-afram-i-32-urslit-mjolkurbikarsins\/\" \/>\n<meta property=\"og:locale\" content=\"en_US\" \/>\n<meta property=\"og:type\" content=\"article\" \/>\n<meta property=\"og:title\" content=\"Meistaraflokkur karla \u00e1fram \u00ed 32-\u00farslit Mj\u00f3lkurbikarsins - \u00cd\u00fer\u00f3ttaf\u00e9lagi\u00f0 Gr\u00f3tta\" \/>\n<meta property=\"og:description\" content=\"Meistaraflokkur karla sigra\u00f0i KFR 10-0 \u00ed annarri umfer\u00f0 Mj\u00f3lkurbikarsins fyrr \u00ed dag ?? P\u00e9tur The\u00f3d\u00f3r h\u00e9lt uppteknum h\u00e6tti og skora\u00f0i fj\u00f6gur m\u00f6rk \u00ed leiknum, \u00d3liver Dagur skora\u00f0i tvennu og Axel [&hellip;]\" \/>\n<meta property=\"og:url\" content=\"https:\/\/grotta.is\/en\/knattspyrnudeild\/meistaraflokkur-karla-afram-i-32-urslit-mjolkurbikarsins\/\" \/>\n<meta property=\"og:site_name\" content=\"\u00cd\u00fer\u00f3ttaf\u00e9lagi\u00f0 Gr\u00f3tta\" \/>\n<meta property=\"article:publisher\" content=\"https:\/\/www.facebook.com\/grottasport\" \/>\n<meta property=\"article:published_time\" content=\"2019-04-26T11:48:00+00:00\" \/>\n<meta property=\"article:modified_time\" content=\"2020-03-21T11:49:57+00:00\" \/>\n<meta property=\"og:image\" content=\"https:\/\/grotta.is\/wp-content\/uploads\/2020\/03\/Knattspyrnudeild_grotta_Frettir_mflkk_5.jpg\" \/>\n\t<meta property=\"og:image:width\" content=\"1024\" \/>\n\t<meta property=\"og:image:height\" content=\"683\" \/>\n\t<meta property=\"og:image:type\" content=\"image\/jpeg\" \/>\n<meta name=\"author\" content=\"Grotta\" \/>\n<meta name=\"twitter:card\" content=\"summary_large_image\" \/>\n<meta name=\"twitter:label1\" content=\"Written by\" \/>\n\t<meta name=\"twitter:data1\" content=\"Grotta\" \/>\n<script type=\"application\/ld+json\" class=\"yoast-schema-graph\">{\"@context\":\"https:\/\/schema.org\",\"@graph\":[{\"@type\":\"Article\",\"@id\":\"https:\/\/grotta.is\/knattspyrnudeild\/meistaraflokkur-karla-afram-i-32-urslit-mjolkurbikarsins\/#article\",\"isPartOf\":{\"@id\":\"https:\/\/grotta.is\/knattspyrnudeild\/meistaraflokkur-karla-afram-i-32-urslit-mjolkurbikarsins\/\"},\"author\":{\"name\":\"Grotta\",\"@id\":\"https:\/\/grotta.is\/#\/schema\/person\/08ec57bf09ee925f1b6a01540c14a5ce\"},\"headline\":\"Meistaraflokkur karla \u00e1fram \u00ed 32-\u00farslit Mj\u00f3lkurbikarsins\",\"datePublished\":\"2019-04-26T11:48:00+00:00\",\"dateModified\":\"2020-03-21T11:49:57+00:00\",\"mainEntityOfPage\":{\"@id\":\"https:\/\/grotta.is\/knattspyrnudeild\/meistaraflokkur-karla-afram-i-32-urslit-mjolkurbikarsins\/\"},\"wordCount\":87,\"publisher\":{\"@id\":\"https:\/\/grotta.is\/#organization\"},\"image\":{\"@id\":\"https:\/\/grotta.is\/knattspyrnudeild\/meistaraflokkur-karla-afram-i-32-urslit-mjolkurbikarsins\/#primaryimage\"},\"thumbnailUrl\":\"https:\/\/grotta.is\/wp-content\/uploads\/2020\/03\/Knattspyrnudeild_grotta_Frettir_mflkk_5.jpg\",\"keywords\":[\"Bikarkeppni\",\"Knattspyrna\",\"Mfl.kk\"],\"articleSection\":[\"Knattspyrnudeild\"],\"inLanguage\":\"en-US\"},{\"@type\":\"WebPage\",\"@id\":\"https:\/\/grotta.is\/knattspyrnudeild\/meistaraflokkur-karla-afram-i-32-urslit-mjolkurbikarsins\/\",\"url\":\"https:\/\/grotta.is\/knattspyrnudeild\/meistaraflokkur-karla-afram-i-32-urslit-mjolkurbikarsins\/\",\"name\":\"Meistaraflokkur karla \u00e1fram \u00ed 32-\u00farslit Mj\u00f3lkurbikarsins - \u00cd\u00fer\u00f3ttaf\u00e9lagi\u00f0 Gr\u00f3tta\",\"isPartOf\":{\"@id\":\"https:\/\/grotta.is\/#website\"},\"primaryImageOfPage\":{\"@id\":\"https:\/\/grotta.is\/knattspyrnudeild\/meistaraflokkur-karla-afram-i-32-urslit-mjolkurbikarsins\/#primaryimage\"},\"image\":{\"@id\":\"https:\/\/grotta.is\/knattspyrnudeild\/meistaraflokkur-karla-afram-i-32-urslit-mjolkurbikarsins\/#primaryimage\"},\"thumbnailUrl\":\"https:\/\/grotta.is\/wp-content\/uploads\/2020\/03\/Knattspyrnudeild_grotta_Frettir_mflkk_5.jpg\",\"datePublished\":\"2019-04-26T11:48:00+00:00\",\"dateModified\":\"2020-03-21T11:49:57+00:00\",\"breadcrumb\":{\"@id\":\"https:\/\/grotta.is\/knattspyrnudeild\/meistaraflokkur-karla-afram-i-32-urslit-mjolkurbikarsins\/#breadcrumb\"},\"inLanguage\":\"en-US\",\"potentialAction\":[{\"@type\":\"ReadAction\",\"target\":[\"https:\/\/grotta.is\/knattspyrnudeild\/meistaraflokkur-karla-afram-i-32-urslit-mjolkurbikarsins\/\"]}]},{\"@type\":\"ImageObject\",\"inLanguage\":\"en-US\",\"@id\":\"https:\/\/grotta.is\/knattspyrnudeild\/meistaraflokkur-karla-afram-i-32-urslit-mjolkurbikarsins\/#primaryimage\",\"url\":\"https:\/\/grotta.is\/wp-content\/uploads\/2020\/03\/Knattspyrnudeild_grotta_Frettir_mflkk_5.jpg\",\"contentUrl\":\"https:\/\/grotta.is\/wp-content\/uploads\/2020\/03\/Knattspyrnudeild_grotta_Frettir_mflkk_5.jpg\",\"width\":1024,\"height\":683},{\"@type\":\"BreadcrumbList\",\"@id\":\"https:\/\/grotta.is\/knattspyrnudeild\/meistaraflokkur-karla-afram-i-32-urslit-mjolkurbikarsins\/#breadcrumb\",\"itemListElement\":[{\"@type\":\"ListItem\",\"position\":1,\"name\":\"Home\",\"item\":\"https:\/\/grotta.is\/\"},{\"@type\":\"ListItem\",\"position\":2,\"name\":\"Meistaraflokkur karla \u00e1fram \u00ed 32-\u00farslit Mj\u00f3lkurbikarsins\"}]},{\"@type\":\"WebSite\",\"@id\":\"https:\/\/grotta.is\/#website\",\"url\":\"https:\/\/grotta.is\/\",\"name\":\"\u00cd\u00fer\u00f3ttaf\u00e9lagi\u00f0 Gr\u00f3tta\",\"description\":\"\u00e1 Seltjarnarnesi\",\"publisher\":{\"@id\":\"https:\/\/grotta.is\/#organization\"},\"potentialAction\":[{\"@type\":\"SearchAction\",\"target\":{\"@type\":\"EntryPoint\",\"urlTemplate\":\"https:\/\/grotta.is\/?s={search_term_string}\"},\"query-input\":{\"@type\":\"PropertyValueSpecification\",\"valueRequired\":true,\"valueName\":\"search_term_string\"}}],\"inLanguage\":\"en-US\"},{\"@type\":\"Organization\",\"@id\":\"https:\/\/grotta.is\/#organization\",\"name\":\"\u00cd\u00fer\u00f3ttaf\u00e9lagi\u00f0 Gr\u00f3tta\",\"url\":\"https:\/\/grotta.is\/\",\"logo\":{\"@type\":\"ImageObject\",\"inLanguage\":\"en-US\",\"@id\":\"https:\/\/grotta.is\/#\/schema\/logo\/image\/\",\"url\":\"https:\/\/grotta.is\/wp-content\/uploads\/2020\/02\/ithrottafelagidgrotta_logo_512x512_transparent.png\",\"contentUrl\":\"https:\/\/grotta.is\/wp-content\/uploads\/2020\/02\/ithrottafelagidgrotta_logo_512x512_transparent.png\",\"width\":512,\"height\":512,\"caption\":\"\u00cd\u00fer\u00f3ttaf\u00e9lagi\u00f0 Gr\u00f3tta\"},\"image\":{\"@id\":\"https:\/\/grotta.is\/#\/schema\/logo\/image\/\"},\"sameAs\":[\"https:\/\/www.facebook.com\/grottasport\"]},{\"@type\":\"Person\",\"@id\":\"https:\/\/grotta.is\/#\/schema\/person\/08ec57bf09ee925f1b6a01540c14a5ce\",\"name\":\"Grotta\",\"url\":\"https:\/\/grotta.is\/en\/author\/inga\/\"}]}<\/script>\n<!-- \/ Yoast SEO plugin. -->","yoast_head_json":{"title":"Meistaraflokkur karla \u00e1fram \u00ed 32-\u00farslit Mj\u00f3lkurbikarsins - \u00cd\u00fer\u00f3ttaf\u00e9lagi\u00f0 Gr\u00f3tta","robots":{"index":"index","follow":"follow","max-snippet":"max-snippet:-1","max-image-preview":"max-image-preview:large","max-video-preview":"max-video-preview:-1"},"canonical":"https:\/\/grotta.is\/en\/knattspyrnudeild\/meistaraflokkur-karla-afram-i-32-urslit-mjolkurbikarsins\/","og_locale":"en_US","og_type":"article","og_title":"Meistaraflokkur karla \u00e1fram \u00ed 32-\u00farslit Mj\u00f3lkurbikarsins - \u00cd\u00fer\u00f3ttaf\u00e9lagi\u00f0 Gr\u00f3tta","og_description":"Meistaraflokkur karla sigra\u00f0i KFR 10-0 \u00ed annarri umfer\u00f0 Mj\u00f3lkurbikarsins fyrr \u00ed dag ?? P\u00e9tur The\u00f3d\u00f3r h\u00e9lt uppteknum h\u00e6tti og skora\u00f0i fj\u00f6gur m\u00f6rk \u00ed leiknum, \u00d3liver Dagur skora\u00f0i tvennu og Axel [&hellip;]","og_url":"https:\/\/grotta.is\/en\/knattspyrnudeild\/meistaraflokkur-karla-afram-i-32-urslit-mjolkurbikarsins\/","og_site_name":"\u00cd\u00fer\u00f3ttaf\u00e9lagi\u00f0 Gr\u00f3tta","article_publisher":"https:\/\/www.facebook.com\/grottasport","article_published_time":"2019-04-26T11:48:00+00:00","article_modified_time":"2020-03-21T11:49:57+00:00","og_image":[{"width":1024,"height":683,"url":"https:\/\/grotta.is\/wp-content\/uploads\/2020\/03\/Knattspyrnudeild_grotta_Frettir_mflkk_5.jpg","type":"image\/jpeg"}],"author":"Grotta","twitter_card":"summary_large_image","twitter_misc":{"Written by":"Grotta"},"schema":{"@context":"https:\/\/schema.org","@graph":[{"@type":"Article","@id":"https:\/\/grotta.is\/knattspyrnudeild\/meistaraflokkur-karla-afram-i-32-urslit-mjolkurbikarsins\/#article","isPartOf":{"@id":"https:\/\/grotta.is\/knattspyrnudeild\/meistaraflokkur-karla-afram-i-32-urslit-mjolkurbikarsins\/"},"author":{"name":"Grotta","@id":"https:\/\/grotta.is\/#\/schema\/person\/08ec57bf09ee925f1b6a01540c14a5ce"},"headline":"Meistaraflokkur karla \u00e1fram \u00ed 32-\u00farslit Mj\u00f3lkurbikarsins","datePublished":"2019-04-26T11:48:00+00:00","dateModified":"2020-03-21T11:49:57+00:00","mainEntityOfPage":{"@id":"https:\/\/grotta.is\/knattspyrnudeild\/meistaraflokkur-karla-afram-i-32-urslit-mjolkurbikarsins\/"},"wordCount":87,"publisher":{"@id":"https:\/\/grotta.is\/#organization"},"image":{"@id":"https:\/\/grotta.is\/knattspyrnudeild\/meistaraflokkur-karla-afram-i-32-urslit-mjolkurbikarsins\/#primaryimage"},"thumbnailUrl":"https:\/\/grotta.is\/wp-content\/uploads\/2020\/03\/Knattspyrnudeild_grotta_Frettir_mflkk_5.jpg","keywords":["Bikarkeppni","Knattspyrna","Mfl.kk"],"articleSection":["Knattspyrnudeild"],"inLanguage":"en-US"},{"@type":"WebPage","@id":"https:\/\/grotta.is\/knattspyrnudeild\/meistaraflokkur-karla-afram-i-32-urslit-mjolkurbikarsins\/","url":"https:\/\/grotta.is\/knattspyrnudeild\/meistaraflokkur-karla-afram-i-32-urslit-mjolkurbikarsins\/","name":"Meistaraflokkur karla \u00e1fram \u00ed 32-\u00farslit Mj\u00f3lkurbikarsins - \u00cd\u00fer\u00f3ttaf\u00e9lagi\u00f0 Gr\u00f3tta","isPartOf":{"@id":"https:\/\/grotta.is\/#website"},"primaryImageOfPage":{"@id":"https:\/\/grotta.is\/knattspyrnudeild\/meistaraflokkur-karla-afram-i-32-urslit-mjolkurbikarsins\/#primaryimage"},"image":{"@id":"https:\/\/grotta.is\/knattspyrnudeild\/meistaraflokkur-karla-afram-i-32-urslit-mjolkurbikarsins\/#primaryimage"},"thumbnailUrl":"https:\/\/grotta.is\/wp-content\/uploads\/2020\/03\/Knattspyrnudeild_grotta_Frettir_mflkk_5.jpg","datePublished":"2019-04-26T11:48:00+00:00","dateModified":"2020-03-21T11:49:57+00:00","breadcrumb":{"@id":"https:\/\/grotta.is\/knattspyrnudeild\/meistaraflokkur-karla-afram-i-32-urslit-mjolkurbikarsins\/#breadcrumb"},"inLanguage":"en-US","potentialAction":[{"@type":"ReadAction","target":["https:\/\/grotta.is\/knattspyrnudeild\/meistaraflokkur-karla-afram-i-32-urslit-mjolkurbikarsins\/"]}]},{"@type":"ImageObject","inLanguage":"en-US","@id":"https:\/\/grotta.is\/knattspyrnudeild\/meistaraflokkur-karla-afram-i-32-urslit-mjolkurbikarsins\/#primaryimage","url":"https:\/\/grotta.is\/wp-content\/uploads\/2020\/03\/Knattspyrnudeild_grotta_Frettir_mflkk_5.jpg","contentUrl":"https:\/\/grotta.is\/wp-content\/uploads\/2020\/03\/Knattspyrnudeild_grotta_Frettir_mflkk_5.jpg","width":1024,"height":683},{"@type":"BreadcrumbList","@id":"https:\/\/grotta.is\/knattspyrnudeild\/meistaraflokkur-karla-afram-i-32-urslit-mjolkurbikarsins\/#breadcrumb","itemListElement":[{"@type":"ListItem","position":1,"name":"Home","item":"https:\/\/grotta.is\/"},{"@type":"ListItem","position":2,"name":"Meistaraflokkur karla \u00e1fram \u00ed 32-\u00farslit Mj\u00f3lkurbikarsins"}]},{"@type":"WebSite","@id":"https:\/\/grotta.is\/#website","url":"https:\/\/grotta.is\/","name":"\u00cd\u00fer\u00f3ttaf\u00e9lagi\u00f0 Gr\u00f3tta","description":"\u00e1 Seltjarnarnesi","publisher":{"@id":"https:\/\/grotta.is\/#organization"},"potentialAction":[{"@type":"SearchAction","target":{"@type":"EntryPoint","urlTemplate":"https:\/\/grotta.is\/?s={search_term_string}"},"query-input":{"@type":"PropertyValueSpecification","valueRequired":true,"valueName":"search_term_string"}}],"inLanguage":"en-US"},{"@type":"Organization","@id":"https:\/\/grotta.is\/#organization","name":"\u00cd\u00fer\u00f3ttaf\u00e9lagi\u00f0 Gr\u00f3tta","url":"https:\/\/grotta.is\/","logo":{"@type":"ImageObject","inLanguage":"en-US","@id":"https:\/\/grotta.is\/#\/schema\/logo\/image\/","url":"https:\/\/grotta.is\/wp-content\/uploads\/2020\/02\/ithrottafelagidgrotta_logo_512x512_transparent.png","contentUrl":"https:\/\/grotta.is\/wp-content\/uploads\/2020\/02\/ithrottafelagidgrotta_logo_512x512_transparent.png","width":512,"height":512,"caption":"\u00cd\u00fer\u00f3ttaf\u00e9lagi\u00f0 Gr\u00f3tta"},"image":{"@id":"https:\/\/grotta.is\/#\/schema\/logo\/image\/"},"sameAs":["https:\/\/www.facebook.com\/grottasport"]},{"@type":"Person","@id":"https:\/\/grotta.is\/#\/schema\/person\/08ec57bf09ee925f1b6a01540c14a5ce","name":"Grotta","url":"https:\/\/grotta.is\/en\/author\/inga\/"}]}},"_links":{"self":[{"href":"https:\/\/grotta.is\/en\/wp-json\/wp\/v2\/posts\/1121","targetHints":{"allow":["GET"]}}],"collection":[{"href":"https:\/\/grotta.is\/en\/wp-json\/wp\/v2\/posts"}],"about":[{"href":"https:\/\/grotta.is\/en\/wp-json\/wp\/v2\/types\/post"}],"author":[{"embeddable":true,"href":"https:\/\/grotta.is\/en\/wp-json\/wp\/v2\/users\/2"}],"replies":[{"embeddable":true,"href":"https:\/\/grotta.is\/en\/wp-json\/wp\/v2\/comments?post=1121"}],"version-history":[{"count":0,"href":"https:\/\/grotta.is\/en\/wp-json\/wp\/v2\/posts\/1121\/revisions"}],"wp:featuredmedia":[{"embeddable":true,"href":"https:\/\/grotta.is\/en\/wp-json\/wp\/v2\/media\/726"}],"wp:attachment":[{"href":"https:\/\/grotta.is\/en\/wp-json\/wp\/v2\/media?parent=1121"}],"wp:term":[{"taxonomy":"category","embeddable":true,"href":"https:\/\/grotta.is\/en\/wp-json\/wp\/v2\/categories?post=1121"},{"taxonomy":"post_tag","embeddable":true,"href":"https:\/\/grotta.is\/en\/wp-json\/wp\/v2\/tags?post=1121"}],"curies":[{"name":"wp","href":"https:\/\/api.w.org\/{rel}","templated":true}]}}