{"id":1079,"date":"2020-01-30T21:45:30","date_gmt":"2020-01-30T21:45:30","guid":{"rendered":"https:\/\/grotta.is\/?p=1079"},"modified":"2020-03-15T21:53:48","modified_gmt":"2020-03-15T21:53:48","slug":"ithrottakona-seltjarnarnes-2019","status":"publish","type":"post","link":"https:\/\/grotta.is\/en\/almennt\/ithrottakona-seltjarnarnes-2019\/","title":{"rendered":"\u00cd\u00fer\u00f3ttakona Seltjarnarnes"},"content":{"rendered":"<p>\u00cdris Bj\u00f6rk S\u00edmonard\u00f3ttir er \u00ed\u00fer\u00f3ttakona Seltjarnaness. \u00cdris Bj\u00f6rk er f\u00e6dd \u00e1ri\u00f0 1987 og er uppalin me\u00f0 Gr\u00f3ttu, var markma\u00f0ur li\u00f0sins upp \u00ed meistaraflokk og var\u00f0 \u00cdslands-og bikarmeistari me\u00f0 f\u00e9laginu 2015 og 2016. H\u00fan hefur fr\u00e1 \u00e1rinu 2018 veri\u00f0 markma\u00f0ur Vals og var \u00e1 s\u00ed\u00f0asta \u00e1ri valin besti leikma\u00f0ur Ol\u00eds deildarinnar, besti markma\u00f0ur deildarinnar auk \u00feess sem h\u00fan hlaut Sigr\u00ed\u00f0ar-bikarinn sem er veittur fyrir mikilv\u00e6gasta leikmann deildarinnar.<\/p><p>N\u00fa \u00ed desember var h\u00fan svo tilnefnd sem handknattleikskona \u00e1rsins 2019. \u00cdris Bj\u00f6rk hefur \u00ed m\u00f6rg \u00e1r \u00e1tt s\u00e6ti \u00ed A landsli\u00f0i\u00f0i kvenna og gaf aftur kost \u00e1 s\u00e9r eftir nokkurra \u00e1ra hl\u00e9 n\u00fa s\u00ed\u00f0stli\u00f0i\u00f0 haust. H\u00fan \u00e1 a\u00f0 baki 71 landsleik me\u00f0 li\u00f0inu og hefur skora\u00f0 \u00ed \u00feeim 4 m\u00f6rk.<\/p><p>\u00cdris Bj\u00f6rk er hj\u00fakrunarfr\u00e6\u00f0ingur a\u00f0 mennt, er gift tveggja barna m\u00f3\u00f0ir og er fr\u00e1b\u00e6r fyrirmynd fyrir a\u00f0ra i\u00f0kendur innan sem utan vallar.<\/p><p>P\u00e9tur Theod\u00f3r \u00c1rnason var valinn \u00ed\u00fer\u00f3ttama\u00f0ur Seltjarnaness og \u00f3skar handknattleiksdeildin \u00feeim innilega til hamingju.<\/p>","protected":false},"excerpt":{"rendered":"<p>\u00cdris Bj\u00f6rk S\u00edmonard\u00f3ttir er \u00ed\u00fer\u00f3ttakona Seltjarnaness. \u00cdris Bj\u00f6rk er f\u00e6dd \u00e1ri\u00f0 1987 og er uppalin me\u00f0 Gr\u00f3ttu, var markma\u00f0ur li\u00f0sins upp \u00ed meistaraflokk og var\u00f0 \u00cdslands-og bikarmeistari me\u00f0 f\u00e9laginu 2015 og 2016. <\/p>","protected":false},"author":2,"featured_media":1082,"comment_status":"closed","ping_status":"closed","sticky":false,"template":"","format":"standard","meta":{"footnotes":""},"categories":[4,12],"tags":[13,17,10],"class_list":["post-1079","post","type-post","status-publish","format-standard","has-post-thumbnail","hentry","category-almennt","category-handknattleiksdeild","tag-handbolti","tag-leikmenn","tag-verdlaun"],"yoast_head":"<!-- This site is optimized with the Yoast SEO plugin v24.3 - https:\/\/yoast.com\/wordpress\/plugins\/seo\/ -->\n<title>\u00cd\u00fer\u00f3ttakona Seltjarnarnes - \u00cd\u00fer\u00f3ttaf\u00e9lagi\u00f0 Gr\u00f3tta<\/title>\n<meta name=\"robots\" content=\"index, follow, max-snippet:-1, max-image-preview:large, max-video-preview:-1\" \/>\n<link rel=\"canonical\" href=\"https:\/\/grotta.is\/en\/almennt\/ithrottakona-seltjarnarnes-2019\/\" \/>\n<meta property=\"og:locale\" content=\"en_US\" \/>\n<meta property=\"og:type\" content=\"article\" \/>\n<meta property=\"og:title\" content=\"\u00cd\u00fer\u00f3ttakona Seltjarnarnes - \u00cd\u00fer\u00f3ttaf\u00e9lagi\u00f0 Gr\u00f3tta\" \/>\n<meta property=\"og:description\" content=\"\u00cdris Bj\u00f6rk S\u00edmonard\u00f3ttir er \u00ed\u00fer\u00f3ttakona Seltjarnaness. \u00cdris Bj\u00f6rk er f\u00e6dd \u00e1ri\u00f0 1987 og er uppalin me\u00f0 Gr\u00f3ttu, var markma\u00f0ur li\u00f0sins upp \u00ed meistaraflokk og var\u00f0 \u00cdslands-og bikarmeistari me\u00f0 f\u00e9laginu 2015 og 2016.\" \/>\n<meta property=\"og:url\" content=\"https:\/\/grotta.is\/en\/almennt\/ithrottakona-seltjarnarnes-2019\/\" \/>\n<meta property=\"og:site_name\" content=\"\u00cd\u00fer\u00f3ttaf\u00e9lagi\u00f0 Gr\u00f3tta\" \/>\n<meta property=\"article:publisher\" content=\"https:\/\/www.facebook.com\/grottasport\" \/>\n<meta property=\"article:published_time\" content=\"2020-01-30T21:45:30+00:00\" \/>\n<meta property=\"article:modified_time\" content=\"2020-03-15T21:53:48+00:00\" \/>\n<meta property=\"og:image\" content=\"https:\/\/grotta.is\/wp-content\/uploads\/2020\/01\/Grotta_Handbolti_00.jpg\" \/>\n\t<meta property=\"og:image:width\" content=\"686\" \/>\n\t<meta property=\"og:image:height\" content=\"960\" \/>\n\t<meta property=\"og:image:type\" content=\"image\/jpeg\" \/>\n<meta name=\"author\" content=\"Grotta\" \/>\n<meta name=\"twitter:card\" content=\"summary_large_image\" \/>\n<meta name=\"twitter:label1\" content=\"Written by\" \/>\n\t<meta name=\"twitter:data1\" content=\"Grotta\" \/>\n\t<meta name=\"twitter:label2\" content=\"Est. reading time\" \/>\n\t<meta name=\"twitter:data2\" content=\"1 minute\" \/>\n<script type=\"application\/ld+json\" class=\"yoast-schema-graph\">{\"@context\":\"https:\/\/schema.org\",\"@graph\":[{\"@type\":\"Article\",\"@id\":\"https:\/\/grotta.is\/almennt\/ithrottakona-seltjarnarnes-2019\/#article\",\"isPartOf\":{\"@id\":\"https:\/\/grotta.is\/almennt\/ithrottakona-seltjarnarnes-2019\/\"},\"author\":{\"name\":\"Grotta\",\"@id\":\"https:\/\/grotta.is\/#\/schema\/person\/08ec57bf09ee925f1b6a01540c14a5ce\"},\"headline\":\"\u00cd\u00fer\u00f3ttakona Seltjarnarnes\",\"datePublished\":\"2020-01-30T21:45:30+00:00\",\"dateModified\":\"2020-03-15T21:53:48+00:00\",\"mainEntityOfPage\":{\"@id\":\"https:\/\/grotta.is\/almennt\/ithrottakona-seltjarnarnes-2019\/\"},\"wordCount\":184,\"publisher\":{\"@id\":\"https:\/\/grotta.is\/#organization\"},\"image\":{\"@id\":\"https:\/\/grotta.is\/almennt\/ithrottakona-seltjarnarnes-2019\/#primaryimage\"},\"thumbnailUrl\":\"https:\/\/grotta.is\/wp-content\/uploads\/2020\/01\/Grotta_Handbolti_00.jpg\",\"keywords\":[\"Handbolti\",\"Leikmenn\",\"Ver\u00f0laun\"],\"articleSection\":[\"Almennt\",\"Handknattleiksdeild\"],\"inLanguage\":\"en-US\"},{\"@type\":\"WebPage\",\"@id\":\"https:\/\/grotta.is\/almennt\/ithrottakona-seltjarnarnes-2019\/\",\"url\":\"https:\/\/grotta.is\/almennt\/ithrottakona-seltjarnarnes-2019\/\",\"name\":\"\u00cd\u00fer\u00f3ttakona Seltjarnarnes - \u00cd\u00fer\u00f3ttaf\u00e9lagi\u00f0 Gr\u00f3tta\",\"isPartOf\":{\"@id\":\"https:\/\/grotta.is\/#website\"},\"primaryImageOfPage\":{\"@id\":\"https:\/\/grotta.is\/almennt\/ithrottakona-seltjarnarnes-2019\/#primaryimage\"},\"image\":{\"@id\":\"https:\/\/grotta.is\/almennt\/ithrottakona-seltjarnarnes-2019\/#primaryimage\"},\"thumbnailUrl\":\"https:\/\/grotta.is\/wp-content\/uploads\/2020\/01\/Grotta_Handbolti_00.jpg\",\"datePublished\":\"2020-01-30T21:45:30+00:00\",\"dateModified\":\"2020-03-15T21:53:48+00:00\",\"breadcrumb\":{\"@id\":\"https:\/\/grotta.is\/almennt\/ithrottakona-seltjarnarnes-2019\/#breadcrumb\"},\"inLanguage\":\"en-US\",\"potentialAction\":[{\"@type\":\"ReadAction\",\"target\":[\"https:\/\/grotta.is\/almennt\/ithrottakona-seltjarnarnes-2019\/\"]}]},{\"@type\":\"ImageObject\",\"inLanguage\":\"en-US\",\"@id\":\"https:\/\/grotta.is\/almennt\/ithrottakona-seltjarnarnes-2019\/#primaryimage\",\"url\":\"https:\/\/grotta.is\/wp-content\/uploads\/2020\/01\/Grotta_Handbolti_00.jpg\",\"contentUrl\":\"https:\/\/grotta.is\/wp-content\/uploads\/2020\/01\/Grotta_Handbolti_00.jpg\",\"width\":686,\"height\":960},{\"@type\":\"BreadcrumbList\",\"@id\":\"https:\/\/grotta.is\/almennt\/ithrottakona-seltjarnarnes-2019\/#breadcrumb\",\"itemListElement\":[{\"@type\":\"ListItem\",\"position\":1,\"name\":\"Home\",\"item\":\"https:\/\/grotta.is\/\"},{\"@type\":\"ListItem\",\"position\":2,\"name\":\"\u00cd\u00fer\u00f3ttakona Seltjarnarnes\"}]},{\"@type\":\"WebSite\",\"@id\":\"https:\/\/grotta.is\/#website\",\"url\":\"https:\/\/grotta.is\/\",\"name\":\"\u00cd\u00fer\u00f3ttaf\u00e9lagi\u00f0 Gr\u00f3tta\",\"description\":\"\u00e1 Seltjarnarnesi\",\"publisher\":{\"@id\":\"https:\/\/grotta.is\/#organization\"},\"potentialAction\":[{\"@type\":\"SearchAction\",\"target\":{\"@type\":\"EntryPoint\",\"urlTemplate\":\"https:\/\/grotta.is\/?s={search_term_string}\"},\"query-input\":{\"@type\":\"PropertyValueSpecification\",\"valueRequired\":true,\"valueName\":\"search_term_string\"}}],\"inLanguage\":\"en-US\"},{\"@type\":\"Organization\",\"@id\":\"https:\/\/grotta.is\/#organization\",\"name\":\"\u00cd\u00fer\u00f3ttaf\u00e9lagi\u00f0 Gr\u00f3tta\",\"url\":\"https:\/\/grotta.is\/\",\"logo\":{\"@type\":\"ImageObject\",\"inLanguage\":\"en-US\",\"@id\":\"https:\/\/grotta.is\/#\/schema\/logo\/image\/\",\"url\":\"https:\/\/grotta.is\/wp-content\/uploads\/2020\/02\/ithrottafelagidgrotta_logo_512x512_transparent.png\",\"contentUrl\":\"https:\/\/grotta.is\/wp-content\/uploads\/2020\/02\/ithrottafelagidgrotta_logo_512x512_transparent.png\",\"width\":512,\"height\":512,\"caption\":\"\u00cd\u00fer\u00f3ttaf\u00e9lagi\u00f0 Gr\u00f3tta\"},\"image\":{\"@id\":\"https:\/\/grotta.is\/#\/schema\/logo\/image\/\"},\"sameAs\":[\"https:\/\/www.facebook.com\/grottasport\"]},{\"@type\":\"Person\",\"@id\":\"https:\/\/grotta.is\/#\/schema\/person\/08ec57bf09ee925f1b6a01540c14a5ce\",\"name\":\"Grotta\",\"url\":\"https:\/\/grotta.is\/en\/author\/inga\/\"}]}<\/script>\n<!-- \/ Yoast SEO plugin. -->","yoast_head_json":{"title":"\u00cd\u00fer\u00f3ttakona Seltjarnarnes - \u00cd\u00fer\u00f3ttaf\u00e9lagi\u00f0 Gr\u00f3tta","robots":{"index":"index","follow":"follow","max-snippet":"max-snippet:-1","max-image-preview":"max-image-preview:large","max-video-preview":"max-video-preview:-1"},"canonical":"https:\/\/grotta.is\/en\/almennt\/ithrottakona-seltjarnarnes-2019\/","og_locale":"en_US","og_type":"article","og_title":"\u00cd\u00fer\u00f3ttakona Seltjarnarnes - \u00cd\u00fer\u00f3ttaf\u00e9lagi\u00f0 Gr\u00f3tta","og_description":"\u00cdris Bj\u00f6rk S\u00edmonard\u00f3ttir er \u00ed\u00fer\u00f3ttakona Seltjarnaness. \u00cdris Bj\u00f6rk er f\u00e6dd \u00e1ri\u00f0 1987 og er uppalin me\u00f0 Gr\u00f3ttu, var markma\u00f0ur li\u00f0sins upp \u00ed meistaraflokk og var\u00f0 \u00cdslands-og bikarmeistari me\u00f0 f\u00e9laginu 2015 og 2016.","og_url":"https:\/\/grotta.is\/en\/almennt\/ithrottakona-seltjarnarnes-2019\/","og_site_name":"\u00cd\u00fer\u00f3ttaf\u00e9lagi\u00f0 Gr\u00f3tta","article_publisher":"https:\/\/www.facebook.com\/grottasport","article_published_time":"2020-01-30T21:45:30+00:00","article_modified_time":"2020-03-15T21:53:48+00:00","og_image":[{"width":686,"height":960,"url":"https:\/\/grotta.is\/wp-content\/uploads\/2020\/01\/Grotta_Handbolti_00.jpg","type":"image\/jpeg"}],"author":"Grotta","twitter_card":"summary_large_image","twitter_misc":{"Written by":"Grotta","Est. reading time":"1 minute"},"schema":{"@context":"https:\/\/schema.org","@graph":[{"@type":"Article","@id":"https:\/\/grotta.is\/almennt\/ithrottakona-seltjarnarnes-2019\/#article","isPartOf":{"@id":"https:\/\/grotta.is\/almennt\/ithrottakona-seltjarnarnes-2019\/"},"author":{"name":"Grotta","@id":"https:\/\/grotta.is\/#\/schema\/person\/08ec57bf09ee925f1b6a01540c14a5ce"},"headline":"\u00cd\u00fer\u00f3ttakona Seltjarnarnes","datePublished":"2020-01-30T21:45:30+00:00","dateModified":"2020-03-15T21:53:48+00:00","mainEntityOfPage":{"@id":"https:\/\/grotta.is\/almennt\/ithrottakona-seltjarnarnes-2019\/"},"wordCount":184,"publisher":{"@id":"https:\/\/grotta.is\/#organization"},"image":{"@id":"https:\/\/grotta.is\/almennt\/ithrottakona-seltjarnarnes-2019\/#primaryimage"},"thumbnailUrl":"https:\/\/grotta.is\/wp-content\/uploads\/2020\/01\/Grotta_Handbolti_00.jpg","keywords":["Handbolti","Leikmenn","Ver\u00f0laun"],"articleSection":["Almennt","Handknattleiksdeild"],"inLanguage":"en-US"},{"@type":"WebPage","@id":"https:\/\/grotta.is\/almennt\/ithrottakona-seltjarnarnes-2019\/","url":"https:\/\/grotta.is\/almennt\/ithrottakona-seltjarnarnes-2019\/","name":"\u00cd\u00fer\u00f3ttakona Seltjarnarnes - \u00cd\u00fer\u00f3ttaf\u00e9lagi\u00f0 Gr\u00f3tta","isPartOf":{"@id":"https:\/\/grotta.is\/#website"},"primaryImageOfPage":{"@id":"https:\/\/grotta.is\/almennt\/ithrottakona-seltjarnarnes-2019\/#primaryimage"},"image":{"@id":"https:\/\/grotta.is\/almennt\/ithrottakona-seltjarnarnes-2019\/#primaryimage"},"thumbnailUrl":"https:\/\/grotta.is\/wp-content\/uploads\/2020\/01\/Grotta_Handbolti_00.jpg","datePublished":"2020-01-30T21:45:30+00:00","dateModified":"2020-03-15T21:53:48+00:00","breadcrumb":{"@id":"https:\/\/grotta.is\/almennt\/ithrottakona-seltjarnarnes-2019\/#breadcrumb"},"inLanguage":"en-US","potentialAction":[{"@type":"ReadAction","target":["https:\/\/grotta.is\/almennt\/ithrottakona-seltjarnarnes-2019\/"]}]},{"@type":"ImageObject","inLanguage":"en-US","@id":"https:\/\/grotta.is\/almennt\/ithrottakona-seltjarnarnes-2019\/#primaryimage","url":"https:\/\/grotta.is\/wp-content\/uploads\/2020\/01\/Grotta_Handbolti_00.jpg","contentUrl":"https:\/\/grotta.is\/wp-content\/uploads\/2020\/01\/Grotta_Handbolti_00.jpg","width":686,"height":960},{"@type":"BreadcrumbList","@id":"https:\/\/grotta.is\/almennt\/ithrottakona-seltjarnarnes-2019\/#breadcrumb","itemListElement":[{"@type":"ListItem","position":1,"name":"Home","item":"https:\/\/grotta.is\/"},{"@type":"ListItem","position":2,"name":"\u00cd\u00fer\u00f3ttakona Seltjarnarnes"}]},{"@type":"WebSite","@id":"https:\/\/grotta.is\/#website","url":"https:\/\/grotta.is\/","name":"\u00cd\u00fer\u00f3ttaf\u00e9lagi\u00f0 Gr\u00f3tta","description":"\u00e1 Seltjarnarnesi","publisher":{"@id":"https:\/\/grotta.is\/#organization"},"potentialAction":[{"@type":"SearchAction","target":{"@type":"EntryPoint","urlTemplate":"https:\/\/grotta.is\/?s={search_term_string}"},"query-input":{"@type":"PropertyValueSpecification","valueRequired":true,"valueName":"search_term_string"}}],"inLanguage":"en-US"},{"@type":"Organization","@id":"https:\/\/grotta.is\/#organization","name":"\u00cd\u00fer\u00f3ttaf\u00e9lagi\u00f0 Gr\u00f3tta","url":"https:\/\/grotta.is\/","logo":{"@type":"ImageObject","inLanguage":"en-US","@id":"https:\/\/grotta.is\/#\/schema\/logo\/image\/","url":"https:\/\/grotta.is\/wp-content\/uploads\/2020\/02\/ithrottafelagidgrotta_logo_512x512_transparent.png","contentUrl":"https:\/\/grotta.is\/wp-content\/uploads\/2020\/02\/ithrottafelagidgrotta_logo_512x512_transparent.png","width":512,"height":512,"caption":"\u00cd\u00fer\u00f3ttaf\u00e9lagi\u00f0 Gr\u00f3tta"},"image":{"@id":"https:\/\/grotta.is\/#\/schema\/logo\/image\/"},"sameAs":["https:\/\/www.facebook.com\/grottasport"]},{"@type":"Person","@id":"https:\/\/grotta.is\/#\/schema\/person\/08ec57bf09ee925f1b6a01540c14a5ce","name":"Grotta","url":"https:\/\/grotta.is\/en\/author\/inga\/"}]}},"_links":{"self":[{"href":"https:\/\/grotta.is\/en\/wp-json\/wp\/v2\/posts\/1079","targetHints":{"allow":["GET"]}}],"collection":[{"href":"https:\/\/grotta.is\/en\/wp-json\/wp\/v2\/posts"}],"about":[{"href":"https:\/\/grotta.is\/en\/wp-json\/wp\/v2\/types\/post"}],"author":[{"embeddable":true,"href":"https:\/\/grotta.is\/en\/wp-json\/wp\/v2\/users\/2"}],"replies":[{"embeddable":true,"href":"https:\/\/grotta.is\/en\/wp-json\/wp\/v2\/comments?post=1079"}],"version-history":[{"count":0,"href":"https:\/\/grotta.is\/en\/wp-json\/wp\/v2\/posts\/1079\/revisions"}],"wp:featuredmedia":[{"embeddable":true,"href":"https:\/\/grotta.is\/en\/wp-json\/wp\/v2\/media\/1082"}],"wp:attachment":[{"href":"https:\/\/grotta.is\/en\/wp-json\/wp\/v2\/media?parent=1079"}],"wp:term":[{"taxonomy":"category","embeddable":true,"href":"https:\/\/grotta.is\/en\/wp-json\/wp\/v2\/categories?post=1079"},{"taxonomy":"post_tag","embeddable":true,"href":"https:\/\/grotta.is\/en\/wp-json\/wp\/v2\/tags?post=1079"}],"curies":[{"name":"wp","href":"https:\/\/api.w.org\/{rel}","templated":true}]}}