{"id":1075,"date":"2020-02-09T21:40:48","date_gmt":"2020-02-09T21:40:48","guid":{"rendered":"https:\/\/grotta.is\/?p=1075"},"modified":"2020-03-15T21:41:46","modified_gmt":"2020-03-15T21:41:46","slug":"5-fl-kvk-deildarmeistarar","status":"publish","type":"post","link":"https:\/\/grotta.is\/en\/handknattleiksdeild\/5-fl-kvk-deildarmeistarar\/","title":{"rendered":"5. fl. kvk deildarmeistarar"},"content":{"rendered":"<p>Stelpurnar \u00ed 5. flokki kvenna, yngra \u00e1r, ur\u00f0u deildarmeistarar \u00e1 \u00c1sv\u00f6llum og spila \u00fev\u00ed \u00ed 1.deild \u00ed Vestmannaeyjum \u00ed mars ??<\/p>","protected":false},"excerpt":{"rendered":"<p>Stelpurnar \u00ed 5. flokki kvenna, yngra \u00e1r, ur\u00f0u deildarmeistarar \u00e1 \u00c1sv\u00f6llum og spila \u00fev\u00ed \u00ed 1.deild \u00ed Vestmannaeyjum \u00ed mars.<\/p>","protected":false},"author":2,"featured_media":1077,"comment_status":"closed","ping_status":"closed","sticky":false,"template":"","format":"standard","meta":{"footnotes":""},"categories":[12],"tags":[13,21,15],"class_list":["post-1075","post","type-post","status-publish","format-standard","has-post-thumbnail","hentry","category-handknattleiksdeild","tag-handbolti","tag-mot","tag-yngri-flokkar"],"yoast_head":"<!-- This site is optimized with the Yoast SEO plugin v24.3 - https:\/\/yoast.com\/wordpress\/plugins\/seo\/ -->\n<title>5. fl. kvk deildarmeistarar - \u00cd\u00fer\u00f3ttaf\u00e9lagi\u00f0 Gr\u00f3tta<\/title>\n<meta name=\"robots\" content=\"index, follow, max-snippet:-1, max-image-preview:large, max-video-preview:-1\" \/>\n<link rel=\"canonical\" href=\"https:\/\/grotta.is\/en\/handknattleiksdeild\/5-fl-kvk-deildarmeistarar\/\" \/>\n<meta property=\"og:locale\" content=\"en_US\" \/>\n<meta property=\"og:type\" content=\"article\" \/>\n<meta property=\"og:title\" content=\"5. fl. kvk deildarmeistarar - \u00cd\u00fer\u00f3ttaf\u00e9lagi\u00f0 Gr\u00f3tta\" \/>\n<meta property=\"og:description\" content=\"Stelpurnar \u00ed 5. flokki kvenna, yngra \u00e1r, ur\u00f0u deildarmeistarar \u00e1 \u00c1sv\u00f6llum og spila \u00fev\u00ed \u00ed 1.deild \u00ed Vestmannaeyjum \u00ed mars.\" \/>\n<meta property=\"og:url\" content=\"https:\/\/grotta.is\/en\/handknattleiksdeild\/5-fl-kvk-deildarmeistarar\/\" \/>\n<meta property=\"og:site_name\" content=\"\u00cd\u00fer\u00f3ttaf\u00e9lagi\u00f0 Gr\u00f3tta\" \/>\n<meta property=\"article:publisher\" content=\"https:\/\/www.facebook.com\/grottasport\" \/>\n<meta property=\"article:published_time\" content=\"2020-02-09T21:40:48+00:00\" \/>\n<meta property=\"article:modified_time\" content=\"2020-03-15T21:41:46+00:00\" \/>\n<meta property=\"og:image\" content=\"https:\/\/grotta.is\/wp-content\/uploads\/2020\/03\/Grotta_Handbolti_yngriflokkar_3.jpg\" \/>\n\t<meta property=\"og:image:width\" content=\"960\" \/>\n\t<meta property=\"og:image:height\" content=\"720\" \/>\n\t<meta property=\"og:image:type\" content=\"image\/jpeg\" \/>\n<meta name=\"author\" content=\"Grotta\" \/>\n<meta name=\"twitter:card\" content=\"summary_large_image\" \/>\n<meta name=\"twitter:label1\" content=\"Written by\" \/>\n\t<meta name=\"twitter:data1\" content=\"Grotta\" \/>\n<script type=\"application\/ld+json\" class=\"yoast-schema-graph\">{\"@context\":\"https:\/\/schema.org\",\"@graph\":[{\"@type\":\"Article\",\"@id\":\"https:\/\/grotta.is\/handknattleiksdeild\/5-fl-kvk-deildarmeistarar\/#article\",\"isPartOf\":{\"@id\":\"https:\/\/grotta.is\/handknattleiksdeild\/5-fl-kvk-deildarmeistarar\/\"},\"author\":{\"name\":\"Grotta\",\"@id\":\"https:\/\/grotta.is\/#\/schema\/person\/08ec57bf09ee925f1b6a01540c14a5ce\"},\"headline\":\"5. fl. kvk deildarmeistarar\",\"datePublished\":\"2020-02-09T21:40:48+00:00\",\"dateModified\":\"2020-03-15T21:41:46+00:00\",\"mainEntityOfPage\":{\"@id\":\"https:\/\/grotta.is\/handknattleiksdeild\/5-fl-kvk-deildarmeistarar\/\"},\"wordCount\":19,\"publisher\":{\"@id\":\"https:\/\/grotta.is\/#organization\"},\"image\":{\"@id\":\"https:\/\/grotta.is\/handknattleiksdeild\/5-fl-kvk-deildarmeistarar\/#primaryimage\"},\"thumbnailUrl\":\"https:\/\/grotta.is\/wp-content\/uploads\/2020\/03\/Grotta_Handbolti_yngriflokkar_3.jpg\",\"keywords\":[\"Handbolti\",\"M\u00f3t\",\"Yngri flokkar\"],\"articleSection\":[\"Handknattleiksdeild\"],\"inLanguage\":\"en-US\"},{\"@type\":\"WebPage\",\"@id\":\"https:\/\/grotta.is\/handknattleiksdeild\/5-fl-kvk-deildarmeistarar\/\",\"url\":\"https:\/\/grotta.is\/handknattleiksdeild\/5-fl-kvk-deildarmeistarar\/\",\"name\":\"5. fl. kvk deildarmeistarar - \u00cd\u00fer\u00f3ttaf\u00e9lagi\u00f0 Gr\u00f3tta\",\"isPartOf\":{\"@id\":\"https:\/\/grotta.is\/#website\"},\"primaryImageOfPage\":{\"@id\":\"https:\/\/grotta.is\/handknattleiksdeild\/5-fl-kvk-deildarmeistarar\/#primaryimage\"},\"image\":{\"@id\":\"https:\/\/grotta.is\/handknattleiksdeild\/5-fl-kvk-deildarmeistarar\/#primaryimage\"},\"thumbnailUrl\":\"https:\/\/grotta.is\/wp-content\/uploads\/2020\/03\/Grotta_Handbolti_yngriflokkar_3.jpg\",\"datePublished\":\"2020-02-09T21:40:48+00:00\",\"dateModified\":\"2020-03-15T21:41:46+00:00\",\"breadcrumb\":{\"@id\":\"https:\/\/grotta.is\/handknattleiksdeild\/5-fl-kvk-deildarmeistarar\/#breadcrumb\"},\"inLanguage\":\"en-US\",\"potentialAction\":[{\"@type\":\"ReadAction\",\"target\":[\"https:\/\/grotta.is\/handknattleiksdeild\/5-fl-kvk-deildarmeistarar\/\"]}]},{\"@type\":\"ImageObject\",\"inLanguage\":\"en-US\",\"@id\":\"https:\/\/grotta.is\/handknattleiksdeild\/5-fl-kvk-deildarmeistarar\/#primaryimage\",\"url\":\"https:\/\/grotta.is\/wp-content\/uploads\/2020\/03\/Grotta_Handbolti_yngriflokkar_3.jpg\",\"contentUrl\":\"https:\/\/grotta.is\/wp-content\/uploads\/2020\/03\/Grotta_Handbolti_yngriflokkar_3.jpg\",\"width\":960,\"height\":720},{\"@type\":\"BreadcrumbList\",\"@id\":\"https:\/\/grotta.is\/handknattleiksdeild\/5-fl-kvk-deildarmeistarar\/#breadcrumb\",\"itemListElement\":[{\"@type\":\"ListItem\",\"position\":1,\"name\":\"Home\",\"item\":\"https:\/\/grotta.is\/\"},{\"@type\":\"ListItem\",\"position\":2,\"name\":\"5. fl. kvk deildarmeistarar\"}]},{\"@type\":\"WebSite\",\"@id\":\"https:\/\/grotta.is\/#website\",\"url\":\"https:\/\/grotta.is\/\",\"name\":\"\u00cd\u00fer\u00f3ttaf\u00e9lagi\u00f0 Gr\u00f3tta\",\"description\":\"\u00e1 Seltjarnarnesi\",\"publisher\":{\"@id\":\"https:\/\/grotta.is\/#organization\"},\"potentialAction\":[{\"@type\":\"SearchAction\",\"target\":{\"@type\":\"EntryPoint\",\"urlTemplate\":\"https:\/\/grotta.is\/?s={search_term_string}\"},\"query-input\":{\"@type\":\"PropertyValueSpecification\",\"valueRequired\":true,\"valueName\":\"search_term_string\"}}],\"inLanguage\":\"en-US\"},{\"@type\":\"Organization\",\"@id\":\"https:\/\/grotta.is\/#organization\",\"name\":\"\u00cd\u00fer\u00f3ttaf\u00e9lagi\u00f0 Gr\u00f3tta\",\"url\":\"https:\/\/grotta.is\/\",\"logo\":{\"@type\":\"ImageObject\",\"inLanguage\":\"en-US\",\"@id\":\"https:\/\/grotta.is\/#\/schema\/logo\/image\/\",\"url\":\"https:\/\/grotta.is\/wp-content\/uploads\/2020\/02\/ithrottafelagidgrotta_logo_512x512_transparent.png\",\"contentUrl\":\"https:\/\/grotta.is\/wp-content\/uploads\/2020\/02\/ithrottafelagidgrotta_logo_512x512_transparent.png\",\"width\":512,\"height\":512,\"caption\":\"\u00cd\u00fer\u00f3ttaf\u00e9lagi\u00f0 Gr\u00f3tta\"},\"image\":{\"@id\":\"https:\/\/grotta.is\/#\/schema\/logo\/image\/\"},\"sameAs\":[\"https:\/\/www.facebook.com\/grottasport\"]},{\"@type\":\"Person\",\"@id\":\"https:\/\/grotta.is\/#\/schema\/person\/08ec57bf09ee925f1b6a01540c14a5ce\",\"name\":\"Grotta\",\"url\":\"https:\/\/grotta.is\/en\/author\/inga\/\"}]}<\/script>\n<!-- \/ Yoast SEO plugin. -->","yoast_head_json":{"title":"5. fl. kvk deildarmeistarar - \u00cd\u00fer\u00f3ttaf\u00e9lagi\u00f0 Gr\u00f3tta","robots":{"index":"index","follow":"follow","max-snippet":"max-snippet:-1","max-image-preview":"max-image-preview:large","max-video-preview":"max-video-preview:-1"},"canonical":"https:\/\/grotta.is\/en\/handknattleiksdeild\/5-fl-kvk-deildarmeistarar\/","og_locale":"en_US","og_type":"article","og_title":"5. fl. kvk deildarmeistarar - \u00cd\u00fer\u00f3ttaf\u00e9lagi\u00f0 Gr\u00f3tta","og_description":"Stelpurnar \u00ed 5. flokki kvenna, yngra \u00e1r, ur\u00f0u deildarmeistarar \u00e1 \u00c1sv\u00f6llum og spila \u00fev\u00ed \u00ed 1.deild \u00ed Vestmannaeyjum \u00ed mars.","og_url":"https:\/\/grotta.is\/en\/handknattleiksdeild\/5-fl-kvk-deildarmeistarar\/","og_site_name":"\u00cd\u00fer\u00f3ttaf\u00e9lagi\u00f0 Gr\u00f3tta","article_publisher":"https:\/\/www.facebook.com\/grottasport","article_published_time":"2020-02-09T21:40:48+00:00","article_modified_time":"2020-03-15T21:41:46+00:00","og_image":[{"width":960,"height":720,"url":"https:\/\/grotta.is\/wp-content\/uploads\/2020\/03\/Grotta_Handbolti_yngriflokkar_3.jpg","type":"image\/jpeg"}],"author":"Grotta","twitter_card":"summary_large_image","twitter_misc":{"Written by":"Grotta"},"schema":{"@context":"https:\/\/schema.org","@graph":[{"@type":"Article","@id":"https:\/\/grotta.is\/handknattleiksdeild\/5-fl-kvk-deildarmeistarar\/#article","isPartOf":{"@id":"https:\/\/grotta.is\/handknattleiksdeild\/5-fl-kvk-deildarmeistarar\/"},"author":{"name":"Grotta","@id":"https:\/\/grotta.is\/#\/schema\/person\/08ec57bf09ee925f1b6a01540c14a5ce"},"headline":"5. fl. kvk deildarmeistarar","datePublished":"2020-02-09T21:40:48+00:00","dateModified":"2020-03-15T21:41:46+00:00","mainEntityOfPage":{"@id":"https:\/\/grotta.is\/handknattleiksdeild\/5-fl-kvk-deildarmeistarar\/"},"wordCount":19,"publisher":{"@id":"https:\/\/grotta.is\/#organization"},"image":{"@id":"https:\/\/grotta.is\/handknattleiksdeild\/5-fl-kvk-deildarmeistarar\/#primaryimage"},"thumbnailUrl":"https:\/\/grotta.is\/wp-content\/uploads\/2020\/03\/Grotta_Handbolti_yngriflokkar_3.jpg","keywords":["Handbolti","M\u00f3t","Yngri flokkar"],"articleSection":["Handknattleiksdeild"],"inLanguage":"en-US"},{"@type":"WebPage","@id":"https:\/\/grotta.is\/handknattleiksdeild\/5-fl-kvk-deildarmeistarar\/","url":"https:\/\/grotta.is\/handknattleiksdeild\/5-fl-kvk-deildarmeistarar\/","name":"5. fl. kvk deildarmeistarar - \u00cd\u00fer\u00f3ttaf\u00e9lagi\u00f0 Gr\u00f3tta","isPartOf":{"@id":"https:\/\/grotta.is\/#website"},"primaryImageOfPage":{"@id":"https:\/\/grotta.is\/handknattleiksdeild\/5-fl-kvk-deildarmeistarar\/#primaryimage"},"image":{"@id":"https:\/\/grotta.is\/handknattleiksdeild\/5-fl-kvk-deildarmeistarar\/#primaryimage"},"thumbnailUrl":"https:\/\/grotta.is\/wp-content\/uploads\/2020\/03\/Grotta_Handbolti_yngriflokkar_3.jpg","datePublished":"2020-02-09T21:40:48+00:00","dateModified":"2020-03-15T21:41:46+00:00","breadcrumb":{"@id":"https:\/\/grotta.is\/handknattleiksdeild\/5-fl-kvk-deildarmeistarar\/#breadcrumb"},"inLanguage":"en-US","potentialAction":[{"@type":"ReadAction","target":["https:\/\/grotta.is\/handknattleiksdeild\/5-fl-kvk-deildarmeistarar\/"]}]},{"@type":"ImageObject","inLanguage":"en-US","@id":"https:\/\/grotta.is\/handknattleiksdeild\/5-fl-kvk-deildarmeistarar\/#primaryimage","url":"https:\/\/grotta.is\/wp-content\/uploads\/2020\/03\/Grotta_Handbolti_yngriflokkar_3.jpg","contentUrl":"https:\/\/grotta.is\/wp-content\/uploads\/2020\/03\/Grotta_Handbolti_yngriflokkar_3.jpg","width":960,"height":720},{"@type":"BreadcrumbList","@id":"https:\/\/grotta.is\/handknattleiksdeild\/5-fl-kvk-deildarmeistarar\/#breadcrumb","itemListElement":[{"@type":"ListItem","position":1,"name":"Home","item":"https:\/\/grotta.is\/"},{"@type":"ListItem","position":2,"name":"5. fl. kvk deildarmeistarar"}]},{"@type":"WebSite","@id":"https:\/\/grotta.is\/#website","url":"https:\/\/grotta.is\/","name":"\u00cd\u00fer\u00f3ttaf\u00e9lagi\u00f0 Gr\u00f3tta","description":"\u00e1 Seltjarnarnesi","publisher":{"@id":"https:\/\/grotta.is\/#organization"},"potentialAction":[{"@type":"SearchAction","target":{"@type":"EntryPoint","urlTemplate":"https:\/\/grotta.is\/?s={search_term_string}"},"query-input":{"@type":"PropertyValueSpecification","valueRequired":true,"valueName":"search_term_string"}}],"inLanguage":"en-US"},{"@type":"Organization","@id":"https:\/\/grotta.is\/#organization","name":"\u00cd\u00fer\u00f3ttaf\u00e9lagi\u00f0 Gr\u00f3tta","url":"https:\/\/grotta.is\/","logo":{"@type":"ImageObject","inLanguage":"en-US","@id":"https:\/\/grotta.is\/#\/schema\/logo\/image\/","url":"https:\/\/grotta.is\/wp-content\/uploads\/2020\/02\/ithrottafelagidgrotta_logo_512x512_transparent.png","contentUrl":"https:\/\/grotta.is\/wp-content\/uploads\/2020\/02\/ithrottafelagidgrotta_logo_512x512_transparent.png","width":512,"height":512,"caption":"\u00cd\u00fer\u00f3ttaf\u00e9lagi\u00f0 Gr\u00f3tta"},"image":{"@id":"https:\/\/grotta.is\/#\/schema\/logo\/image\/"},"sameAs":["https:\/\/www.facebook.com\/grottasport"]},{"@type":"Person","@id":"https:\/\/grotta.is\/#\/schema\/person\/08ec57bf09ee925f1b6a01540c14a5ce","name":"Grotta","url":"https:\/\/grotta.is\/en\/author\/inga\/"}]}},"_links":{"self":[{"href":"https:\/\/grotta.is\/en\/wp-json\/wp\/v2\/posts\/1075","targetHints":{"allow":["GET"]}}],"collection":[{"href":"https:\/\/grotta.is\/en\/wp-json\/wp\/v2\/posts"}],"about":[{"href":"https:\/\/grotta.is\/en\/wp-json\/wp\/v2\/types\/post"}],"author":[{"embeddable":true,"href":"https:\/\/grotta.is\/en\/wp-json\/wp\/v2\/users\/2"}],"replies":[{"embeddable":true,"href":"https:\/\/grotta.is\/en\/wp-json\/wp\/v2\/comments?post=1075"}],"version-history":[{"count":0,"href":"https:\/\/grotta.is\/en\/wp-json\/wp\/v2\/posts\/1075\/revisions"}],"wp:featuredmedia":[{"embeddable":true,"href":"https:\/\/grotta.is\/en\/wp-json\/wp\/v2\/media\/1077"}],"wp:attachment":[{"href":"https:\/\/grotta.is\/en\/wp-json\/wp\/v2\/media?parent=1075"}],"wp:term":[{"taxonomy":"category","embeddable":true,"href":"https:\/\/grotta.is\/en\/wp-json\/wp\/v2\/categories?post=1075"},{"taxonomy":"post_tag","embeddable":true,"href":"https:\/\/grotta.is\/en\/wp-json\/wp\/v2\/tags?post=1075"}],"curies":[{"name":"wp","href":"https:\/\/api.w.org\/{rel}","templated":true}]}}