{"id":10749,"date":"2020-07-17T15:13:26","date_gmt":"2020-07-17T15:13:26","guid":{"rendered":"https:\/\/grotta.is\/?p=10749"},"modified":"2020-07-17T15:16:52","modified_gmt":"2020-07-17T15:16:52","slug":"ungir-leikmenn-semja-vid-grottu","status":"publish","type":"post","link":"https:\/\/grotta.is\/en\/knattspyrnudeild\/ungir-leikmenn-semja-vid-grottu\/","title":{"rendered":"Ungir leikmenn semja vi\u00f0 Gr\u00f3ttu"},"content":{"rendered":"<p>\u00cd morgun skrifa\u00f0i knattspyrnudeild Gr\u00f3ttu undir samninga \u00fat \u00e1ri\u00f0 2021 vi\u00f0 sex leikmenn meistaraflokks kvenna. Um er a\u00f0 r\u00e6\u00f0a stelpur \u00e1 aldrinum 16-19 \u00e1ra sem komu flestar inn \u00ed li\u00f0i\u00f0 \u00ed fyrra og hafa allar spila\u00f0 me\u00f0 Gr\u00f3ttu \u00ed Lengjudeildinni \u00ed sumar.\u00a0<\/p><p>\u00deetta eru \u00fe\u00e6r Tinna Br\u00e1 Magn\u00fasd\u00f3ttir (16 \u00e1ra), Rakel L\u00f3a Brynjarsd\u00f3ttir (16 \u00e1ra), Mar\u00eda Lov\u00edsa J\u00f3nasd\u00f3ttir (17 \u00e1ra), Lov\u00edsa Scheving (17 \u00e1ra), Helga Rakel Fjalarsd\u00f3ttir Hagal\u00edn (19 \u00e1ra) og Edda Bj\u00f6rg Eir\u00edksd\u00f3ttir (19 \u00e1ra).&nbsp;<\/p><p>Tinna Br\u00e1, Rakel L\u00f3a, Mar\u00eda Lov\u00edsa og Lov\u00edsa eru allar uppaldar \u00ed Gr\u00f3ttu. Tinna er markma\u00f0ur, Rakel getur b\u00e6\u00f0i leiki\u00f0 sem varnar- og mi\u00f0juma\u00f0ur, Mar\u00eda leikur sem framherji e\u00f0a kantma\u00f0ur og Lov\u00edsa dreifir spilinu \u00e1 mi\u00f0junni.<\/p><p>Helga Rakel er uppalin \u00ed Vesturb\u00e6num og l\u00e9k upp yngri flokkana me\u00f0 KR og Gr\u00f3ttu\/KR. Helga, sem leikur sem mi\u00f0juma\u00f0ur, var \u00e1 l\u00e1ni hj\u00e1 Gr\u00f3ttu \u00ed fyrra en skipti alfari\u00f0 yfir s\u00ed\u00f0asta haust. Edda Bj\u00f6rg er uppalin \u00e1 H\u00f6fn &#8211; h\u00fan l\u00e9k me\u00f0 Sindra til 15 \u00e1ra aldurs \u00fear til h\u00fan skipti yfir \u00ed Val. Edda, sem getur b\u00e6\u00f0i leiki\u00f0 sem kantma\u00f0ur og bakv\u00f6r\u00f0ur, gekk til li\u00f0s vi\u00f0 Gr\u00f3ttu \u00ed vetur.&nbsp;<\/p><p>\u201e\u00dea\u00f0 er miki\u00f0 gle\u00f0iefni fyrir Gr\u00f3ttu a\u00f0 hafa sami\u00f0 vi\u00f0 \u00feessar framb\u00e6rilegu stelpur. \u00de\u00e6r hafa allar sta\u00f0i\u00f0 sig vel og eru kl\u00e1rar \u00ed a\u00f0 halda \u00e1fram af fullum krafti \u00ed uppbyggingunni \u00ed Gr\u00f3ttu.&#8220; sag\u00f0i Magn\u00fas \u00d6rn Helgason \u00fej\u00e1lfari meistaraflokks kvenna.<\/p><p>\u201eH\u00e9r erum vi\u00f0 a\u00f0 semja vi\u00f0 sex stelpur sem hafa allar spila\u00f0 st\u00f3rt hlutverk \u00ed sumar og munu bara eflast \u00e1 n\u00e6stu\u00a0 \u00e1rum. Framt\u00ed\u00f0in er sannarlega bj\u00f6rt hj\u00e1 meistaraflokki kvenna.&#8220; sag\u00f0i Birgir Tj\u00f6rvi P\u00e9tursson forma\u00f0ur knattspyrnudeildar \u00feegar samningarnir voru undirrita\u00f0ir.<\/p><figure class=\"wp-block-image size-large\"><img fetchpriority=\"high\" decoding=\"async\" width=\"1024\" height=\"768\" src=\"https:\/\/grotta.is\/wp-content\/uploads\/2020\/07\/IMG_1728-1024x768.jpg\" alt=\"\" class=\"wp-image-10750\" srcset=\"https:\/\/grotta.is\/wp-content\/uploads\/2020\/07\/IMG_1728-1024x768.jpg 1024w, https:\/\/grotta.is\/wp-content\/uploads\/2020\/07\/IMG_1728-300x225.jpg 300w, https:\/\/grotta.is\/wp-content\/uploads\/2020\/07\/IMG_1728-768x576.jpg 768w, https:\/\/grotta.is\/wp-content\/uploads\/2020\/07\/IMG_1728-1536x1152.jpg 1536w, https:\/\/grotta.is\/wp-content\/uploads\/2020\/07\/IMG_1728-2048x1536.jpg 2048w, https:\/\/grotta.is\/wp-content\/uploads\/2020\/07\/IMG_1728-600x450.jpg 600w\" sizes=\"(max-width: 1024px) 100vw, 1024px\" \/><\/figure><p>Tinna Br\u00e1 Magn\u00fasd\u00f3ttir, Lov\u00edsa Scheving, Rakel L\u00f3a Brynjarsd\u00f3ttir, Mar\u00eda Lov\u00edsa J\u00f3nasd\u00f3ttir og Birgir Tj\u00f6rvi P\u00e9tursson.<\/p><figure class=\"wp-block-image size-large\"><img decoding=\"async\" width=\"768\" height=\"1024\" data-src=\"https:\/\/grotta.is\/wp-content\/uploads\/2020\/07\/IMG_1742-768x1024.jpg\" alt=\"\" class=\"wp-image-10751 lazyload\" data-srcset=\"https:\/\/grotta.is\/wp-content\/uploads\/2020\/07\/IMG_1742-768x1024.jpg 768w, https:\/\/grotta.is\/wp-content\/uploads\/2020\/07\/IMG_1742-225x300.jpg 225w, https:\/\/grotta.is\/wp-content\/uploads\/2020\/07\/IMG_1742-1152x1536.jpg 1152w, https:\/\/grotta.is\/wp-content\/uploads\/2020\/07\/IMG_1742-1536x2048.jpg 1536w, https:\/\/grotta.is\/wp-content\/uploads\/2020\/07\/IMG_1742-600x800.jpg 600w, https:\/\/grotta.is\/wp-content\/uploads\/2020\/07\/IMG_1742-scaled.jpg 1920w\" data-sizes=\"(max-width: 768px) 100vw, 768px\" src=\"data:image\/gif;base64,R0lGODlhAQABAAAAACH5BAEKAAEALAAAAAABAAEAAAICTAEAOw==\" style=\"--smush-placeholder-width: 768px; --smush-placeholder-aspect-ratio: 768\/1024;\" \/><\/figure><p>Edda Bj\u00f6rg Eir\u00edksd\u00f3ttir og Helga Rakel Fjalarsd\u00f3ttir Hagal\u00edn.<\/p>","protected":false},"excerpt":{"rendered":"<p>\u00cd morgun skrifa\u00f0i knattspyrnudeild Gr\u00f3ttu undir samninga \u00fat \u00e1ri\u00f0 2021 vi\u00f0 sex leikmenn meistaraflokks kvenna. Um er a\u00f0 r\u00e6\u00f0a stelpur \u00e1 aldrinum 16-19 \u00e1ra sem komu flestar inn \u00ed li\u00f0i\u00f0 [&hellip;]<\/p>","protected":false},"author":4,"featured_media":10750,"comment_status":"closed","ping_status":"closed","sticky":false,"template":"","format":"standard","meta":{"footnotes":""},"categories":[7],"tags":[],"class_list":["post-10749","post","type-post","status-publish","format-standard","has-post-thumbnail","hentry","category-knattspyrnudeild"],"yoast_head":"<!-- This site is optimized with the Yoast SEO plugin v24.3 - https:\/\/yoast.com\/wordpress\/plugins\/seo\/ -->\n<title>Ungir leikmenn semja vi\u00f0 Gr\u00f3ttu - \u00cd\u00fer\u00f3ttaf\u00e9lagi\u00f0 Gr\u00f3tta<\/title>\n<meta name=\"robots\" content=\"index, follow, max-snippet:-1, max-image-preview:large, max-video-preview:-1\" \/>\n<link rel=\"canonical\" href=\"https:\/\/grotta.is\/en\/knattspyrnudeild\/ungir-leikmenn-semja-vid-grottu\/\" \/>\n<meta property=\"og:locale\" content=\"en_US\" \/>\n<meta property=\"og:type\" content=\"article\" \/>\n<meta property=\"og:title\" content=\"Ungir leikmenn semja vi\u00f0 Gr\u00f3ttu - \u00cd\u00fer\u00f3ttaf\u00e9lagi\u00f0 Gr\u00f3tta\" \/>\n<meta property=\"og:description\" content=\"\u00cd morgun skrifa\u00f0i knattspyrnudeild Gr\u00f3ttu undir samninga \u00fat \u00e1ri\u00f0 2021 vi\u00f0 sex leikmenn meistaraflokks kvenna. Um er a\u00f0 r\u00e6\u00f0a stelpur \u00e1 aldrinum 16-19 \u00e1ra sem komu flestar inn \u00ed li\u00f0i\u00f0 [&hellip;]\" \/>\n<meta property=\"og:url\" content=\"https:\/\/grotta.is\/en\/knattspyrnudeild\/ungir-leikmenn-semja-vid-grottu\/\" \/>\n<meta property=\"og:site_name\" content=\"\u00cd\u00fer\u00f3ttaf\u00e9lagi\u00f0 Gr\u00f3tta\" \/>\n<meta property=\"article:publisher\" content=\"https:\/\/www.facebook.com\/grottasport\" \/>\n<meta property=\"article:published_time\" content=\"2020-07-17T15:13:26+00:00\" \/>\n<meta property=\"article:modified_time\" content=\"2020-07-17T15:16:52+00:00\" \/>\n<meta property=\"og:image\" content=\"https:\/\/grotta.is\/wp-content\/uploads\/2020\/07\/IMG_1728-scaled.jpg\" \/>\n\t<meta property=\"og:image:width\" content=\"2560\" \/>\n\t<meta property=\"og:image:height\" content=\"1920\" \/>\n\t<meta property=\"og:image:type\" content=\"image\/jpeg\" \/>\n<meta name=\"author\" content=\"J\u00f3runn M. \u00deorsteinsd\u00f3ttir\" \/>\n<meta name=\"twitter:card\" content=\"summary_large_image\" \/>\n<meta name=\"twitter:label1\" content=\"Written by\" \/>\n\t<meta name=\"twitter:data1\" content=\"J\u00f3runn M. \u00deorsteinsd\u00f3ttir\" \/>\n\t<meta name=\"twitter:label2\" content=\"Est. reading time\" \/>\n\t<meta name=\"twitter:data2\" content=\"2 minutes\" \/>\n<script type=\"application\/ld+json\" class=\"yoast-schema-graph\">{\"@context\":\"https:\/\/schema.org\",\"@graph\":[{\"@type\":\"Article\",\"@id\":\"https:\/\/grotta.is\/knattspyrnudeild\/ungir-leikmenn-semja-vid-grottu\/#article\",\"isPartOf\":{\"@id\":\"https:\/\/grotta.is\/knattspyrnudeild\/ungir-leikmenn-semja-vid-grottu\/\"},\"author\":{\"name\":\"J\u00f3runn M. \u00deorsteinsd\u00f3ttir\",\"@id\":\"https:\/\/grotta.is\/#\/schema\/person\/f1fea6a85a554e8069771c3486efbd84\"},\"headline\":\"Ungir leikmenn semja vi\u00f0 Gr\u00f3ttu\",\"datePublished\":\"2020-07-17T15:13:26+00:00\",\"dateModified\":\"2020-07-17T15:16:52+00:00\",\"mainEntityOfPage\":{\"@id\":\"https:\/\/grotta.is\/knattspyrnudeild\/ungir-leikmenn-semja-vid-grottu\/\"},\"wordCount\":355,\"publisher\":{\"@id\":\"https:\/\/grotta.is\/#organization\"},\"image\":{\"@id\":\"https:\/\/grotta.is\/knattspyrnudeild\/ungir-leikmenn-semja-vid-grottu\/#primaryimage\"},\"thumbnailUrl\":\"https:\/\/grotta.is\/wp-content\/uploads\/2020\/07\/IMG_1728-scaled.jpg\",\"articleSection\":[\"Knattspyrnudeild\"],\"inLanguage\":\"en-US\"},{\"@type\":\"WebPage\",\"@id\":\"https:\/\/grotta.is\/knattspyrnudeild\/ungir-leikmenn-semja-vid-grottu\/\",\"url\":\"https:\/\/grotta.is\/knattspyrnudeild\/ungir-leikmenn-semja-vid-grottu\/\",\"name\":\"Ungir leikmenn semja vi\u00f0 Gr\u00f3ttu - \u00cd\u00fer\u00f3ttaf\u00e9lagi\u00f0 Gr\u00f3tta\",\"isPartOf\":{\"@id\":\"https:\/\/grotta.is\/#website\"},\"primaryImageOfPage\":{\"@id\":\"https:\/\/grotta.is\/knattspyrnudeild\/ungir-leikmenn-semja-vid-grottu\/#primaryimage\"},\"image\":{\"@id\":\"https:\/\/grotta.is\/knattspyrnudeild\/ungir-leikmenn-semja-vid-grottu\/#primaryimage\"},\"thumbnailUrl\":\"https:\/\/grotta.is\/wp-content\/uploads\/2020\/07\/IMG_1728-scaled.jpg\",\"datePublished\":\"2020-07-17T15:13:26+00:00\",\"dateModified\":\"2020-07-17T15:16:52+00:00\",\"breadcrumb\":{\"@id\":\"https:\/\/grotta.is\/knattspyrnudeild\/ungir-leikmenn-semja-vid-grottu\/#breadcrumb\"},\"inLanguage\":\"en-US\",\"potentialAction\":[{\"@type\":\"ReadAction\",\"target\":[\"https:\/\/grotta.is\/knattspyrnudeild\/ungir-leikmenn-semja-vid-grottu\/\"]}]},{\"@type\":\"ImageObject\",\"inLanguage\":\"en-US\",\"@id\":\"https:\/\/grotta.is\/knattspyrnudeild\/ungir-leikmenn-semja-vid-grottu\/#primaryimage\",\"url\":\"https:\/\/grotta.is\/wp-content\/uploads\/2020\/07\/IMG_1728-scaled.jpg\",\"contentUrl\":\"https:\/\/grotta.is\/wp-content\/uploads\/2020\/07\/IMG_1728-scaled.jpg\",\"width\":2560,\"height\":1920},{\"@type\":\"BreadcrumbList\",\"@id\":\"https:\/\/grotta.is\/knattspyrnudeild\/ungir-leikmenn-semja-vid-grottu\/#breadcrumb\",\"itemListElement\":[{\"@type\":\"ListItem\",\"position\":1,\"name\":\"Home\",\"item\":\"https:\/\/grotta.is\/\"},{\"@type\":\"ListItem\",\"position\":2,\"name\":\"Ungir leikmenn semja vi\u00f0 Gr\u00f3ttu\"}]},{\"@type\":\"WebSite\",\"@id\":\"https:\/\/grotta.is\/#website\",\"url\":\"https:\/\/grotta.is\/\",\"name\":\"\u00cd\u00fer\u00f3ttaf\u00e9lagi\u00f0 Gr\u00f3tta\",\"description\":\"\u00e1 Seltjarnarnesi\",\"publisher\":{\"@id\":\"https:\/\/grotta.is\/#organization\"},\"potentialAction\":[{\"@type\":\"SearchAction\",\"target\":{\"@type\":\"EntryPoint\",\"urlTemplate\":\"https:\/\/grotta.is\/?s={search_term_string}\"},\"query-input\":{\"@type\":\"PropertyValueSpecification\",\"valueRequired\":true,\"valueName\":\"search_term_string\"}}],\"inLanguage\":\"en-US\"},{\"@type\":\"Organization\",\"@id\":\"https:\/\/grotta.is\/#organization\",\"name\":\"\u00cd\u00fer\u00f3ttaf\u00e9lagi\u00f0 Gr\u00f3tta\",\"url\":\"https:\/\/grotta.is\/\",\"logo\":{\"@type\":\"ImageObject\",\"inLanguage\":\"en-US\",\"@id\":\"https:\/\/grotta.is\/#\/schema\/logo\/image\/\",\"url\":\"https:\/\/grotta.is\/wp-content\/uploads\/2020\/02\/ithrottafelagidgrotta_logo_512x512_transparent.png\",\"contentUrl\":\"https:\/\/grotta.is\/wp-content\/uploads\/2020\/02\/ithrottafelagidgrotta_logo_512x512_transparent.png\",\"width\":512,\"height\":512,\"caption\":\"\u00cd\u00fer\u00f3ttaf\u00e9lagi\u00f0 Gr\u00f3tta\"},\"image\":{\"@id\":\"https:\/\/grotta.is\/#\/schema\/logo\/image\/\"},\"sameAs\":[\"https:\/\/www.facebook.com\/grottasport\"]},{\"@type\":\"Person\",\"@id\":\"https:\/\/grotta.is\/#\/schema\/person\/f1fea6a85a554e8069771c3486efbd84\",\"name\":\"J\u00f3runn M. \u00deorsteinsd\u00f3ttir\",\"url\":\"https:\/\/grotta.is\/en\/author\/jorunn\/\"}]}<\/script>\n<!-- \/ Yoast SEO plugin. -->","yoast_head_json":{"title":"Ungir leikmenn semja vi\u00f0 Gr\u00f3ttu - \u00cd\u00fer\u00f3ttaf\u00e9lagi\u00f0 Gr\u00f3tta","robots":{"index":"index","follow":"follow","max-snippet":"max-snippet:-1","max-image-preview":"max-image-preview:large","max-video-preview":"max-video-preview:-1"},"canonical":"https:\/\/grotta.is\/en\/knattspyrnudeild\/ungir-leikmenn-semja-vid-grottu\/","og_locale":"en_US","og_type":"article","og_title":"Ungir leikmenn semja vi\u00f0 Gr\u00f3ttu - \u00cd\u00fer\u00f3ttaf\u00e9lagi\u00f0 Gr\u00f3tta","og_description":"\u00cd morgun skrifa\u00f0i knattspyrnudeild Gr\u00f3ttu undir samninga \u00fat \u00e1ri\u00f0 2021 vi\u00f0 sex leikmenn meistaraflokks kvenna. Um er a\u00f0 r\u00e6\u00f0a stelpur \u00e1 aldrinum 16-19 \u00e1ra sem komu flestar inn \u00ed li\u00f0i\u00f0 [&hellip;]","og_url":"https:\/\/grotta.is\/en\/knattspyrnudeild\/ungir-leikmenn-semja-vid-grottu\/","og_site_name":"\u00cd\u00fer\u00f3ttaf\u00e9lagi\u00f0 Gr\u00f3tta","article_publisher":"https:\/\/www.facebook.com\/grottasport","article_published_time":"2020-07-17T15:13:26+00:00","article_modified_time":"2020-07-17T15:16:52+00:00","og_image":[{"width":2560,"height":1920,"url":"https:\/\/grotta.is\/wp-content\/uploads\/2020\/07\/IMG_1728-scaled.jpg","type":"image\/jpeg"}],"author":"J\u00f3runn M. \u00deorsteinsd\u00f3ttir","twitter_card":"summary_large_image","twitter_misc":{"Written by":"J\u00f3runn M. \u00deorsteinsd\u00f3ttir","Est. reading time":"2 minutes"},"schema":{"@context":"https:\/\/schema.org","@graph":[{"@type":"Article","@id":"https:\/\/grotta.is\/knattspyrnudeild\/ungir-leikmenn-semja-vid-grottu\/#article","isPartOf":{"@id":"https:\/\/grotta.is\/knattspyrnudeild\/ungir-leikmenn-semja-vid-grottu\/"},"author":{"name":"J\u00f3runn M. \u00deorsteinsd\u00f3ttir","@id":"https:\/\/grotta.is\/#\/schema\/person\/f1fea6a85a554e8069771c3486efbd84"},"headline":"Ungir leikmenn semja vi\u00f0 Gr\u00f3ttu","datePublished":"2020-07-17T15:13:26+00:00","dateModified":"2020-07-17T15:16:52+00:00","mainEntityOfPage":{"@id":"https:\/\/grotta.is\/knattspyrnudeild\/ungir-leikmenn-semja-vid-grottu\/"},"wordCount":355,"publisher":{"@id":"https:\/\/grotta.is\/#organization"},"image":{"@id":"https:\/\/grotta.is\/knattspyrnudeild\/ungir-leikmenn-semja-vid-grottu\/#primaryimage"},"thumbnailUrl":"https:\/\/grotta.is\/wp-content\/uploads\/2020\/07\/IMG_1728-scaled.jpg","articleSection":["Knattspyrnudeild"],"inLanguage":"en-US"},{"@type":"WebPage","@id":"https:\/\/grotta.is\/knattspyrnudeild\/ungir-leikmenn-semja-vid-grottu\/","url":"https:\/\/grotta.is\/knattspyrnudeild\/ungir-leikmenn-semja-vid-grottu\/","name":"Ungir leikmenn semja vi\u00f0 Gr\u00f3ttu - \u00cd\u00fer\u00f3ttaf\u00e9lagi\u00f0 Gr\u00f3tta","isPartOf":{"@id":"https:\/\/grotta.is\/#website"},"primaryImageOfPage":{"@id":"https:\/\/grotta.is\/knattspyrnudeild\/ungir-leikmenn-semja-vid-grottu\/#primaryimage"},"image":{"@id":"https:\/\/grotta.is\/knattspyrnudeild\/ungir-leikmenn-semja-vid-grottu\/#primaryimage"},"thumbnailUrl":"https:\/\/grotta.is\/wp-content\/uploads\/2020\/07\/IMG_1728-scaled.jpg","datePublished":"2020-07-17T15:13:26+00:00","dateModified":"2020-07-17T15:16:52+00:00","breadcrumb":{"@id":"https:\/\/grotta.is\/knattspyrnudeild\/ungir-leikmenn-semja-vid-grottu\/#breadcrumb"},"inLanguage":"en-US","potentialAction":[{"@type":"ReadAction","target":["https:\/\/grotta.is\/knattspyrnudeild\/ungir-leikmenn-semja-vid-grottu\/"]}]},{"@type":"ImageObject","inLanguage":"en-US","@id":"https:\/\/grotta.is\/knattspyrnudeild\/ungir-leikmenn-semja-vid-grottu\/#primaryimage","url":"https:\/\/grotta.is\/wp-content\/uploads\/2020\/07\/IMG_1728-scaled.jpg","contentUrl":"https:\/\/grotta.is\/wp-content\/uploads\/2020\/07\/IMG_1728-scaled.jpg","width":2560,"height":1920},{"@type":"BreadcrumbList","@id":"https:\/\/grotta.is\/knattspyrnudeild\/ungir-leikmenn-semja-vid-grottu\/#breadcrumb","itemListElement":[{"@type":"ListItem","position":1,"name":"Home","item":"https:\/\/grotta.is\/"},{"@type":"ListItem","position":2,"name":"Ungir leikmenn semja vi\u00f0 Gr\u00f3ttu"}]},{"@type":"WebSite","@id":"https:\/\/grotta.is\/#website","url":"https:\/\/grotta.is\/","name":"\u00cd\u00fer\u00f3ttaf\u00e9lagi\u00f0 Gr\u00f3tta","description":"\u00e1 Seltjarnarnesi","publisher":{"@id":"https:\/\/grotta.is\/#organization"},"potentialAction":[{"@type":"SearchAction","target":{"@type":"EntryPoint","urlTemplate":"https:\/\/grotta.is\/?s={search_term_string}"},"query-input":{"@type":"PropertyValueSpecification","valueRequired":true,"valueName":"search_term_string"}}],"inLanguage":"en-US"},{"@type":"Organization","@id":"https:\/\/grotta.is\/#organization","name":"\u00cd\u00fer\u00f3ttaf\u00e9lagi\u00f0 Gr\u00f3tta","url":"https:\/\/grotta.is\/","logo":{"@type":"ImageObject","inLanguage":"en-US","@id":"https:\/\/grotta.is\/#\/schema\/logo\/image\/","url":"https:\/\/grotta.is\/wp-content\/uploads\/2020\/02\/ithrottafelagidgrotta_logo_512x512_transparent.png","contentUrl":"https:\/\/grotta.is\/wp-content\/uploads\/2020\/02\/ithrottafelagidgrotta_logo_512x512_transparent.png","width":512,"height":512,"caption":"\u00cd\u00fer\u00f3ttaf\u00e9lagi\u00f0 Gr\u00f3tta"},"image":{"@id":"https:\/\/grotta.is\/#\/schema\/logo\/image\/"},"sameAs":["https:\/\/www.facebook.com\/grottasport"]},{"@type":"Person","@id":"https:\/\/grotta.is\/#\/schema\/person\/f1fea6a85a554e8069771c3486efbd84","name":"J\u00f3runn M. \u00deorsteinsd\u00f3ttir","url":"https:\/\/grotta.is\/en\/author\/jorunn\/"}]}},"_links":{"self":[{"href":"https:\/\/grotta.is\/en\/wp-json\/wp\/v2\/posts\/10749","targetHints":{"allow":["GET"]}}],"collection":[{"href":"https:\/\/grotta.is\/en\/wp-json\/wp\/v2\/posts"}],"about":[{"href":"https:\/\/grotta.is\/en\/wp-json\/wp\/v2\/types\/post"}],"author":[{"embeddable":true,"href":"https:\/\/grotta.is\/en\/wp-json\/wp\/v2\/users\/4"}],"replies":[{"embeddable":true,"href":"https:\/\/grotta.is\/en\/wp-json\/wp\/v2\/comments?post=10749"}],"version-history":[{"count":2,"href":"https:\/\/grotta.is\/en\/wp-json\/wp\/v2\/posts\/10749\/revisions"}],"predecessor-version":[{"id":10753,"href":"https:\/\/grotta.is\/en\/wp-json\/wp\/v2\/posts\/10749\/revisions\/10753"}],"wp:featuredmedia":[{"embeddable":true,"href":"https:\/\/grotta.is\/en\/wp-json\/wp\/v2\/media\/10750"}],"wp:attachment":[{"href":"https:\/\/grotta.is\/en\/wp-json\/wp\/v2\/media?parent=10749"}],"wp:term":[{"taxonomy":"category","embeddable":true,"href":"https:\/\/grotta.is\/en\/wp-json\/wp\/v2\/categories?post=10749"},{"taxonomy":"post_tag","embeddable":true,"href":"https:\/\/grotta.is\/en\/wp-json\/wp\/v2\/tags?post=10749"}],"curies":[{"name":"wp","href":"https:\/\/api.w.org\/{rel}","templated":true}]}}