{"id":10714,"date":"2020-07-10T15:29:53","date_gmt":"2020-07-10T15:29:53","guid":{"rendered":"https:\/\/grotta.is\/?p=10714"},"modified":"2020-07-10T15:32:33","modified_gmt":"2020-07-10T15:32:33","slug":"agust-namskeid-seltjarnarnesbaejar-og-grottu-2020","status":"publish","type":"post","link":"https:\/\/grotta.is\/en\/almennt\/agust-namskeid-seltjarnarnesbaejar-og-grottu-2020\/","title":{"rendered":"\u00c1g\u00fast n\u00e1mskei\u00f0 Seltjarnarnesb\u00e6jar og Gr\u00f3ttu 2020"},"content":{"rendered":"<p>Innritun \u00e1 eftirfarandi n\u00e1mskei\u00f0 fer fram \u00ed gegnum rafr\u00e6nt skr\u00e1ningakerfi Gr\u00f3ttu, N\u00f3ra <a aria-label=\"undefined (opens in a new tab)\" href=\"http:\/\/grotta.felog.is\" target=\"_blank\" rel=\"noreferrer noopener\">grotta.felog.is<\/a><\/p><p>Uppl\u00fdsingar f\u00e1st einnig \u00e1 skrifstofu Gr\u00f3ttu \u00ed s\u00edma <a href=\"tel:561-1133\">561-1133<\/a> \u00e1 milli kl 13:00 og 16:00 e\u00f0a me\u00f0 \u00fev\u00ed a\u00f0 senda t\u00f6lvup\u00f3st \u00e1 netfangi\u00f0 <a href=\"mailto:gullijons@grotta.is\">gullijons@grotta.is<\/a>, <a href=\"mailto:jonap@seltjarnarnes.is\">jonap@seltjarnarnes.is<\/a> e\u00f0a <a href=\"mailto:laufeyg@seltjarnarnes.is\">laufeyg@seltjarnarnes.is<\/a><\/p><ul class=\"wp-block-list\"><li><strong>Leikjan\u00e1mskei\u00f0 <\/strong>(fyrir b\u00f6rn f\u00e6dd 2013 og 2012)<\/li><li><strong>\u00c6vint\u00fdran\u00e1mskei\u00f0 <\/strong>(fyrir b\u00f6rn f\u00e6dd 2011 og 2010)<\/li><li><strong>Fimleika og leikjask\u00f3linn <\/strong>(fyrir b\u00f6rn f\u00e6dd 2011 \u2013 2014)<\/li><li><strong>Handboltask\u00f3linn <\/strong>(fyrir b\u00f6rn f\u00e6dd 2009 &#8211; 2014)<\/li><\/ul><div style=\"height:20px\" aria-hidden=\"true\" class=\"wp-block-spacer\"><\/div><h4 class=\"wp-block-heading\">Leikjan\u00e1mskei\u00f0 fyrir b\u00f6rn sem eru f\u00e6dd \u00e1rin 2013 og 2012<\/h4><p>Skipul\u00f6g\u00f0 dagskr\u00e1 er fr\u00e1 klukkan <strong>9:00 \u2013 16:00<\/strong>, en bo\u00f0i\u00f0 er upp \u00e1 vi\u00f0veru fr\u00e1 klukkan <strong>8:00 \u2013 9:00<\/strong> og <strong>16:00 -17:00<\/strong>. S\u00e6kja \u00fearf s\u00e9rstaklega um \u00fe\u00e1 \u00fej\u00f3nustu.<\/p><p>\u00de\u00e1tttakendur \u00feurfa a\u00f0 hafa me\u00f0 s\u00e9r kjarngott nesti, sundf\u00f6t, hl\u00edf\u00f0arfatna\u00f0 og annan fatna\u00f0 er h\u00e6fir ve\u00f0ri og vi\u00f0bur\u00f0um hverju sinni. \u00dea\u00f0 eru vanda\u00f0ir lei\u00f0beinendur \u00e1 n\u00e1mskei\u00f0unum auk a\u00f0sto\u00f0arf\u00f3lks fr\u00e1 vinnusk\u00f3la.<\/p><p><strong>N\u00e1mskei\u00f0i\u00f0 ver\u00f0ur haldi\u00f0:<\/strong><\/p><ul class=\"wp-block-list\"><li><strong>10. \u00e1g\u00fast \u2013 21. \u00e1g\u00fast<\/strong> (s\u00ed\u00f0asti dagur skr\u00e1ningar er 17. j\u00fal\u00ed)<\/li><\/ul><p><strong>H\u00e6gt er a\u00f0 velja heilan e\u00f0a h\u00e1lfan dag.<\/strong><\/p><ul class=\"wp-block-list\"><li>Ver\u00f0 14.000kr allur dagurinn (9:00-16:00, mi\u00f0a\u00f0 vi\u00f0 10 dagar).<\/li><li>Ver\u00f0 7.700kr h\u00e1lfur dagurinn (9:00-12:00 e\u00f0a 13:00-16:00, mi\u00f0a\u00f0 vi\u00f0 10 daga).<\/li><\/ul><div style=\"height:20px\" aria-hidden=\"true\" class=\"wp-block-spacer\"><\/div><h4 class=\"wp-block-heading\">\u00c6vint\u00fdran\u00e1mskei\u00f0 fyrir b\u00f6rn sem eru f\u00e6dd \u00e1rin 2011 og 2010<\/h4><p>\u00d6ll n\u00e1mskei\u00f0 sumarsins ver\u00f0a \u00feematengd \u00feannig mun hvert n\u00e1mskei\u00f0 ver\u00f0a \u00f3l\u00edkt \u00fev\u00ed n\u00e6sta. Skipul\u00f6g\u00f0 dagskr\u00e1 er fr\u00e1 klukkan <strong>9:00 \u2013 16:00<\/strong>, en bo\u00f0i\u00f0 er upp \u00e1 Vi\u00f0veru fr\u00e1 klukkan <strong>8:00 \u2013 9:00<\/strong> og <strong>16:00 -17:00<\/strong>. S\u00e6lja \u00fearf s\u00e9rstaklega um \u00fe\u00e1 \u00fej\u00f3nustu. \u00de\u00e1tttakendur \u00feurfa a\u00f0 hafa me\u00f0 s\u00e9r kjarngott nesti, sundf\u00f6t, hl\u00edf\u00f0arfatna\u00f0 og annan fatna\u00f0 er h\u00e6fir ve\u00f0ri og vi\u00f0bur\u00f0um hverju sinni.<\/p><p>\u00dea\u00f0 eru vanda\u00f0ir lei\u00f0beinendur \u00e1 n\u00e1mskei\u00f0unum auk a\u00f0sto\u00f0arf\u00f3lks fr\u00e1 vinnusk\u00f3la.<\/p><p><strong>N\u00e1mskei\u00f0i\u00f0 ver\u00f0ur haldi\u00f0:<\/strong><\/p><ul class=\"wp-block-list\"><li><strong>10. \u00e1g\u00fast \u2013 21. \u00e1g\u00fast <\/strong>(s\u00ed\u00f0asti dagur skr\u00e1ningar er 17. j\u00fal\u00ed)<\/li><\/ul><p><strong>H\u00e6gt er a\u00f0 velja heilan e\u00f0a h\u00e1lfan dag.<\/strong><\/p><ul class=\"wp-block-list\"><li>Ver\u00f0 14.000kr allur dagurinn (9:00-16:00, mi\u00f0a\u00f0 vi\u00f0 10 dagar).<\/li><li>Ver\u00f0 7.700kr h\u00e1lfur dagurinn (9:00-12:00 e\u00f0a 13:00-16:00, mi\u00f0a\u00f0 vi\u00f0 10 daga).<\/li><\/ul><div style=\"height:20px\" aria-hidden=\"true\" class=\"wp-block-spacer\"><\/div><h4 class=\"wp-block-heading\">Handknattleiksdeild Gr\u00f3ttu ver\u00f0ur, l\u00edkt og s\u00ed\u00f0ustu \u00e1r me\u00f0 \u00f6flugt sumarstarf fyrir b\u00f6rn og unglinga.<\/h4><p>\u00cd sumar ver\u00f0ur bo\u00f0i\u00f0 upp \u00e1 handboltaask\u00f3la \u00ed \u00ferj\u00e1r vikur, \u00fe.e. fr\u00e1 <strong>4. \u2013 21. \u00e1g\u00fast<\/strong>. \u00cd handboltask\u00f3lanum, sem er fyrir b\u00f6rn f\u00e6dd 2009-2014, ver\u00f0ur b\u00f6rnum skipt eftir aldri til a\u00f0 koma til m\u00f3ts vi\u00f0 \u00fearfir hvers og eins. Fari\u00f0 ver\u00f0ur \u00ed grunnatri\u00f0i fyrir yngsta aldursh\u00f3pinn og fl\u00f3knari \u00e6fingar fyrir eldri h\u00f3pa.<\/p><p>Sk\u00f3linn ver\u00f0ur alla daga fr\u00e1 <strong>kl. 09:00 \u2013 12:00<\/strong>, en bo\u00f0i\u00f0 ver\u00f0ur upp \u00e1 g\u00e6slu fr\u00e1 <strong>kl. 08:00<\/strong> og a\u00f0 sk\u00f3la loknum til <strong>kl. 13:00<\/strong>.<\/p><p>Handboltask\u00f3lanum l\u00fdkur me\u00f0 grillveislu fyrir alla \u00fe\u00e1tttakendur f\u00f6studaginn 21. \u00e1g\u00fast.<\/p><p><strong>Ver\u00f0:<\/strong><\/p><ul class=\"wp-block-list\"><li><strong>4.\u00e1g\u00fast \u2013 7.\u00e1g\u00fast<\/strong> (vika 1 \u2013 5.200 kr)<\/li><li><strong>10.\u00e1g\u00fast \u2013 14.\u00e1g\u00fast<\/strong> (vika 2 \u2013 6.500 kr)<\/li><li><strong>17.\u00e1g\u00fast \u2013 21.\u00e1g\u00fast<\/strong> (vika 3 \u2013 6.500 kr)<\/li><li>Ef <strong>allar vikur<\/strong> eru teknar kostar \u00fea\u00f0 16.000 kr<\/li><\/ul><p>Handknattleiksdeild Gr\u00f3ttu ver\u00f0ur einnig me\u00f0 s\u00e9rstakan <strong>afrekssk\u00f3la <\/strong>en hann er starfr\u00e6ktur fr\u00e1, <strong>4. \u2013 21. \u00e1g\u00fast<\/strong> fyrir i\u00f0kendur sem ver\u00f0a \u00ed 5. og 4.flokki n\u00e6sta vetur (f. 2005-2008).<\/p><p>\u00c6fingar fara fram m\u00e1nudaga \u2013 fimmtudaga <strong>kl. 12:30 \u2013 14:00<\/strong>. \u00cd afrekssk\u00f3lanum ver\u00f0ur a\u00f0 miklu leyti fari\u00f0 \u00ed fl\u00f3knari t\u00e6kniatri\u00f0i en \u00ed handboltask\u00f3lanum og meiri afrekshugsun \u00ed fyrirr\u00fami.<\/p><p><strong>N\u00e1mskei\u00f0 og ver\u00f0 eru sem h\u00e9r segir:<\/strong><\/p><ul class=\"wp-block-list\"><li><strong>4.\u00e1g\u00fast \u2013 6.\u00e1g\u00fast<\/strong> (vika 1 \u2013 3.750 kr)<\/li><li><strong>10.\u00e1g\u00fast \u2013 13.\u00e1g\u00fast<\/strong> (vika 2 \u2013 5.000 kr)<\/li><li><strong>17.\u00e1g\u00fast \u2013 21.\u00e1g\u00fast <\/strong>(vika 3 \u2013 5.000 kr)<\/li><li>Ef <strong>allar vikurnar<\/strong> eru teknar \u00fe\u00e1 kostar \u00fea\u00f0 11.500kr<\/li><\/ul><p>Afrekssk\u00f3lanum l\u00fdkur me\u00f0 grillveislu fyrir alla \u00fe\u00e1tttakendur fimmtudaginn 20.\u00e1g\u00fast.<\/p><div style=\"height:20px\" aria-hidden=\"true\" class=\"wp-block-spacer\"><\/div><h4 class=\"wp-block-heading\">Fimleikadeildin sn\u00fdr aftur me\u00f0 fimleika- og leikjask\u00f3la fyrir 6-9 \u00e1ra krakka (f.2011-2014) \u00ed sumar.<\/h4><p>N\u00e1mskei\u00f0in ver\u00f0a fr\u00e1 <strong>kl. 9:00 \u2013 16:00<\/strong> alla virka daga og standa yfir \u00ed viku \u00ed senn. Fyrir h\u00e1degi ver\u00f0ur fari\u00f0 \u00ed fimleika fr\u00e1 <strong>kl. 09:00 \u2013 12:00<\/strong> me\u00f0 sm\u00e1 nestisp\u00e1su <strong>kl. 10:30<\/strong> og eftir h\u00e1degi ver\u00f0ur fari\u00f0 \u00ed \u00fdmsa leiki b\u00e6\u00f0i \u00fati og inni. Bo\u00f0i\u00f0 ver\u00f0ur upp \u00e1 g\u00e6slu fr\u00e1 <strong>kl. 08:30 \u2013 09:00<\/strong>.<\/p><p>\u00cd fimleikunum ver\u00f0a b\u00f6rnunum skipt \u00ed h\u00f3pa eftir aldri og f\u00e6rni \u00ed fimleika\u00e6fingum. B\u00f6rnin eiga a\u00f0 m\u00e6ta \u00e1 n\u00e1mskei\u00f0i\u00f0 me\u00f0 fimleikafatna\u00f0 me\u00f0 s\u00e9r og kl\u00e6dd eftir ve\u00f0ri. \u00deau \u00feurfa a\u00f0 hafa me\u00f0 s\u00e9r kjarngott nesti yfir daginn.<\/p><p><strong>N\u00e1mskei\u00f0 og ver\u00f0 eru sem h\u00e9r segir.<\/strong><\/p><ul class=\"wp-block-list\"><li> <strong>4.\u00e1g\u00fast \u2013 7. \u00e1g\u00fast<\/strong> (17.000 kr)<\/li><li><strong>10.\u00e1g\u00fast. \u2013 14. \u00e1g\u00fast<\/strong> (17.000 kr)<\/li><\/ul><p><em>Vinsamlega athugi\u00f0 a\u00f0 takmarka\u00f0 pl\u00e1ss er \u00e1 n\u00e1mskei\u00f0unum. Jafnframt \u00e1skilur fimleikadeildin s\u00e9r r\u00e9tt til a\u00f0 fella ni\u00f0ur n\u00e1mskei\u00f0i\u00f0 n\u00e1ist ekki n\u00e6g \u00fe\u00e1tttaka.<\/em><\/p>","protected":false},"excerpt":{"rendered":"<p>Innritun \u00e1 n\u00e1mskei\u00f0 fer fram \u00ed gegnum rafr\u00e6nt skr\u00e1ningakerfi Gr\u00f3ttu, N\u00f3ra grotta.felog.is<\/p>","protected":false},"author":2,"featured_media":3632,"comment_status":"closed","ping_status":"closed","sticky":false,"template":"","format":"standard","meta":{"footnotes":""},"categories":[4],"tags":[31],"class_list":["post-10714","post","type-post","status-publish","format-standard","has-post-thumbnail","hentry","category-almennt","tag-namskeid"],"yoast_head":"<!-- This site is optimized with the Yoast SEO plugin v24.3 - https:\/\/yoast.com\/wordpress\/plugins\/seo\/ -->\n<title>\u00c1g\u00fast n\u00e1mskei\u00f0 Seltjarnarnesb\u00e6jar og Gr\u00f3ttu 2020 - \u00cd\u00fer\u00f3ttaf\u00e9lagi\u00f0 Gr\u00f3tta<\/title>\n<meta name=\"robots\" content=\"index, follow, max-snippet:-1, max-image-preview:large, max-video-preview:-1\" \/>\n<link rel=\"canonical\" href=\"https:\/\/grotta.is\/en\/almennt\/agust-namskeid-seltjarnarnesbaejar-og-grottu-2020\/\" \/>\n<meta property=\"og:locale\" content=\"en_US\" \/>\n<meta property=\"og:type\" content=\"article\" \/>\n<meta property=\"og:title\" content=\"\u00c1g\u00fast n\u00e1mskei\u00f0 Seltjarnarnesb\u00e6jar og Gr\u00f3ttu 2020 - \u00cd\u00fer\u00f3ttaf\u00e9lagi\u00f0 Gr\u00f3tta\" \/>\n<meta property=\"og:description\" content=\"Innritun \u00e1 n\u00e1mskei\u00f0 fer fram \u00ed gegnum rafr\u00e6nt skr\u00e1ningakerfi Gr\u00f3ttu, N\u00f3ra grotta.felog.is\" \/>\n<meta property=\"og:url\" content=\"https:\/\/grotta.is\/en\/almennt\/agust-namskeid-seltjarnarnesbaejar-og-grottu-2020\/\" \/>\n<meta property=\"og:site_name\" content=\"\u00cd\u00fer\u00f3ttaf\u00e9lagi\u00f0 Gr\u00f3tta\" \/>\n<meta property=\"article:publisher\" content=\"https:\/\/www.facebook.com\/grottasport\" \/>\n<meta property=\"article:published_time\" content=\"2020-07-10T15:29:53+00:00\" \/>\n<meta property=\"article:modified_time\" content=\"2020-07-10T15:32:33+00:00\" \/>\n<meta property=\"og:image\" content=\"https:\/\/grotta.is\/wp-content\/uploads\/2020\/05\/leikjaskoli_fimleikar_2019_1.jpg\" \/>\n\t<meta property=\"og:image:width\" content=\"1024\" \/>\n\t<meta property=\"og:image:height\" content=\"768\" \/>\n\t<meta property=\"og:image:type\" content=\"image\/jpeg\" \/>\n<meta name=\"author\" content=\"Grotta\" \/>\n<meta name=\"twitter:card\" content=\"summary_large_image\" \/>\n<meta name=\"twitter:label1\" content=\"Written by\" \/>\n\t<meta name=\"twitter:data1\" content=\"Grotta\" \/>\n\t<meta name=\"twitter:label2\" content=\"Est. reading time\" \/>\n\t<meta name=\"twitter:data2\" content=\"4 minutes\" \/>\n<script type=\"application\/ld+json\" class=\"yoast-schema-graph\">{\"@context\":\"https:\/\/schema.org\",\"@graph\":[{\"@type\":\"Article\",\"@id\":\"https:\/\/grotta.is\/almennt\/agust-namskeid-seltjarnarnesbaejar-og-grottu-2020\/#article\",\"isPartOf\":{\"@id\":\"https:\/\/grotta.is\/almennt\/agust-namskeid-seltjarnarnesbaejar-og-grottu-2020\/\"},\"author\":{\"name\":\"Grotta\",\"@id\":\"https:\/\/grotta.is\/#\/schema\/person\/08ec57bf09ee925f1b6a01540c14a5ce\"},\"headline\":\"\u00c1g\u00fast n\u00e1mskei\u00f0 Seltjarnarnesb\u00e6jar og Gr\u00f3ttu 2020\",\"datePublished\":\"2020-07-10T15:29:53+00:00\",\"dateModified\":\"2020-07-10T15:32:33+00:00\",\"mainEntityOfPage\":{\"@id\":\"https:\/\/grotta.is\/almennt\/agust-namskeid-seltjarnarnesbaejar-og-grottu-2020\/\"},\"wordCount\":795,\"publisher\":{\"@id\":\"https:\/\/grotta.is\/#organization\"},\"image\":{\"@id\":\"https:\/\/grotta.is\/almennt\/agust-namskeid-seltjarnarnesbaejar-og-grottu-2020\/#primaryimage\"},\"thumbnailUrl\":\"https:\/\/grotta.is\/wp-content\/uploads\/2020\/05\/leikjaskoli_fimleikar_2019_1.jpg\",\"keywords\":[\"N\u00e1mskei\u00f0\"],\"articleSection\":[\"Almennt\"],\"inLanguage\":\"en-US\"},{\"@type\":\"WebPage\",\"@id\":\"https:\/\/grotta.is\/almennt\/agust-namskeid-seltjarnarnesbaejar-og-grottu-2020\/\",\"url\":\"https:\/\/grotta.is\/almennt\/agust-namskeid-seltjarnarnesbaejar-og-grottu-2020\/\",\"name\":\"\u00c1g\u00fast n\u00e1mskei\u00f0 Seltjarnarnesb\u00e6jar og Gr\u00f3ttu 2020 - \u00cd\u00fer\u00f3ttaf\u00e9lagi\u00f0 Gr\u00f3tta\",\"isPartOf\":{\"@id\":\"https:\/\/grotta.is\/#website\"},\"primaryImageOfPage\":{\"@id\":\"https:\/\/grotta.is\/almennt\/agust-namskeid-seltjarnarnesbaejar-og-grottu-2020\/#primaryimage\"},\"image\":{\"@id\":\"https:\/\/grotta.is\/almennt\/agust-namskeid-seltjarnarnesbaejar-og-grottu-2020\/#primaryimage\"},\"thumbnailUrl\":\"https:\/\/grotta.is\/wp-content\/uploads\/2020\/05\/leikjaskoli_fimleikar_2019_1.jpg\",\"datePublished\":\"2020-07-10T15:29:53+00:00\",\"dateModified\":\"2020-07-10T15:32:33+00:00\",\"breadcrumb\":{\"@id\":\"https:\/\/grotta.is\/almennt\/agust-namskeid-seltjarnarnesbaejar-og-grottu-2020\/#breadcrumb\"},\"inLanguage\":\"en-US\",\"potentialAction\":[{\"@type\":\"ReadAction\",\"target\":[\"https:\/\/grotta.is\/almennt\/agust-namskeid-seltjarnarnesbaejar-og-grottu-2020\/\"]}]},{\"@type\":\"ImageObject\",\"inLanguage\":\"en-US\",\"@id\":\"https:\/\/grotta.is\/almennt\/agust-namskeid-seltjarnarnesbaejar-og-grottu-2020\/#primaryimage\",\"url\":\"https:\/\/grotta.is\/wp-content\/uploads\/2020\/05\/leikjaskoli_fimleikar_2019_1.jpg\",\"contentUrl\":\"https:\/\/grotta.is\/wp-content\/uploads\/2020\/05\/leikjaskoli_fimleikar_2019_1.jpg\",\"width\":1024,\"height\":768},{\"@type\":\"BreadcrumbList\",\"@id\":\"https:\/\/grotta.is\/almennt\/agust-namskeid-seltjarnarnesbaejar-og-grottu-2020\/#breadcrumb\",\"itemListElement\":[{\"@type\":\"ListItem\",\"position\":1,\"name\":\"Home\",\"item\":\"https:\/\/grotta.is\/\"},{\"@type\":\"ListItem\",\"position\":2,\"name\":\"\u00c1g\u00fast n\u00e1mskei\u00f0 Seltjarnarnesb\u00e6jar og Gr\u00f3ttu 2020\"}]},{\"@type\":\"WebSite\",\"@id\":\"https:\/\/grotta.is\/#website\",\"url\":\"https:\/\/grotta.is\/\",\"name\":\"\u00cd\u00fer\u00f3ttaf\u00e9lagi\u00f0 Gr\u00f3tta\",\"description\":\"\u00e1 Seltjarnarnesi\",\"publisher\":{\"@id\":\"https:\/\/grotta.is\/#organization\"},\"potentialAction\":[{\"@type\":\"SearchAction\",\"target\":{\"@type\":\"EntryPoint\",\"urlTemplate\":\"https:\/\/grotta.is\/?s={search_term_string}\"},\"query-input\":{\"@type\":\"PropertyValueSpecification\",\"valueRequired\":true,\"valueName\":\"search_term_string\"}}],\"inLanguage\":\"en-US\"},{\"@type\":\"Organization\",\"@id\":\"https:\/\/grotta.is\/#organization\",\"name\":\"\u00cd\u00fer\u00f3ttaf\u00e9lagi\u00f0 Gr\u00f3tta\",\"url\":\"https:\/\/grotta.is\/\",\"logo\":{\"@type\":\"ImageObject\",\"inLanguage\":\"en-US\",\"@id\":\"https:\/\/grotta.is\/#\/schema\/logo\/image\/\",\"url\":\"https:\/\/grotta.is\/wp-content\/uploads\/2020\/02\/ithrottafelagidgrotta_logo_512x512_transparent.png\",\"contentUrl\":\"https:\/\/grotta.is\/wp-content\/uploads\/2020\/02\/ithrottafelagidgrotta_logo_512x512_transparent.png\",\"width\":512,\"height\":512,\"caption\":\"\u00cd\u00fer\u00f3ttaf\u00e9lagi\u00f0 Gr\u00f3tta\"},\"image\":{\"@id\":\"https:\/\/grotta.is\/#\/schema\/logo\/image\/\"},\"sameAs\":[\"https:\/\/www.facebook.com\/grottasport\"]},{\"@type\":\"Person\",\"@id\":\"https:\/\/grotta.is\/#\/schema\/person\/08ec57bf09ee925f1b6a01540c14a5ce\",\"name\":\"Grotta\",\"url\":\"https:\/\/grotta.is\/en\/author\/inga\/\"}]}<\/script>\n<!-- \/ Yoast SEO plugin. -->","yoast_head_json":{"title":"\u00c1g\u00fast n\u00e1mskei\u00f0 Seltjarnarnesb\u00e6jar og Gr\u00f3ttu 2020 - \u00cd\u00fer\u00f3ttaf\u00e9lagi\u00f0 Gr\u00f3tta","robots":{"index":"index","follow":"follow","max-snippet":"max-snippet:-1","max-image-preview":"max-image-preview:large","max-video-preview":"max-video-preview:-1"},"canonical":"https:\/\/grotta.is\/en\/almennt\/agust-namskeid-seltjarnarnesbaejar-og-grottu-2020\/","og_locale":"en_US","og_type":"article","og_title":"\u00c1g\u00fast n\u00e1mskei\u00f0 Seltjarnarnesb\u00e6jar og Gr\u00f3ttu 2020 - \u00cd\u00fer\u00f3ttaf\u00e9lagi\u00f0 Gr\u00f3tta","og_description":"Innritun \u00e1 n\u00e1mskei\u00f0 fer fram \u00ed gegnum rafr\u00e6nt skr\u00e1ningakerfi Gr\u00f3ttu, N\u00f3ra grotta.felog.is","og_url":"https:\/\/grotta.is\/en\/almennt\/agust-namskeid-seltjarnarnesbaejar-og-grottu-2020\/","og_site_name":"\u00cd\u00fer\u00f3ttaf\u00e9lagi\u00f0 Gr\u00f3tta","article_publisher":"https:\/\/www.facebook.com\/grottasport","article_published_time":"2020-07-10T15:29:53+00:00","article_modified_time":"2020-07-10T15:32:33+00:00","og_image":[{"width":1024,"height":768,"url":"https:\/\/grotta.is\/wp-content\/uploads\/2020\/05\/leikjaskoli_fimleikar_2019_1.jpg","type":"image\/jpeg"}],"author":"Grotta","twitter_card":"summary_large_image","twitter_misc":{"Written by":"Grotta","Est. reading time":"4 minutes"},"schema":{"@context":"https:\/\/schema.org","@graph":[{"@type":"Article","@id":"https:\/\/grotta.is\/almennt\/agust-namskeid-seltjarnarnesbaejar-og-grottu-2020\/#article","isPartOf":{"@id":"https:\/\/grotta.is\/almennt\/agust-namskeid-seltjarnarnesbaejar-og-grottu-2020\/"},"author":{"name":"Grotta","@id":"https:\/\/grotta.is\/#\/schema\/person\/08ec57bf09ee925f1b6a01540c14a5ce"},"headline":"\u00c1g\u00fast n\u00e1mskei\u00f0 Seltjarnarnesb\u00e6jar og Gr\u00f3ttu 2020","datePublished":"2020-07-10T15:29:53+00:00","dateModified":"2020-07-10T15:32:33+00:00","mainEntityOfPage":{"@id":"https:\/\/grotta.is\/almennt\/agust-namskeid-seltjarnarnesbaejar-og-grottu-2020\/"},"wordCount":795,"publisher":{"@id":"https:\/\/grotta.is\/#organization"},"image":{"@id":"https:\/\/grotta.is\/almennt\/agust-namskeid-seltjarnarnesbaejar-og-grottu-2020\/#primaryimage"},"thumbnailUrl":"https:\/\/grotta.is\/wp-content\/uploads\/2020\/05\/leikjaskoli_fimleikar_2019_1.jpg","keywords":["N\u00e1mskei\u00f0"],"articleSection":["Almennt"],"inLanguage":"en-US"},{"@type":"WebPage","@id":"https:\/\/grotta.is\/almennt\/agust-namskeid-seltjarnarnesbaejar-og-grottu-2020\/","url":"https:\/\/grotta.is\/almennt\/agust-namskeid-seltjarnarnesbaejar-og-grottu-2020\/","name":"\u00c1g\u00fast n\u00e1mskei\u00f0 Seltjarnarnesb\u00e6jar og Gr\u00f3ttu 2020 - \u00cd\u00fer\u00f3ttaf\u00e9lagi\u00f0 Gr\u00f3tta","isPartOf":{"@id":"https:\/\/grotta.is\/#website"},"primaryImageOfPage":{"@id":"https:\/\/grotta.is\/almennt\/agust-namskeid-seltjarnarnesbaejar-og-grottu-2020\/#primaryimage"},"image":{"@id":"https:\/\/grotta.is\/almennt\/agust-namskeid-seltjarnarnesbaejar-og-grottu-2020\/#primaryimage"},"thumbnailUrl":"https:\/\/grotta.is\/wp-content\/uploads\/2020\/05\/leikjaskoli_fimleikar_2019_1.jpg","datePublished":"2020-07-10T15:29:53+00:00","dateModified":"2020-07-10T15:32:33+00:00","breadcrumb":{"@id":"https:\/\/grotta.is\/almennt\/agust-namskeid-seltjarnarnesbaejar-og-grottu-2020\/#breadcrumb"},"inLanguage":"en-US","potentialAction":[{"@type":"ReadAction","target":["https:\/\/grotta.is\/almennt\/agust-namskeid-seltjarnarnesbaejar-og-grottu-2020\/"]}]},{"@type":"ImageObject","inLanguage":"en-US","@id":"https:\/\/grotta.is\/almennt\/agust-namskeid-seltjarnarnesbaejar-og-grottu-2020\/#primaryimage","url":"https:\/\/grotta.is\/wp-content\/uploads\/2020\/05\/leikjaskoli_fimleikar_2019_1.jpg","contentUrl":"https:\/\/grotta.is\/wp-content\/uploads\/2020\/05\/leikjaskoli_fimleikar_2019_1.jpg","width":1024,"height":768},{"@type":"BreadcrumbList","@id":"https:\/\/grotta.is\/almennt\/agust-namskeid-seltjarnarnesbaejar-og-grottu-2020\/#breadcrumb","itemListElement":[{"@type":"ListItem","position":1,"name":"Home","item":"https:\/\/grotta.is\/"},{"@type":"ListItem","position":2,"name":"\u00c1g\u00fast n\u00e1mskei\u00f0 Seltjarnarnesb\u00e6jar og Gr\u00f3ttu 2020"}]},{"@type":"WebSite","@id":"https:\/\/grotta.is\/#website","url":"https:\/\/grotta.is\/","name":"\u00cd\u00fer\u00f3ttaf\u00e9lagi\u00f0 Gr\u00f3tta","description":"\u00e1 Seltjarnarnesi","publisher":{"@id":"https:\/\/grotta.is\/#organization"},"potentialAction":[{"@type":"SearchAction","target":{"@type":"EntryPoint","urlTemplate":"https:\/\/grotta.is\/?s={search_term_string}"},"query-input":{"@type":"PropertyValueSpecification","valueRequired":true,"valueName":"search_term_string"}}],"inLanguage":"en-US"},{"@type":"Organization","@id":"https:\/\/grotta.is\/#organization","name":"\u00cd\u00fer\u00f3ttaf\u00e9lagi\u00f0 Gr\u00f3tta","url":"https:\/\/grotta.is\/","logo":{"@type":"ImageObject","inLanguage":"en-US","@id":"https:\/\/grotta.is\/#\/schema\/logo\/image\/","url":"https:\/\/grotta.is\/wp-content\/uploads\/2020\/02\/ithrottafelagidgrotta_logo_512x512_transparent.png","contentUrl":"https:\/\/grotta.is\/wp-content\/uploads\/2020\/02\/ithrottafelagidgrotta_logo_512x512_transparent.png","width":512,"height":512,"caption":"\u00cd\u00fer\u00f3ttaf\u00e9lagi\u00f0 Gr\u00f3tta"},"image":{"@id":"https:\/\/grotta.is\/#\/schema\/logo\/image\/"},"sameAs":["https:\/\/www.facebook.com\/grottasport"]},{"@type":"Person","@id":"https:\/\/grotta.is\/#\/schema\/person\/08ec57bf09ee925f1b6a01540c14a5ce","name":"Grotta","url":"https:\/\/grotta.is\/en\/author\/inga\/"}]}},"_links":{"self":[{"href":"https:\/\/grotta.is\/en\/wp-json\/wp\/v2\/posts\/10714","targetHints":{"allow":["GET"]}}],"collection":[{"href":"https:\/\/grotta.is\/en\/wp-json\/wp\/v2\/posts"}],"about":[{"href":"https:\/\/grotta.is\/en\/wp-json\/wp\/v2\/types\/post"}],"author":[{"embeddable":true,"href":"https:\/\/grotta.is\/en\/wp-json\/wp\/v2\/users\/2"}],"replies":[{"embeddable":true,"href":"https:\/\/grotta.is\/en\/wp-json\/wp\/v2\/comments?post=10714"}],"version-history":[{"count":4,"href":"https:\/\/grotta.is\/en\/wp-json\/wp\/v2\/posts\/10714\/revisions"}],"predecessor-version":[{"id":10720,"href":"https:\/\/grotta.is\/en\/wp-json\/wp\/v2\/posts\/10714\/revisions\/10720"}],"wp:featuredmedia":[{"embeddable":true,"href":"https:\/\/grotta.is\/en\/wp-json\/wp\/v2\/media\/3632"}],"wp:attachment":[{"href":"https:\/\/grotta.is\/en\/wp-json\/wp\/v2\/media?parent=10714"}],"wp:term":[{"taxonomy":"category","embeddable":true,"href":"https:\/\/grotta.is\/en\/wp-json\/wp\/v2\/categories?post=10714"},{"taxonomy":"post_tag","embeddable":true,"href":"https:\/\/grotta.is\/en\/wp-json\/wp\/v2\/tags?post=10714"}],"curies":[{"name":"wp","href":"https:\/\/api.w.org\/{rel}","templated":true}]}}