{"id":10708,"date":"2020-07-09T15:27:30","date_gmt":"2020-07-09T15:27:30","guid":{"rendered":"https:\/\/grotta.is\/?p=10708"},"modified":"2020-07-09T15:27:36","modified_gmt":"2020-07-09T15:27:36","slug":"agusta-huld-til-grottu","status":"publish","type":"post","link":"https:\/\/grotta.is\/en\/handknattleiksdeild\/agusta-huld-til-grottu\/","title":{"rendered":"\u00c1g\u00fasta Huld til Gr\u00f3ttu"},"content":{"rendered":"<p>\u00c1g\u00fasta Huld Gunnarsd\u00f3ttir skrifa\u00f0i \u00ed dag undir 2ja \u00e1ra samning vi\u00f0 handknattleiksdeild Gr\u00f3ttu.<\/p><p>\u00c1g\u00fasta er 20 \u00e1ra g\u00f6mul spilar sem mi\u00f0juma\u00f0ur og kemur fr\u00e1 HK \u00fear sem h\u00fan er uppalin. \u00c1g\u00fasta er gr\u00ed\u00f0arlega efnilegur leikma\u00f0ur sem \u00e1 a\u00f0 baki leiki fyrir flest \u00f6ll yngri landsli\u00f0 \u00cdslands og ver\u00f0ur \u00fev\u00ed Gr\u00f3ttu li\u00f0inu mikill li\u00f0sstyrkur \u00e1 komandi keppnist\u00edmabili.<\/p><p>Handknattleiksdeildin fagnar \u00fev\u00ed a\u00f0 \u00c1g\u00fasta hafi vali\u00f0 a\u00f0 koma \u00ed Gr\u00f3ttu og ver\u00f0ur afar spennandi a\u00f0 fylgjast me\u00f0 henni \u00ed bl\u00e1u \u00e1 n\u00e6sta t\u00edmabili.<\/p><p>Stelpurnar okkar sem leika \u00ed Grill-66 deildinni eru n\u00fa \u00ed fr\u00edi fr\u00e1 \u00e6fingum og hefja undirb\u00faning sinn undir handlei\u00f0slu K\u00e1ra \u00fej\u00e1lfara aftur \u00ed byrjum \u00e1g\u00fast. Lj\u00f3st er a\u00f0 li\u00f0i\u00f0 mun stefna h\u00e1tt \u00e1 komandi t\u00edmabili og ver\u00f0ur afar spennandi a\u00f0 fylgjast me\u00f0 \u00feessu efnilega li\u00f0i sem er a\u00f0 mestu byggt upp \u00e1 heimast\u00falkum n\u00e6stu m\u00e1nu\u00f0i.<\/p><p>Vi\u00f0 bj\u00f3\u00f0um \u00c1g\u00fastu velkomna \u00ed Gr\u00f3ttu og hl\u00f6kkum til a\u00f0 fylgjast me\u00f0 henni \u00ed vetur !<\/p><p>\u00c1fram Gr\u00f3tta!<\/p>","protected":false},"excerpt":{"rendered":"<p>\u00c1g\u00fasta Huld Gunnarsd\u00f3ttir skrifa\u00f0i \u00ed dag undir 2ja \u00e1ra samning vi\u00f0 handknattleiksdeild Gr\u00f3ttu. \u00c1g\u00fasta er 20 \u00e1ra g\u00f6mul spilar sem mi\u00f0juma\u00f0ur og kemur fr\u00e1 HK \u00fear sem h\u00fan er uppalin. <\/p>","protected":false},"author":2,"featured_media":10711,"comment_status":"closed","ping_status":"closed","sticky":false,"template":"","format":"standard","meta":{"footnotes":""},"categories":[12],"tags":[13,17,18],"class_list":["post-10708","post","type-post","status-publish","format-standard","has-post-thumbnail","hentry","category-handknattleiksdeild","tag-handbolti","tag-leikmenn","tag-mfl-kvk"],"yoast_head":"<!-- This site is optimized with the Yoast SEO plugin v24.3 - https:\/\/yoast.com\/wordpress\/plugins\/seo\/ -->\n<title>\u00c1g\u00fasta Huld til Gr\u00f3ttu - \u00cd\u00fer\u00f3ttaf\u00e9lagi\u00f0 Gr\u00f3tta<\/title>\n<meta name=\"robots\" content=\"index, follow, max-snippet:-1, max-image-preview:large, max-video-preview:-1\" \/>\n<link rel=\"canonical\" href=\"https:\/\/grotta.is\/en\/handknattleiksdeild\/agusta-huld-til-grottu\/\" \/>\n<meta property=\"og:locale\" content=\"en_US\" \/>\n<meta property=\"og:type\" content=\"article\" \/>\n<meta property=\"og:title\" content=\"\u00c1g\u00fasta Huld til Gr\u00f3ttu - \u00cd\u00fer\u00f3ttaf\u00e9lagi\u00f0 Gr\u00f3tta\" \/>\n<meta property=\"og:description\" content=\"\u00c1g\u00fasta Huld Gunnarsd\u00f3ttir skrifa\u00f0i \u00ed dag undir 2ja \u00e1ra samning vi\u00f0 handknattleiksdeild Gr\u00f3ttu. \u00c1g\u00fasta er 20 \u00e1ra g\u00f6mul spilar sem mi\u00f0juma\u00f0ur og kemur fr\u00e1 HK \u00fear sem h\u00fan er uppalin.\" \/>\n<meta property=\"og:url\" content=\"https:\/\/grotta.is\/en\/handknattleiksdeild\/agusta-huld-til-grottu\/\" \/>\n<meta property=\"og:site_name\" content=\"\u00cd\u00fer\u00f3ttaf\u00e9lagi\u00f0 Gr\u00f3tta\" \/>\n<meta property=\"article:publisher\" content=\"https:\/\/www.facebook.com\/grottasport\" \/>\n<meta property=\"article:published_time\" content=\"2020-07-09T15:27:30+00:00\" \/>\n<meta property=\"article:modified_time\" content=\"2020-07-09T15:27:36+00:00\" \/>\n<meta property=\"og:image\" content=\"https:\/\/grotta.is\/wp-content\/uploads\/2020\/07\/\u00c1g\u00fasta-Huld-Gunnarsd\u00f3ttir-skrif-Handbolti-Gr\u00f3tta-mfl.-kvk.jpg\" \/>\n\t<meta property=\"og:image:width\" content=\"2048\" \/>\n\t<meta property=\"og:image:height\" content=\"1991\" \/>\n\t<meta property=\"og:image:type\" content=\"image\/jpeg\" \/>\n<meta name=\"author\" content=\"Grotta\" \/>\n<meta name=\"twitter:card\" content=\"summary_large_image\" \/>\n<meta name=\"twitter:label1\" content=\"Written by\" \/>\n\t<meta name=\"twitter:data1\" content=\"Grotta\" \/>\n\t<meta name=\"twitter:label2\" content=\"Est. reading time\" \/>\n\t<meta name=\"twitter:data2\" content=\"1 minute\" \/>\n<script type=\"application\/ld+json\" class=\"yoast-schema-graph\">{\"@context\":\"https:\/\/schema.org\",\"@graph\":[{\"@type\":\"Article\",\"@id\":\"https:\/\/grotta.is\/handknattleiksdeild\/agusta-huld-til-grottu\/#article\",\"isPartOf\":{\"@id\":\"https:\/\/grotta.is\/handknattleiksdeild\/agusta-huld-til-grottu\/\"},\"author\":{\"name\":\"Grotta\",\"@id\":\"https:\/\/grotta.is\/#\/schema\/person\/08ec57bf09ee925f1b6a01540c14a5ce\"},\"headline\":\"\u00c1g\u00fasta Huld til Gr\u00f3ttu\",\"datePublished\":\"2020-07-09T15:27:30+00:00\",\"dateModified\":\"2020-07-09T15:27:36+00:00\",\"mainEntityOfPage\":{\"@id\":\"https:\/\/grotta.is\/handknattleiksdeild\/agusta-huld-til-grottu\/\"},\"wordCount\":188,\"publisher\":{\"@id\":\"https:\/\/grotta.is\/#organization\"},\"image\":{\"@id\":\"https:\/\/grotta.is\/handknattleiksdeild\/agusta-huld-til-grottu\/#primaryimage\"},\"thumbnailUrl\":\"https:\/\/grotta.is\/wp-content\/uploads\/2020\/07\/\u00c1g\u00fasta-Huld-Gunnarsd\u00f3ttir-skrif-Handbolti-Gr\u00f3tta-mfl.-kvk.jpg\",\"keywords\":[\"Handbolti\",\"Leikmenn\",\"Mfl.kvk\"],\"articleSection\":[\"Handknattleiksdeild\"],\"inLanguage\":\"en-US\"},{\"@type\":\"WebPage\",\"@id\":\"https:\/\/grotta.is\/handknattleiksdeild\/agusta-huld-til-grottu\/\",\"url\":\"https:\/\/grotta.is\/handknattleiksdeild\/agusta-huld-til-grottu\/\",\"name\":\"\u00c1g\u00fasta Huld til Gr\u00f3ttu - \u00cd\u00fer\u00f3ttaf\u00e9lagi\u00f0 Gr\u00f3tta\",\"isPartOf\":{\"@id\":\"https:\/\/grotta.is\/#website\"},\"primaryImageOfPage\":{\"@id\":\"https:\/\/grotta.is\/handknattleiksdeild\/agusta-huld-til-grottu\/#primaryimage\"},\"image\":{\"@id\":\"https:\/\/grotta.is\/handknattleiksdeild\/agusta-huld-til-grottu\/#primaryimage\"},\"thumbnailUrl\":\"https:\/\/grotta.is\/wp-content\/uploads\/2020\/07\/\u00c1g\u00fasta-Huld-Gunnarsd\u00f3ttir-skrif-Handbolti-Gr\u00f3tta-mfl.-kvk.jpg\",\"datePublished\":\"2020-07-09T15:27:30+00:00\",\"dateModified\":\"2020-07-09T15:27:36+00:00\",\"breadcrumb\":{\"@id\":\"https:\/\/grotta.is\/handknattleiksdeild\/agusta-huld-til-grottu\/#breadcrumb\"},\"inLanguage\":\"en-US\",\"potentialAction\":[{\"@type\":\"ReadAction\",\"target\":[\"https:\/\/grotta.is\/handknattleiksdeild\/agusta-huld-til-grottu\/\"]}]},{\"@type\":\"ImageObject\",\"inLanguage\":\"en-US\",\"@id\":\"https:\/\/grotta.is\/handknattleiksdeild\/agusta-huld-til-grottu\/#primaryimage\",\"url\":\"https:\/\/grotta.is\/wp-content\/uploads\/2020\/07\/\u00c1g\u00fasta-Huld-Gunnarsd\u00f3ttir-skrif-Handbolti-Gr\u00f3tta-mfl.-kvk.jpg\",\"contentUrl\":\"https:\/\/grotta.is\/wp-content\/uploads\/2020\/07\/\u00c1g\u00fasta-Huld-Gunnarsd\u00f3ttir-skrif-Handbolti-Gr\u00f3tta-mfl.-kvk.jpg\",\"width\":2048,\"height\":1991},{\"@type\":\"BreadcrumbList\",\"@id\":\"https:\/\/grotta.is\/handknattleiksdeild\/agusta-huld-til-grottu\/#breadcrumb\",\"itemListElement\":[{\"@type\":\"ListItem\",\"position\":1,\"name\":\"Home\",\"item\":\"https:\/\/grotta.is\/\"},{\"@type\":\"ListItem\",\"position\":2,\"name\":\"\u00c1g\u00fasta Huld til Gr\u00f3ttu\"}]},{\"@type\":\"WebSite\",\"@id\":\"https:\/\/grotta.is\/#website\",\"url\":\"https:\/\/grotta.is\/\",\"name\":\"\u00cd\u00fer\u00f3ttaf\u00e9lagi\u00f0 Gr\u00f3tta\",\"description\":\"\u00e1 Seltjarnarnesi\",\"publisher\":{\"@id\":\"https:\/\/grotta.is\/#organization\"},\"potentialAction\":[{\"@type\":\"SearchAction\",\"target\":{\"@type\":\"EntryPoint\",\"urlTemplate\":\"https:\/\/grotta.is\/?s={search_term_string}\"},\"query-input\":{\"@type\":\"PropertyValueSpecification\",\"valueRequired\":true,\"valueName\":\"search_term_string\"}}],\"inLanguage\":\"en-US\"},{\"@type\":\"Organization\",\"@id\":\"https:\/\/grotta.is\/#organization\",\"name\":\"\u00cd\u00fer\u00f3ttaf\u00e9lagi\u00f0 Gr\u00f3tta\",\"url\":\"https:\/\/grotta.is\/\",\"logo\":{\"@type\":\"ImageObject\",\"inLanguage\":\"en-US\",\"@id\":\"https:\/\/grotta.is\/#\/schema\/logo\/image\/\",\"url\":\"https:\/\/grotta.is\/wp-content\/uploads\/2020\/02\/ithrottafelagidgrotta_logo_512x512_transparent.png\",\"contentUrl\":\"https:\/\/grotta.is\/wp-content\/uploads\/2020\/02\/ithrottafelagidgrotta_logo_512x512_transparent.png\",\"width\":512,\"height\":512,\"caption\":\"\u00cd\u00fer\u00f3ttaf\u00e9lagi\u00f0 Gr\u00f3tta\"},\"image\":{\"@id\":\"https:\/\/grotta.is\/#\/schema\/logo\/image\/\"},\"sameAs\":[\"https:\/\/www.facebook.com\/grottasport\"]},{\"@type\":\"Person\",\"@id\":\"https:\/\/grotta.is\/#\/schema\/person\/08ec57bf09ee925f1b6a01540c14a5ce\",\"name\":\"Grotta\",\"url\":\"https:\/\/grotta.is\/en\/author\/inga\/\"}]}<\/script>\n<!-- \/ Yoast SEO plugin. -->","yoast_head_json":{"title":"\u00c1g\u00fasta Huld til Gr\u00f3ttu - \u00cd\u00fer\u00f3ttaf\u00e9lagi\u00f0 Gr\u00f3tta","robots":{"index":"index","follow":"follow","max-snippet":"max-snippet:-1","max-image-preview":"max-image-preview:large","max-video-preview":"max-video-preview:-1"},"canonical":"https:\/\/grotta.is\/en\/handknattleiksdeild\/agusta-huld-til-grottu\/","og_locale":"en_US","og_type":"article","og_title":"\u00c1g\u00fasta Huld til Gr\u00f3ttu - \u00cd\u00fer\u00f3ttaf\u00e9lagi\u00f0 Gr\u00f3tta","og_description":"\u00c1g\u00fasta Huld Gunnarsd\u00f3ttir skrifa\u00f0i \u00ed dag undir 2ja \u00e1ra samning vi\u00f0 handknattleiksdeild Gr\u00f3ttu. \u00c1g\u00fasta er 20 \u00e1ra g\u00f6mul spilar sem mi\u00f0juma\u00f0ur og kemur fr\u00e1 HK \u00fear sem h\u00fan er uppalin.","og_url":"https:\/\/grotta.is\/en\/handknattleiksdeild\/agusta-huld-til-grottu\/","og_site_name":"\u00cd\u00fer\u00f3ttaf\u00e9lagi\u00f0 Gr\u00f3tta","article_publisher":"https:\/\/www.facebook.com\/grottasport","article_published_time":"2020-07-09T15:27:30+00:00","article_modified_time":"2020-07-09T15:27:36+00:00","og_image":[{"width":2048,"height":1991,"url":"https:\/\/grotta.is\/wp-content\/uploads\/2020\/07\/\u00c1g\u00fasta-Huld-Gunnarsd\u00f3ttir-skrif-Handbolti-Gr\u00f3tta-mfl.-kvk.jpg","type":"image\/jpeg"}],"author":"Grotta","twitter_card":"summary_large_image","twitter_misc":{"Written by":"Grotta","Est. reading time":"1 minute"},"schema":{"@context":"https:\/\/schema.org","@graph":[{"@type":"Article","@id":"https:\/\/grotta.is\/handknattleiksdeild\/agusta-huld-til-grottu\/#article","isPartOf":{"@id":"https:\/\/grotta.is\/handknattleiksdeild\/agusta-huld-til-grottu\/"},"author":{"name":"Grotta","@id":"https:\/\/grotta.is\/#\/schema\/person\/08ec57bf09ee925f1b6a01540c14a5ce"},"headline":"\u00c1g\u00fasta Huld til Gr\u00f3ttu","datePublished":"2020-07-09T15:27:30+00:00","dateModified":"2020-07-09T15:27:36+00:00","mainEntityOfPage":{"@id":"https:\/\/grotta.is\/handknattleiksdeild\/agusta-huld-til-grottu\/"},"wordCount":188,"publisher":{"@id":"https:\/\/grotta.is\/#organization"},"image":{"@id":"https:\/\/grotta.is\/handknattleiksdeild\/agusta-huld-til-grottu\/#primaryimage"},"thumbnailUrl":"https:\/\/grotta.is\/wp-content\/uploads\/2020\/07\/\u00c1g\u00fasta-Huld-Gunnarsd\u00f3ttir-skrif-Handbolti-Gr\u00f3tta-mfl.-kvk.jpg","keywords":["Handbolti","Leikmenn","Mfl.kvk"],"articleSection":["Handknattleiksdeild"],"inLanguage":"en-US"},{"@type":"WebPage","@id":"https:\/\/grotta.is\/handknattleiksdeild\/agusta-huld-til-grottu\/","url":"https:\/\/grotta.is\/handknattleiksdeild\/agusta-huld-til-grottu\/","name":"\u00c1g\u00fasta Huld til Gr\u00f3ttu - \u00cd\u00fer\u00f3ttaf\u00e9lagi\u00f0 Gr\u00f3tta","isPartOf":{"@id":"https:\/\/grotta.is\/#website"},"primaryImageOfPage":{"@id":"https:\/\/grotta.is\/handknattleiksdeild\/agusta-huld-til-grottu\/#primaryimage"},"image":{"@id":"https:\/\/grotta.is\/handknattleiksdeild\/agusta-huld-til-grottu\/#primaryimage"},"thumbnailUrl":"https:\/\/grotta.is\/wp-content\/uploads\/2020\/07\/\u00c1g\u00fasta-Huld-Gunnarsd\u00f3ttir-skrif-Handbolti-Gr\u00f3tta-mfl.-kvk.jpg","datePublished":"2020-07-09T15:27:30+00:00","dateModified":"2020-07-09T15:27:36+00:00","breadcrumb":{"@id":"https:\/\/grotta.is\/handknattleiksdeild\/agusta-huld-til-grottu\/#breadcrumb"},"inLanguage":"en-US","potentialAction":[{"@type":"ReadAction","target":["https:\/\/grotta.is\/handknattleiksdeild\/agusta-huld-til-grottu\/"]}]},{"@type":"ImageObject","inLanguage":"en-US","@id":"https:\/\/grotta.is\/handknattleiksdeild\/agusta-huld-til-grottu\/#primaryimage","url":"https:\/\/grotta.is\/wp-content\/uploads\/2020\/07\/\u00c1g\u00fasta-Huld-Gunnarsd\u00f3ttir-skrif-Handbolti-Gr\u00f3tta-mfl.-kvk.jpg","contentUrl":"https:\/\/grotta.is\/wp-content\/uploads\/2020\/07\/\u00c1g\u00fasta-Huld-Gunnarsd\u00f3ttir-skrif-Handbolti-Gr\u00f3tta-mfl.-kvk.jpg","width":2048,"height":1991},{"@type":"BreadcrumbList","@id":"https:\/\/grotta.is\/handknattleiksdeild\/agusta-huld-til-grottu\/#breadcrumb","itemListElement":[{"@type":"ListItem","position":1,"name":"Home","item":"https:\/\/grotta.is\/"},{"@type":"ListItem","position":2,"name":"\u00c1g\u00fasta Huld til Gr\u00f3ttu"}]},{"@type":"WebSite","@id":"https:\/\/grotta.is\/#website","url":"https:\/\/grotta.is\/","name":"\u00cd\u00fer\u00f3ttaf\u00e9lagi\u00f0 Gr\u00f3tta","description":"\u00e1 Seltjarnarnesi","publisher":{"@id":"https:\/\/grotta.is\/#organization"},"potentialAction":[{"@type":"SearchAction","target":{"@type":"EntryPoint","urlTemplate":"https:\/\/grotta.is\/?s={search_term_string}"},"query-input":{"@type":"PropertyValueSpecification","valueRequired":true,"valueName":"search_term_string"}}],"inLanguage":"en-US"},{"@type":"Organization","@id":"https:\/\/grotta.is\/#organization","name":"\u00cd\u00fer\u00f3ttaf\u00e9lagi\u00f0 Gr\u00f3tta","url":"https:\/\/grotta.is\/","logo":{"@type":"ImageObject","inLanguage":"en-US","@id":"https:\/\/grotta.is\/#\/schema\/logo\/image\/","url":"https:\/\/grotta.is\/wp-content\/uploads\/2020\/02\/ithrottafelagidgrotta_logo_512x512_transparent.png","contentUrl":"https:\/\/grotta.is\/wp-content\/uploads\/2020\/02\/ithrottafelagidgrotta_logo_512x512_transparent.png","width":512,"height":512,"caption":"\u00cd\u00fer\u00f3ttaf\u00e9lagi\u00f0 Gr\u00f3tta"},"image":{"@id":"https:\/\/grotta.is\/#\/schema\/logo\/image\/"},"sameAs":["https:\/\/www.facebook.com\/grottasport"]},{"@type":"Person","@id":"https:\/\/grotta.is\/#\/schema\/person\/08ec57bf09ee925f1b6a01540c14a5ce","name":"Grotta","url":"https:\/\/grotta.is\/en\/author\/inga\/"}]}},"_links":{"self":[{"href":"https:\/\/grotta.is\/en\/wp-json\/wp\/v2\/posts\/10708","targetHints":{"allow":["GET"]}}],"collection":[{"href":"https:\/\/grotta.is\/en\/wp-json\/wp\/v2\/posts"}],"about":[{"href":"https:\/\/grotta.is\/en\/wp-json\/wp\/v2\/types\/post"}],"author":[{"embeddable":true,"href":"https:\/\/grotta.is\/en\/wp-json\/wp\/v2\/users\/2"}],"replies":[{"embeddable":true,"href":"https:\/\/grotta.is\/en\/wp-json\/wp\/v2\/comments?post=10708"}],"version-history":[{"count":1,"href":"https:\/\/grotta.is\/en\/wp-json\/wp\/v2\/posts\/10708\/revisions"}],"predecessor-version":[{"id":10712,"href":"https:\/\/grotta.is\/en\/wp-json\/wp\/v2\/posts\/10708\/revisions\/10712"}],"wp:featuredmedia":[{"embeddable":true,"href":"https:\/\/grotta.is\/en\/wp-json\/wp\/v2\/media\/10711"}],"wp:attachment":[{"href":"https:\/\/grotta.is\/en\/wp-json\/wp\/v2\/media?parent=10708"}],"wp:term":[{"taxonomy":"category","embeddable":true,"href":"https:\/\/grotta.is\/en\/wp-json\/wp\/v2\/categories?post=10708"},{"taxonomy":"post_tag","embeddable":true,"href":"https:\/\/grotta.is\/en\/wp-json\/wp\/v2\/tags?post=10708"}],"curies":[{"name":"wp","href":"https:\/\/api.w.org\/{rel}","templated":true}]}}