{"id":10550,"date":"2020-06-19T16:05:50","date_gmt":"2020-06-19T16:05:50","guid":{"rendered":"https:\/\/grotta.is\/?p=10550"},"modified":"2020-06-22T16:44:37","modified_gmt":"2020-06-22T16:44:37","slug":"bjarki-og-ari-framlengja","status":"publish","type":"post","link":"https:\/\/grotta.is\/en\/handknattleiksdeild\/bjarki-og-ari-framlengja\/","title":{"rendered":"Bjarki og Ari framlengja"},"content":{"rendered":"<p>Upp\u00f6ldu Gr\u00f3ttu-str\u00e1karnir Bjarki Dan\u00edel \u00de\u00f3rarinsson og Ari P\u00e9tur Eir\u00edksson hafa framlengt samninga s\u00edna vi\u00f0 handknattleiksdeildina um 1 \u00e1r. Str\u00e1karnir sem ur\u00f0u 18 \u00e1ra \u00e1 \u00e1rinu eru b\u00e1\u00f0ir uppaldir hj\u00e1 f\u00e9laginu og \u00fev\u00ed mikil \u00e1n\u00e6gja me\u00f0 a\u00f0 n\u00e1\u00f0st hafi a\u00f0 framlengja vi\u00f0 \u00fe\u00e1 og a\u00f0 \u00feeir leiki me\u00f0 Gr\u00f3ttu \u00e1fram.<\/p><p>Bjarki Dan\u00edel er markma\u00f0ur sem t\u00f3k s\u00edn fyrstu skref \u00ed meistaraflokki \u00e1 s\u00ed\u00f0asta keppnist\u00edmabili \u00feegar hann l\u00e9k 1 leik me\u00f0 li\u00f0inu \u00ed Grill-deildinni. Auk \u00feess l\u00e9k Bjarki 8 leiki me\u00f0 Kr\u00edu \u00ed 2.deildinni og 3.flokki f\u00e9lagsins. Bjarki er gr\u00ed\u00f0arlega efnilegur markma\u00f0ur og hl\u00f6kkum vi\u00f0 til a\u00f0 fylgjast me\u00f0 hans framf\u00f6rum n\u00e6sta vetur.<\/p><p>Ari P\u00e9tur var \u00ed vetur, \u00fer\u00e1tt fyrir ungan aldur, a\u00f0 kl\u00e1ra sitt 2 t\u00edmabil \u00ed meistaraflokki \u00fear sem hann spila\u00f0i 12 leiki \u00ed Grill-66 deildinni og skora\u00f0i \u00ed \u00feeim 22 m\u00f6rk auk \u00feess a\u00f0 spila me\u00f0 3.flokki f\u00e9lagsins. Ari er \u00f6rvhent h\u00e6gri skytta og miki\u00f0 efni og ver\u00f0ur einnig gaman a\u00f0 fylgjast me\u00f0 hans framvindu \u00ed vetur.<\/p><p>Handknattleiksdeildin er gr\u00ed\u00f0arlega \u00e1n\u00e6g\u00f0 me\u00f0 a\u00f0 uppaldir str\u00e1kar kj\u00f3si a\u00f0 spila \u00e1fram \u00ed Gr\u00f3ttu og v\u00e6ntumst vi\u00f0 til mikils af \u00feeim \u00ed framt\u00ed\u00f0inni.<\/p><p>\u00c1fram Gr\u00f3tta!<\/p><figure class=\"wp-block-image size-large is-resized\"><img fetchpriority=\"high\" decoding=\"async\" src=\"https:\/\/grotta.is\/wp-content\/uploads\/2020\/06\/Grotta_Handbolti_mfl_kk_27-1-768x1024.jpg\" alt=\"\" class=\"wp-image-10551\" width=\"576\" height=\"768\" srcset=\"https:\/\/grotta.is\/wp-content\/uploads\/2020\/06\/Grotta_Handbolti_mfl_kk_27-1-768x1024.jpg 768w, https:\/\/grotta.is\/wp-content\/uploads\/2020\/06\/Grotta_Handbolti_mfl_kk_27-1-225x300.jpg 225w, https:\/\/grotta.is\/wp-content\/uploads\/2020\/06\/Grotta_Handbolti_mfl_kk_27-1-600x800.jpg 600w, https:\/\/grotta.is\/wp-content\/uploads\/2020\/06\/Grotta_Handbolti_mfl_kk_27-1.jpg 1125w\" sizes=\"(max-width: 576px) 100vw, 576px\" \/><\/figure>","protected":false},"excerpt":{"rendered":"<p>Upp\u00f6ldu Gr\u00f3ttu-str\u00e1karnir Bjarki Dan\u00edel \u00de\u00f3rarinsson og Ari P\u00e9tur Eir\u00edksson hafa framlengt samninga s\u00edna vi\u00f0 handknattleiksdeildina um 1 \u00e1r. Str\u00e1karnir sem ur\u00f0u 18 \u00e1ra \u00e1 \u00e1rinu eru b\u00e1\u00f0ir uppaldir hj\u00e1 f\u00e9laginu og \u00fev\u00ed mikil \u00e1n\u00e6gja me\u00f0 a\u00f0 n\u00e1\u00f0st hafi a\u00f0 framlengja vi\u00f0 \u00fe\u00e1.<\/p>","protected":false},"author":2,"featured_media":10552,"comment_status":"closed","ping_status":"closed","sticky":false,"template":"","format":"standard","meta":{"footnotes":""},"categories":[12],"tags":[13,17,20],"class_list":["post-10550","post","type-post","status-publish","format-standard","has-post-thumbnail","hentry","category-handknattleiksdeild","tag-handbolti","tag-leikmenn","tag-mfl-kk"],"yoast_head":"<!-- This site is optimized with the Yoast SEO plugin v24.3 - https:\/\/yoast.com\/wordpress\/plugins\/seo\/ -->\n<title>Bjarki og Ari framlengja - \u00cd\u00fer\u00f3ttaf\u00e9lagi\u00f0 Gr\u00f3tta<\/title>\n<meta name=\"robots\" content=\"index, follow, max-snippet:-1, max-image-preview:large, max-video-preview:-1\" \/>\n<link rel=\"canonical\" href=\"https:\/\/grotta.is\/en\/handknattleiksdeild\/bjarki-og-ari-framlengja\/\" \/>\n<meta property=\"og:locale\" content=\"en_US\" \/>\n<meta property=\"og:type\" content=\"article\" \/>\n<meta property=\"og:title\" content=\"Bjarki og Ari framlengja - \u00cd\u00fer\u00f3ttaf\u00e9lagi\u00f0 Gr\u00f3tta\" \/>\n<meta property=\"og:description\" content=\"Upp\u00f6ldu Gr\u00f3ttu-str\u00e1karnir Bjarki Dan\u00edel \u00de\u00f3rarinsson og Ari P\u00e9tur Eir\u00edksson hafa framlengt samninga s\u00edna vi\u00f0 handknattleiksdeildina um 1 \u00e1r. Str\u00e1karnir sem ur\u00f0u 18 \u00e1ra \u00e1 \u00e1rinu eru b\u00e1\u00f0ir uppaldir hj\u00e1 f\u00e9laginu og \u00fev\u00ed mikil \u00e1n\u00e6gja me\u00f0 a\u00f0 n\u00e1\u00f0st hafi a\u00f0 framlengja vi\u00f0 \u00fe\u00e1.\" \/>\n<meta property=\"og:url\" content=\"https:\/\/grotta.is\/en\/handknattleiksdeild\/bjarki-og-ari-framlengja\/\" \/>\n<meta property=\"og:site_name\" content=\"\u00cd\u00fer\u00f3ttaf\u00e9lagi\u00f0 Gr\u00f3tta\" \/>\n<meta property=\"article:publisher\" content=\"https:\/\/www.facebook.com\/grottasport\" \/>\n<meta property=\"article:published_time\" content=\"2020-06-19T16:05:50+00:00\" \/>\n<meta property=\"article:modified_time\" content=\"2020-06-22T16:44:37+00:00\" \/>\n<meta property=\"og:image\" content=\"https:\/\/grotta.is\/wp-content\/uploads\/2020\/06\/Grotta_Handbolti_mfl_kk_27-2.jpg\" \/>\n\t<meta property=\"og:image:width\" content=\"1125\" \/>\n\t<meta property=\"og:image:height\" content=\"1500\" \/>\n\t<meta property=\"og:image:type\" content=\"image\/jpeg\" \/>\n<meta name=\"author\" content=\"Grotta\" \/>\n<meta name=\"twitter:card\" content=\"summary_large_image\" \/>\n<meta name=\"twitter:label1\" content=\"Written by\" \/>\n\t<meta name=\"twitter:data1\" content=\"Grotta\" \/>\n\t<meta name=\"twitter:label2\" content=\"Est. reading time\" \/>\n\t<meta name=\"twitter:data2\" content=\"1 minute\" \/>\n<script type=\"application\/ld+json\" class=\"yoast-schema-graph\">{\"@context\":\"https:\/\/schema.org\",\"@graph\":[{\"@type\":\"Article\",\"@id\":\"https:\/\/grotta.is\/handknattleiksdeild\/bjarki-og-ari-framlengja\/#article\",\"isPartOf\":{\"@id\":\"https:\/\/grotta.is\/handknattleiksdeild\/bjarki-og-ari-framlengja\/\"},\"author\":{\"name\":\"Grotta\",\"@id\":\"https:\/\/grotta.is\/#\/schema\/person\/08ec57bf09ee925f1b6a01540c14a5ce\"},\"headline\":\"Bjarki og Ari framlengja\",\"datePublished\":\"2020-06-19T16:05:50+00:00\",\"dateModified\":\"2020-06-22T16:44:37+00:00\",\"mainEntityOfPage\":{\"@id\":\"https:\/\/grotta.is\/handknattleiksdeild\/bjarki-og-ari-framlengja\/\"},\"wordCount\":215,\"publisher\":{\"@id\":\"https:\/\/grotta.is\/#organization\"},\"image\":{\"@id\":\"https:\/\/grotta.is\/handknattleiksdeild\/bjarki-og-ari-framlengja\/#primaryimage\"},\"thumbnailUrl\":\"https:\/\/grotta.is\/wp-content\/uploads\/2020\/06\/Grotta_Handbolti_mfl_kk_27-2.jpg\",\"keywords\":[\"Handbolti\",\"Leikmenn\",\"Mfl.kk\"],\"articleSection\":[\"Handknattleiksdeild\"],\"inLanguage\":\"en-US\"},{\"@type\":\"WebPage\",\"@id\":\"https:\/\/grotta.is\/handknattleiksdeild\/bjarki-og-ari-framlengja\/\",\"url\":\"https:\/\/grotta.is\/handknattleiksdeild\/bjarki-og-ari-framlengja\/\",\"name\":\"Bjarki og Ari framlengja - \u00cd\u00fer\u00f3ttaf\u00e9lagi\u00f0 Gr\u00f3tta\",\"isPartOf\":{\"@id\":\"https:\/\/grotta.is\/#website\"},\"primaryImageOfPage\":{\"@id\":\"https:\/\/grotta.is\/handknattleiksdeild\/bjarki-og-ari-framlengja\/#primaryimage\"},\"image\":{\"@id\":\"https:\/\/grotta.is\/handknattleiksdeild\/bjarki-og-ari-framlengja\/#primaryimage\"},\"thumbnailUrl\":\"https:\/\/grotta.is\/wp-content\/uploads\/2020\/06\/Grotta_Handbolti_mfl_kk_27-2.jpg\",\"datePublished\":\"2020-06-19T16:05:50+00:00\",\"dateModified\":\"2020-06-22T16:44:37+00:00\",\"breadcrumb\":{\"@id\":\"https:\/\/grotta.is\/handknattleiksdeild\/bjarki-og-ari-framlengja\/#breadcrumb\"},\"inLanguage\":\"en-US\",\"potentialAction\":[{\"@type\":\"ReadAction\",\"target\":[\"https:\/\/grotta.is\/handknattleiksdeild\/bjarki-og-ari-framlengja\/\"]}]},{\"@type\":\"ImageObject\",\"inLanguage\":\"en-US\",\"@id\":\"https:\/\/grotta.is\/handknattleiksdeild\/bjarki-og-ari-framlengja\/#primaryimage\",\"url\":\"https:\/\/grotta.is\/wp-content\/uploads\/2020\/06\/Grotta_Handbolti_mfl_kk_27-2.jpg\",\"contentUrl\":\"https:\/\/grotta.is\/wp-content\/uploads\/2020\/06\/Grotta_Handbolti_mfl_kk_27-2.jpg\",\"width\":1125,\"height\":1500},{\"@type\":\"BreadcrumbList\",\"@id\":\"https:\/\/grotta.is\/handknattleiksdeild\/bjarki-og-ari-framlengja\/#breadcrumb\",\"itemListElement\":[{\"@type\":\"ListItem\",\"position\":1,\"name\":\"Home\",\"item\":\"https:\/\/grotta.is\/\"},{\"@type\":\"ListItem\",\"position\":2,\"name\":\"Bjarki og Ari framlengja\"}]},{\"@type\":\"WebSite\",\"@id\":\"https:\/\/grotta.is\/#website\",\"url\":\"https:\/\/grotta.is\/\",\"name\":\"\u00cd\u00fer\u00f3ttaf\u00e9lagi\u00f0 Gr\u00f3tta\",\"description\":\"\u00e1 Seltjarnarnesi\",\"publisher\":{\"@id\":\"https:\/\/grotta.is\/#organization\"},\"potentialAction\":[{\"@type\":\"SearchAction\",\"target\":{\"@type\":\"EntryPoint\",\"urlTemplate\":\"https:\/\/grotta.is\/?s={search_term_string}\"},\"query-input\":{\"@type\":\"PropertyValueSpecification\",\"valueRequired\":true,\"valueName\":\"search_term_string\"}}],\"inLanguage\":\"en-US\"},{\"@type\":\"Organization\",\"@id\":\"https:\/\/grotta.is\/#organization\",\"name\":\"\u00cd\u00fer\u00f3ttaf\u00e9lagi\u00f0 Gr\u00f3tta\",\"url\":\"https:\/\/grotta.is\/\",\"logo\":{\"@type\":\"ImageObject\",\"inLanguage\":\"en-US\",\"@id\":\"https:\/\/grotta.is\/#\/schema\/logo\/image\/\",\"url\":\"https:\/\/grotta.is\/wp-content\/uploads\/2020\/02\/ithrottafelagidgrotta_logo_512x512_transparent.png\",\"contentUrl\":\"https:\/\/grotta.is\/wp-content\/uploads\/2020\/02\/ithrottafelagidgrotta_logo_512x512_transparent.png\",\"width\":512,\"height\":512,\"caption\":\"\u00cd\u00fer\u00f3ttaf\u00e9lagi\u00f0 Gr\u00f3tta\"},\"image\":{\"@id\":\"https:\/\/grotta.is\/#\/schema\/logo\/image\/\"},\"sameAs\":[\"https:\/\/www.facebook.com\/grottasport\"]},{\"@type\":\"Person\",\"@id\":\"https:\/\/grotta.is\/#\/schema\/person\/08ec57bf09ee925f1b6a01540c14a5ce\",\"name\":\"Grotta\",\"url\":\"https:\/\/grotta.is\/en\/author\/inga\/\"}]}<\/script>\n<!-- \/ Yoast SEO plugin. -->","yoast_head_json":{"title":"Bjarki og Ari framlengja - \u00cd\u00fer\u00f3ttaf\u00e9lagi\u00f0 Gr\u00f3tta","robots":{"index":"index","follow":"follow","max-snippet":"max-snippet:-1","max-image-preview":"max-image-preview:large","max-video-preview":"max-video-preview:-1"},"canonical":"https:\/\/grotta.is\/en\/handknattleiksdeild\/bjarki-og-ari-framlengja\/","og_locale":"en_US","og_type":"article","og_title":"Bjarki og Ari framlengja - \u00cd\u00fer\u00f3ttaf\u00e9lagi\u00f0 Gr\u00f3tta","og_description":"Upp\u00f6ldu Gr\u00f3ttu-str\u00e1karnir Bjarki Dan\u00edel \u00de\u00f3rarinsson og Ari P\u00e9tur Eir\u00edksson hafa framlengt samninga s\u00edna vi\u00f0 handknattleiksdeildina um 1 \u00e1r. Str\u00e1karnir sem ur\u00f0u 18 \u00e1ra \u00e1 \u00e1rinu eru b\u00e1\u00f0ir uppaldir hj\u00e1 f\u00e9laginu og \u00fev\u00ed mikil \u00e1n\u00e6gja me\u00f0 a\u00f0 n\u00e1\u00f0st hafi a\u00f0 framlengja vi\u00f0 \u00fe\u00e1.","og_url":"https:\/\/grotta.is\/en\/handknattleiksdeild\/bjarki-og-ari-framlengja\/","og_site_name":"\u00cd\u00fer\u00f3ttaf\u00e9lagi\u00f0 Gr\u00f3tta","article_publisher":"https:\/\/www.facebook.com\/grottasport","article_published_time":"2020-06-19T16:05:50+00:00","article_modified_time":"2020-06-22T16:44:37+00:00","og_image":[{"width":1125,"height":1500,"url":"https:\/\/grotta.is\/wp-content\/uploads\/2020\/06\/Grotta_Handbolti_mfl_kk_27-2.jpg","type":"image\/jpeg"}],"author":"Grotta","twitter_card":"summary_large_image","twitter_misc":{"Written by":"Grotta","Est. reading time":"1 minute"},"schema":{"@context":"https:\/\/schema.org","@graph":[{"@type":"Article","@id":"https:\/\/grotta.is\/handknattleiksdeild\/bjarki-og-ari-framlengja\/#article","isPartOf":{"@id":"https:\/\/grotta.is\/handknattleiksdeild\/bjarki-og-ari-framlengja\/"},"author":{"name":"Grotta","@id":"https:\/\/grotta.is\/#\/schema\/person\/08ec57bf09ee925f1b6a01540c14a5ce"},"headline":"Bjarki og Ari framlengja","datePublished":"2020-06-19T16:05:50+00:00","dateModified":"2020-06-22T16:44:37+00:00","mainEntityOfPage":{"@id":"https:\/\/grotta.is\/handknattleiksdeild\/bjarki-og-ari-framlengja\/"},"wordCount":215,"publisher":{"@id":"https:\/\/grotta.is\/#organization"},"image":{"@id":"https:\/\/grotta.is\/handknattleiksdeild\/bjarki-og-ari-framlengja\/#primaryimage"},"thumbnailUrl":"https:\/\/grotta.is\/wp-content\/uploads\/2020\/06\/Grotta_Handbolti_mfl_kk_27-2.jpg","keywords":["Handbolti","Leikmenn","Mfl.kk"],"articleSection":["Handknattleiksdeild"],"inLanguage":"en-US"},{"@type":"WebPage","@id":"https:\/\/grotta.is\/handknattleiksdeild\/bjarki-og-ari-framlengja\/","url":"https:\/\/grotta.is\/handknattleiksdeild\/bjarki-og-ari-framlengja\/","name":"Bjarki og Ari framlengja - \u00cd\u00fer\u00f3ttaf\u00e9lagi\u00f0 Gr\u00f3tta","isPartOf":{"@id":"https:\/\/grotta.is\/#website"},"primaryImageOfPage":{"@id":"https:\/\/grotta.is\/handknattleiksdeild\/bjarki-og-ari-framlengja\/#primaryimage"},"image":{"@id":"https:\/\/grotta.is\/handknattleiksdeild\/bjarki-og-ari-framlengja\/#primaryimage"},"thumbnailUrl":"https:\/\/grotta.is\/wp-content\/uploads\/2020\/06\/Grotta_Handbolti_mfl_kk_27-2.jpg","datePublished":"2020-06-19T16:05:50+00:00","dateModified":"2020-06-22T16:44:37+00:00","breadcrumb":{"@id":"https:\/\/grotta.is\/handknattleiksdeild\/bjarki-og-ari-framlengja\/#breadcrumb"},"inLanguage":"en-US","potentialAction":[{"@type":"ReadAction","target":["https:\/\/grotta.is\/handknattleiksdeild\/bjarki-og-ari-framlengja\/"]}]},{"@type":"ImageObject","inLanguage":"en-US","@id":"https:\/\/grotta.is\/handknattleiksdeild\/bjarki-og-ari-framlengja\/#primaryimage","url":"https:\/\/grotta.is\/wp-content\/uploads\/2020\/06\/Grotta_Handbolti_mfl_kk_27-2.jpg","contentUrl":"https:\/\/grotta.is\/wp-content\/uploads\/2020\/06\/Grotta_Handbolti_mfl_kk_27-2.jpg","width":1125,"height":1500},{"@type":"BreadcrumbList","@id":"https:\/\/grotta.is\/handknattleiksdeild\/bjarki-og-ari-framlengja\/#breadcrumb","itemListElement":[{"@type":"ListItem","position":1,"name":"Home","item":"https:\/\/grotta.is\/"},{"@type":"ListItem","position":2,"name":"Bjarki og Ari framlengja"}]},{"@type":"WebSite","@id":"https:\/\/grotta.is\/#website","url":"https:\/\/grotta.is\/","name":"\u00cd\u00fer\u00f3ttaf\u00e9lagi\u00f0 Gr\u00f3tta","description":"\u00e1 Seltjarnarnesi","publisher":{"@id":"https:\/\/grotta.is\/#organization"},"potentialAction":[{"@type":"SearchAction","target":{"@type":"EntryPoint","urlTemplate":"https:\/\/grotta.is\/?s={search_term_string}"},"query-input":{"@type":"PropertyValueSpecification","valueRequired":true,"valueName":"search_term_string"}}],"inLanguage":"en-US"},{"@type":"Organization","@id":"https:\/\/grotta.is\/#organization","name":"\u00cd\u00fer\u00f3ttaf\u00e9lagi\u00f0 Gr\u00f3tta","url":"https:\/\/grotta.is\/","logo":{"@type":"ImageObject","inLanguage":"en-US","@id":"https:\/\/grotta.is\/#\/schema\/logo\/image\/","url":"https:\/\/grotta.is\/wp-content\/uploads\/2020\/02\/ithrottafelagidgrotta_logo_512x512_transparent.png","contentUrl":"https:\/\/grotta.is\/wp-content\/uploads\/2020\/02\/ithrottafelagidgrotta_logo_512x512_transparent.png","width":512,"height":512,"caption":"\u00cd\u00fer\u00f3ttaf\u00e9lagi\u00f0 Gr\u00f3tta"},"image":{"@id":"https:\/\/grotta.is\/#\/schema\/logo\/image\/"},"sameAs":["https:\/\/www.facebook.com\/grottasport"]},{"@type":"Person","@id":"https:\/\/grotta.is\/#\/schema\/person\/08ec57bf09ee925f1b6a01540c14a5ce","name":"Grotta","url":"https:\/\/grotta.is\/en\/author\/inga\/"}]}},"_links":{"self":[{"href":"https:\/\/grotta.is\/en\/wp-json\/wp\/v2\/posts\/10550","targetHints":{"allow":["GET"]}}],"collection":[{"href":"https:\/\/grotta.is\/en\/wp-json\/wp\/v2\/posts"}],"about":[{"href":"https:\/\/grotta.is\/en\/wp-json\/wp\/v2\/types\/post"}],"author":[{"embeddable":true,"href":"https:\/\/grotta.is\/en\/wp-json\/wp\/v2\/users\/2"}],"replies":[{"embeddable":true,"href":"https:\/\/grotta.is\/en\/wp-json\/wp\/v2\/comments?post=10550"}],"version-history":[{"count":2,"href":"https:\/\/grotta.is\/en\/wp-json\/wp\/v2\/posts\/10550\/revisions"}],"predecessor-version":[{"id":10554,"href":"https:\/\/grotta.is\/en\/wp-json\/wp\/v2\/posts\/10550\/revisions\/10554"}],"wp:featuredmedia":[{"embeddable":true,"href":"https:\/\/grotta.is\/en\/wp-json\/wp\/v2\/media\/10552"}],"wp:attachment":[{"href":"https:\/\/grotta.is\/en\/wp-json\/wp\/v2\/media?parent=10550"}],"wp:term":[{"taxonomy":"category","embeddable":true,"href":"https:\/\/grotta.is\/en\/wp-json\/wp\/v2\/categories?post=10550"},{"taxonomy":"post_tag","embeddable":true,"href":"https:\/\/grotta.is\/en\/wp-json\/wp\/v2\/tags?post=10550"}],"curies":[{"name":"wp","href":"https:\/\/api.w.org\/{rel}","templated":true}]}}