{"id":10053,"date":"2016-10-03T13:13:10","date_gmt":"2016-10-03T13:13:10","guid":{"rendered":"https:\/\/grotta.is\/?p=10053"},"modified":"2020-06-12T13:14:38","modified_gmt":"2020-06-12T13:14:38","slug":"yfirlysing-vegna-skrifa-adstodarthjalfara-kvennalids-grottu-i-handknattleik","status":"publish","type":"post","link":"https:\/\/grotta.is\/en\/handknattleiksdeild\/yfirlysing-vegna-skrifa-adstodarthjalfara-kvennalids-grottu-i-handknattleik\/","title":{"rendered":"Yfirl\u00fdsing vegna skrifa a\u00f0sto\u00f0ar\u00fej\u00e1lfara kvennali\u00f0s Gr\u00f3ttu \u00ed handknattleik"},"content":{"rendered":"<p>Stj\u00f3rn Handknattleiksdeildar Gr\u00f3ttu harmar \u00feau umm\u00e6li sem Karl Erlingsson, a\u00f0sto\u00f0ar\u00fej\u00e1lfari kvennali\u00f0s Gr\u00f3ttu, haf\u00f0i eftir leik li\u00f0sins gegn Haukum \u00e1 laugardaginn. \u00deessi skrif eru sannarlega ekki \u00ed anda \u00feess sem f\u00e9lagi\u00f0 starfar eftir og \u00ed\u00fer\u00f3ttinni ekki til framdr\u00e1ttar.<\/p><p>Stj\u00f3rnin bi\u00f0ur alla hluta\u00f0eigandi innilegrar afs\u00f6kunar, mun taka \u00e1 m\u00e1linu og koma \u00ed veg fyrir a\u00f0 sl\u00edkt endurtaki sig.<\/p><p>Fh stj\u00f3rnar Handknattleiksdeildar Gr\u00f3ttu,<\/p><p>Bjarni Torfi \u00c1lf\u00fe\u00f3rsson<\/p>","protected":false},"excerpt":{"rendered":"<p>Stj\u00f3rn Handknattleiksdeildar Gr\u00f3ttu harmar \u00feau umm\u00e6li sem Karl Erlingsson, a\u00f0sto\u00f0ar\u00fej\u00e1lfari kvennali\u00f0s Gr\u00f3ttu, haf\u00f0i eftir leik li\u00f0sins gegn Haukum \u00e1 laugardaginn. \u00deessi skrif eru sannarlega ekki \u00ed anda \u00feess sem f\u00e9lagi\u00f0 starfar eftir og \u00ed\u00fer\u00f3ttinni ekki til framdr\u00e1ttar.<\/p>","protected":false},"author":2,"featured_media":36,"comment_status":"closed","ping_status":"closed","sticky":false,"template":"","format":"standard","meta":{"footnotes":""},"categories":[12],"tags":[13,18,33],"class_list":["post-10053","post","type-post","status-publish","format-standard","has-post-thumbnail","hentry","category-handknattleiksdeild","tag-handbolti","tag-mfl-kvk","tag-thjalfarar"],"yoast_head":"<!-- This site is optimized with the Yoast SEO plugin v24.3 - https:\/\/yoast.com\/wordpress\/plugins\/seo\/ -->\n<title>Yfirl\u00fdsing vegna skrifa a\u00f0sto\u00f0ar\u00fej\u00e1lfara kvennali\u00f0s Gr\u00f3ttu \u00ed handknattleik - \u00cd\u00fer\u00f3ttaf\u00e9lagi\u00f0 Gr\u00f3tta<\/title>\n<meta name=\"robots\" content=\"index, follow, max-snippet:-1, max-image-preview:large, max-video-preview:-1\" \/>\n<link rel=\"canonical\" href=\"https:\/\/grotta.is\/en\/handknattleiksdeild\/yfirlysing-vegna-skrifa-adstodarthjalfara-kvennalids-grottu-i-handknattleik\/\" \/>\n<meta property=\"og:locale\" content=\"en_US\" \/>\n<meta property=\"og:type\" content=\"article\" \/>\n<meta property=\"og:title\" content=\"Yfirl\u00fdsing vegna skrifa a\u00f0sto\u00f0ar\u00fej\u00e1lfara kvennali\u00f0s Gr\u00f3ttu \u00ed handknattleik - \u00cd\u00fer\u00f3ttaf\u00e9lagi\u00f0 Gr\u00f3tta\" \/>\n<meta property=\"og:description\" content=\"Stj\u00f3rn Handknattleiksdeildar Gr\u00f3ttu harmar \u00feau umm\u00e6li sem Karl Erlingsson, a\u00f0sto\u00f0ar\u00fej\u00e1lfari kvennali\u00f0s Gr\u00f3ttu, haf\u00f0i eftir leik li\u00f0sins gegn Haukum \u00e1 laugardaginn. \u00deessi skrif eru sannarlega ekki \u00ed anda \u00feess sem f\u00e9lagi\u00f0 starfar eftir og \u00ed\u00fer\u00f3ttinni ekki til framdr\u00e1ttar.\" \/>\n<meta property=\"og:url\" content=\"https:\/\/grotta.is\/en\/handknattleiksdeild\/yfirlysing-vegna-skrifa-adstodarthjalfara-kvennalids-grottu-i-handknattleik\/\" \/>\n<meta property=\"og:site_name\" content=\"\u00cd\u00fer\u00f3ttaf\u00e9lagi\u00f0 Gr\u00f3tta\" \/>\n<meta property=\"article:publisher\" content=\"https:\/\/www.facebook.com\/grottasport\" \/>\n<meta property=\"article:published_time\" content=\"2016-10-03T13:13:10+00:00\" \/>\n<meta property=\"article:modified_time\" content=\"2020-06-12T13:14:38+00:00\" \/>\n<meta property=\"og:image\" content=\"https:\/\/grotta.is\/wp-content\/uploads\/2020\/02\/Grotta_Logo_hvitur_bakgrunnur_1920x1080.png\" \/>\n\t<meta property=\"og:image:width\" content=\"1920\" \/>\n\t<meta property=\"og:image:height\" content=\"1080\" \/>\n\t<meta property=\"og:image:type\" content=\"image\/png\" \/>\n<meta name=\"author\" content=\"Grotta\" \/>\n<meta name=\"twitter:card\" content=\"summary_large_image\" \/>\n<meta name=\"twitter:label1\" content=\"Written by\" \/>\n\t<meta name=\"twitter:data1\" content=\"Grotta\" \/>\n<script type=\"application\/ld+json\" class=\"yoast-schema-graph\">{\"@context\":\"https:\/\/schema.org\",\"@graph\":[{\"@type\":\"Article\",\"@id\":\"https:\/\/grotta.is\/handknattleiksdeild\/yfirlysing-vegna-skrifa-adstodarthjalfara-kvennalids-grottu-i-handknattleik\/#article\",\"isPartOf\":{\"@id\":\"https:\/\/grotta.is\/handknattleiksdeild\/yfirlysing-vegna-skrifa-adstodarthjalfara-kvennalids-grottu-i-handknattleik\/\"},\"author\":{\"name\":\"Grotta\",\"@id\":\"https:\/\/grotta.is\/#\/schema\/person\/08ec57bf09ee925f1b6a01540c14a5ce\"},\"headline\":\"Yfirl\u00fdsing vegna skrifa a\u00f0sto\u00f0ar\u00fej\u00e1lfara kvennali\u00f0s Gr\u00f3ttu \u00ed handknattleik\",\"datePublished\":\"2016-10-03T13:13:10+00:00\",\"dateModified\":\"2020-06-12T13:14:38+00:00\",\"mainEntityOfPage\":{\"@id\":\"https:\/\/grotta.is\/handknattleiksdeild\/yfirlysing-vegna-skrifa-adstodarthjalfara-kvennalids-grottu-i-handknattleik\/\"},\"wordCount\":96,\"publisher\":{\"@id\":\"https:\/\/grotta.is\/#organization\"},\"image\":{\"@id\":\"https:\/\/grotta.is\/handknattleiksdeild\/yfirlysing-vegna-skrifa-adstodarthjalfara-kvennalids-grottu-i-handknattleik\/#primaryimage\"},\"thumbnailUrl\":\"https:\/\/grotta.is\/wp-content\/uploads\/2020\/02\/Grotta_Logo_hvitur_bakgrunnur_1920x1080.png\",\"keywords\":[\"Handbolti\",\"Mfl.kvk\",\"\u00dej\u00e1lfarar\"],\"articleSection\":[\"Handknattleiksdeild\"],\"inLanguage\":\"en-US\"},{\"@type\":\"WebPage\",\"@id\":\"https:\/\/grotta.is\/handknattleiksdeild\/yfirlysing-vegna-skrifa-adstodarthjalfara-kvennalids-grottu-i-handknattleik\/\",\"url\":\"https:\/\/grotta.is\/handknattleiksdeild\/yfirlysing-vegna-skrifa-adstodarthjalfara-kvennalids-grottu-i-handknattleik\/\",\"name\":\"Yfirl\u00fdsing vegna skrifa a\u00f0sto\u00f0ar\u00fej\u00e1lfara kvennali\u00f0s Gr\u00f3ttu \u00ed handknattleik - \u00cd\u00fer\u00f3ttaf\u00e9lagi\u00f0 Gr\u00f3tta\",\"isPartOf\":{\"@id\":\"https:\/\/grotta.is\/#website\"},\"primaryImageOfPage\":{\"@id\":\"https:\/\/grotta.is\/handknattleiksdeild\/yfirlysing-vegna-skrifa-adstodarthjalfara-kvennalids-grottu-i-handknattleik\/#primaryimage\"},\"image\":{\"@id\":\"https:\/\/grotta.is\/handknattleiksdeild\/yfirlysing-vegna-skrifa-adstodarthjalfara-kvennalids-grottu-i-handknattleik\/#primaryimage\"},\"thumbnailUrl\":\"https:\/\/grotta.is\/wp-content\/uploads\/2020\/02\/Grotta_Logo_hvitur_bakgrunnur_1920x1080.png\",\"datePublished\":\"2016-10-03T13:13:10+00:00\",\"dateModified\":\"2020-06-12T13:14:38+00:00\",\"breadcrumb\":{\"@id\":\"https:\/\/grotta.is\/handknattleiksdeild\/yfirlysing-vegna-skrifa-adstodarthjalfara-kvennalids-grottu-i-handknattleik\/#breadcrumb\"},\"inLanguage\":\"en-US\",\"potentialAction\":[{\"@type\":\"ReadAction\",\"target\":[\"https:\/\/grotta.is\/handknattleiksdeild\/yfirlysing-vegna-skrifa-adstodarthjalfara-kvennalids-grottu-i-handknattleik\/\"]}]},{\"@type\":\"ImageObject\",\"inLanguage\":\"en-US\",\"@id\":\"https:\/\/grotta.is\/handknattleiksdeild\/yfirlysing-vegna-skrifa-adstodarthjalfara-kvennalids-grottu-i-handknattleik\/#primaryimage\",\"url\":\"https:\/\/grotta.is\/wp-content\/uploads\/2020\/02\/Grotta_Logo_hvitur_bakgrunnur_1920x1080.png\",\"contentUrl\":\"https:\/\/grotta.is\/wp-content\/uploads\/2020\/02\/Grotta_Logo_hvitur_bakgrunnur_1920x1080.png\",\"width\":1920,\"height\":1080},{\"@type\":\"BreadcrumbList\",\"@id\":\"https:\/\/grotta.is\/handknattleiksdeild\/yfirlysing-vegna-skrifa-adstodarthjalfara-kvennalids-grottu-i-handknattleik\/#breadcrumb\",\"itemListElement\":[{\"@type\":\"ListItem\",\"position\":1,\"name\":\"Home\",\"item\":\"https:\/\/grotta.is\/\"},{\"@type\":\"ListItem\",\"position\":2,\"name\":\"Yfirl\u00fdsing vegna skrifa a\u00f0sto\u00f0ar\u00fej\u00e1lfara kvennali\u00f0s Gr\u00f3ttu \u00ed handknattleik\"}]},{\"@type\":\"WebSite\",\"@id\":\"https:\/\/grotta.is\/#website\",\"url\":\"https:\/\/grotta.is\/\",\"name\":\"\u00cd\u00fer\u00f3ttaf\u00e9lagi\u00f0 Gr\u00f3tta\",\"description\":\"\u00e1 Seltjarnarnesi\",\"publisher\":{\"@id\":\"https:\/\/grotta.is\/#organization\"},\"potentialAction\":[{\"@type\":\"SearchAction\",\"target\":{\"@type\":\"EntryPoint\",\"urlTemplate\":\"https:\/\/grotta.is\/?s={search_term_string}\"},\"query-input\":{\"@type\":\"PropertyValueSpecification\",\"valueRequired\":true,\"valueName\":\"search_term_string\"}}],\"inLanguage\":\"en-US\"},{\"@type\":\"Organization\",\"@id\":\"https:\/\/grotta.is\/#organization\",\"name\":\"\u00cd\u00fer\u00f3ttaf\u00e9lagi\u00f0 Gr\u00f3tta\",\"url\":\"https:\/\/grotta.is\/\",\"logo\":{\"@type\":\"ImageObject\",\"inLanguage\":\"en-US\",\"@id\":\"https:\/\/grotta.is\/#\/schema\/logo\/image\/\",\"url\":\"https:\/\/grotta.is\/wp-content\/uploads\/2020\/02\/ithrottafelagidgrotta_logo_512x512_transparent.png\",\"contentUrl\":\"https:\/\/grotta.is\/wp-content\/uploads\/2020\/02\/ithrottafelagidgrotta_logo_512x512_transparent.png\",\"width\":512,\"height\":512,\"caption\":\"\u00cd\u00fer\u00f3ttaf\u00e9lagi\u00f0 Gr\u00f3tta\"},\"image\":{\"@id\":\"https:\/\/grotta.is\/#\/schema\/logo\/image\/\"},\"sameAs\":[\"https:\/\/www.facebook.com\/grottasport\"]},{\"@type\":\"Person\",\"@id\":\"https:\/\/grotta.is\/#\/schema\/person\/08ec57bf09ee925f1b6a01540c14a5ce\",\"name\":\"Grotta\",\"url\":\"https:\/\/grotta.is\/en\/author\/inga\/\"}]}<\/script>\n<!-- \/ Yoast SEO plugin. -->","yoast_head_json":{"title":"Yfirl\u00fdsing vegna skrifa a\u00f0sto\u00f0ar\u00fej\u00e1lfara kvennali\u00f0s Gr\u00f3ttu \u00ed handknattleik - \u00cd\u00fer\u00f3ttaf\u00e9lagi\u00f0 Gr\u00f3tta","robots":{"index":"index","follow":"follow","max-snippet":"max-snippet:-1","max-image-preview":"max-image-preview:large","max-video-preview":"max-video-preview:-1"},"canonical":"https:\/\/grotta.is\/en\/handknattleiksdeild\/yfirlysing-vegna-skrifa-adstodarthjalfara-kvennalids-grottu-i-handknattleik\/","og_locale":"en_US","og_type":"article","og_title":"Yfirl\u00fdsing vegna skrifa a\u00f0sto\u00f0ar\u00fej\u00e1lfara kvennali\u00f0s Gr\u00f3ttu \u00ed handknattleik - \u00cd\u00fer\u00f3ttaf\u00e9lagi\u00f0 Gr\u00f3tta","og_description":"Stj\u00f3rn Handknattleiksdeildar Gr\u00f3ttu harmar \u00feau umm\u00e6li sem Karl Erlingsson, a\u00f0sto\u00f0ar\u00fej\u00e1lfari kvennali\u00f0s Gr\u00f3ttu, haf\u00f0i eftir leik li\u00f0sins gegn Haukum \u00e1 laugardaginn. \u00deessi skrif eru sannarlega ekki \u00ed anda \u00feess sem f\u00e9lagi\u00f0 starfar eftir og \u00ed\u00fer\u00f3ttinni ekki til framdr\u00e1ttar.","og_url":"https:\/\/grotta.is\/en\/handknattleiksdeild\/yfirlysing-vegna-skrifa-adstodarthjalfara-kvennalids-grottu-i-handknattleik\/","og_site_name":"\u00cd\u00fer\u00f3ttaf\u00e9lagi\u00f0 Gr\u00f3tta","article_publisher":"https:\/\/www.facebook.com\/grottasport","article_published_time":"2016-10-03T13:13:10+00:00","article_modified_time":"2020-06-12T13:14:38+00:00","og_image":[{"width":1920,"height":1080,"url":"https:\/\/grotta.is\/wp-content\/uploads\/2020\/02\/Grotta_Logo_hvitur_bakgrunnur_1920x1080.png","type":"image\/png"}],"author":"Grotta","twitter_card":"summary_large_image","twitter_misc":{"Written by":"Grotta"},"schema":{"@context":"https:\/\/schema.org","@graph":[{"@type":"Article","@id":"https:\/\/grotta.is\/handknattleiksdeild\/yfirlysing-vegna-skrifa-adstodarthjalfara-kvennalids-grottu-i-handknattleik\/#article","isPartOf":{"@id":"https:\/\/grotta.is\/handknattleiksdeild\/yfirlysing-vegna-skrifa-adstodarthjalfara-kvennalids-grottu-i-handknattleik\/"},"author":{"name":"Grotta","@id":"https:\/\/grotta.is\/#\/schema\/person\/08ec57bf09ee925f1b6a01540c14a5ce"},"headline":"Yfirl\u00fdsing vegna skrifa a\u00f0sto\u00f0ar\u00fej\u00e1lfara kvennali\u00f0s Gr\u00f3ttu \u00ed handknattleik","datePublished":"2016-10-03T13:13:10+00:00","dateModified":"2020-06-12T13:14:38+00:00","mainEntityOfPage":{"@id":"https:\/\/grotta.is\/handknattleiksdeild\/yfirlysing-vegna-skrifa-adstodarthjalfara-kvennalids-grottu-i-handknattleik\/"},"wordCount":96,"publisher":{"@id":"https:\/\/grotta.is\/#organization"},"image":{"@id":"https:\/\/grotta.is\/handknattleiksdeild\/yfirlysing-vegna-skrifa-adstodarthjalfara-kvennalids-grottu-i-handknattleik\/#primaryimage"},"thumbnailUrl":"https:\/\/grotta.is\/wp-content\/uploads\/2020\/02\/Grotta_Logo_hvitur_bakgrunnur_1920x1080.png","keywords":["Handbolti","Mfl.kvk","\u00dej\u00e1lfarar"],"articleSection":["Handknattleiksdeild"],"inLanguage":"en-US"},{"@type":"WebPage","@id":"https:\/\/grotta.is\/handknattleiksdeild\/yfirlysing-vegna-skrifa-adstodarthjalfara-kvennalids-grottu-i-handknattleik\/","url":"https:\/\/grotta.is\/handknattleiksdeild\/yfirlysing-vegna-skrifa-adstodarthjalfara-kvennalids-grottu-i-handknattleik\/","name":"Yfirl\u00fdsing vegna skrifa a\u00f0sto\u00f0ar\u00fej\u00e1lfara kvennali\u00f0s Gr\u00f3ttu \u00ed handknattleik - \u00cd\u00fer\u00f3ttaf\u00e9lagi\u00f0 Gr\u00f3tta","isPartOf":{"@id":"https:\/\/grotta.is\/#website"},"primaryImageOfPage":{"@id":"https:\/\/grotta.is\/handknattleiksdeild\/yfirlysing-vegna-skrifa-adstodarthjalfara-kvennalids-grottu-i-handknattleik\/#primaryimage"},"image":{"@id":"https:\/\/grotta.is\/handknattleiksdeild\/yfirlysing-vegna-skrifa-adstodarthjalfara-kvennalids-grottu-i-handknattleik\/#primaryimage"},"thumbnailUrl":"https:\/\/grotta.is\/wp-content\/uploads\/2020\/02\/Grotta_Logo_hvitur_bakgrunnur_1920x1080.png","datePublished":"2016-10-03T13:13:10+00:00","dateModified":"2020-06-12T13:14:38+00:00","breadcrumb":{"@id":"https:\/\/grotta.is\/handknattleiksdeild\/yfirlysing-vegna-skrifa-adstodarthjalfara-kvennalids-grottu-i-handknattleik\/#breadcrumb"},"inLanguage":"en-US","potentialAction":[{"@type":"ReadAction","target":["https:\/\/grotta.is\/handknattleiksdeild\/yfirlysing-vegna-skrifa-adstodarthjalfara-kvennalids-grottu-i-handknattleik\/"]}]},{"@type":"ImageObject","inLanguage":"en-US","@id":"https:\/\/grotta.is\/handknattleiksdeild\/yfirlysing-vegna-skrifa-adstodarthjalfara-kvennalids-grottu-i-handknattleik\/#primaryimage","url":"https:\/\/grotta.is\/wp-content\/uploads\/2020\/02\/Grotta_Logo_hvitur_bakgrunnur_1920x1080.png","contentUrl":"https:\/\/grotta.is\/wp-content\/uploads\/2020\/02\/Grotta_Logo_hvitur_bakgrunnur_1920x1080.png","width":1920,"height":1080},{"@type":"BreadcrumbList","@id":"https:\/\/grotta.is\/handknattleiksdeild\/yfirlysing-vegna-skrifa-adstodarthjalfara-kvennalids-grottu-i-handknattleik\/#breadcrumb","itemListElement":[{"@type":"ListItem","position":1,"name":"Home","item":"https:\/\/grotta.is\/"},{"@type":"ListItem","position":2,"name":"Yfirl\u00fdsing vegna skrifa a\u00f0sto\u00f0ar\u00fej\u00e1lfara kvennali\u00f0s Gr\u00f3ttu \u00ed handknattleik"}]},{"@type":"WebSite","@id":"https:\/\/grotta.is\/#website","url":"https:\/\/grotta.is\/","name":"\u00cd\u00fer\u00f3ttaf\u00e9lagi\u00f0 Gr\u00f3tta","description":"\u00e1 Seltjarnarnesi","publisher":{"@id":"https:\/\/grotta.is\/#organization"},"potentialAction":[{"@type":"SearchAction","target":{"@type":"EntryPoint","urlTemplate":"https:\/\/grotta.is\/?s={search_term_string}"},"query-input":{"@type":"PropertyValueSpecification","valueRequired":true,"valueName":"search_term_string"}}],"inLanguage":"en-US"},{"@type":"Organization","@id":"https:\/\/grotta.is\/#organization","name":"\u00cd\u00fer\u00f3ttaf\u00e9lagi\u00f0 Gr\u00f3tta","url":"https:\/\/grotta.is\/","logo":{"@type":"ImageObject","inLanguage":"en-US","@id":"https:\/\/grotta.is\/#\/schema\/logo\/image\/","url":"https:\/\/grotta.is\/wp-content\/uploads\/2020\/02\/ithrottafelagidgrotta_logo_512x512_transparent.png","contentUrl":"https:\/\/grotta.is\/wp-content\/uploads\/2020\/02\/ithrottafelagidgrotta_logo_512x512_transparent.png","width":512,"height":512,"caption":"\u00cd\u00fer\u00f3ttaf\u00e9lagi\u00f0 Gr\u00f3tta"},"image":{"@id":"https:\/\/grotta.is\/#\/schema\/logo\/image\/"},"sameAs":["https:\/\/www.facebook.com\/grottasport"]},{"@type":"Person","@id":"https:\/\/grotta.is\/#\/schema\/person\/08ec57bf09ee925f1b6a01540c14a5ce","name":"Grotta","url":"https:\/\/grotta.is\/en\/author\/inga\/"}]}},"_links":{"self":[{"href":"https:\/\/grotta.is\/en\/wp-json\/wp\/v2\/posts\/10053","targetHints":{"allow":["GET"]}}],"collection":[{"href":"https:\/\/grotta.is\/en\/wp-json\/wp\/v2\/posts"}],"about":[{"href":"https:\/\/grotta.is\/en\/wp-json\/wp\/v2\/types\/post"}],"author":[{"embeddable":true,"href":"https:\/\/grotta.is\/en\/wp-json\/wp\/v2\/users\/2"}],"replies":[{"embeddable":true,"href":"https:\/\/grotta.is\/en\/wp-json\/wp\/v2\/comments?post=10053"}],"version-history":[{"count":2,"href":"https:\/\/grotta.is\/en\/wp-json\/wp\/v2\/posts\/10053\/revisions"}],"predecessor-version":[{"id":10055,"href":"https:\/\/grotta.is\/en\/wp-json\/wp\/v2\/posts\/10053\/revisions\/10055"}],"wp:featuredmedia":[{"embeddable":true,"href":"https:\/\/grotta.is\/en\/wp-json\/wp\/v2\/media\/36"}],"wp:attachment":[{"href":"https:\/\/grotta.is\/en\/wp-json\/wp\/v2\/media?parent=10053"}],"wp:term":[{"taxonomy":"category","embeddable":true,"href":"https:\/\/grotta.is\/en\/wp-json\/wp\/v2\/categories?post=10053"},{"taxonomy":"post_tag","embeddable":true,"href":"https:\/\/grotta.is\/en\/wp-json\/wp\/v2\/tags?post=10053"}],"curies":[{"name":"wp","href":"https:\/\/api.w.org\/{rel}","templated":true}]}}