{"id":10045,"date":"2016-10-27T13:05:59","date_gmt":"2016-10-27T13:05:59","guid":{"rendered":"https:\/\/grotta.is\/?p=10045"},"modified":"2020-06-12T13:08:38","modified_gmt":"2020-06-12T13:08:38","slug":"6-ur-grottu-valdir-a-u15-landslidsaefingar","status":"publish","type":"post","link":"https:\/\/grotta.is\/en\/handknattleiksdeild\/6-ur-grottu-valdir-a-u15-landslidsaefingar\/","title":{"rendered":"6 \u00far Gr\u00f3ttu valdir \u00e1 U15 landsli\u00f0s\u00e6fingar"},"content":{"rendered":"<p>Um helgina var vali\u00f0 \u00ed U15 \u00e1ra landsli\u00f0 karla. Tveir \u00e6fingah\u00f3par voru valdir; str\u00e1kar f\u00e6ddir 2002 og annar h\u00f3pur fyrir str\u00e1ka f\u00e6dda 2003. Vi\u00f0 Gr\u00f3ttuf\u00f3lk eigum hvorki fleiri n\u00e9 f\u00e6rri en 6 drengi \u00ed \u00feessum h\u00f3pum. <\/p><p>\u00dea\u00f0 eru \u00feeir Ari P\u00e9tur Eir\u00edksson og Gunnar Hrafn P\u00e1lsson sem hafa veri\u00f0 fastamenn \u00ed \u00feessu landsli\u00f0i undanfari\u00f0 \u00e1r en auk \u00feeirra voru E\u00f0vald \u00de\u00f3r Stef\u00e1nsson, Gr\u00edmur Ingi Jakobsson, Hannes \u00cdsberg Gunnarsson og Krummi Kaldal J\u00f3hannsson valdir a\u00f0 \u00feessu sinni.<\/p><p>Ari P\u00e9tur og Gunnar Hrafn leika me\u00f0 4.flokki karla en E\u00f0vald, Gr\u00edmur, Hannes og Krummi eru enn \u00ed 5.flokki.<\/p><ul class=\"wp-block-list\"><li>Ari P\u00e9tur Eir\u00edksson er \u00f6rvhentur leikma\u00f0ur sem getur b\u00e6\u00f0i leiki\u00f0 sem skytta og hornama\u00f0ur.<\/li><li>Gunnar Hrafn P\u00e1lsson er r\u00e9tthentur leikma\u00f0ur og leikur hann b\u00e6\u00f0i sem skytta og leikstj\u00f3rnandi.<\/li><li>E\u00f0vald \u00de\u00f3r Stef\u00e1nsson er \u00f6rvhentur leikma\u00f0ur og leikur b\u00e6\u00f0i sem skytta og hornama\u00f0ur.<\/li><li>Hannes \u00cdsberg Gunnarsson er r\u00e9tthentur leikma\u00f0ur og hefur a\u00f0allega leiki\u00f0 sem skytta.<\/li><li>Gr\u00edmur Ingi Jakobsson er l\u00ednuma\u00f0ur a\u00f0 upplagi en hann er jafnv\u00edgur \u00fear og \u00ed skyttust\u00f6\u00f0unni e\u00f0a sem leikstj\u00f3rnandi<\/li><li>Krummi Kaldal J\u00f3hannsson er r\u00e9tthentur hornama\u00f0ur.<\/li><\/ul><p>Gr\u00f3tta \u00f3skar \u00feessum leikm\u00f6nnum til hamingju me\u00f0 vali\u00f0 og vonar a\u00f0 \u00feeir eigi eftir a\u00f0 standa sig vel \u00e1 \u00e6fingunum.<\/p>","protected":false},"excerpt":{"rendered":"<p>Um helgina var vali\u00f0 \u00ed U15 \u00e1ra landsli\u00f0 karla. Tveir \u00e6fingah\u00f3par voru valdir; str\u00e1kar f\u00e6ddir 2002 og annar h\u00f3pur fyrir str\u00e1ka f\u00e6dda 2003. Vi\u00f0 Gr\u00f3ttuf\u00f3lk eigum hvorki fleiri n\u00e9 f\u00e6rri en 6 drengi \u00ed \u00feessum h\u00f3pum. <\/p>","protected":false},"author":2,"featured_media":10047,"comment_status":"closed","ping_status":"closed","sticky":false,"template":"","format":"standard","meta":{"footnotes":""},"categories":[12],"tags":[13,22,15],"class_list":["post-10045","post","type-post","status-publish","format-standard","has-post-thumbnail","hentry","category-handknattleiksdeild","tag-handbolti","tag-landslid","tag-yngri-flokkar"],"yoast_head":"<!-- This site is optimized with the Yoast SEO plugin v24.3 - https:\/\/yoast.com\/wordpress\/plugins\/seo\/ -->\n<title>6 \u00far Gr\u00f3ttu valdir \u00e1 U15 landsli\u00f0s\u00e6fingar - \u00cd\u00fer\u00f3ttaf\u00e9lagi\u00f0 Gr\u00f3tta<\/title>\n<meta name=\"robots\" content=\"index, follow, max-snippet:-1, max-image-preview:large, max-video-preview:-1\" \/>\n<link rel=\"canonical\" href=\"https:\/\/grotta.is\/en\/handknattleiksdeild\/6-ur-grottu-valdir-a-u15-landslidsaefingar\/\" \/>\n<meta property=\"og:locale\" content=\"en_US\" \/>\n<meta property=\"og:type\" content=\"article\" \/>\n<meta property=\"og:title\" content=\"6 \u00far Gr\u00f3ttu valdir \u00e1 U15 landsli\u00f0s\u00e6fingar - \u00cd\u00fer\u00f3ttaf\u00e9lagi\u00f0 Gr\u00f3tta\" \/>\n<meta property=\"og:description\" content=\"Um helgina var vali\u00f0 \u00ed U15 \u00e1ra landsli\u00f0 karla. Tveir \u00e6fingah\u00f3par voru valdir; str\u00e1kar f\u00e6ddir 2002 og annar h\u00f3pur fyrir str\u00e1ka f\u00e6dda 2003. Vi\u00f0 Gr\u00f3ttuf\u00f3lk eigum hvorki fleiri n\u00e9 f\u00e6rri en 6 drengi \u00ed \u00feessum h\u00f3pum.\" \/>\n<meta property=\"og:url\" content=\"https:\/\/grotta.is\/en\/handknattleiksdeild\/6-ur-grottu-valdir-a-u15-landslidsaefingar\/\" \/>\n<meta property=\"og:site_name\" content=\"\u00cd\u00fer\u00f3ttaf\u00e9lagi\u00f0 Gr\u00f3tta\" \/>\n<meta property=\"article:publisher\" content=\"https:\/\/www.facebook.com\/grottasport\" \/>\n<meta property=\"article:published_time\" content=\"2016-10-27T13:05:59+00:00\" \/>\n<meta property=\"article:modified_time\" content=\"2020-06-12T13:08:38+00:00\" \/>\n<meta property=\"og:image\" content=\"https:\/\/grotta.is\/wp-content\/uploads\/2016\/10\/U15-\u00e1ra-landsli\u00f0.jpg\" \/>\n\t<meta property=\"og:image:width\" content=\"960\" \/>\n\t<meta property=\"og:image:height\" content=\"623\" \/>\n\t<meta property=\"og:image:type\" content=\"image\/jpeg\" \/>\n<meta name=\"author\" content=\"Grotta\" \/>\n<meta name=\"twitter:card\" content=\"summary_large_image\" \/>\n<meta name=\"twitter:label1\" content=\"Written by\" \/>\n\t<meta name=\"twitter:data1\" content=\"Grotta\" \/>\n\t<meta name=\"twitter:label2\" content=\"Est. reading time\" \/>\n\t<meta name=\"twitter:data2\" content=\"1 minute\" \/>\n<script type=\"application\/ld+json\" class=\"yoast-schema-graph\">{\"@context\":\"https:\/\/schema.org\",\"@graph\":[{\"@type\":\"Article\",\"@id\":\"https:\/\/grotta.is\/handknattleiksdeild\/6-ur-grottu-valdir-a-u15-landslidsaefingar\/#article\",\"isPartOf\":{\"@id\":\"https:\/\/grotta.is\/handknattleiksdeild\/6-ur-grottu-valdir-a-u15-landslidsaefingar\/\"},\"author\":{\"name\":\"Grotta\",\"@id\":\"https:\/\/grotta.is\/#\/schema\/person\/08ec57bf09ee925f1b6a01540c14a5ce\"},\"headline\":\"6 \u00far Gr\u00f3ttu valdir \u00e1 U15 landsli\u00f0s\u00e6fingar\",\"datePublished\":\"2016-10-27T13:05:59+00:00\",\"dateModified\":\"2020-06-12T13:08:38+00:00\",\"mainEntityOfPage\":{\"@id\":\"https:\/\/grotta.is\/handknattleiksdeild\/6-ur-grottu-valdir-a-u15-landslidsaefingar\/\"},\"wordCount\":242,\"publisher\":{\"@id\":\"https:\/\/grotta.is\/#organization\"},\"image\":{\"@id\":\"https:\/\/grotta.is\/handknattleiksdeild\/6-ur-grottu-valdir-a-u15-landslidsaefingar\/#primaryimage\"},\"thumbnailUrl\":\"https:\/\/grotta.is\/wp-content\/uploads\/2016\/10\/U15-\u00e1ra-landsli\u00f0.jpg\",\"keywords\":[\"Handbolti\",\"Landsli\u00f0\",\"Yngri flokkar\"],\"articleSection\":[\"Handknattleiksdeild\"],\"inLanguage\":\"en-US\"},{\"@type\":\"WebPage\",\"@id\":\"https:\/\/grotta.is\/handknattleiksdeild\/6-ur-grottu-valdir-a-u15-landslidsaefingar\/\",\"url\":\"https:\/\/grotta.is\/handknattleiksdeild\/6-ur-grottu-valdir-a-u15-landslidsaefingar\/\",\"name\":\"6 \u00far Gr\u00f3ttu valdir \u00e1 U15 landsli\u00f0s\u00e6fingar - \u00cd\u00fer\u00f3ttaf\u00e9lagi\u00f0 Gr\u00f3tta\",\"isPartOf\":{\"@id\":\"https:\/\/grotta.is\/#website\"},\"primaryImageOfPage\":{\"@id\":\"https:\/\/grotta.is\/handknattleiksdeild\/6-ur-grottu-valdir-a-u15-landslidsaefingar\/#primaryimage\"},\"image\":{\"@id\":\"https:\/\/grotta.is\/handknattleiksdeild\/6-ur-grottu-valdir-a-u15-landslidsaefingar\/#primaryimage\"},\"thumbnailUrl\":\"https:\/\/grotta.is\/wp-content\/uploads\/2016\/10\/U15-\u00e1ra-landsli\u00f0.jpg\",\"datePublished\":\"2016-10-27T13:05:59+00:00\",\"dateModified\":\"2020-06-12T13:08:38+00:00\",\"breadcrumb\":{\"@id\":\"https:\/\/grotta.is\/handknattleiksdeild\/6-ur-grottu-valdir-a-u15-landslidsaefingar\/#breadcrumb\"},\"inLanguage\":\"en-US\",\"potentialAction\":[{\"@type\":\"ReadAction\",\"target\":[\"https:\/\/grotta.is\/handknattleiksdeild\/6-ur-grottu-valdir-a-u15-landslidsaefingar\/\"]}]},{\"@type\":\"ImageObject\",\"inLanguage\":\"en-US\",\"@id\":\"https:\/\/grotta.is\/handknattleiksdeild\/6-ur-grottu-valdir-a-u15-landslidsaefingar\/#primaryimage\",\"url\":\"https:\/\/grotta.is\/wp-content\/uploads\/2016\/10\/U15-\u00e1ra-landsli\u00f0.jpg\",\"contentUrl\":\"https:\/\/grotta.is\/wp-content\/uploads\/2016\/10\/U15-\u00e1ra-landsli\u00f0.jpg\",\"width\":960,\"height\":623},{\"@type\":\"BreadcrumbList\",\"@id\":\"https:\/\/grotta.is\/handknattleiksdeild\/6-ur-grottu-valdir-a-u15-landslidsaefingar\/#breadcrumb\",\"itemListElement\":[{\"@type\":\"ListItem\",\"position\":1,\"name\":\"Home\",\"item\":\"https:\/\/grotta.is\/\"},{\"@type\":\"ListItem\",\"position\":2,\"name\":\"6 \u00far Gr\u00f3ttu valdir \u00e1 U15 landsli\u00f0s\u00e6fingar\"}]},{\"@type\":\"WebSite\",\"@id\":\"https:\/\/grotta.is\/#website\",\"url\":\"https:\/\/grotta.is\/\",\"name\":\"\u00cd\u00fer\u00f3ttaf\u00e9lagi\u00f0 Gr\u00f3tta\",\"description\":\"\u00e1 Seltjarnarnesi\",\"publisher\":{\"@id\":\"https:\/\/grotta.is\/#organization\"},\"potentialAction\":[{\"@type\":\"SearchAction\",\"target\":{\"@type\":\"EntryPoint\",\"urlTemplate\":\"https:\/\/grotta.is\/?s={search_term_string}\"},\"query-input\":{\"@type\":\"PropertyValueSpecification\",\"valueRequired\":true,\"valueName\":\"search_term_string\"}}],\"inLanguage\":\"en-US\"},{\"@type\":\"Organization\",\"@id\":\"https:\/\/grotta.is\/#organization\",\"name\":\"\u00cd\u00fer\u00f3ttaf\u00e9lagi\u00f0 Gr\u00f3tta\",\"url\":\"https:\/\/grotta.is\/\",\"logo\":{\"@type\":\"ImageObject\",\"inLanguage\":\"en-US\",\"@id\":\"https:\/\/grotta.is\/#\/schema\/logo\/image\/\",\"url\":\"https:\/\/grotta.is\/wp-content\/uploads\/2020\/02\/ithrottafelagidgrotta_logo_512x512_transparent.png\",\"contentUrl\":\"https:\/\/grotta.is\/wp-content\/uploads\/2020\/02\/ithrottafelagidgrotta_logo_512x512_transparent.png\",\"width\":512,\"height\":512,\"caption\":\"\u00cd\u00fer\u00f3ttaf\u00e9lagi\u00f0 Gr\u00f3tta\"},\"image\":{\"@id\":\"https:\/\/grotta.is\/#\/schema\/logo\/image\/\"},\"sameAs\":[\"https:\/\/www.facebook.com\/grottasport\"]},{\"@type\":\"Person\",\"@id\":\"https:\/\/grotta.is\/#\/schema\/person\/08ec57bf09ee925f1b6a01540c14a5ce\",\"name\":\"Grotta\",\"url\":\"https:\/\/grotta.is\/en\/author\/inga\/\"}]}<\/script>\n<!-- \/ Yoast SEO plugin. -->","yoast_head_json":{"title":"6 \u00far Gr\u00f3ttu valdir \u00e1 U15 landsli\u00f0s\u00e6fingar - \u00cd\u00fer\u00f3ttaf\u00e9lagi\u00f0 Gr\u00f3tta","robots":{"index":"index","follow":"follow","max-snippet":"max-snippet:-1","max-image-preview":"max-image-preview:large","max-video-preview":"max-video-preview:-1"},"canonical":"https:\/\/grotta.is\/en\/handknattleiksdeild\/6-ur-grottu-valdir-a-u15-landslidsaefingar\/","og_locale":"en_US","og_type":"article","og_title":"6 \u00far Gr\u00f3ttu valdir \u00e1 U15 landsli\u00f0s\u00e6fingar - \u00cd\u00fer\u00f3ttaf\u00e9lagi\u00f0 Gr\u00f3tta","og_description":"Um helgina var vali\u00f0 \u00ed U15 \u00e1ra landsli\u00f0 karla. Tveir \u00e6fingah\u00f3par voru valdir; str\u00e1kar f\u00e6ddir 2002 og annar h\u00f3pur fyrir str\u00e1ka f\u00e6dda 2003. Vi\u00f0 Gr\u00f3ttuf\u00f3lk eigum hvorki fleiri n\u00e9 f\u00e6rri en 6 drengi \u00ed \u00feessum h\u00f3pum.","og_url":"https:\/\/grotta.is\/en\/handknattleiksdeild\/6-ur-grottu-valdir-a-u15-landslidsaefingar\/","og_site_name":"\u00cd\u00fer\u00f3ttaf\u00e9lagi\u00f0 Gr\u00f3tta","article_publisher":"https:\/\/www.facebook.com\/grottasport","article_published_time":"2016-10-27T13:05:59+00:00","article_modified_time":"2020-06-12T13:08:38+00:00","og_image":[{"width":960,"height":623,"url":"https:\/\/grotta.is\/wp-content\/uploads\/2016\/10\/U15-\u00e1ra-landsli\u00f0.jpg","type":"image\/jpeg"}],"author":"Grotta","twitter_card":"summary_large_image","twitter_misc":{"Written by":"Grotta","Est. reading time":"1 minute"},"schema":{"@context":"https:\/\/schema.org","@graph":[{"@type":"Article","@id":"https:\/\/grotta.is\/handknattleiksdeild\/6-ur-grottu-valdir-a-u15-landslidsaefingar\/#article","isPartOf":{"@id":"https:\/\/grotta.is\/handknattleiksdeild\/6-ur-grottu-valdir-a-u15-landslidsaefingar\/"},"author":{"name":"Grotta","@id":"https:\/\/grotta.is\/#\/schema\/person\/08ec57bf09ee925f1b6a01540c14a5ce"},"headline":"6 \u00far Gr\u00f3ttu valdir \u00e1 U15 landsli\u00f0s\u00e6fingar","datePublished":"2016-10-27T13:05:59+00:00","dateModified":"2020-06-12T13:08:38+00:00","mainEntityOfPage":{"@id":"https:\/\/grotta.is\/handknattleiksdeild\/6-ur-grottu-valdir-a-u15-landslidsaefingar\/"},"wordCount":242,"publisher":{"@id":"https:\/\/grotta.is\/#organization"},"image":{"@id":"https:\/\/grotta.is\/handknattleiksdeild\/6-ur-grottu-valdir-a-u15-landslidsaefingar\/#primaryimage"},"thumbnailUrl":"https:\/\/grotta.is\/wp-content\/uploads\/2016\/10\/U15-\u00e1ra-landsli\u00f0.jpg","keywords":["Handbolti","Landsli\u00f0","Yngri flokkar"],"articleSection":["Handknattleiksdeild"],"inLanguage":"en-US"},{"@type":"WebPage","@id":"https:\/\/grotta.is\/handknattleiksdeild\/6-ur-grottu-valdir-a-u15-landslidsaefingar\/","url":"https:\/\/grotta.is\/handknattleiksdeild\/6-ur-grottu-valdir-a-u15-landslidsaefingar\/","name":"6 \u00far Gr\u00f3ttu valdir \u00e1 U15 landsli\u00f0s\u00e6fingar - \u00cd\u00fer\u00f3ttaf\u00e9lagi\u00f0 Gr\u00f3tta","isPartOf":{"@id":"https:\/\/grotta.is\/#website"},"primaryImageOfPage":{"@id":"https:\/\/grotta.is\/handknattleiksdeild\/6-ur-grottu-valdir-a-u15-landslidsaefingar\/#primaryimage"},"image":{"@id":"https:\/\/grotta.is\/handknattleiksdeild\/6-ur-grottu-valdir-a-u15-landslidsaefingar\/#primaryimage"},"thumbnailUrl":"https:\/\/grotta.is\/wp-content\/uploads\/2016\/10\/U15-\u00e1ra-landsli\u00f0.jpg","datePublished":"2016-10-27T13:05:59+00:00","dateModified":"2020-06-12T13:08:38+00:00","breadcrumb":{"@id":"https:\/\/grotta.is\/handknattleiksdeild\/6-ur-grottu-valdir-a-u15-landslidsaefingar\/#breadcrumb"},"inLanguage":"en-US","potentialAction":[{"@type":"ReadAction","target":["https:\/\/grotta.is\/handknattleiksdeild\/6-ur-grottu-valdir-a-u15-landslidsaefingar\/"]}]},{"@type":"ImageObject","inLanguage":"en-US","@id":"https:\/\/grotta.is\/handknattleiksdeild\/6-ur-grottu-valdir-a-u15-landslidsaefingar\/#primaryimage","url":"https:\/\/grotta.is\/wp-content\/uploads\/2016\/10\/U15-\u00e1ra-landsli\u00f0.jpg","contentUrl":"https:\/\/grotta.is\/wp-content\/uploads\/2016\/10\/U15-\u00e1ra-landsli\u00f0.jpg","width":960,"height":623},{"@type":"BreadcrumbList","@id":"https:\/\/grotta.is\/handknattleiksdeild\/6-ur-grottu-valdir-a-u15-landslidsaefingar\/#breadcrumb","itemListElement":[{"@type":"ListItem","position":1,"name":"Home","item":"https:\/\/grotta.is\/"},{"@type":"ListItem","position":2,"name":"6 \u00far Gr\u00f3ttu valdir \u00e1 U15 landsli\u00f0s\u00e6fingar"}]},{"@type":"WebSite","@id":"https:\/\/grotta.is\/#website","url":"https:\/\/grotta.is\/","name":"\u00cd\u00fer\u00f3ttaf\u00e9lagi\u00f0 Gr\u00f3tta","description":"\u00e1 Seltjarnarnesi","publisher":{"@id":"https:\/\/grotta.is\/#organization"},"potentialAction":[{"@type":"SearchAction","target":{"@type":"EntryPoint","urlTemplate":"https:\/\/grotta.is\/?s={search_term_string}"},"query-input":{"@type":"PropertyValueSpecification","valueRequired":true,"valueName":"search_term_string"}}],"inLanguage":"en-US"},{"@type":"Organization","@id":"https:\/\/grotta.is\/#organization","name":"\u00cd\u00fer\u00f3ttaf\u00e9lagi\u00f0 Gr\u00f3tta","url":"https:\/\/grotta.is\/","logo":{"@type":"ImageObject","inLanguage":"en-US","@id":"https:\/\/grotta.is\/#\/schema\/logo\/image\/","url":"https:\/\/grotta.is\/wp-content\/uploads\/2020\/02\/ithrottafelagidgrotta_logo_512x512_transparent.png","contentUrl":"https:\/\/grotta.is\/wp-content\/uploads\/2020\/02\/ithrottafelagidgrotta_logo_512x512_transparent.png","width":512,"height":512,"caption":"\u00cd\u00fer\u00f3ttaf\u00e9lagi\u00f0 Gr\u00f3tta"},"image":{"@id":"https:\/\/grotta.is\/#\/schema\/logo\/image\/"},"sameAs":["https:\/\/www.facebook.com\/grottasport"]},{"@type":"Person","@id":"https:\/\/grotta.is\/#\/schema\/person\/08ec57bf09ee925f1b6a01540c14a5ce","name":"Grotta","url":"https:\/\/grotta.is\/en\/author\/inga\/"}]}},"_links":{"self":[{"href":"https:\/\/grotta.is\/en\/wp-json\/wp\/v2\/posts\/10045","targetHints":{"allow":["GET"]}}],"collection":[{"href":"https:\/\/grotta.is\/en\/wp-json\/wp\/v2\/posts"}],"about":[{"href":"https:\/\/grotta.is\/en\/wp-json\/wp\/v2\/types\/post"}],"author":[{"embeddable":true,"href":"https:\/\/grotta.is\/en\/wp-json\/wp\/v2\/users\/2"}],"replies":[{"embeddable":true,"href":"https:\/\/grotta.is\/en\/wp-json\/wp\/v2\/comments?post=10045"}],"version-history":[{"count":2,"href":"https:\/\/grotta.is\/en\/wp-json\/wp\/v2\/posts\/10045\/revisions"}],"predecessor-version":[{"id":10048,"href":"https:\/\/grotta.is\/en\/wp-json\/wp\/v2\/posts\/10045\/revisions\/10048"}],"wp:featuredmedia":[{"embeddable":true,"href":"https:\/\/grotta.is\/en\/wp-json\/wp\/v2\/media\/10047"}],"wp:attachment":[{"href":"https:\/\/grotta.is\/en\/wp-json\/wp\/v2\/media?parent=10045"}],"wp:term":[{"taxonomy":"category","embeddable":true,"href":"https:\/\/grotta.is\/en\/wp-json\/wp\/v2\/categories?post=10045"},{"taxonomy":"post_tag","embeddable":true,"href":"https:\/\/grotta.is\/en\/wp-json\/wp\/v2\/tags?post=10045"}],"curies":[{"name":"wp","href":"https:\/\/api.w.org\/{rel}","templated":true}]}}